{"id":3242,"date":"2025-12-26T17:05:06","date_gmt":"2025-12-26T17:05:06","guid":{"rendered":"https:\/\/voxsahel.com\/?p=3242"},"modified":"2025-12-26T17:05:06","modified_gmt":"2025-12-26T17:05:06","slug":"burkina-hadj-2026-le-cout-provisoire-fixe-a-3-285-000-fcfa","status":"publish","type":"post","link":"https:\/\/voxsahel.com\/?p=3242","title":{"rendered":"Burkina\/Hadj 2026 : le co\u00fbt provisoire fix\u00e9 \u00e0 3 285 000 FCFA"},"content":{"rendered":"<p class=\"p1\"><span class=\"s2\">Le Ministre d\u2019\u00c9tat, Ministre de l\u2019Administration territoriale et de la Mobilit\u00e9, a annonc\u00e9 le co\u00fbt provisoire du p\u00e8lerinage \u00e0 La Mecque, \u00e9dition 2026. Selon un communiqu\u00e9 officiel rendu public, le montant est fix\u00e9 \u00e0 <\/span><span class=\"s1\">trois millions deux cent quatre-vingt-cinq mille (3 285 000) francs CFA<\/span><span class=\"s2\">.<\/span><\/p>\n<p class=\"p1\"><span class=\"s2\">Ce co\u00fbt se d\u00e9compose en deux principales composantes. Le <\/span><span class=\"s1\">co\u00fbt initial du Hadj<\/span><span class=\"s2\">est \u00e9tabli \u00e0 <\/span><span class=\"s1\">deux millions neuf cent soixante-huit mille (2 968 000) francs CFA<\/span><span class=\"s2\">, tandis que les <\/span><span class=\"s1\">frais de restauration<\/span><span class=\"s2\"> s\u2019\u00e9l\u00e8vent \u00e0 <\/span><span class=\"s1\">trois cent dix-sept mille (317 000) francs CFA<\/span><span class=\"s2\">.<\/span><\/p>\n<p class=\"p1\"><span class=\"s2\">L\u2019introduction des frais de restauration constitue l\u2019une des <\/span><span class=\"s1\">innovations majeures<\/span><span class=\"s2\"> de cette \u00e9dition 2026. Cette mesure vise \u00e0 am\u00e9liorer les conditions de s\u00e9jour et de prise en charge alimentaire des p\u00e8lerins durant leur s\u00e9jour sur les lieux saints de l\u2019islam.<\/span><\/p>\n<p class=\"p1\"><span class=\"s2\">\u00c0 titre de rappel, le co\u00fbt du Hadj pour l\u2019\u00e9dition 2025 \u00e9tait fix\u00e9 \u00e0 <\/span><span class=\"s1\">trois millions deux cent soixante et un mille cinq cents (3 261 500) francs CFA<\/span><span class=\"s2\">, un montant qui n\u2019incluait pas les frais de restauration.<\/span><\/p>\n<p class=\"p1\"><span class=\"s2\">Par ailleurs, le minist\u00e8re pr\u00e9cise que le <\/span><span class=\"s1\">prix du mouton<\/span><span class=\"s2\">, n\u00e9cessaire pour le sacrifice rituel, demeure <\/span><span class=\"s1\">optionnel<\/span><span class=\"s2\"> et reste <\/span><span class=\"s1\">enti\u00e8rement \u00e0 la charge du p\u00e8lerin<\/span><span class=\"s2\">, conform\u00e9ment aux pratiques des ann\u00e9es pr\u00e9c\u00e9dentes.<\/span><\/p>\n<p class=\"p1\"><span class=\"s2\">Les autorit\u00e9s invitent les candidats au p\u00e8lerinage \u00e0 prendre toutes les dispositions n\u00e9cessaires et \u00e0 se rapprocher des structures comp\u00e9tentes pour les informations compl\u00e9mentaires, dans l\u2019attente de la fixation d\u00e9finitive du co\u00fbt du Hadj 2026.<\/span><\/p>\n<p class=\"p1\" style=\"text-align: right;\"><strong><span class=\"s2\">Par Vox Sahel <\/span><\/strong><\/p>\n","protected":false},"excerpt":{"rendered":"<p>Le Ministre d\u2019\u00c9tat, Ministre de l\u2019Administration territoriale et de la Mobilit\u00e9, a annonc\u00e9 le co\u00fbt<\/p>\n","protected":false},"author":2,"featured_media":3243,"comment_status":"open","ping_status":"open","sticky":false,"template":"","format":"standard","meta":{"_et_pb_use_builder":"","_et_pb_old_content":"","_et_gb_content_width":"","footnotes":""},"categories":[5],"tags":[],"class_list":["post-3242","post","type-post","status-publish","format-standard","has-post-thumbnail","hentry","category-societe"],"yoast_head":"<!-- This site is optimized with the Yoast SEO plugin v27.5 - https:\/\/yoast.com\/product\/yoast-seo-wordpress\/ -->\n<title>Burkina\/Hadj 2026 : le co\u00fbt provisoire fix\u00e9 \u00e0 3 285 000 FCFA - Vox Sahel<\/title>\n<meta name=\"robots\" content=\"index, follow, max-snippet:-1, max-image-preview:large, max-video-preview:-1\" \/>\n<link rel=\"canonical\" href=\"https:\/\/voxsahel.com\/?p=3242\" \/>\n<meta property=\"og:locale\" content=\"fr_FR\" \/>\n<meta property=\"og:type\" content=\"article\" \/>\n<meta property=\"og:title\" content=\"Burkina\/Hadj 2026 : le co\u00fbt provisoire fix\u00e9 \u00e0 3 285 000 FCFA - Vox Sahel\" \/>\n<meta property=\"og:description\" content=\"Le Ministre d\u2019\u00c9tat, Ministre de l\u2019Administration territoriale et de la Mobilit\u00e9, a annonc\u00e9 le co\u00fbt\" \/>\n<meta property=\"og:url\" content=\"https:\/\/voxsahel.com\/?p=3242\" \/>\n<meta property=\"og:site_name\" content=\"Vox Sahel\" \/>\n<meta property=\"article:publisher\" content=\"https:\/\/www.facebook.com\/journal.voxsahel\" \/>\n<meta property=\"article:published_time\" content=\"2025-12-26T17:05:06+00:00\" \/>\n<meta property=\"og:image\" content=\"https:\/\/voxsahel.com\/wp-content\/uploads\/2025\/12\/IMG_3871.jpeg\" \/>\n\t<meta property=\"og:image:width\" content=\"635\" \/>\n\t<meta property=\"og:image:height\" content=\"354\" \/>\n\t<meta property=\"og:image:type\" content=\"image\/jpeg\" \/>\n<meta name=\"author\" content=\"Vox Sahel\" \/>\n<meta name=\"twitter:card\" content=\"summary_large_image\" \/>\n<meta name=\"twitter:label1\" content=\"\u00c9crit par\" \/>\n\t<meta name=\"twitter:data1\" content=\"Vox Sahel\" \/>\n\t<meta name=\"twitter:label2\" content=\"Dur\u00e9e de lecture estim\u00e9e\" \/>\n\t<meta name=\"twitter:data2\" content=\"2 minutes\" \/>\n<script type=\"application\/ld+json\" class=\"yoast-schema-graph\">{\"@context\":\"https:\\\/\\\/schema.org\",\"@graph\":[{\"@type\":\"Article\",\"@id\":\"https:\\\/\\\/voxsahel.com\\\/?p=3242#article\",\"isPartOf\":{\"@id\":\"https:\\\/\\\/voxsahel.com\\\/?p=3242\"},\"author\":{\"name\":\"Vox Sahel\",\"@id\":\"https:\\\/\\\/voxsahel.com\\\/#\\\/schema\\\/person\\\/b4043608248f8fa227cd760e7ff1e19e\"},\"headline\":\"Burkina\\\/Hadj 2026 : le co\u00fbt provisoire fix\u00e9 \u00e0 3 285 000 FCFA\",\"datePublished\":\"2025-12-26T17:05:06+00:00\",\"mainEntityOfPage\":{\"@id\":\"https:\\\/\\\/voxsahel.com\\\/?p=3242\"},\"wordCount\":254,\"commentCount\":0,\"publisher\":{\"@id\":\"https:\\\/\\\/voxsahel.com\\\/#organization\"},\"image\":{\"@id\":\"https:\\\/\\\/voxsahel.com\\\/?p=3242#primaryimage\"},\"thumbnailUrl\":\"https:\\\/\\\/voxsahel.com\\\/wp-content\\\/uploads\\\/2025\\\/12\\\/IMG_3871.jpeg\",\"articleSection\":[\"SOCIETE\"],\"inLanguage\":\"fr-FR\",\"potentialAction\":[{\"@type\":\"CommentAction\",\"name\":\"Comment\",\"target\":[\"https:\\\/\\\/voxsahel.com\\\/?p=3242#respond\"]}]},{\"@type\":\"WebPage\",\"@id\":\"https:\\\/\\\/voxsahel.com\\\/?p=3242\",\"url\":\"https:\\\/\\\/voxsahel.com\\\/?p=3242\",\"name\":\"Burkina\\\/Hadj 2026 : le co\u00fbt provisoire fix\u00e9 \u00e0 3 285 000 FCFA - Vox Sahel\",\"isPartOf\":{\"@id\":\"https:\\\/\\\/voxsahel.com\\\/#website\"},\"primaryImageOfPage\":{\"@id\":\"https:\\\/\\\/voxsahel.com\\\/?p=3242#primaryimage\"},\"image\":{\"@id\":\"https:\\\/\\\/voxsahel.com\\\/?p=3242#primaryimage\"},\"thumbnailUrl\":\"https:\\\/\\\/voxsahel.com\\\/wp-content\\\/uploads\\\/2025\\\/12\\\/IMG_3871.jpeg\",\"datePublished\":\"2025-12-26T17:05:06+00:00\",\"breadcrumb\":{\"@id\":\"https:\\\/\\\/voxsahel.com\\\/?p=3242#breadcrumb\"},\"inLanguage\":\"fr-FR\",\"potentialAction\":[{\"@type\":\"ReadAction\",\"target\":[\"https:\\\/\\\/voxsahel.com\\\/?p=3242\"]}]},{\"@type\":\"ImageObject\",\"inLanguage\":\"fr-FR\",\"@id\":\"https:\\\/\\\/voxsahel.com\\\/?p=3242#primaryimage\",\"url\":\"https:\\\/\\\/voxsahel.com\\\/wp-content\\\/uploads\\\/2025\\\/12\\\/IMG_3871.jpeg\",\"contentUrl\":\"https:\\\/\\\/voxsahel.com\\\/wp-content\\\/uploads\\\/2025\\\/12\\\/IMG_3871.jpeg\",\"width\":635,\"height\":354},{\"@type\":\"BreadcrumbList\",\"@id\":\"https:\\\/\\\/voxsahel.com\\\/?p=3242#breadcrumb\",\"itemListElement\":[{\"@type\":\"ListItem\",\"position\":1,\"name\":\"Home\",\"item\":\"https:\\\/\\\/voxsahel.com\\\/\"},{\"@type\":\"ListItem\",\"position\":2,\"name\":\"Burkina\\\/Hadj 2026 : le co\u00fbt provisoire fix\u00e9 \u00e0 3 285 000 FCFA\"}]},{\"@type\":\"WebSite\",\"@id\":\"https:\\\/\\\/voxsahel.com\\\/#website\",\"url\":\"https:\\\/\\\/voxsahel.com\\\/\",\"name\":\"Vox Sahel\",\"description\":\"Informez-vous sur le Sahel en un clic\",\"publisher\":{\"@id\":\"https:\\\/\\\/voxsahel.com\\\/#organization\"},\"potentialAction\":[{\"@type\":\"SearchAction\",\"target\":{\"@type\":\"EntryPoint\",\"urlTemplate\":\"https:\\\/\\\/voxsahel.com\\\/?s={search_term_string}\"},\"query-input\":{\"@type\":\"PropertyValueSpecification\",\"valueRequired\":true,\"valueName\":\"search_term_string\"}}],\"inLanguage\":\"fr-FR\"},{\"@type\":\"Organization\",\"@id\":\"https:\\\/\\\/voxsahel.com\\\/#organization\",\"name\":\"Vox Sahel\",\"url\":\"https:\\\/\\\/voxsahel.com\\\/\",\"logo\":{\"@type\":\"ImageObject\",\"inLanguage\":\"fr-FR\",\"@id\":\"https:\\\/\\\/voxsahel.com\\\/#\\\/schema\\\/logo\\\/image\\\/\",\"url\":\"https:\\\/\\\/voxsahel.com\\\/wp-content\\\/uploads\\\/2024\\\/09\\\/Logo-Vox-Sahel.jpg\",\"contentUrl\":\"https:\\\/\\\/voxsahel.com\\\/wp-content\\\/uploads\\\/2024\\\/09\\\/Logo-Vox-Sahel.jpg\",\"width\":1181,\"height\":848,\"caption\":\"Vox Sahel\"},\"image\":{\"@id\":\"https:\\\/\\\/voxsahel.com\\\/#\\\/schema\\\/logo\\\/image\\\/\"},\"sameAs\":[\"https:\\\/\\\/www.facebook.com\\\/journal.voxsahel\"]},{\"@type\":\"Person\",\"@id\":\"https:\\\/\\\/voxsahel.com\\\/#\\\/schema\\\/person\\\/b4043608248f8fa227cd760e7ff1e19e\",\"name\":\"Vox Sahel\",\"image\":{\"@type\":\"ImageObject\",\"inLanguage\":\"fr-FR\",\"@id\":\"https:\\\/\\\/secure.gravatar.com\\\/avatar\\\/f70e7fa0cb9b29d4a7c5788d6eb2e9ab4d3135cbae1c9161810fdf77a8964699?s=96&d=mm&r=g\",\"url\":\"https:\\\/\\\/secure.gravatar.com\\\/avatar\\\/f70e7fa0cb9b29d4a7c5788d6eb2e9ab4d3135cbae1c9161810fdf77a8964699?s=96&d=mm&r=g\",\"contentUrl\":\"https:\\\/\\\/secure.gravatar.com\\\/avatar\\\/f70e7fa0cb9b29d4a7c5788d6eb2e9ab4d3135cbae1c9161810fdf77a8964699?s=96&d=mm&r=g\",\"caption\":\"Vox Sahel\"},\"sameAs\":[\"http:\\\/\\\/www.voxsahel.com\"],\"url\":\"https:\\\/\\\/voxsahel.com\\\/?author=2\"}]}<\/script>\n<!-- \/ Yoast SEO plugin. -->","yoast_head_json":{"title":"Burkina\/Hadj 2026 : le co\u00fbt provisoire fix\u00e9 \u00e0 3 285 000 FCFA - Vox Sahel","robots":{"index":"index","follow":"follow","max-snippet":"max-snippet:-1","max-image-preview":"max-image-preview:large","max-video-preview":"max-video-preview:-1"},"canonical":"https:\/\/voxsahel.com\/?p=3242","og_locale":"fr_FR","og_type":"article","og_title":"Burkina\/Hadj 2026 : le co\u00fbt provisoire fix\u00e9 \u00e0 3 285 000 FCFA - Vox Sahel","og_description":"Le Ministre d\u2019\u00c9tat, Ministre de l\u2019Administration territoriale et de la Mobilit\u00e9, a annonc\u00e9 le co\u00fbt","og_url":"https:\/\/voxsahel.com\/?p=3242","og_site_name":"Vox Sahel","article_publisher":"https:\/\/www.facebook.com\/journal.voxsahel","article_published_time":"2025-12-26T17:05:06+00:00","og_image":[{"width":635,"height":354,"url":"https:\/\/voxsahel.com\/wp-content\/uploads\/2025\/12\/IMG_3871.jpeg","type":"image\/jpeg"}],"author":"Vox Sahel","twitter_card":"summary_large_image","twitter_misc":{"\u00c9crit par":"Vox Sahel","Dur\u00e9e de lecture estim\u00e9e":"2 minutes"},"schema":{"@context":"https:\/\/schema.org","@graph":[{"@type":"Article","@id":"https:\/\/voxsahel.com\/?p=3242#article","isPartOf":{"@id":"https:\/\/voxsahel.com\/?p=3242"},"author":{"name":"Vox Sahel","@id":"https:\/\/voxsahel.com\/#\/schema\/person\/b4043608248f8fa227cd760e7ff1e19e"},"headline":"Burkina\/Hadj 2026 : le co\u00fbt provisoire fix\u00e9 \u00e0 3 285 000 FCFA","datePublished":"2025-12-26T17:05:06+00:00","mainEntityOfPage":{"@id":"https:\/\/voxsahel.com\/?p=3242"},"wordCount":254,"commentCount":0,"publisher":{"@id":"https:\/\/voxsahel.com\/#organization"},"image":{"@id":"https:\/\/voxsahel.com\/?p=3242#primaryimage"},"thumbnailUrl":"https:\/\/voxsahel.com\/wp-content\/uploads\/2025\/12\/IMG_3871.jpeg","articleSection":["SOCIETE"],"inLanguage":"fr-FR","potentialAction":[{"@type":"CommentAction","name":"Comment","target":["https:\/\/voxsahel.com\/?p=3242#respond"]}]},{"@type":"WebPage","@id":"https:\/\/voxsahel.com\/?p=3242","url":"https:\/\/voxsahel.com\/?p=3242","name":"Burkina\/Hadj 2026 : le co\u00fbt provisoire fix\u00e9 \u00e0 3 285 000 FCFA - Vox Sahel","isPartOf":{"@id":"https:\/\/voxsahel.com\/#website"},"primaryImageOfPage":{"@id":"https:\/\/voxsahel.com\/?p=3242#primaryimage"},"image":{"@id":"https:\/\/voxsahel.com\/?p=3242#primaryimage"},"thumbnailUrl":"https:\/\/voxsahel.com\/wp-content\/uploads\/2025\/12\/IMG_3871.jpeg","datePublished":"2025-12-26T17:05:06+00:00","breadcrumb":{"@id":"https:\/\/voxsahel.com\/?p=3242#breadcrumb"},"inLanguage":"fr-FR","potentialAction":[{"@type":"ReadAction","target":["https:\/\/voxsahel.com\/?p=3242"]}]},{"@type":"ImageObject","inLanguage":"fr-FR","@id":"https:\/\/voxsahel.com\/?p=3242#primaryimage","url":"https:\/\/voxsahel.com\/wp-content\/uploads\/2025\/12\/IMG_3871.jpeg","contentUrl":"https:\/\/voxsahel.com\/wp-content\/uploads\/2025\/12\/IMG_3871.jpeg","width":635,"height":354},{"@type":"BreadcrumbList","@id":"https:\/\/voxsahel.com\/?p=3242#breadcrumb","itemListElement":[{"@type":"ListItem","position":1,"name":"Home","item":"https:\/\/voxsahel.com\/"},{"@type":"ListItem","position":2,"name":"Burkina\/Hadj 2026 : le co\u00fbt provisoire fix\u00e9 \u00e0 3 285 000 FCFA"}]},{"@type":"WebSite","@id":"https:\/\/voxsahel.com\/#website","url":"https:\/\/voxsahel.com\/","name":"Vox Sahel","description":"Informez-vous sur le Sahel en un clic","publisher":{"@id":"https:\/\/voxsahel.com\/#organization"},"potentialAction":[{"@type":"SearchAction","target":{"@type":"EntryPoint","urlTemplate":"https:\/\/voxsahel.com\/?s={search_term_string}"},"query-input":{"@type":"PropertyValueSpecification","valueRequired":true,"valueName":"search_term_string"}}],"inLanguage":"fr-FR"},{"@type":"Organization","@id":"https:\/\/voxsahel.com\/#organization","name":"Vox Sahel","url":"https:\/\/voxsahel.com\/","logo":{"@type":"ImageObject","inLanguage":"fr-FR","@id":"https:\/\/voxsahel.com\/#\/schema\/logo\/image\/","url":"https:\/\/voxsahel.com\/wp-content\/uploads\/2024\/09\/Logo-Vox-Sahel.jpg","contentUrl":"https:\/\/voxsahel.com\/wp-content\/uploads\/2024\/09\/Logo-Vox-Sahel.jpg","width":1181,"height":848,"caption":"Vox Sahel"},"image":{"@id":"https:\/\/voxsahel.com\/#\/schema\/logo\/image\/"},"sameAs":["https:\/\/www.facebook.com\/journal.voxsahel"]},{"@type":"Person","@id":"https:\/\/voxsahel.com\/#\/schema\/person\/b4043608248f8fa227cd760e7ff1e19e","name":"Vox Sahel","image":{"@type":"ImageObject","inLanguage":"fr-FR","@id":"https:\/\/secure.gravatar.com\/avatar\/f70e7fa0cb9b29d4a7c5788d6eb2e9ab4d3135cbae1c9161810fdf77a8964699?s=96&d=mm&r=g","url":"https:\/\/secure.gravatar.com\/avatar\/f70e7fa0cb9b29d4a7c5788d6eb2e9ab4d3135cbae1c9161810fdf77a8964699?s=96&d=mm&r=g","contentUrl":"https:\/\/secure.gravatar.com\/avatar\/f70e7fa0cb9b29d4a7c5788d6eb2e9ab4d3135cbae1c9161810fdf77a8964699?s=96&d=mm&r=g","caption":"Vox Sahel"},"sameAs":["http:\/\/www.voxsahel.com"],"url":"https:\/\/voxsahel.com\/?author=2"}]}},"_links":{"self":[{"href":"https:\/\/voxsahel.com\/index.php?rest_route=\/wp\/v2\/posts\/3242","targetHints":{"allow":["GET"]}}],"collection":[{"href":"https:\/\/voxsahel.com\/index.php?rest_route=\/wp\/v2\/posts"}],"about":[{"href":"https:\/\/voxsahel.com\/index.php?rest_route=\/wp\/v2\/types\/post"}],"author":[{"embeddable":true,"href":"https:\/\/voxsahel.com\/index.php?rest_route=\/wp\/v2\/users\/2"}],"replies":[{"embeddable":true,"href":"https:\/\/voxsahel.com\/index.php?rest_route=%2Fwp%2Fv2%2Fcomments&post=3242"}],"version-history":[{"count":1,"href":"https:\/\/voxsahel.com\/index.php?rest_route=\/wp\/v2\/posts\/3242\/revisions"}],"predecessor-version":[{"id":3244,"href":"https:\/\/voxsahel.com\/index.php?rest_route=\/wp\/v2\/posts\/3242\/revisions\/3244"}],"wp:featuredmedia":[{"embeddable":true,"href":"https:\/\/voxsahel.com\/index.php?rest_route=\/wp\/v2\/media\/3243"}],"wp:attachment":[{"href":"https:\/\/voxsahel.com\/index.php?rest_route=%2Fwp%2Fv2%2Fmedia&parent=3242"}],"wp:term":[{"taxonomy":"category","embeddable":true,"href":"https:\/\/voxsahel.com\/index.php?rest_route=%2Fwp%2Fv2%2Fcategories&post=3242"},{"taxonomy":"post_tag","embeddable":true,"href":"https:\/\/voxsahel.com\/index.php?rest_route=%2Fwp%2Fv2%2Ftags&post=3242"}],"curies":[{"name":"wp","href":"https:\/\/api.w.org\/{rel}","templated":true}]}}