{"id":3234,"date":"2025-12-24T22:46:01","date_gmt":"2025-12-24T22:46:01","guid":{"rendered":"https:\/\/voxsahel.com\/?p=3234"},"modified":"2025-12-24T22:46:01","modified_gmt":"2025-12-24T22:46:01","slug":"noel-de-compassion-le-cie-mia-tend-la-main-aux-plus-demunis","status":"publish","type":"post","link":"https:\/\/voxsahel.com\/?p=3234","title":{"rendered":"No\u00ebl de compassion : Le CIE\/MIA tend la main aux plus d\u00e9munis"},"content":{"rendered":"<p><strong>L\u2019\u00c9glise du Centre international d\u2019\u00e9vang\u00e9lisation\/Mission int\u00e9rieure africaine (CIE\/MIA) a, organis\u00e9 une c\u00e9r\u00e9monie de solidarit\u00e9 en faveur des populations vuln\u00e9rables le 24 d\u00e9cembre 2025 \u00e0 la veille de la No\u00ebl. A travers la \u00ab Grande journ\u00e9e de compassion \u00bb, des milliers de personnes ont re\u00e7u des vivres et des non-vivres, illustrant un engagement social qui s\u2019inscrit bien au-del\u00e0 de la p\u00e9riode des f\u00eates.<\/strong><\/p>\n<figure id=\"attachment_3236\" aria-describedby=\"caption-attachment-3236\" style=\"width: 640px\" class=\"wp-caption aligncenter\"><img loading=\"lazy\" decoding=\"async\" class=\"size-large wp-image-3236\" src=\"https:\/\/voxsahel.com\/wp-content\/uploads\/2025\/12\/WhatsApp-Image-2025-12-24-at-21.26.40-1024x678.jpeg\" alt=\"Une vue partielle\u00a0 de l\u2019assistance mobilis\u00e9e pour la journ\u00e9e de solidarit\u00e9\" width=\"640\" height=\"424\" srcset=\"https:\/\/voxsahel.com\/wp-content\/uploads\/2025\/12\/WhatsApp-Image-2025-12-24-at-21.26.40-1024x678.jpeg 1024w, https:\/\/voxsahel.com\/wp-content\/uploads\/2025\/12\/WhatsApp-Image-2025-12-24-at-21.26.40-300x199.jpeg 300w, https:\/\/voxsahel.com\/wp-content\/uploads\/2025\/12\/WhatsApp-Image-2025-12-24-at-21.26.40-768x508.jpeg 768w, https:\/\/voxsahel.com\/wp-content\/uploads\/2025\/12\/WhatsApp-Image-2025-12-24-at-21.26.40-1536x1017.jpeg 1536w, https:\/\/voxsahel.com\/wp-content\/uploads\/2025\/12\/WhatsApp-Image-2025-12-24-at-21.26.40-1080x715.jpeg 1080w, https:\/\/voxsahel.com\/wp-content\/uploads\/2025\/12\/WhatsApp-Image-2025-12-24-at-21.26.40-610x404.jpeg 610w, https:\/\/voxsahel.com\/wp-content\/uploads\/2025\/12\/WhatsApp-Image-2025-12-24-at-21.26.40.jpeg 1600w\" sizes=\"(max-width: 640px) 100vw, 640px\" \/><figcaption id=\"caption-attachment-3236\" class=\"wp-caption-text\"><strong>Une vue partielle\u00a0 de l\u2019assistance mobilis\u00e9e pour la journ\u00e9e de solidarit\u00e9<\/strong><\/figcaption><\/figure>\n<p>Depuis 2008, le mois de d\u00e9cembre est consacr\u00e9 \u00e0 la <em>\u00ab compassion dynamique<\/em> \u00bb, une vision port\u00e9e par le pasteur fondateur, le Dr Mamadou Philippe Karambiri. Inspir\u00e9e des enseignements de l\u2019\u00c9vangile, cette initiative mobilise l\u2019ensemble des \u00e9glises du r\u00e9seau CIE\/MIA \u00e0 travers le monde afin de traduire l\u2019amour du prochain en actions concr\u00e8tes.<\/p>\n<p>Le financement de ces \u0153uvres repose sur un fonds permanent aliment\u00e9 par les contributions volontaires des fid\u00e8les tout au long de l\u2019ann\u00e9e. Pour le pasteur Karambiri, la foi doit se traduire par des actes visibles. \u00ab Aider son prochain, c\u2019est aimer Dieu. Apprenons \u00e0 partager. Apprenons \u00e0 donner le peu que nous avons \u00bb, a-t-il d\u00e9clar\u00e9, invitant chacun \u00e0 faire de la solidarit\u00e9 un mode de vie.<\/p>\n<figure id=\"attachment_3237\" aria-describedby=\"caption-attachment-3237\" style=\"width: 640px\" class=\"wp-caption aligncenter\"><img loading=\"lazy\" decoding=\"async\" class=\"size-large wp-image-3237\" src=\"https:\/\/voxsahel.com\/wp-content\/uploads\/2025\/12\/WhatsApp-Image-2025-12-24-at-21.29.22-678x1024.jpeg\" alt=\"Le Dr Mamadou Philippe Karambiri exhortant \u00e0 l\u2019entraide\" width=\"640\" height=\"967\" srcset=\"https:\/\/voxsahel.com\/wp-content\/uploads\/2025\/12\/WhatsApp-Image-2025-12-24-at-21.29.22-678x1024.jpeg 678w, https:\/\/voxsahel.com\/wp-content\/uploads\/2025\/12\/WhatsApp-Image-2025-12-24-at-21.29.22-199x300.jpeg 199w, https:\/\/voxsahel.com\/wp-content\/uploads\/2025\/12\/WhatsApp-Image-2025-12-24-at-21.29.22-768x1160.jpeg 768w, https:\/\/voxsahel.com\/wp-content\/uploads\/2025\/12\/WhatsApp-Image-2025-12-24-at-21.29.22-1017x1536.jpeg 1017w, https:\/\/voxsahel.com\/wp-content\/uploads\/2025\/12\/WhatsApp-Image-2025-12-24-at-21.29.22-610x922.jpeg 610w, https:\/\/voxsahel.com\/wp-content\/uploads\/2025\/12\/WhatsApp-Image-2025-12-24-at-21.29.22.jpeg 1059w\" sizes=\"(max-width: 640px) 100vw, 640px\" \/><figcaption id=\"caption-attachment-3237\" class=\"wp-caption-text\"><strong>Le Dr Mamadou Philippe Karambiri exhortant \u00e0 l\u2019entraide<\/strong><\/figcaption><\/figure>\n<p>Convaincu que l\u2019entraide est un socle essentiel pour b\u00e2tir un monde plus juste, il a \u00e9galement exprim\u00e9 son espoir pour l\u2019avenir, \u00e9voquant \u00ab une simple reconnaissance humaine qui transcende les id\u00e9ologies \u00bb. Il a formul\u00e9 un v\u0153u pour l\u2019ann\u00e9e \u00e0 venir en ces termes : <em>\u00ab Je prie que 2026 soit une ann\u00e9e o\u00f9 nous allons entrer dans une phase de paix, de reconqu\u00eate. Cela ne sera pas facile, mais il est possible lorsque nous avons la foi, une foi en nous-m\u00eames <\/em>\u00bb.<\/p>\n<p>Cette mobilisation du 24 d\u00e9cembre est l\u2019aboutissement d\u2019un important travail de terrain men\u00e9 tout au long de l\u2019ann\u00e9e. La pasteure principale de l\u2019\u00e9glise locale, le Dr Hortense Karambiri, \u00e9pouse du fondateur, a rappel\u00e9 que les actions de compassion du CIE\/MIA s\u2019\u00e9tendent \u00e0 de nombreux domaines : visites aux veuves et aux orphelins, soutien aux malades dans les h\u00f4pitaux, interventions en milieu carc\u00e9ral et accompagnement des enfants en situation de rue. <em>\u00ab Tous les jours pour nous, ce sont des journ\u00e9es de compassion dynamique <\/em>\u00bb, a-t-elle soulign\u00e9.<\/p>\n<figure id=\"attachment_3238\" aria-describedby=\"caption-attachment-3238\" style=\"width: 640px\" class=\"wp-caption aligncenter\"><img loading=\"lazy\" decoding=\"async\" class=\"size-large wp-image-3238\" src=\"https:\/\/voxsahel.com\/wp-content\/uploads\/2025\/12\/WhatsApp-Image-2025-12-24-at-21.29.22-1-1024x678.jpeg\" alt=\"\u00c9mile Zabsonr\u00e9, SG de l\u2019Action humanitaire, exprimant son appr\u00e9ciation\" width=\"640\" height=\"424\" srcset=\"https:\/\/voxsahel.com\/wp-content\/uploads\/2025\/12\/WhatsApp-Image-2025-12-24-at-21.29.22-1-1024x678.jpeg 1024w, https:\/\/voxsahel.com\/wp-content\/uploads\/2025\/12\/WhatsApp-Image-2025-12-24-at-21.29.22-1-300x199.jpeg 300w, https:\/\/voxsahel.com\/wp-content\/uploads\/2025\/12\/WhatsApp-Image-2025-12-24-at-21.29.22-1-768x508.jpeg 768w, https:\/\/voxsahel.com\/wp-content\/uploads\/2025\/12\/WhatsApp-Image-2025-12-24-at-21.29.22-1-1536x1017.jpeg 1536w, https:\/\/voxsahel.com\/wp-content\/uploads\/2025\/12\/WhatsApp-Image-2025-12-24-at-21.29.22-1-1080x715.jpeg 1080w, https:\/\/voxsahel.com\/wp-content\/uploads\/2025\/12\/WhatsApp-Image-2025-12-24-at-21.29.22-1-610x404.jpeg 610w, https:\/\/voxsahel.com\/wp-content\/uploads\/2025\/12\/WhatsApp-Image-2025-12-24-at-21.29.22-1.jpeg 1600w\" sizes=\"(max-width: 640px) 100vw, 640px\" \/><figcaption id=\"caption-attachment-3238\" class=\"wp-caption-text\">\u00c9mile Zabsonr\u00e9, SG de l\u2019Action humanitaire, exprimant son appr\u00e9ciation<\/figcaption><\/figure>\n<p>Elle a \u00e9galement mis en avant le programme de formation en informatique \u00e0 la prison civile, qui a permis \u00e0 d\u2019anciens d\u00e9tenus de se r\u00e9ins\u00e9rer, ainsi que le suivi des d\u00e9tenus et des personnes vivant avec le VIH. La c\u00e9r\u00e9monie s\u2019est d\u00e9roul\u00e9e en pr\u00e9sence de plusieurs autorit\u00e9s coutumi\u00e8res et administratives. Repr\u00e9sentant le minist\u00e8re de l\u2019Action humanitaire, le secr\u00e9taire g\u00e9n\u00e9ral \u00c9mile Zabsonr\u00e9 a salu\u00e9 l\u2019initiative : <em>\u00ab Je suis \u00e9mu et tr\u00e8s honor\u00e9. Ce qui est fait ici est vraiment incroyable depuis 2008. Ce n\u2019est pas parce qu\u2019on est riche qu\u2019il faut partager. Avec le peu que nous avons, nous pouvons donner <\/em>\u00bb.<\/p>\n<p>Le pr\u00e9sident de la d\u00e9l\u00e9gation sp\u00e9ciale de l\u2019arrondissement 10, Augustin Kabor\u00e9, a \u00e9galement f\u00e9licit\u00e9 les organisateurs. A la fin\u00a0 de la c\u00e9r\u00e9monie, chaque b\u00e9n\u00e9ficiaire est reparti avec un kit compos\u00e9 de riz, d\u2019huile, de c\u00e9r\u00e9ales, de pagnes, de couvertures et de v\u00eatements. La c\u00e9l\u00e9bration s\u2019est achev\u00e9e dans une ambiance fraternelle autour d\u2019un repas partag\u00e9, afin que la f\u00eate de la Nativit\u00e9 soit v\u00e9cue par tous.<\/p>\n<p>Par Amir BAKO<\/p>\n<p>&nbsp;<\/p>\n<p>Le pr\u00e9sidium lors de la c\u00e9r\u00e9monie de No\u00ebl<\/p>\n<p>Le Dr Mamadou Philippe Karambiri exhortant \u00e0 l\u2019entraide<\/p>\n<p>Des b\u00e9n\u00e9ficiaires recevant des kits de vivres et non-vivres<\/p>\n<p>&nbsp;<\/p>\n","protected":false},"excerpt":{"rendered":"<p>L\u2019\u00c9glise du Centre international d\u2019\u00e9vang\u00e9lisation\/Mission int\u00e9rieure africaine (CIE\/MIA) a, organis\u00e9 une c\u00e9r\u00e9monie de solidarit\u00e9 en<\/p>\n","protected":false},"author":2,"featured_media":3235,"comment_status":"open","ping_status":"open","sticky":false,"template":"","format":"standard","meta":{"_et_pb_use_builder":"","_et_pb_old_content":"","_et_gb_content_width":"","footnotes":""},"categories":[5],"tags":[],"class_list":["post-3234","post","type-post","status-publish","format-standard","has-post-thumbnail","hentry","category-societe"],"yoast_head":"<!-- This site is optimized with the Yoast SEO plugin v27.5 - https:\/\/yoast.com\/product\/yoast-seo-wordpress\/ -->\n<title>No\u00ebl de compassion : Le CIE\/MIA tend la main aux plus d\u00e9munis - Vox Sahel<\/title>\n<meta name=\"robots\" content=\"index, follow, max-snippet:-1, max-image-preview:large, max-video-preview:-1\" \/>\n<link rel=\"canonical\" href=\"https:\/\/voxsahel.com\/?p=3234\" \/>\n<meta property=\"og:locale\" content=\"fr_FR\" \/>\n<meta property=\"og:type\" content=\"article\" \/>\n<meta property=\"og:title\" content=\"No\u00ebl de compassion : Le CIE\/MIA tend la main aux plus d\u00e9munis - Vox Sahel\" \/>\n<meta property=\"og:description\" content=\"L\u2019\u00c9glise du Centre international d\u2019\u00e9vang\u00e9lisation\/Mission int\u00e9rieure africaine (CIE\/MIA) a, organis\u00e9 une c\u00e9r\u00e9monie de solidarit\u00e9 en\" \/>\n<meta property=\"og:url\" content=\"https:\/\/voxsahel.com\/?p=3234\" \/>\n<meta property=\"og:site_name\" content=\"Vox Sahel\" \/>\n<meta property=\"article:publisher\" content=\"https:\/\/www.facebook.com\/journal.voxsahel\" \/>\n<meta property=\"article:published_time\" content=\"2025-12-24T22:46:01+00:00\" \/>\n<meta property=\"og:image\" content=\"https:\/\/voxsahel.com\/wp-content\/uploads\/2025\/12\/WhatsApp-Image-2025-12-24-at-21.28.45.jpeg\" \/>\n\t<meta property=\"og:image:width\" content=\"1059\" \/>\n\t<meta property=\"og:image:height\" content=\"1600\" \/>\n\t<meta property=\"og:image:type\" content=\"image\/jpeg\" \/>\n<meta name=\"author\" content=\"Vox Sahel\" \/>\n<meta name=\"twitter:card\" content=\"summary_large_image\" \/>\n<meta name=\"twitter:label1\" content=\"\u00c9crit par\" \/>\n\t<meta name=\"twitter:data1\" content=\"Vox Sahel\" \/>\n\t<meta name=\"twitter:label2\" content=\"Dur\u00e9e de lecture estim\u00e9e\" \/>\n\t<meta name=\"twitter:data2\" content=\"4 minutes\" \/>\n<script type=\"application\/ld+json\" class=\"yoast-schema-graph\">{\"@context\":\"https:\\\/\\\/schema.org\",\"@graph\":[{\"@type\":\"Article\",\"@id\":\"https:\\\/\\\/voxsahel.com\\\/?p=3234#article\",\"isPartOf\":{\"@id\":\"https:\\\/\\\/voxsahel.com\\\/?p=3234\"},\"author\":{\"name\":\"Vox Sahel\",\"@id\":\"https:\\\/\\\/voxsahel.com\\\/#\\\/schema\\\/person\\\/b4043608248f8fa227cd760e7ff1e19e\"},\"headline\":\"No\u00ebl de compassion : Le CIE\\\/MIA tend la main aux plus d\u00e9munis\",\"datePublished\":\"2025-12-24T22:46:01+00:00\",\"mainEntityOfPage\":{\"@id\":\"https:\\\/\\\/voxsahel.com\\\/?p=3234\"},\"wordCount\":684,\"commentCount\":0,\"publisher\":{\"@id\":\"https:\\\/\\\/voxsahel.com\\\/#organization\"},\"image\":{\"@id\":\"https:\\\/\\\/voxsahel.com\\\/?p=3234#primaryimage\"},\"thumbnailUrl\":\"https:\\\/\\\/voxsahel.com\\\/wp-content\\\/uploads\\\/2025\\\/12\\\/WhatsApp-Image-2025-12-24-at-21.28.45.jpeg\",\"articleSection\":[\"SOCIETE\"],\"inLanguage\":\"fr-FR\",\"potentialAction\":[{\"@type\":\"CommentAction\",\"name\":\"Comment\",\"target\":[\"https:\\\/\\\/voxsahel.com\\\/?p=3234#respond\"]}]},{\"@type\":\"WebPage\",\"@id\":\"https:\\\/\\\/voxsahel.com\\\/?p=3234\",\"url\":\"https:\\\/\\\/voxsahel.com\\\/?p=3234\",\"name\":\"No\u00ebl de compassion : Le CIE\\\/MIA tend la main aux plus d\u00e9munis - Vox Sahel\",\"isPartOf\":{\"@id\":\"https:\\\/\\\/voxsahel.com\\\/#website\"},\"primaryImageOfPage\":{\"@id\":\"https:\\\/\\\/voxsahel.com\\\/?p=3234#primaryimage\"},\"image\":{\"@id\":\"https:\\\/\\\/voxsahel.com\\\/?p=3234#primaryimage\"},\"thumbnailUrl\":\"https:\\\/\\\/voxsahel.com\\\/wp-content\\\/uploads\\\/2025\\\/12\\\/WhatsApp-Image-2025-12-24-at-21.28.45.jpeg\",\"datePublished\":\"2025-12-24T22:46:01+00:00\",\"breadcrumb\":{\"@id\":\"https:\\\/\\\/voxsahel.com\\\/?p=3234#breadcrumb\"},\"inLanguage\":\"fr-FR\",\"potentialAction\":[{\"@type\":\"ReadAction\",\"target\":[\"https:\\\/\\\/voxsahel.com\\\/?p=3234\"]}]},{\"@type\":\"ImageObject\",\"inLanguage\":\"fr-FR\",\"@id\":\"https:\\\/\\\/voxsahel.com\\\/?p=3234#primaryimage\",\"url\":\"https:\\\/\\\/voxsahel.com\\\/wp-content\\\/uploads\\\/2025\\\/12\\\/WhatsApp-Image-2025-12-24-at-21.28.45.jpeg\",\"contentUrl\":\"https:\\\/\\\/voxsahel.com\\\/wp-content\\\/uploads\\\/2025\\\/12\\\/WhatsApp-Image-2025-12-24-at-21.28.45.jpeg\",\"width\":1059,\"height\":1600},{\"@type\":\"BreadcrumbList\",\"@id\":\"https:\\\/\\\/voxsahel.com\\\/?p=3234#breadcrumb\",\"itemListElement\":[{\"@type\":\"ListItem\",\"position\":1,\"name\":\"Home\",\"item\":\"https:\\\/\\\/voxsahel.com\\\/\"},{\"@type\":\"ListItem\",\"position\":2,\"name\":\"No\u00ebl de compassion : Le CIE\\\/MIA tend la main aux plus d\u00e9munis\"}]},{\"@type\":\"WebSite\",\"@id\":\"https:\\\/\\\/voxsahel.com\\\/#website\",\"url\":\"https:\\\/\\\/voxsahel.com\\\/\",\"name\":\"Vox Sahel\",\"description\":\"Informez-vous sur le Sahel en un clic\",\"publisher\":{\"@id\":\"https:\\\/\\\/voxsahel.com\\\/#organization\"},\"potentialAction\":[{\"@type\":\"SearchAction\",\"target\":{\"@type\":\"EntryPoint\",\"urlTemplate\":\"https:\\\/\\\/voxsahel.com\\\/?s={search_term_string}\"},\"query-input\":{\"@type\":\"PropertyValueSpecification\",\"valueRequired\":true,\"valueName\":\"search_term_string\"}}],\"inLanguage\":\"fr-FR\"},{\"@type\":\"Organization\",\"@id\":\"https:\\\/\\\/voxsahel.com\\\/#organization\",\"name\":\"Vox Sahel\",\"url\":\"https:\\\/\\\/voxsahel.com\\\/\",\"logo\":{\"@type\":\"ImageObject\",\"inLanguage\":\"fr-FR\",\"@id\":\"https:\\\/\\\/voxsahel.com\\\/#\\\/schema\\\/logo\\\/image\\\/\",\"url\":\"https:\\\/\\\/voxsahel.com\\\/wp-content\\\/uploads\\\/2024\\\/09\\\/Logo-Vox-Sahel.jpg\",\"contentUrl\":\"https:\\\/\\\/voxsahel.com\\\/wp-content\\\/uploads\\\/2024\\\/09\\\/Logo-Vox-Sahel.jpg\",\"width\":1181,\"height\":848,\"caption\":\"Vox Sahel\"},\"image\":{\"@id\":\"https:\\\/\\\/voxsahel.com\\\/#\\\/schema\\\/logo\\\/image\\\/\"},\"sameAs\":[\"https:\\\/\\\/www.facebook.com\\\/journal.voxsahel\"]},{\"@type\":\"Person\",\"@id\":\"https:\\\/\\\/voxsahel.com\\\/#\\\/schema\\\/person\\\/b4043608248f8fa227cd760e7ff1e19e\",\"name\":\"Vox Sahel\",\"image\":{\"@type\":\"ImageObject\",\"inLanguage\":\"fr-FR\",\"@id\":\"https:\\\/\\\/secure.gravatar.com\\\/avatar\\\/f70e7fa0cb9b29d4a7c5788d6eb2e9ab4d3135cbae1c9161810fdf77a8964699?s=96&d=mm&r=g\",\"url\":\"https:\\\/\\\/secure.gravatar.com\\\/avatar\\\/f70e7fa0cb9b29d4a7c5788d6eb2e9ab4d3135cbae1c9161810fdf77a8964699?s=96&d=mm&r=g\",\"contentUrl\":\"https:\\\/\\\/secure.gravatar.com\\\/avatar\\\/f70e7fa0cb9b29d4a7c5788d6eb2e9ab4d3135cbae1c9161810fdf77a8964699?s=96&d=mm&r=g\",\"caption\":\"Vox Sahel\"},\"sameAs\":[\"http:\\\/\\\/www.voxsahel.com\"],\"url\":\"https:\\\/\\\/voxsahel.com\\\/?author=2\"}]}<\/script>\n<!-- \/ Yoast SEO plugin. -->","yoast_head_json":{"title":"No\u00ebl de compassion : Le CIE\/MIA tend la main aux plus d\u00e9munis - Vox Sahel","robots":{"index":"index","follow":"follow","max-snippet":"max-snippet:-1","max-image-preview":"max-image-preview:large","max-video-preview":"max-video-preview:-1"},"canonical":"https:\/\/voxsahel.com\/?p=3234","og_locale":"fr_FR","og_type":"article","og_title":"No\u00ebl de compassion : Le CIE\/MIA tend la main aux plus d\u00e9munis - Vox Sahel","og_description":"L\u2019\u00c9glise du Centre international d\u2019\u00e9vang\u00e9lisation\/Mission int\u00e9rieure africaine (CIE\/MIA) a, organis\u00e9 une c\u00e9r\u00e9monie de solidarit\u00e9 en","og_url":"https:\/\/voxsahel.com\/?p=3234","og_site_name":"Vox Sahel","article_publisher":"https:\/\/www.facebook.com\/journal.voxsahel","article_published_time":"2025-12-24T22:46:01+00:00","og_image":[{"width":1059,"height":1600,"url":"https:\/\/voxsahel.com\/wp-content\/uploads\/2025\/12\/WhatsApp-Image-2025-12-24-at-21.28.45.jpeg","type":"image\/jpeg"}],"author":"Vox Sahel","twitter_card":"summary_large_image","twitter_misc":{"\u00c9crit par":"Vox Sahel","Dur\u00e9e de lecture estim\u00e9e":"4 minutes"},"schema":{"@context":"https:\/\/schema.org","@graph":[{"@type":"Article","@id":"https:\/\/voxsahel.com\/?p=3234#article","isPartOf":{"@id":"https:\/\/voxsahel.com\/?p=3234"},"author":{"name":"Vox Sahel","@id":"https:\/\/voxsahel.com\/#\/schema\/person\/b4043608248f8fa227cd760e7ff1e19e"},"headline":"No\u00ebl de compassion : Le CIE\/MIA tend la main aux plus d\u00e9munis","datePublished":"2025-12-24T22:46:01+00:00","mainEntityOfPage":{"@id":"https:\/\/voxsahel.com\/?p=3234"},"wordCount":684,"commentCount":0,"publisher":{"@id":"https:\/\/voxsahel.com\/#organization"},"image":{"@id":"https:\/\/voxsahel.com\/?p=3234#primaryimage"},"thumbnailUrl":"https:\/\/voxsahel.com\/wp-content\/uploads\/2025\/12\/WhatsApp-Image-2025-12-24-at-21.28.45.jpeg","articleSection":["SOCIETE"],"inLanguage":"fr-FR","potentialAction":[{"@type":"CommentAction","name":"Comment","target":["https:\/\/voxsahel.com\/?p=3234#respond"]}]},{"@type":"WebPage","@id":"https:\/\/voxsahel.com\/?p=3234","url":"https:\/\/voxsahel.com\/?p=3234","name":"No\u00ebl de compassion : Le CIE\/MIA tend la main aux plus d\u00e9munis - Vox Sahel","isPartOf":{"@id":"https:\/\/voxsahel.com\/#website"},"primaryImageOfPage":{"@id":"https:\/\/voxsahel.com\/?p=3234#primaryimage"},"image":{"@id":"https:\/\/voxsahel.com\/?p=3234#primaryimage"},"thumbnailUrl":"https:\/\/voxsahel.com\/wp-content\/uploads\/2025\/12\/WhatsApp-Image-2025-12-24-at-21.28.45.jpeg","datePublished":"2025-12-24T22:46:01+00:00","breadcrumb":{"@id":"https:\/\/voxsahel.com\/?p=3234#breadcrumb"},"inLanguage":"fr-FR","potentialAction":[{"@type":"ReadAction","target":["https:\/\/voxsahel.com\/?p=3234"]}]},{"@type":"ImageObject","inLanguage":"fr-FR","@id":"https:\/\/voxsahel.com\/?p=3234#primaryimage","url":"https:\/\/voxsahel.com\/wp-content\/uploads\/2025\/12\/WhatsApp-Image-2025-12-24-at-21.28.45.jpeg","contentUrl":"https:\/\/voxsahel.com\/wp-content\/uploads\/2025\/12\/WhatsApp-Image-2025-12-24-at-21.28.45.jpeg","width":1059,"height":1600},{"@type":"BreadcrumbList","@id":"https:\/\/voxsahel.com\/?p=3234#breadcrumb","itemListElement":[{"@type":"ListItem","position":1,"name":"Home","item":"https:\/\/voxsahel.com\/"},{"@type":"ListItem","position":2,"name":"No\u00ebl de compassion : Le CIE\/MIA tend la main aux plus d\u00e9munis"}]},{"@type":"WebSite","@id":"https:\/\/voxsahel.com\/#website","url":"https:\/\/voxsahel.com\/","name":"Vox Sahel","description":"Informez-vous sur le Sahel en un clic","publisher":{"@id":"https:\/\/voxsahel.com\/#organization"},"potentialAction":[{"@type":"SearchAction","target":{"@type":"EntryPoint","urlTemplate":"https:\/\/voxsahel.com\/?s={search_term_string}"},"query-input":{"@type":"PropertyValueSpecification","valueRequired":true,"valueName":"search_term_string"}}],"inLanguage":"fr-FR"},{"@type":"Organization","@id":"https:\/\/voxsahel.com\/#organization","name":"Vox Sahel","url":"https:\/\/voxsahel.com\/","logo":{"@type":"ImageObject","inLanguage":"fr-FR","@id":"https:\/\/voxsahel.com\/#\/schema\/logo\/image\/","url":"https:\/\/voxsahel.com\/wp-content\/uploads\/2024\/09\/Logo-Vox-Sahel.jpg","contentUrl":"https:\/\/voxsahel.com\/wp-content\/uploads\/2024\/09\/Logo-Vox-Sahel.jpg","width":1181,"height":848,"caption":"Vox Sahel"},"image":{"@id":"https:\/\/voxsahel.com\/#\/schema\/logo\/image\/"},"sameAs":["https:\/\/www.facebook.com\/journal.voxsahel"]},{"@type":"Person","@id":"https:\/\/voxsahel.com\/#\/schema\/person\/b4043608248f8fa227cd760e7ff1e19e","name":"Vox Sahel","image":{"@type":"ImageObject","inLanguage":"fr-FR","@id":"https:\/\/secure.gravatar.com\/avatar\/f70e7fa0cb9b29d4a7c5788d6eb2e9ab4d3135cbae1c9161810fdf77a8964699?s=96&d=mm&r=g","url":"https:\/\/secure.gravatar.com\/avatar\/f70e7fa0cb9b29d4a7c5788d6eb2e9ab4d3135cbae1c9161810fdf77a8964699?s=96&d=mm&r=g","contentUrl":"https:\/\/secure.gravatar.com\/avatar\/f70e7fa0cb9b29d4a7c5788d6eb2e9ab4d3135cbae1c9161810fdf77a8964699?s=96&d=mm&r=g","caption":"Vox Sahel"},"sameAs":["http:\/\/www.voxsahel.com"],"url":"https:\/\/voxsahel.com\/?author=2"}]}},"_links":{"self":[{"href":"https:\/\/voxsahel.com\/index.php?rest_route=\/wp\/v2\/posts\/3234","targetHints":{"allow":["GET"]}}],"collection":[{"href":"https:\/\/voxsahel.com\/index.php?rest_route=\/wp\/v2\/posts"}],"about":[{"href":"https:\/\/voxsahel.com\/index.php?rest_route=\/wp\/v2\/types\/post"}],"author":[{"embeddable":true,"href":"https:\/\/voxsahel.com\/index.php?rest_route=\/wp\/v2\/users\/2"}],"replies":[{"embeddable":true,"href":"https:\/\/voxsahel.com\/index.php?rest_route=%2Fwp%2Fv2%2Fcomments&post=3234"}],"version-history":[{"count":1,"href":"https:\/\/voxsahel.com\/index.php?rest_route=\/wp\/v2\/posts\/3234\/revisions"}],"predecessor-version":[{"id":3239,"href":"https:\/\/voxsahel.com\/index.php?rest_route=\/wp\/v2\/posts\/3234\/revisions\/3239"}],"wp:featuredmedia":[{"embeddable":true,"href":"https:\/\/voxsahel.com\/index.php?rest_route=\/wp\/v2\/media\/3235"}],"wp:attachment":[{"href":"https:\/\/voxsahel.com\/index.php?rest_route=%2Fwp%2Fv2%2Fmedia&parent=3234"}],"wp:term":[{"taxonomy":"category","embeddable":true,"href":"https:\/\/voxsahel.com\/index.php?rest_route=%2Fwp%2Fv2%2Fcategories&post=3234"},{"taxonomy":"post_tag","embeddable":true,"href":"https:\/\/voxsahel.com\/index.php?rest_route=%2Fwp%2Fv2%2Ftags&post=3234"}],"curies":[{"name":"wp","href":"https:\/\/api.w.org\/{rel}","templated":true}]}}