{"id":3224,"date":"2025-12-24T12:20:37","date_gmt":"2025-12-24T12:20:37","guid":{"rendered":"https:\/\/voxsahel.com\/?p=3224"},"modified":"2025-12-24T12:23:08","modified_gmt":"2025-12-24T12:23:08","slug":"distinction-nationale-le-pdg-de-sotrah-dof-eleve-au-rang-de-chevalier-de-lordre-du-merite-du-commerce-et-de-lindustrie","status":"publish","type":"post","link":"https:\/\/voxsahel.com\/?p=3224","title":{"rendered":"Distinction nationale : le PDG de SOTRAH-DOF \u00e9lev\u00e9 au rang de Chevalier de l\u2019Ordre du M\u00e9rite du Commerce et de l\u2019Industrie"},"content":{"rendered":"<p class=\"s3\">Le leadership et l\u2019engagement au service du d\u00e9veloppement \u00e9conomique national viennent d\u2019\u00eatre officiellement reconnus. Le Pr\u00e9sident-Directeur G\u00e9n\u00e9ral de la Soci\u00e9t\u00e9 de Transport d\u2019Hydrocarbures et Divers Ou\u00e9draogo et Fils (SOTRAH-DOF) a \u00e9t\u00e9 d\u00e9cor\u00e9 au rang de <span class=\"s2\">Chevalier de l\u2019Ordre du M\u00e9rite du Commerce et de l\u2019Industrie avec agrafe Commerce<\/span>, lors de la c\u00e9r\u00e9monie annuelle de d\u00e9coration organis\u00e9e par le Minist\u00e8re de l\u2019Industrie, du Commerce et de l\u2019Artisanat, le <span class=\"s2\">mardi 23 d\u00e9cembre 2025 \u00e0 Ouagadougou<\/span>.<\/p>\n<p><img loading=\"lazy\" decoding=\"async\" class=\"aligncenter size-large wp-image-3227\" src=\"https:\/\/voxsahel.com\/wp-content\/uploads\/2025\/12\/IMG_3850-687x1024.jpeg\" alt=\"\" width=\"640\" height=\"954\" srcset=\"https:\/\/voxsahel.com\/wp-content\/uploads\/2025\/12\/IMG_3850-687x1024.jpeg 687w, https:\/\/voxsahel.com\/wp-content\/uploads\/2025\/12\/IMG_3850-201x300.jpeg 201w, https:\/\/voxsahel.com\/wp-content\/uploads\/2025\/12\/IMG_3850-768x1145.jpeg 768w, https:\/\/voxsahel.com\/wp-content\/uploads\/2025\/12\/IMG_3850-1030x1536.jpeg 1030w, https:\/\/voxsahel.com\/wp-content\/uploads\/2025\/12\/IMG_3850-610x909.jpeg 610w, https:\/\/voxsahel.com\/wp-content\/uploads\/2025\/12\/IMG_3850.jpeg 1080w\" sizes=\"(max-width: 640px) 100vw, 640px\" \/><\/p>\n<p class=\"s3\">La distinction a \u00e9t\u00e9 remise sous l\u2019autorit\u00e9 du Ministre en charge de l\u2019Industrie et du Commerce, <span class=\"s2\">Monsieur Serge <\/span><span class=\"s2\">Gnaniodem<\/span><span class=\"s2\"> PODA<\/span>, qui avait d\u00e9j\u00e0 effectu\u00e9, le <span class=\"s2\">31 d\u00e9cembre 2024<\/span>, une visite au sein de l\u2019entreprise pour encourager le promoteur et saluer son dynamisme entrepreneurial.<\/p>\n<p class=\"s3\">Entreprise burkinab\u00e8 sp\u00e9cialis\u00e9e dans le transport d\u2019hydrocarbures et divers, <span class=\"s2\">SOTRAH-DOF<\/span> affiche un investissement estim\u00e9 \u00e0 <span class=\"s2\">plus de 25 milliards de FCFA<\/span>, faisant d\u2019elle un mod\u00e8le de r\u00e9ussite locale et un acteur strat\u00e9gique du secteur priv\u00e9 national.<\/p>\n<p><img loading=\"lazy\" decoding=\"async\" class=\"aligncenter size-large wp-image-3228\" src=\"https:\/\/voxsahel.com\/wp-content\/uploads\/2025\/12\/IMG_3851-1024x576.jpeg\" alt=\"\" width=\"640\" height=\"360\" srcset=\"https:\/\/voxsahel.com\/wp-content\/uploads\/2025\/12\/IMG_3851-1024x576.jpeg 1024w, https:\/\/voxsahel.com\/wp-content\/uploads\/2025\/12\/IMG_3851-300x169.jpeg 300w, https:\/\/voxsahel.com\/wp-content\/uploads\/2025\/12\/IMG_3851-768x432.jpeg 768w, https:\/\/voxsahel.com\/wp-content\/uploads\/2025\/12\/IMG_3851-1536x864.jpeg 1536w, https:\/\/voxsahel.com\/wp-content\/uploads\/2025\/12\/IMG_3851-1080x608.jpeg 1080w, https:\/\/voxsahel.com\/wp-content\/uploads\/2025\/12\/IMG_3851-610x343.jpeg 610w, https:\/\/voxsahel.com\/wp-content\/uploads\/2025\/12\/IMG_3851-800x450.jpeg 800w, https:\/\/voxsahel.com\/wp-content\/uploads\/2025\/12\/IMG_3851.jpeg 1920w\" sizes=\"(max-width: 640px) 100vw, 640px\" \/><\/p>\n<p class=\"s3\">Tr\u00e8s \u00e9mu, le PDG a exprim\u00e9 sa reconnaissance : <span class=\"s4\">\u00ab Je remercie les plus hautes autorit\u00e9s de notre pays pour cette distinction. Nous continuerons \u00e0 \u0153uvrer pour le d\u00e9veloppement du Burkina Faso. Je d\u00e9die cette m\u00e9daille \u00e0 ma famille, \u00e0 mes collaborateurs et \u00e0 nos partenaires. Que Dieu b\u00e9nisse notre pays et ram\u00e8ne la paix. \u00bb<\/span><\/p>\n<p><img loading=\"lazy\" decoding=\"async\" class=\"aligncenter size-large wp-image-3231\" src=\"https:\/\/voxsahel.com\/wp-content\/uploads\/2025\/12\/105d3403-4075-41a6-ba33-e9663cff7ce4-1024x576.jpeg\" alt=\"\" width=\"640\" height=\"360\" srcset=\"https:\/\/voxsahel.com\/wp-content\/uploads\/2025\/12\/105d3403-4075-41a6-ba33-e9663cff7ce4-1024x576.jpeg 1024w, https:\/\/voxsahel.com\/wp-content\/uploads\/2025\/12\/105d3403-4075-41a6-ba33-e9663cff7ce4-300x169.jpeg 300w, https:\/\/voxsahel.com\/wp-content\/uploads\/2025\/12\/105d3403-4075-41a6-ba33-e9663cff7ce4-768x432.jpeg 768w, https:\/\/voxsahel.com\/wp-content\/uploads\/2025\/12\/105d3403-4075-41a6-ba33-e9663cff7ce4-1536x864.jpeg 1536w, https:\/\/voxsahel.com\/wp-content\/uploads\/2025\/12\/105d3403-4075-41a6-ba33-e9663cff7ce4-1080x608.jpeg 1080w, https:\/\/voxsahel.com\/wp-content\/uploads\/2025\/12\/105d3403-4075-41a6-ba33-e9663cff7ce4-610x343.jpeg 610w, https:\/\/voxsahel.com\/wp-content\/uploads\/2025\/12\/105d3403-4075-41a6-ba33-e9663cff7ce4-800x450.jpeg 800w, https:\/\/voxsahel.com\/wp-content\/uploads\/2025\/12\/105d3403-4075-41a6-ba33-e9663cff7ce4.jpeg 1600w\" sizes=\"(max-width: 640px) 100vw, 640px\" \/><\/p>\n<p class=\"s3\">Au-del\u00e0 de la performance \u00e9conomique, le dirigeant s\u2019illustre \u00e9galement par son engagement social. Dans le cadre de la <span class=\"s2\">responsabilit\u00e9 soci\u00e9tale des entreprises<\/span>, il a offert une mosqu\u00e9e au <span class=\"s2\">village de <\/span><span class=\"s2\">Bakari<\/span><span class=\"s2\"> Bougou<\/span>, inaugur\u00e9e le <span class=\"s2\">vendredi 19 d\u00e9cembre 2025<\/span>, renfor\u00e7ant ainsi la coh\u00e9sion sociale et le vivre-ensemble<\/p>\n","protected":false},"excerpt":{"rendered":"<p>Le leadership et l\u2019engagement au service du d\u00e9veloppement \u00e9conomique national viennent d\u2019\u00eatre officiellement reconnus. Le<\/p>\n","protected":false},"author":2,"featured_media":3225,"comment_status":"open","ping_status":"open","sticky":false,"template":"","format":"standard","meta":{"_et_pb_use_builder":"","_et_pb_old_content":"","_et_gb_content_width":"","footnotes":""},"categories":[8],"tags":[],"class_list":["post-3224","post","type-post","status-publish","format-standard","has-post-thumbnail","hentry","category-developpement"],"yoast_head":"<!-- This site is optimized with the Yoast SEO plugin v27.5 - https:\/\/yoast.com\/product\/yoast-seo-wordpress\/ -->\n<title>Distinction nationale : le PDG de SOTRAH-DOF \u00e9lev\u00e9 au rang de Chevalier de l\u2019Ordre du M\u00e9rite du Commerce et de l\u2019Industrie - Vox Sahel<\/title>\n<meta name=\"robots\" content=\"index, follow, max-snippet:-1, max-image-preview:large, max-video-preview:-1\" \/>\n<link rel=\"canonical\" href=\"https:\/\/voxsahel.com\/?p=3224\" \/>\n<meta property=\"og:locale\" content=\"fr_FR\" \/>\n<meta property=\"og:type\" content=\"article\" \/>\n<meta property=\"og:title\" content=\"Distinction nationale : le PDG de SOTRAH-DOF \u00e9lev\u00e9 au rang de Chevalier de l\u2019Ordre du M\u00e9rite du Commerce et de l\u2019Industrie - Vox Sahel\" \/>\n<meta property=\"og:description\" content=\"Le leadership et l\u2019engagement au service du d\u00e9veloppement \u00e9conomique national viennent d\u2019\u00eatre officiellement reconnus. Le\" \/>\n<meta property=\"og:url\" content=\"https:\/\/voxsahel.com\/?p=3224\" \/>\n<meta property=\"og:site_name\" content=\"Vox Sahel\" \/>\n<meta property=\"article:publisher\" content=\"https:\/\/www.facebook.com\/journal.voxsahel\" \/>\n<meta property=\"article:published_time\" content=\"2025-12-24T12:20:37+00:00\" \/>\n<meta property=\"article:modified_time\" content=\"2025-12-24T12:23:08+00:00\" \/>\n<meta property=\"og:image\" content=\"https:\/\/voxsahel.com\/wp-content\/uploads\/2025\/12\/IMG_3849.jpeg\" \/>\n\t<meta property=\"og:image:width\" content=\"1702\" \/>\n\t<meta property=\"og:image:height\" content=\"1080\" \/>\n\t<meta property=\"og:image:type\" content=\"image\/jpeg\" \/>\n<meta name=\"author\" content=\"Vox Sahel\" \/>\n<meta name=\"twitter:card\" content=\"summary_large_image\" \/>\n<meta name=\"twitter:label1\" content=\"\u00c9crit par\" \/>\n\t<meta name=\"twitter:data1\" content=\"Vox Sahel\" \/>\n\t<meta name=\"twitter:label2\" content=\"Dur\u00e9e de lecture estim\u00e9e\" \/>\n\t<meta name=\"twitter:data2\" content=\"3 minutes\" \/>\n<script type=\"application\/ld+json\" class=\"yoast-schema-graph\">{\"@context\":\"https:\\\/\\\/schema.org\",\"@graph\":[{\"@type\":\"Article\",\"@id\":\"https:\\\/\\\/voxsahel.com\\\/?p=3224#article\",\"isPartOf\":{\"@id\":\"https:\\\/\\\/voxsahel.com\\\/?p=3224\"},\"author\":{\"name\":\"Vox Sahel\",\"@id\":\"https:\\\/\\\/voxsahel.com\\\/#\\\/schema\\\/person\\\/b4043608248f8fa227cd760e7ff1e19e\"},\"headline\":\"Distinction nationale : le PDG de SOTRAH-DOF \u00e9lev\u00e9 au rang de Chevalier de l\u2019Ordre du M\u00e9rite du Commerce et de l\u2019Industrie\",\"datePublished\":\"2025-12-24T12:20:37+00:00\",\"dateModified\":\"2025-12-24T12:23:08+00:00\",\"mainEntityOfPage\":{\"@id\":\"https:\\\/\\\/voxsahel.com\\\/?p=3224\"},\"wordCount\":308,\"commentCount\":0,\"publisher\":{\"@id\":\"https:\\\/\\\/voxsahel.com\\\/#organization\"},\"image\":{\"@id\":\"https:\\\/\\\/voxsahel.com\\\/?p=3224#primaryimage\"},\"thumbnailUrl\":\"https:\\\/\\\/voxsahel.com\\\/wp-content\\\/uploads\\\/2025\\\/12\\\/IMG_3849.jpeg\",\"articleSection\":[\"DEVELOPPEMENT\"],\"inLanguage\":\"fr-FR\",\"potentialAction\":[{\"@type\":\"CommentAction\",\"name\":\"Comment\",\"target\":[\"https:\\\/\\\/voxsahel.com\\\/?p=3224#respond\"]}]},{\"@type\":\"WebPage\",\"@id\":\"https:\\\/\\\/voxsahel.com\\\/?p=3224\",\"url\":\"https:\\\/\\\/voxsahel.com\\\/?p=3224\",\"name\":\"Distinction nationale : le PDG de SOTRAH-DOF \u00e9lev\u00e9 au rang de Chevalier de l\u2019Ordre du M\u00e9rite du Commerce et de l\u2019Industrie - Vox Sahel\",\"isPartOf\":{\"@id\":\"https:\\\/\\\/voxsahel.com\\\/#website\"},\"primaryImageOfPage\":{\"@id\":\"https:\\\/\\\/voxsahel.com\\\/?p=3224#primaryimage\"},\"image\":{\"@id\":\"https:\\\/\\\/voxsahel.com\\\/?p=3224#primaryimage\"},\"thumbnailUrl\":\"https:\\\/\\\/voxsahel.com\\\/wp-content\\\/uploads\\\/2025\\\/12\\\/IMG_3849.jpeg\",\"datePublished\":\"2025-12-24T12:20:37+00:00\",\"dateModified\":\"2025-12-24T12:23:08+00:00\",\"breadcrumb\":{\"@id\":\"https:\\\/\\\/voxsahel.com\\\/?p=3224#breadcrumb\"},\"inLanguage\":\"fr-FR\",\"potentialAction\":[{\"@type\":\"ReadAction\",\"target\":[\"https:\\\/\\\/voxsahel.com\\\/?p=3224\"]}]},{\"@type\":\"ImageObject\",\"inLanguage\":\"fr-FR\",\"@id\":\"https:\\\/\\\/voxsahel.com\\\/?p=3224#primaryimage\",\"url\":\"https:\\\/\\\/voxsahel.com\\\/wp-content\\\/uploads\\\/2025\\\/12\\\/IMG_3849.jpeg\",\"contentUrl\":\"https:\\\/\\\/voxsahel.com\\\/wp-content\\\/uploads\\\/2025\\\/12\\\/IMG_3849.jpeg\",\"width\":1702,\"height\":1080},{\"@type\":\"BreadcrumbList\",\"@id\":\"https:\\\/\\\/voxsahel.com\\\/?p=3224#breadcrumb\",\"itemListElement\":[{\"@type\":\"ListItem\",\"position\":1,\"name\":\"Home\",\"item\":\"https:\\\/\\\/voxsahel.com\\\/\"},{\"@type\":\"ListItem\",\"position\":2,\"name\":\"Distinction nationale : le PDG de SOTRAH-DOF \u00e9lev\u00e9 au rang de Chevalier de l\u2019Ordre du M\u00e9rite du Commerce et de l\u2019Industrie\"}]},{\"@type\":\"WebSite\",\"@id\":\"https:\\\/\\\/voxsahel.com\\\/#website\",\"url\":\"https:\\\/\\\/voxsahel.com\\\/\",\"name\":\"Vox Sahel\",\"description\":\"Informez-vous sur le Sahel en un clic\",\"publisher\":{\"@id\":\"https:\\\/\\\/voxsahel.com\\\/#organization\"},\"potentialAction\":[{\"@type\":\"SearchAction\",\"target\":{\"@type\":\"EntryPoint\",\"urlTemplate\":\"https:\\\/\\\/voxsahel.com\\\/?s={search_term_string}\"},\"query-input\":{\"@type\":\"PropertyValueSpecification\",\"valueRequired\":true,\"valueName\":\"search_term_string\"}}],\"inLanguage\":\"fr-FR\"},{\"@type\":\"Organization\",\"@id\":\"https:\\\/\\\/voxsahel.com\\\/#organization\",\"name\":\"Vox Sahel\",\"url\":\"https:\\\/\\\/voxsahel.com\\\/\",\"logo\":{\"@type\":\"ImageObject\",\"inLanguage\":\"fr-FR\",\"@id\":\"https:\\\/\\\/voxsahel.com\\\/#\\\/schema\\\/logo\\\/image\\\/\",\"url\":\"https:\\\/\\\/voxsahel.com\\\/wp-content\\\/uploads\\\/2024\\\/09\\\/Logo-Vox-Sahel.jpg\",\"contentUrl\":\"https:\\\/\\\/voxsahel.com\\\/wp-content\\\/uploads\\\/2024\\\/09\\\/Logo-Vox-Sahel.jpg\",\"width\":1181,\"height\":848,\"caption\":\"Vox Sahel\"},\"image\":{\"@id\":\"https:\\\/\\\/voxsahel.com\\\/#\\\/schema\\\/logo\\\/image\\\/\"},\"sameAs\":[\"https:\\\/\\\/www.facebook.com\\\/journal.voxsahel\"]},{\"@type\":\"Person\",\"@id\":\"https:\\\/\\\/voxsahel.com\\\/#\\\/schema\\\/person\\\/b4043608248f8fa227cd760e7ff1e19e\",\"name\":\"Vox Sahel\",\"image\":{\"@type\":\"ImageObject\",\"inLanguage\":\"fr-FR\",\"@id\":\"https:\\\/\\\/secure.gravatar.com\\\/avatar\\\/f70e7fa0cb9b29d4a7c5788d6eb2e9ab4d3135cbae1c9161810fdf77a8964699?s=96&d=mm&r=g\",\"url\":\"https:\\\/\\\/secure.gravatar.com\\\/avatar\\\/f70e7fa0cb9b29d4a7c5788d6eb2e9ab4d3135cbae1c9161810fdf77a8964699?s=96&d=mm&r=g\",\"contentUrl\":\"https:\\\/\\\/secure.gravatar.com\\\/avatar\\\/f70e7fa0cb9b29d4a7c5788d6eb2e9ab4d3135cbae1c9161810fdf77a8964699?s=96&d=mm&r=g\",\"caption\":\"Vox Sahel\"},\"sameAs\":[\"http:\\\/\\\/www.voxsahel.com\"],\"url\":\"https:\\\/\\\/voxsahel.com\\\/?author=2\"}]}<\/script>\n<!-- \/ Yoast SEO plugin. -->","yoast_head_json":{"title":"Distinction nationale : le PDG de SOTRAH-DOF \u00e9lev\u00e9 au rang de Chevalier de l\u2019Ordre du M\u00e9rite du Commerce et de l\u2019Industrie - Vox Sahel","robots":{"index":"index","follow":"follow","max-snippet":"max-snippet:-1","max-image-preview":"max-image-preview:large","max-video-preview":"max-video-preview:-1"},"canonical":"https:\/\/voxsahel.com\/?p=3224","og_locale":"fr_FR","og_type":"article","og_title":"Distinction nationale : le PDG de SOTRAH-DOF \u00e9lev\u00e9 au rang de Chevalier de l\u2019Ordre du M\u00e9rite du Commerce et de l\u2019Industrie - Vox Sahel","og_description":"Le leadership et l\u2019engagement au service du d\u00e9veloppement \u00e9conomique national viennent d\u2019\u00eatre officiellement reconnus. Le","og_url":"https:\/\/voxsahel.com\/?p=3224","og_site_name":"Vox Sahel","article_publisher":"https:\/\/www.facebook.com\/journal.voxsahel","article_published_time":"2025-12-24T12:20:37+00:00","article_modified_time":"2025-12-24T12:23:08+00:00","og_image":[{"width":1702,"height":1080,"url":"https:\/\/voxsahel.com\/wp-content\/uploads\/2025\/12\/IMG_3849.jpeg","type":"image\/jpeg"}],"author":"Vox Sahel","twitter_card":"summary_large_image","twitter_misc":{"\u00c9crit par":"Vox Sahel","Dur\u00e9e de lecture estim\u00e9e":"3 minutes"},"schema":{"@context":"https:\/\/schema.org","@graph":[{"@type":"Article","@id":"https:\/\/voxsahel.com\/?p=3224#article","isPartOf":{"@id":"https:\/\/voxsahel.com\/?p=3224"},"author":{"name":"Vox Sahel","@id":"https:\/\/voxsahel.com\/#\/schema\/person\/b4043608248f8fa227cd760e7ff1e19e"},"headline":"Distinction nationale : le PDG de SOTRAH-DOF \u00e9lev\u00e9 au rang de Chevalier de l\u2019Ordre du M\u00e9rite du Commerce et de l\u2019Industrie","datePublished":"2025-12-24T12:20:37+00:00","dateModified":"2025-12-24T12:23:08+00:00","mainEntityOfPage":{"@id":"https:\/\/voxsahel.com\/?p=3224"},"wordCount":308,"commentCount":0,"publisher":{"@id":"https:\/\/voxsahel.com\/#organization"},"image":{"@id":"https:\/\/voxsahel.com\/?p=3224#primaryimage"},"thumbnailUrl":"https:\/\/voxsahel.com\/wp-content\/uploads\/2025\/12\/IMG_3849.jpeg","articleSection":["DEVELOPPEMENT"],"inLanguage":"fr-FR","potentialAction":[{"@type":"CommentAction","name":"Comment","target":["https:\/\/voxsahel.com\/?p=3224#respond"]}]},{"@type":"WebPage","@id":"https:\/\/voxsahel.com\/?p=3224","url":"https:\/\/voxsahel.com\/?p=3224","name":"Distinction nationale : le PDG de SOTRAH-DOF \u00e9lev\u00e9 au rang de Chevalier de l\u2019Ordre du M\u00e9rite du Commerce et de l\u2019Industrie - Vox Sahel","isPartOf":{"@id":"https:\/\/voxsahel.com\/#website"},"primaryImageOfPage":{"@id":"https:\/\/voxsahel.com\/?p=3224#primaryimage"},"image":{"@id":"https:\/\/voxsahel.com\/?p=3224#primaryimage"},"thumbnailUrl":"https:\/\/voxsahel.com\/wp-content\/uploads\/2025\/12\/IMG_3849.jpeg","datePublished":"2025-12-24T12:20:37+00:00","dateModified":"2025-12-24T12:23:08+00:00","breadcrumb":{"@id":"https:\/\/voxsahel.com\/?p=3224#breadcrumb"},"inLanguage":"fr-FR","potentialAction":[{"@type":"ReadAction","target":["https:\/\/voxsahel.com\/?p=3224"]}]},{"@type":"ImageObject","inLanguage":"fr-FR","@id":"https:\/\/voxsahel.com\/?p=3224#primaryimage","url":"https:\/\/voxsahel.com\/wp-content\/uploads\/2025\/12\/IMG_3849.jpeg","contentUrl":"https:\/\/voxsahel.com\/wp-content\/uploads\/2025\/12\/IMG_3849.jpeg","width":1702,"height":1080},{"@type":"BreadcrumbList","@id":"https:\/\/voxsahel.com\/?p=3224#breadcrumb","itemListElement":[{"@type":"ListItem","position":1,"name":"Home","item":"https:\/\/voxsahel.com\/"},{"@type":"ListItem","position":2,"name":"Distinction nationale : le PDG de SOTRAH-DOF \u00e9lev\u00e9 au rang de Chevalier de l\u2019Ordre du M\u00e9rite du Commerce et de l\u2019Industrie"}]},{"@type":"WebSite","@id":"https:\/\/voxsahel.com\/#website","url":"https:\/\/voxsahel.com\/","name":"Vox Sahel","description":"Informez-vous sur le Sahel en un clic","publisher":{"@id":"https:\/\/voxsahel.com\/#organization"},"potentialAction":[{"@type":"SearchAction","target":{"@type":"EntryPoint","urlTemplate":"https:\/\/voxsahel.com\/?s={search_term_string}"},"query-input":{"@type":"PropertyValueSpecification","valueRequired":true,"valueName":"search_term_string"}}],"inLanguage":"fr-FR"},{"@type":"Organization","@id":"https:\/\/voxsahel.com\/#organization","name":"Vox Sahel","url":"https:\/\/voxsahel.com\/","logo":{"@type":"ImageObject","inLanguage":"fr-FR","@id":"https:\/\/voxsahel.com\/#\/schema\/logo\/image\/","url":"https:\/\/voxsahel.com\/wp-content\/uploads\/2024\/09\/Logo-Vox-Sahel.jpg","contentUrl":"https:\/\/voxsahel.com\/wp-content\/uploads\/2024\/09\/Logo-Vox-Sahel.jpg","width":1181,"height":848,"caption":"Vox Sahel"},"image":{"@id":"https:\/\/voxsahel.com\/#\/schema\/logo\/image\/"},"sameAs":["https:\/\/www.facebook.com\/journal.voxsahel"]},{"@type":"Person","@id":"https:\/\/voxsahel.com\/#\/schema\/person\/b4043608248f8fa227cd760e7ff1e19e","name":"Vox Sahel","image":{"@type":"ImageObject","inLanguage":"fr-FR","@id":"https:\/\/secure.gravatar.com\/avatar\/f70e7fa0cb9b29d4a7c5788d6eb2e9ab4d3135cbae1c9161810fdf77a8964699?s=96&d=mm&r=g","url":"https:\/\/secure.gravatar.com\/avatar\/f70e7fa0cb9b29d4a7c5788d6eb2e9ab4d3135cbae1c9161810fdf77a8964699?s=96&d=mm&r=g","contentUrl":"https:\/\/secure.gravatar.com\/avatar\/f70e7fa0cb9b29d4a7c5788d6eb2e9ab4d3135cbae1c9161810fdf77a8964699?s=96&d=mm&r=g","caption":"Vox Sahel"},"sameAs":["http:\/\/www.voxsahel.com"],"url":"https:\/\/voxsahel.com\/?author=2"}]}},"_links":{"self":[{"href":"https:\/\/voxsahel.com\/index.php?rest_route=\/wp\/v2\/posts\/3224","targetHints":{"allow":["GET"]}}],"collection":[{"href":"https:\/\/voxsahel.com\/index.php?rest_route=\/wp\/v2\/posts"}],"about":[{"href":"https:\/\/voxsahel.com\/index.php?rest_route=\/wp\/v2\/types\/post"}],"author":[{"embeddable":true,"href":"https:\/\/voxsahel.com\/index.php?rest_route=\/wp\/v2\/users\/2"}],"replies":[{"embeddable":true,"href":"https:\/\/voxsahel.com\/index.php?rest_route=%2Fwp%2Fv2%2Fcomments&post=3224"}],"version-history":[{"count":4,"href":"https:\/\/voxsahel.com\/index.php?rest_route=\/wp\/v2\/posts\/3224\/revisions"}],"predecessor-version":[{"id":3232,"href":"https:\/\/voxsahel.com\/index.php?rest_route=\/wp\/v2\/posts\/3224\/revisions\/3232"}],"wp:featuredmedia":[{"embeddable":true,"href":"https:\/\/voxsahel.com\/index.php?rest_route=\/wp\/v2\/media\/3225"}],"wp:attachment":[{"href":"https:\/\/voxsahel.com\/index.php?rest_route=%2Fwp%2Fv2%2Fmedia&parent=3224"}],"wp:term":[{"taxonomy":"category","embeddable":true,"href":"https:\/\/voxsahel.com\/index.php?rest_route=%2Fwp%2Fv2%2Fcategories&post=3224"},{"taxonomy":"post_tag","embeddable":true,"href":"https:\/\/voxsahel.com\/index.php?rest_route=%2Fwp%2Fv2%2Ftags&post=3224"}],"curies":[{"name":"wp","href":"https:\/\/api.w.org\/{rel}","templated":true}]}}