{"id":3222,"date":"2025-12-22T09:26:05","date_gmt":"2025-12-22T09:26:05","guid":{"rendered":"https:\/\/voxsahel.com\/?p=3222"},"modified":"2025-12-22T09:26:05","modified_gmt":"2025-12-22T09:26:05","slug":"edito-can-2025-quand-le-football-africain-celebre-son-unite-face-a-ladversite","status":"publish","type":"post","link":"https:\/\/voxsahel.com\/?p=3222","title":{"rendered":"EDITO-CAN 2025\u00a0: Quand le football africain c\u00e9l\u00e8bre son unit\u00e9 face \u00e0 l\u2019adversit\u00e9"},"content":{"rendered":"<p>La Coupe d\u2019Afrique des Nations 2025, qui se tient au Maroc du 21 d\u00e9cembre 2025 au 18 janvier 2026, s\u2019ouvre sous les meilleurs auspices. La c\u00e9r\u00e9monie d\u2019ouverture, haute en couleur, riche en symboles et en \u00e9motions, a donn\u00e9 le ton d\u2019un tournoi qui s\u2019annonce aussi passionnant qu\u2019ind\u00e9cis. Rarement, depuis la cr\u00e9ation de la CAN en 1957, la comp\u00e9tition n\u2019a paru aussi ouverte.<\/p>\n<p>Dans une Afrique du football en pleine mutation, au moins cinq \u00e0 six nations peuvent l\u00e9gitimement r\u00eaver du sacre final. Le Maroc, pays h\u00f4te, avance avec l\u2019ambition et la maturit\u00e9 d\u2019un demi-finaliste de Coupe du monde. A ses c\u00f4t\u00e9s, le S\u00e9n\u00e9gal, l\u2019Egypte, la C\u00f4te d\u2019Ivoire et l\u2019Alg\u00e9rie, toutes d\u00e9j\u00e0 qualifi\u00e9es pour le Mondial 2026, incarnent une \u00e9lite continentale pr\u00eate \u00e0 en d\u00e9coudre. Mais la CAN, c\u2019est avant tout l\u2019impr\u00e9visibilit\u00e9. C\u2019est m\u00eame sa marque de fabrique. Aucun autre tournoi continental ne d\u00e9fie autant les pronostics.<\/p>\n<p>Les huit derni\u00e8res \u00e9ditions ont vu sept champions diff\u00e9rents, preuve que chaque nation, grande ou modeste, peut \u00e9crire l\u2019histoire. Cette magie, cette incertitude permanente, font de la CAN bien plus qu\u2019une simple comp\u00e9tition sportive. Car la CAN, c\u2019est aussi un id\u00e9al. Un moment rare o\u00f9 l\u2019Afrique se rassemble autour d\u2019une m\u00eame passion, transcendant les fronti\u00e8res, les langues et les diff\u00e9rences.<\/p>\n<p>Dans un contexte continental souvent marqu\u00e9 par l\u2019adversit\u00e9, le football devient un puissant facteur d\u2019unit\u00e9 et d\u2019esp\u00e9rance. C\u2019est de cette union que l\u2019Afrique a besoin pour affronter ses d\u00e9fis. Et c\u2019est autour de cet id\u00e9al qu\u2019il faut continuer \u00e0 f\u00e9d\u00e9rer les peuples africains. A ce titre, nous souhaitons bonne chance \u00e0 toutes les \u00e9quipes engag\u00e9es, avec une pens\u00e9e particuli\u00e8re pour les Etalons du Burkina Faso, porteurs des espoirs de tout un peuple.<\/p>\n<p>Cependant, cette CAN n\u2019est pas exempte de zones d\u2019ombre. Le projet de ramener la comp\u00e9tition \u00e0 un cycle de quatre ans, assorti d\u2019une ligue africaine, suscite des interrogations l\u00e9gitimes. Si l\u2019objectif est de renforcer la comp\u00e9titivit\u00e9 et la visibilit\u00e9 du football africain, il faudra veiller \u00e0 ce que ces r\u00e9formes ne fassent pas plus de mal que de bien \u00e0 une comp\u00e9tition d\u00e9j\u00e0 solidement ancr\u00e9e dans le c\u0153ur des Africains.<\/p>\n<p>Autre b\u00e9mol notable, c\u2019est la diffusion t\u00e9l\u00e9vis\u00e9e. Le fait que de nombreuses t\u00e9l\u00e9visions nationales ne retransmettent que 32 matchs sur les 52 pr\u00e9vus risque d\u2019amoindrir la saveur et l\u2019accessibilit\u00e9 de ce grand rendez-vous continental. Une telle situation ne nous honore pas et prive des millions d\u2019Africains d\u2019un spectacle qui leur appartient.<\/p>\n<p>A l\u2019avenir, il faudra imp\u00e9rativement corriger ces insuffisances pour pr\u00e9server l\u2019essence populaire de la CAN. En attendant, place au football, \u00e0 la f\u00eate et \u00e0 la communion africaine. Que le meilleur gagne, et que cette CAN 2025 renforce, une fois encore, l\u2019unit\u00e9 et la fiert\u00e9 du continent. Bonne chance \u00e0 tous.<\/p>\n<p style=\"text-align: right;\"><strong>La R\u00e9daction<\/strong><\/p>\n","protected":false},"excerpt":{"rendered":"<p>La Coupe d\u2019Afrique des Nations 2025, qui se tient au Maroc du 21 d\u00e9cembre 2025<\/p>\n","protected":false},"author":2,"featured_media":3047,"comment_status":"open","ping_status":"open","sticky":false,"template":"","format":"standard","meta":{"_et_pb_use_builder":"","_et_pb_old_content":"","_et_gb_content_width":"","footnotes":""},"categories":[12],"tags":[38,37,660,348,40,35,34],"class_list":["post-3222","post","type-post","status-publish","format-standard","has-post-thumbnail","hentry","category-sports","tag-can","tag-can-maroc-2025","tag-confederation-africaine-de-football","tag-coupe-dafrique-des-nations","tag-federation-burkinabe-de-football","tag-football","tag-sport"],"yoast_head":"<!-- This site is optimized with the Yoast SEO plugin v27.5 - https:\/\/yoast.com\/product\/yoast-seo-wordpress\/ -->\n<title>EDITO-CAN 2025\u00a0: Quand le football africain c\u00e9l\u00e8bre son unit\u00e9 face \u00e0 l\u2019adversit\u00e9 - Vox Sahel<\/title>\n<meta name=\"robots\" content=\"index, follow, max-snippet:-1, max-image-preview:large, max-video-preview:-1\" \/>\n<link rel=\"canonical\" href=\"https:\/\/voxsahel.com\/?p=3222\" \/>\n<meta property=\"og:locale\" content=\"fr_FR\" \/>\n<meta property=\"og:type\" content=\"article\" \/>\n<meta property=\"og:title\" content=\"EDITO-CAN 2025\u00a0: Quand le football africain c\u00e9l\u00e8bre son unit\u00e9 face \u00e0 l\u2019adversit\u00e9 - Vox Sahel\" \/>\n<meta property=\"og:description\" content=\"La Coupe d\u2019Afrique des Nations 2025, qui se tient au Maroc du 21 d\u00e9cembre 2025\" \/>\n<meta property=\"og:url\" content=\"https:\/\/voxsahel.com\/?p=3222\" \/>\n<meta property=\"og:site_name\" content=\"Vox Sahel\" \/>\n<meta property=\"article:publisher\" content=\"https:\/\/www.facebook.com\/journal.voxsahel\" \/>\n<meta property=\"article:published_time\" content=\"2025-12-22T09:26:05+00:00\" \/>\n<meta property=\"og:image\" content=\"https:\/\/voxsahel.com\/wp-content\/uploads\/2025\/10\/IMG_1211.jpeg\" \/>\n\t<meta property=\"og:image:width\" content=\"430\" \/>\n\t<meta property=\"og:image:height\" content=\"305\" \/>\n\t<meta property=\"og:image:type\" content=\"image\/jpeg\" \/>\n<meta name=\"author\" content=\"Vox Sahel\" \/>\n<meta name=\"twitter:card\" content=\"summary_large_image\" \/>\n<meta name=\"twitter:label1\" content=\"\u00c9crit par\" \/>\n\t<meta name=\"twitter:data1\" content=\"Vox Sahel\" \/>\n\t<meta name=\"twitter:label2\" content=\"Dur\u00e9e de lecture estim\u00e9e\" \/>\n\t<meta name=\"twitter:data2\" content=\"3 minutes\" \/>\n<script type=\"application\/ld+json\" class=\"yoast-schema-graph\">{\"@context\":\"https:\\\/\\\/schema.org\",\"@graph\":[{\"@type\":\"Article\",\"@id\":\"https:\\\/\\\/voxsahel.com\\\/?p=3222#article\",\"isPartOf\":{\"@id\":\"https:\\\/\\\/voxsahel.com\\\/?p=3222\"},\"author\":{\"name\":\"Vox Sahel\",\"@id\":\"https:\\\/\\\/voxsahel.com\\\/#\\\/schema\\\/person\\\/b4043608248f8fa227cd760e7ff1e19e\"},\"headline\":\"EDITO-CAN 2025\u00a0: Quand le football africain c\u00e9l\u00e8bre son unit\u00e9 face \u00e0 l\u2019adversit\u00e9\",\"datePublished\":\"2025-12-22T09:26:05+00:00\",\"mainEntityOfPage\":{\"@id\":\"https:\\\/\\\/voxsahel.com\\\/?p=3222\"},\"wordCount\":540,\"commentCount\":0,\"publisher\":{\"@id\":\"https:\\\/\\\/voxsahel.com\\\/#organization\"},\"image\":{\"@id\":\"https:\\\/\\\/voxsahel.com\\\/?p=3222#primaryimage\"},\"thumbnailUrl\":\"https:\\\/\\\/voxsahel.com\\\/wp-content\\\/uploads\\\/2025\\\/10\\\/IMG_1211.jpeg\",\"keywords\":[\"CAN\",\"CAN Maroc 2025\",\"Conf\u00e9d\u00e9ration Africaine de Football\",\"Coupe d\u2019Afrique des nations\",\"F\u00e9d\u00e9ration Burkinab\u00e8 de Football\",\"Football\",\"Sport\"],\"articleSection\":[\"SPORTS\"],\"inLanguage\":\"fr-FR\",\"potentialAction\":[{\"@type\":\"CommentAction\",\"name\":\"Comment\",\"target\":[\"https:\\\/\\\/voxsahel.com\\\/?p=3222#respond\"]}]},{\"@type\":\"WebPage\",\"@id\":\"https:\\\/\\\/voxsahel.com\\\/?p=3222\",\"url\":\"https:\\\/\\\/voxsahel.com\\\/?p=3222\",\"name\":\"EDITO-CAN 2025\u00a0: Quand le football africain c\u00e9l\u00e8bre son unit\u00e9 face \u00e0 l\u2019adversit\u00e9 - Vox Sahel\",\"isPartOf\":{\"@id\":\"https:\\\/\\\/voxsahel.com\\\/#website\"},\"primaryImageOfPage\":{\"@id\":\"https:\\\/\\\/voxsahel.com\\\/?p=3222#primaryimage\"},\"image\":{\"@id\":\"https:\\\/\\\/voxsahel.com\\\/?p=3222#primaryimage\"},\"thumbnailUrl\":\"https:\\\/\\\/voxsahel.com\\\/wp-content\\\/uploads\\\/2025\\\/10\\\/IMG_1211.jpeg\",\"datePublished\":\"2025-12-22T09:26:05+00:00\",\"breadcrumb\":{\"@id\":\"https:\\\/\\\/voxsahel.com\\\/?p=3222#breadcrumb\"},\"inLanguage\":\"fr-FR\",\"potentialAction\":[{\"@type\":\"ReadAction\",\"target\":[\"https:\\\/\\\/voxsahel.com\\\/?p=3222\"]}]},{\"@type\":\"ImageObject\",\"inLanguage\":\"fr-FR\",\"@id\":\"https:\\\/\\\/voxsahel.com\\\/?p=3222#primaryimage\",\"url\":\"https:\\\/\\\/voxsahel.com\\\/wp-content\\\/uploads\\\/2025\\\/10\\\/IMG_1211.jpeg\",\"contentUrl\":\"https:\\\/\\\/voxsahel.com\\\/wp-content\\\/uploads\\\/2025\\\/10\\\/IMG_1211.jpeg\",\"width\":430,\"height\":305},{\"@type\":\"BreadcrumbList\",\"@id\":\"https:\\\/\\\/voxsahel.com\\\/?p=3222#breadcrumb\",\"itemListElement\":[{\"@type\":\"ListItem\",\"position\":1,\"name\":\"Home\",\"item\":\"https:\\\/\\\/voxsahel.com\\\/\"},{\"@type\":\"ListItem\",\"position\":2,\"name\":\"EDITO-CAN 2025\u00a0: Quand le football africain c\u00e9l\u00e8bre son unit\u00e9 face \u00e0 l\u2019adversit\u00e9\"}]},{\"@type\":\"WebSite\",\"@id\":\"https:\\\/\\\/voxsahel.com\\\/#website\",\"url\":\"https:\\\/\\\/voxsahel.com\\\/\",\"name\":\"Vox Sahel\",\"description\":\"Informez-vous sur le Sahel en un clic\",\"publisher\":{\"@id\":\"https:\\\/\\\/voxsahel.com\\\/#organization\"},\"potentialAction\":[{\"@type\":\"SearchAction\",\"target\":{\"@type\":\"EntryPoint\",\"urlTemplate\":\"https:\\\/\\\/voxsahel.com\\\/?s={search_term_string}\"},\"query-input\":{\"@type\":\"PropertyValueSpecification\",\"valueRequired\":true,\"valueName\":\"search_term_string\"}}],\"inLanguage\":\"fr-FR\"},{\"@type\":\"Organization\",\"@id\":\"https:\\\/\\\/voxsahel.com\\\/#organization\",\"name\":\"Vox Sahel\",\"url\":\"https:\\\/\\\/voxsahel.com\\\/\",\"logo\":{\"@type\":\"ImageObject\",\"inLanguage\":\"fr-FR\",\"@id\":\"https:\\\/\\\/voxsahel.com\\\/#\\\/schema\\\/logo\\\/image\\\/\",\"url\":\"https:\\\/\\\/voxsahel.com\\\/wp-content\\\/uploads\\\/2024\\\/09\\\/Logo-Vox-Sahel.jpg\",\"contentUrl\":\"https:\\\/\\\/voxsahel.com\\\/wp-content\\\/uploads\\\/2024\\\/09\\\/Logo-Vox-Sahel.jpg\",\"width\":1181,\"height\":848,\"caption\":\"Vox Sahel\"},\"image\":{\"@id\":\"https:\\\/\\\/voxsahel.com\\\/#\\\/schema\\\/logo\\\/image\\\/\"},\"sameAs\":[\"https:\\\/\\\/www.facebook.com\\\/journal.voxsahel\"]},{\"@type\":\"Person\",\"@id\":\"https:\\\/\\\/voxsahel.com\\\/#\\\/schema\\\/person\\\/b4043608248f8fa227cd760e7ff1e19e\",\"name\":\"Vox Sahel\",\"image\":{\"@type\":\"ImageObject\",\"inLanguage\":\"fr-FR\",\"@id\":\"https:\\\/\\\/secure.gravatar.com\\\/avatar\\\/f70e7fa0cb9b29d4a7c5788d6eb2e9ab4d3135cbae1c9161810fdf77a8964699?s=96&d=mm&r=g\",\"url\":\"https:\\\/\\\/secure.gravatar.com\\\/avatar\\\/f70e7fa0cb9b29d4a7c5788d6eb2e9ab4d3135cbae1c9161810fdf77a8964699?s=96&d=mm&r=g\",\"contentUrl\":\"https:\\\/\\\/secure.gravatar.com\\\/avatar\\\/f70e7fa0cb9b29d4a7c5788d6eb2e9ab4d3135cbae1c9161810fdf77a8964699?s=96&d=mm&r=g\",\"caption\":\"Vox Sahel\"},\"sameAs\":[\"http:\\\/\\\/www.voxsahel.com\"],\"url\":\"https:\\\/\\\/voxsahel.com\\\/?author=2\"}]}<\/script>\n<!-- \/ Yoast SEO plugin. -->","yoast_head_json":{"title":"EDITO-CAN 2025\u00a0: Quand le football africain c\u00e9l\u00e8bre son unit\u00e9 face \u00e0 l\u2019adversit\u00e9 - Vox Sahel","robots":{"index":"index","follow":"follow","max-snippet":"max-snippet:-1","max-image-preview":"max-image-preview:large","max-video-preview":"max-video-preview:-1"},"canonical":"https:\/\/voxsahel.com\/?p=3222","og_locale":"fr_FR","og_type":"article","og_title":"EDITO-CAN 2025\u00a0: Quand le football africain c\u00e9l\u00e8bre son unit\u00e9 face \u00e0 l\u2019adversit\u00e9 - Vox Sahel","og_description":"La Coupe d\u2019Afrique des Nations 2025, qui se tient au Maroc du 21 d\u00e9cembre 2025","og_url":"https:\/\/voxsahel.com\/?p=3222","og_site_name":"Vox Sahel","article_publisher":"https:\/\/www.facebook.com\/journal.voxsahel","article_published_time":"2025-12-22T09:26:05+00:00","og_image":[{"width":430,"height":305,"url":"https:\/\/voxsahel.com\/wp-content\/uploads\/2025\/10\/IMG_1211.jpeg","type":"image\/jpeg"}],"author":"Vox Sahel","twitter_card":"summary_large_image","twitter_misc":{"\u00c9crit par":"Vox Sahel","Dur\u00e9e de lecture estim\u00e9e":"3 minutes"},"schema":{"@context":"https:\/\/schema.org","@graph":[{"@type":"Article","@id":"https:\/\/voxsahel.com\/?p=3222#article","isPartOf":{"@id":"https:\/\/voxsahel.com\/?p=3222"},"author":{"name":"Vox Sahel","@id":"https:\/\/voxsahel.com\/#\/schema\/person\/b4043608248f8fa227cd760e7ff1e19e"},"headline":"EDITO-CAN 2025\u00a0: Quand le football africain c\u00e9l\u00e8bre son unit\u00e9 face \u00e0 l\u2019adversit\u00e9","datePublished":"2025-12-22T09:26:05+00:00","mainEntityOfPage":{"@id":"https:\/\/voxsahel.com\/?p=3222"},"wordCount":540,"commentCount":0,"publisher":{"@id":"https:\/\/voxsahel.com\/#organization"},"image":{"@id":"https:\/\/voxsahel.com\/?p=3222#primaryimage"},"thumbnailUrl":"https:\/\/voxsahel.com\/wp-content\/uploads\/2025\/10\/IMG_1211.jpeg","keywords":["CAN","CAN Maroc 2025","Conf\u00e9d\u00e9ration Africaine de Football","Coupe d\u2019Afrique des nations","F\u00e9d\u00e9ration Burkinab\u00e8 de Football","Football","Sport"],"articleSection":["SPORTS"],"inLanguage":"fr-FR","potentialAction":[{"@type":"CommentAction","name":"Comment","target":["https:\/\/voxsahel.com\/?p=3222#respond"]}]},{"@type":"WebPage","@id":"https:\/\/voxsahel.com\/?p=3222","url":"https:\/\/voxsahel.com\/?p=3222","name":"EDITO-CAN 2025\u00a0: Quand le football africain c\u00e9l\u00e8bre son unit\u00e9 face \u00e0 l\u2019adversit\u00e9 - Vox Sahel","isPartOf":{"@id":"https:\/\/voxsahel.com\/#website"},"primaryImageOfPage":{"@id":"https:\/\/voxsahel.com\/?p=3222#primaryimage"},"image":{"@id":"https:\/\/voxsahel.com\/?p=3222#primaryimage"},"thumbnailUrl":"https:\/\/voxsahel.com\/wp-content\/uploads\/2025\/10\/IMG_1211.jpeg","datePublished":"2025-12-22T09:26:05+00:00","breadcrumb":{"@id":"https:\/\/voxsahel.com\/?p=3222#breadcrumb"},"inLanguage":"fr-FR","potentialAction":[{"@type":"ReadAction","target":["https:\/\/voxsahel.com\/?p=3222"]}]},{"@type":"ImageObject","inLanguage":"fr-FR","@id":"https:\/\/voxsahel.com\/?p=3222#primaryimage","url":"https:\/\/voxsahel.com\/wp-content\/uploads\/2025\/10\/IMG_1211.jpeg","contentUrl":"https:\/\/voxsahel.com\/wp-content\/uploads\/2025\/10\/IMG_1211.jpeg","width":430,"height":305},{"@type":"BreadcrumbList","@id":"https:\/\/voxsahel.com\/?p=3222#breadcrumb","itemListElement":[{"@type":"ListItem","position":1,"name":"Home","item":"https:\/\/voxsahel.com\/"},{"@type":"ListItem","position":2,"name":"EDITO-CAN 2025\u00a0: Quand le football africain c\u00e9l\u00e8bre son unit\u00e9 face \u00e0 l\u2019adversit\u00e9"}]},{"@type":"WebSite","@id":"https:\/\/voxsahel.com\/#website","url":"https:\/\/voxsahel.com\/","name":"Vox Sahel","description":"Informez-vous sur le Sahel en un clic","publisher":{"@id":"https:\/\/voxsahel.com\/#organization"},"potentialAction":[{"@type":"SearchAction","target":{"@type":"EntryPoint","urlTemplate":"https:\/\/voxsahel.com\/?s={search_term_string}"},"query-input":{"@type":"PropertyValueSpecification","valueRequired":true,"valueName":"search_term_string"}}],"inLanguage":"fr-FR"},{"@type":"Organization","@id":"https:\/\/voxsahel.com\/#organization","name":"Vox Sahel","url":"https:\/\/voxsahel.com\/","logo":{"@type":"ImageObject","inLanguage":"fr-FR","@id":"https:\/\/voxsahel.com\/#\/schema\/logo\/image\/","url":"https:\/\/voxsahel.com\/wp-content\/uploads\/2024\/09\/Logo-Vox-Sahel.jpg","contentUrl":"https:\/\/voxsahel.com\/wp-content\/uploads\/2024\/09\/Logo-Vox-Sahel.jpg","width":1181,"height":848,"caption":"Vox Sahel"},"image":{"@id":"https:\/\/voxsahel.com\/#\/schema\/logo\/image\/"},"sameAs":["https:\/\/www.facebook.com\/journal.voxsahel"]},{"@type":"Person","@id":"https:\/\/voxsahel.com\/#\/schema\/person\/b4043608248f8fa227cd760e7ff1e19e","name":"Vox Sahel","image":{"@type":"ImageObject","inLanguage":"fr-FR","@id":"https:\/\/secure.gravatar.com\/avatar\/f70e7fa0cb9b29d4a7c5788d6eb2e9ab4d3135cbae1c9161810fdf77a8964699?s=96&d=mm&r=g","url":"https:\/\/secure.gravatar.com\/avatar\/f70e7fa0cb9b29d4a7c5788d6eb2e9ab4d3135cbae1c9161810fdf77a8964699?s=96&d=mm&r=g","contentUrl":"https:\/\/secure.gravatar.com\/avatar\/f70e7fa0cb9b29d4a7c5788d6eb2e9ab4d3135cbae1c9161810fdf77a8964699?s=96&d=mm&r=g","caption":"Vox Sahel"},"sameAs":["http:\/\/www.voxsahel.com"],"url":"https:\/\/voxsahel.com\/?author=2"}]}},"_links":{"self":[{"href":"https:\/\/voxsahel.com\/index.php?rest_route=\/wp\/v2\/posts\/3222","targetHints":{"allow":["GET"]}}],"collection":[{"href":"https:\/\/voxsahel.com\/index.php?rest_route=\/wp\/v2\/posts"}],"about":[{"href":"https:\/\/voxsahel.com\/index.php?rest_route=\/wp\/v2\/types\/post"}],"author":[{"embeddable":true,"href":"https:\/\/voxsahel.com\/index.php?rest_route=\/wp\/v2\/users\/2"}],"replies":[{"embeddable":true,"href":"https:\/\/voxsahel.com\/index.php?rest_route=%2Fwp%2Fv2%2Fcomments&post=3222"}],"version-history":[{"count":1,"href":"https:\/\/voxsahel.com\/index.php?rest_route=\/wp\/v2\/posts\/3222\/revisions"}],"predecessor-version":[{"id":3223,"href":"https:\/\/voxsahel.com\/index.php?rest_route=\/wp\/v2\/posts\/3222\/revisions\/3223"}],"wp:featuredmedia":[{"embeddable":true,"href":"https:\/\/voxsahel.com\/index.php?rest_route=\/wp\/v2\/media\/3047"}],"wp:attachment":[{"href":"https:\/\/voxsahel.com\/index.php?rest_route=%2Fwp%2Fv2%2Fmedia&parent=3222"}],"wp:term":[{"taxonomy":"category","embeddable":true,"href":"https:\/\/voxsahel.com\/index.php?rest_route=%2Fwp%2Fv2%2Fcategories&post=3222"},{"taxonomy":"post_tag","embeddable":true,"href":"https:\/\/voxsahel.com\/index.php?rest_route=%2Fwp%2Fv2%2Ftags&post=3222"}],"curies":[{"name":"wp","href":"https:\/\/api.w.org\/{rel}","templated":true}]}}