{"id":3217,"date":"2025-12-20T07:29:50","date_gmt":"2025-12-20T07:29:50","guid":{"rendered":"https:\/\/voxsahel.com\/?p=3217"},"modified":"2025-12-20T07:29:50","modified_gmt":"2025-12-20T07:29:50","slug":"infos-aes-mali-base-101-de-senou-remise-des-etendards-aux-premiers-bataillons-dintervention-rapide","status":"publish","type":"post","link":"https:\/\/voxsahel.com\/?p=3217","title":{"rendered":"INFOS AES-Mali\/BASE 101 DE SENOU : Remise des \u00e9tendards aux premiers Bataillons d\u2019Intervention Rapide"},"content":{"rendered":"<p class=\"p1\">La base 101 de S\u00e9nou a abrit\u00e9, ce vendredi 19 d\u00e9cembre 2025, la c\u00e9r\u00e9monie officielle de remise des \u00e9tendards aux commandants des nouveaux Bataillons d\u2019Intervention Rapide (BIR). L\u2019\u00e9v\u00e9nement s\u2019est d\u00e9roul\u00e9 sous la pr\u00e9sidence du ministre de la D\u00e9fense et des Anciens Combattants, le g\u00e9n\u00e9ral de corps d\u2019arm\u00e9e Sadio CAMARA, en pr\u00e9sence de plusieurs autorit\u00e9s militaires.<\/p>\n<p><img loading=\"lazy\" decoding=\"async\" class=\"aligncenter size-large wp-image-3219\" src=\"https:\/\/voxsahel.com\/wp-content\/uploads\/2025\/12\/IMG_3822-1024x683.jpeg\" alt=\"\" width=\"640\" height=\"427\" srcset=\"https:\/\/voxsahel.com\/wp-content\/uploads\/2025\/12\/IMG_3822-1024x683.jpeg 1024w, https:\/\/voxsahel.com\/wp-content\/uploads\/2025\/12\/IMG_3822-300x200.jpeg 300w, https:\/\/voxsahel.com\/wp-content\/uploads\/2025\/12\/IMG_3822-768x512.jpeg 768w, https:\/\/voxsahel.com\/wp-content\/uploads\/2025\/12\/IMG_3822-610x407.jpeg 610w, https:\/\/voxsahel.com\/wp-content\/uploads\/2025\/12\/IMG_3822.jpeg 1080w\" sizes=\"(max-width: 640px) 100vw, 640px\" \/><\/p>\n<p class=\"p1\"><span class=\"s1\">Face \u00e0 la recrudescence des attaques terroristes, des violences communautaires et des menaces contre les populations, les autorit\u00e9s maliennes entendent renforcer l\u2019outil militaire. La cr\u00e9ation des BIR vise \u00e0 doter l\u2019arm\u00e9e de moyens modernes capables d\u2019agir rapidement et efficacement sur l\u2019ensemble du territoire.<\/span><\/p>\n<p class=\"p1\"><span class=\"s1\">Le Chef d\u2019\u00c9tat-Major G\u00e9n\u00e9ral des Arm\u00e9es, le g\u00e9n\u00e9ral de division Oumar Diarra, a soulign\u00e9 que \u00ab l\u2019adaptation est une n\u00e9cessit\u00e9 et l\u2019anticipation une obligation \u00bb face \u00e0 des menaces asym\u00e9triques et transfrontali\u00e8res. Selon lui, ces unit\u00e9s sont le fruit d\u2019une r\u00e9flexion strat\u00e9gique et insuffleront une nouvelle dynamique dans la conduite des op\u00e9rations.<\/span><\/p>\n<p><img loading=\"lazy\" decoding=\"async\" class=\"aligncenter size-large wp-image-3220\" src=\"https:\/\/voxsahel.com\/wp-content\/uploads\/2025\/12\/IMG_3821-1024x683.jpeg\" alt=\"\" width=\"640\" height=\"427\" srcset=\"https:\/\/voxsahel.com\/wp-content\/uploads\/2025\/12\/IMG_3821-1024x683.jpeg 1024w, https:\/\/voxsahel.com\/wp-content\/uploads\/2025\/12\/IMG_3821-300x200.jpeg 300w, https:\/\/voxsahel.com\/wp-content\/uploads\/2025\/12\/IMG_3821-768x512.jpeg 768w, https:\/\/voxsahel.com\/wp-content\/uploads\/2025\/12\/IMG_3821-610x407.jpeg 610w, https:\/\/voxsahel.com\/wp-content\/uploads\/2025\/12\/IMG_3821.jpeg 1080w\" sizes=\"(max-width: 640px) 100vw, 640px\" \/><\/p>\n<p class=\"p1\"><span class=\"s1\">Dans son allocution, le ministre Sadio Camara a salu\u00e9 le professionnalisme des soldats et rappel\u00e9 que ces bataillons incarnent la volont\u00e9 des autorit\u00e9s de moderniser l\u2019arm\u00e9e malienne. Il a exhort\u00e9 les militaires \u00e0 la discipline, \u00e0 l\u2019honneur et au sens du devoir.<\/span><\/p>\n<p class=\"p1\"><span class=\"s1\">La c\u00e9r\u00e9monie s\u2019est cl\u00f4tur\u00e9e par la remise solennelle des \u00e9tendards aux commandants des BIR, suivie d\u2019une d\u00e9monstration des capacit\u00e9s op\u00e9rationnelles de ces nouvelles unit\u00e9s.<\/span><\/p>\n","protected":false},"excerpt":{"rendered":"<p>La base 101 de S\u00e9nou a abrit\u00e9, ce vendredi 19 d\u00e9cembre 2025, la c\u00e9r\u00e9monie officielle<\/p>\n","protected":false},"author":2,"featured_media":3218,"comment_status":"open","ping_status":"open","sticky":false,"template":"","format":"standard","meta":{"_et_pb_use_builder":"","_et_pb_old_content":"","_et_gb_content_width":"","footnotes":""},"categories":[15,6],"tags":[],"class_list":["post-3217","post","type-post","status-publish","format-standard","has-post-thumbnail","hentry","category-international","category-politique"],"yoast_head":"<!-- This site is optimized with the Yoast SEO plugin v27.5 - https:\/\/yoast.com\/product\/yoast-seo-wordpress\/ -->\n<title>INFOS AES-Mali\/BASE 101 DE SENOU : Remise des \u00e9tendards aux premiers Bataillons d\u2019Intervention Rapide - Vox Sahel<\/title>\n<meta name=\"robots\" content=\"index, follow, max-snippet:-1, max-image-preview:large, max-video-preview:-1\" \/>\n<link rel=\"canonical\" href=\"https:\/\/voxsahel.com\/?p=3217\" \/>\n<meta property=\"og:locale\" content=\"fr_FR\" \/>\n<meta property=\"og:type\" content=\"article\" \/>\n<meta property=\"og:title\" content=\"INFOS AES-Mali\/BASE 101 DE SENOU : Remise des \u00e9tendards aux premiers Bataillons d\u2019Intervention Rapide - Vox Sahel\" \/>\n<meta property=\"og:description\" content=\"La base 101 de S\u00e9nou a abrit\u00e9, ce vendredi 19 d\u00e9cembre 2025, la c\u00e9r\u00e9monie officielle\" \/>\n<meta property=\"og:url\" content=\"https:\/\/voxsahel.com\/?p=3217\" \/>\n<meta property=\"og:site_name\" content=\"Vox Sahel\" \/>\n<meta property=\"article:publisher\" content=\"https:\/\/www.facebook.com\/journal.voxsahel\" \/>\n<meta property=\"article:published_time\" content=\"2025-12-20T07:29:50+00:00\" \/>\n<meta property=\"og:image\" content=\"https:\/\/voxsahel.com\/wp-content\/uploads\/2025\/12\/IMG_3820.jpeg\" \/>\n\t<meta property=\"og:image:width\" content=\"1080\" \/>\n\t<meta property=\"og:image:height\" content=\"720\" \/>\n\t<meta property=\"og:image:type\" content=\"image\/jpeg\" \/>\n<meta name=\"author\" content=\"Vox Sahel\" \/>\n<meta name=\"twitter:card\" content=\"summary_large_image\" \/>\n<meta name=\"twitter:label1\" content=\"\u00c9crit par\" \/>\n\t<meta name=\"twitter:data1\" content=\"Vox Sahel\" \/>\n\t<meta name=\"twitter:label2\" content=\"Dur\u00e9e de lecture estim\u00e9e\" \/>\n\t<meta name=\"twitter:data2\" content=\"2 minutes\" \/>\n<script type=\"application\/ld+json\" class=\"yoast-schema-graph\">{\"@context\":\"https:\\\/\\\/schema.org\",\"@graph\":[{\"@type\":\"Article\",\"@id\":\"https:\\\/\\\/voxsahel.com\\\/?p=3217#article\",\"isPartOf\":{\"@id\":\"https:\\\/\\\/voxsahel.com\\\/?p=3217\"},\"author\":{\"name\":\"Vox Sahel\",\"@id\":\"https:\\\/\\\/voxsahel.com\\\/#\\\/schema\\\/person\\\/b4043608248f8fa227cd760e7ff1e19e\"},\"headline\":\"INFOS AES-Mali\\\/BASE 101 DE SENOU : Remise des \u00e9tendards aux premiers Bataillons d\u2019Intervention Rapide\",\"datePublished\":\"2025-12-20T07:29:50+00:00\",\"mainEntityOfPage\":{\"@id\":\"https:\\\/\\\/voxsahel.com\\\/?p=3217\"},\"wordCount\":274,\"commentCount\":0,\"publisher\":{\"@id\":\"https:\\\/\\\/voxsahel.com\\\/#organization\"},\"image\":{\"@id\":\"https:\\\/\\\/voxsahel.com\\\/?p=3217#primaryimage\"},\"thumbnailUrl\":\"https:\\\/\\\/voxsahel.com\\\/wp-content\\\/uploads\\\/2025\\\/12\\\/IMG_3820.jpeg\",\"articleSection\":[\"INTERNATIONAL\",\"POLITIQUE\"],\"inLanguage\":\"fr-FR\",\"potentialAction\":[{\"@type\":\"CommentAction\",\"name\":\"Comment\",\"target\":[\"https:\\\/\\\/voxsahel.com\\\/?p=3217#respond\"]}]},{\"@type\":\"WebPage\",\"@id\":\"https:\\\/\\\/voxsahel.com\\\/?p=3217\",\"url\":\"https:\\\/\\\/voxsahel.com\\\/?p=3217\",\"name\":\"INFOS AES-Mali\\\/BASE 101 DE SENOU : Remise des \u00e9tendards aux premiers Bataillons d\u2019Intervention Rapide - Vox Sahel\",\"isPartOf\":{\"@id\":\"https:\\\/\\\/voxsahel.com\\\/#website\"},\"primaryImageOfPage\":{\"@id\":\"https:\\\/\\\/voxsahel.com\\\/?p=3217#primaryimage\"},\"image\":{\"@id\":\"https:\\\/\\\/voxsahel.com\\\/?p=3217#primaryimage\"},\"thumbnailUrl\":\"https:\\\/\\\/voxsahel.com\\\/wp-content\\\/uploads\\\/2025\\\/12\\\/IMG_3820.jpeg\",\"datePublished\":\"2025-12-20T07:29:50+00:00\",\"breadcrumb\":{\"@id\":\"https:\\\/\\\/voxsahel.com\\\/?p=3217#breadcrumb\"},\"inLanguage\":\"fr-FR\",\"potentialAction\":[{\"@type\":\"ReadAction\",\"target\":[\"https:\\\/\\\/voxsahel.com\\\/?p=3217\"]}]},{\"@type\":\"ImageObject\",\"inLanguage\":\"fr-FR\",\"@id\":\"https:\\\/\\\/voxsahel.com\\\/?p=3217#primaryimage\",\"url\":\"https:\\\/\\\/voxsahel.com\\\/wp-content\\\/uploads\\\/2025\\\/12\\\/IMG_3820.jpeg\",\"contentUrl\":\"https:\\\/\\\/voxsahel.com\\\/wp-content\\\/uploads\\\/2025\\\/12\\\/IMG_3820.jpeg\",\"width\":1080,\"height\":720},{\"@type\":\"BreadcrumbList\",\"@id\":\"https:\\\/\\\/voxsahel.com\\\/?p=3217#breadcrumb\",\"itemListElement\":[{\"@type\":\"ListItem\",\"position\":1,\"name\":\"Home\",\"item\":\"https:\\\/\\\/voxsahel.com\\\/\"},{\"@type\":\"ListItem\",\"position\":2,\"name\":\"INFOS AES-Mali\\\/BASE 101 DE SENOU : Remise des \u00e9tendards aux premiers Bataillons d\u2019Intervention Rapide\"}]},{\"@type\":\"WebSite\",\"@id\":\"https:\\\/\\\/voxsahel.com\\\/#website\",\"url\":\"https:\\\/\\\/voxsahel.com\\\/\",\"name\":\"Vox Sahel\",\"description\":\"Informez-vous sur le Sahel en un clic\",\"publisher\":{\"@id\":\"https:\\\/\\\/voxsahel.com\\\/#organization\"},\"potentialAction\":[{\"@type\":\"SearchAction\",\"target\":{\"@type\":\"EntryPoint\",\"urlTemplate\":\"https:\\\/\\\/voxsahel.com\\\/?s={search_term_string}\"},\"query-input\":{\"@type\":\"PropertyValueSpecification\",\"valueRequired\":true,\"valueName\":\"search_term_string\"}}],\"inLanguage\":\"fr-FR\"},{\"@type\":\"Organization\",\"@id\":\"https:\\\/\\\/voxsahel.com\\\/#organization\",\"name\":\"Vox Sahel\",\"url\":\"https:\\\/\\\/voxsahel.com\\\/\",\"logo\":{\"@type\":\"ImageObject\",\"inLanguage\":\"fr-FR\",\"@id\":\"https:\\\/\\\/voxsahel.com\\\/#\\\/schema\\\/logo\\\/image\\\/\",\"url\":\"https:\\\/\\\/voxsahel.com\\\/wp-content\\\/uploads\\\/2024\\\/09\\\/Logo-Vox-Sahel.jpg\",\"contentUrl\":\"https:\\\/\\\/voxsahel.com\\\/wp-content\\\/uploads\\\/2024\\\/09\\\/Logo-Vox-Sahel.jpg\",\"width\":1181,\"height\":848,\"caption\":\"Vox Sahel\"},\"image\":{\"@id\":\"https:\\\/\\\/voxsahel.com\\\/#\\\/schema\\\/logo\\\/image\\\/\"},\"sameAs\":[\"https:\\\/\\\/www.facebook.com\\\/journal.voxsahel\"]},{\"@type\":\"Person\",\"@id\":\"https:\\\/\\\/voxsahel.com\\\/#\\\/schema\\\/person\\\/b4043608248f8fa227cd760e7ff1e19e\",\"name\":\"Vox Sahel\",\"image\":{\"@type\":\"ImageObject\",\"inLanguage\":\"fr-FR\",\"@id\":\"https:\\\/\\\/secure.gravatar.com\\\/avatar\\\/f70e7fa0cb9b29d4a7c5788d6eb2e9ab4d3135cbae1c9161810fdf77a8964699?s=96&d=mm&r=g\",\"url\":\"https:\\\/\\\/secure.gravatar.com\\\/avatar\\\/f70e7fa0cb9b29d4a7c5788d6eb2e9ab4d3135cbae1c9161810fdf77a8964699?s=96&d=mm&r=g\",\"contentUrl\":\"https:\\\/\\\/secure.gravatar.com\\\/avatar\\\/f70e7fa0cb9b29d4a7c5788d6eb2e9ab4d3135cbae1c9161810fdf77a8964699?s=96&d=mm&r=g\",\"caption\":\"Vox Sahel\"},\"sameAs\":[\"http:\\\/\\\/www.voxsahel.com\"],\"url\":\"https:\\\/\\\/voxsahel.com\\\/?author=2\"}]}<\/script>\n<!-- \/ Yoast SEO plugin. -->","yoast_head_json":{"title":"INFOS AES-Mali\/BASE 101 DE SENOU : Remise des \u00e9tendards aux premiers Bataillons d\u2019Intervention Rapide - Vox Sahel","robots":{"index":"index","follow":"follow","max-snippet":"max-snippet:-1","max-image-preview":"max-image-preview:large","max-video-preview":"max-video-preview:-1"},"canonical":"https:\/\/voxsahel.com\/?p=3217","og_locale":"fr_FR","og_type":"article","og_title":"INFOS AES-Mali\/BASE 101 DE SENOU : Remise des \u00e9tendards aux premiers Bataillons d\u2019Intervention Rapide - Vox Sahel","og_description":"La base 101 de S\u00e9nou a abrit\u00e9, ce vendredi 19 d\u00e9cembre 2025, la c\u00e9r\u00e9monie officielle","og_url":"https:\/\/voxsahel.com\/?p=3217","og_site_name":"Vox Sahel","article_publisher":"https:\/\/www.facebook.com\/journal.voxsahel","article_published_time":"2025-12-20T07:29:50+00:00","og_image":[{"width":1080,"height":720,"url":"https:\/\/voxsahel.com\/wp-content\/uploads\/2025\/12\/IMG_3820.jpeg","type":"image\/jpeg"}],"author":"Vox Sahel","twitter_card":"summary_large_image","twitter_misc":{"\u00c9crit par":"Vox Sahel","Dur\u00e9e de lecture estim\u00e9e":"2 minutes"},"schema":{"@context":"https:\/\/schema.org","@graph":[{"@type":"Article","@id":"https:\/\/voxsahel.com\/?p=3217#article","isPartOf":{"@id":"https:\/\/voxsahel.com\/?p=3217"},"author":{"name":"Vox Sahel","@id":"https:\/\/voxsahel.com\/#\/schema\/person\/b4043608248f8fa227cd760e7ff1e19e"},"headline":"INFOS AES-Mali\/BASE 101 DE SENOU : Remise des \u00e9tendards aux premiers Bataillons d\u2019Intervention Rapide","datePublished":"2025-12-20T07:29:50+00:00","mainEntityOfPage":{"@id":"https:\/\/voxsahel.com\/?p=3217"},"wordCount":274,"commentCount":0,"publisher":{"@id":"https:\/\/voxsahel.com\/#organization"},"image":{"@id":"https:\/\/voxsahel.com\/?p=3217#primaryimage"},"thumbnailUrl":"https:\/\/voxsahel.com\/wp-content\/uploads\/2025\/12\/IMG_3820.jpeg","articleSection":["INTERNATIONAL","POLITIQUE"],"inLanguage":"fr-FR","potentialAction":[{"@type":"CommentAction","name":"Comment","target":["https:\/\/voxsahel.com\/?p=3217#respond"]}]},{"@type":"WebPage","@id":"https:\/\/voxsahel.com\/?p=3217","url":"https:\/\/voxsahel.com\/?p=3217","name":"INFOS AES-Mali\/BASE 101 DE SENOU : Remise des \u00e9tendards aux premiers Bataillons d\u2019Intervention Rapide - Vox Sahel","isPartOf":{"@id":"https:\/\/voxsahel.com\/#website"},"primaryImageOfPage":{"@id":"https:\/\/voxsahel.com\/?p=3217#primaryimage"},"image":{"@id":"https:\/\/voxsahel.com\/?p=3217#primaryimage"},"thumbnailUrl":"https:\/\/voxsahel.com\/wp-content\/uploads\/2025\/12\/IMG_3820.jpeg","datePublished":"2025-12-20T07:29:50+00:00","breadcrumb":{"@id":"https:\/\/voxsahel.com\/?p=3217#breadcrumb"},"inLanguage":"fr-FR","potentialAction":[{"@type":"ReadAction","target":["https:\/\/voxsahel.com\/?p=3217"]}]},{"@type":"ImageObject","inLanguage":"fr-FR","@id":"https:\/\/voxsahel.com\/?p=3217#primaryimage","url":"https:\/\/voxsahel.com\/wp-content\/uploads\/2025\/12\/IMG_3820.jpeg","contentUrl":"https:\/\/voxsahel.com\/wp-content\/uploads\/2025\/12\/IMG_3820.jpeg","width":1080,"height":720},{"@type":"BreadcrumbList","@id":"https:\/\/voxsahel.com\/?p=3217#breadcrumb","itemListElement":[{"@type":"ListItem","position":1,"name":"Home","item":"https:\/\/voxsahel.com\/"},{"@type":"ListItem","position":2,"name":"INFOS AES-Mali\/BASE 101 DE SENOU : Remise des \u00e9tendards aux premiers Bataillons d\u2019Intervention Rapide"}]},{"@type":"WebSite","@id":"https:\/\/voxsahel.com\/#website","url":"https:\/\/voxsahel.com\/","name":"Vox Sahel","description":"Informez-vous sur le Sahel en un clic","publisher":{"@id":"https:\/\/voxsahel.com\/#organization"},"potentialAction":[{"@type":"SearchAction","target":{"@type":"EntryPoint","urlTemplate":"https:\/\/voxsahel.com\/?s={search_term_string}"},"query-input":{"@type":"PropertyValueSpecification","valueRequired":true,"valueName":"search_term_string"}}],"inLanguage":"fr-FR"},{"@type":"Organization","@id":"https:\/\/voxsahel.com\/#organization","name":"Vox Sahel","url":"https:\/\/voxsahel.com\/","logo":{"@type":"ImageObject","inLanguage":"fr-FR","@id":"https:\/\/voxsahel.com\/#\/schema\/logo\/image\/","url":"https:\/\/voxsahel.com\/wp-content\/uploads\/2024\/09\/Logo-Vox-Sahel.jpg","contentUrl":"https:\/\/voxsahel.com\/wp-content\/uploads\/2024\/09\/Logo-Vox-Sahel.jpg","width":1181,"height":848,"caption":"Vox Sahel"},"image":{"@id":"https:\/\/voxsahel.com\/#\/schema\/logo\/image\/"},"sameAs":["https:\/\/www.facebook.com\/journal.voxsahel"]},{"@type":"Person","@id":"https:\/\/voxsahel.com\/#\/schema\/person\/b4043608248f8fa227cd760e7ff1e19e","name":"Vox Sahel","image":{"@type":"ImageObject","inLanguage":"fr-FR","@id":"https:\/\/secure.gravatar.com\/avatar\/f70e7fa0cb9b29d4a7c5788d6eb2e9ab4d3135cbae1c9161810fdf77a8964699?s=96&d=mm&r=g","url":"https:\/\/secure.gravatar.com\/avatar\/f70e7fa0cb9b29d4a7c5788d6eb2e9ab4d3135cbae1c9161810fdf77a8964699?s=96&d=mm&r=g","contentUrl":"https:\/\/secure.gravatar.com\/avatar\/f70e7fa0cb9b29d4a7c5788d6eb2e9ab4d3135cbae1c9161810fdf77a8964699?s=96&d=mm&r=g","caption":"Vox Sahel"},"sameAs":["http:\/\/www.voxsahel.com"],"url":"https:\/\/voxsahel.com\/?author=2"}]}},"_links":{"self":[{"href":"https:\/\/voxsahel.com\/index.php?rest_route=\/wp\/v2\/posts\/3217","targetHints":{"allow":["GET"]}}],"collection":[{"href":"https:\/\/voxsahel.com\/index.php?rest_route=\/wp\/v2\/posts"}],"about":[{"href":"https:\/\/voxsahel.com\/index.php?rest_route=\/wp\/v2\/types\/post"}],"author":[{"embeddable":true,"href":"https:\/\/voxsahel.com\/index.php?rest_route=\/wp\/v2\/users\/2"}],"replies":[{"embeddable":true,"href":"https:\/\/voxsahel.com\/index.php?rest_route=%2Fwp%2Fv2%2Fcomments&post=3217"}],"version-history":[{"count":1,"href":"https:\/\/voxsahel.com\/index.php?rest_route=\/wp\/v2\/posts\/3217\/revisions"}],"predecessor-version":[{"id":3221,"href":"https:\/\/voxsahel.com\/index.php?rest_route=\/wp\/v2\/posts\/3217\/revisions\/3221"}],"wp:featuredmedia":[{"embeddable":true,"href":"https:\/\/voxsahel.com\/index.php?rest_route=\/wp\/v2\/media\/3218"}],"wp:attachment":[{"href":"https:\/\/voxsahel.com\/index.php?rest_route=%2Fwp%2Fv2%2Fmedia&parent=3217"}],"wp:term":[{"taxonomy":"category","embeddable":true,"href":"https:\/\/voxsahel.com\/index.php?rest_route=%2Fwp%2Fv2%2Fcategories&post=3217"},{"taxonomy":"post_tag","embeddable":true,"href":"https:\/\/voxsahel.com\/index.php?rest_route=%2Fwp%2Fv2%2Ftags&post=3217"}],"curies":[{"name":"wp","href":"https:\/\/api.w.org\/{rel}","templated":true}]}}