{"id":3197,"date":"2025-12-16T08:18:50","date_gmt":"2025-12-16T08:18:50","guid":{"rendered":"https:\/\/voxsahel.com\/?p=3197"},"modified":"2025-12-16T08:18:50","modified_gmt":"2025-12-16T08:18:50","slug":"cve-le-ministere-interdit-tout-depassement-et-menace-de-sanctions","status":"publish","type":"post","link":"https:\/\/voxsahel.com\/?p=3197","title":{"rendered":"CVE : le minist\u00e8re interdit tout d\u00e9passement et menace de sanctions"},"content":{"rendered":"<p class=\"p1\"><span class=\"s2\">Le minist\u00e8re de l\u2019Enseignement secondaire, de la Formation professionnelle et technique (MESFPT) a mis fin aux pratiques abusives li\u00e9es \u00e0 la Contribution \u00e0 la Vie de l\u2019\u00c9cole (CVE). Dans une note officielle dat\u00e9e du 15 d\u00e9cembre 2025, le Secr\u00e9taire g\u00e9n\u00e9ral du minist\u00e8re rappelle que <\/span><span class=\"s1\">le montant de la CVE est strictement fix\u00e9 \u00e0 1 000 FCFA<\/span><span class=\"s2\">, sans exception ni adaptation locale.<\/span><\/p>\n<p class=\"p1\"><span class=\"s2\">Cette sortie intervient dans un contexte de <\/span><span class=\"s1\">tensions croissantes dans plusieurs \u00e9tablissements scolaires<\/span><span class=\"s2\">, marqu\u00e9es par des protestations d\u2019\u00e9l\u00e8ves et des perturbations du climat \u00e9ducatif. En cause, selon le minist\u00e8re, des contributions exig\u00e9es au-del\u00e0 du plafond l\u00e9gal par certains responsables d\u2019\u00e9tablissements.<\/span><\/p>\n<p class=\"p1\"><strong><span class=\"s1\">Un montant unique pour tous les niveaux<\/span><\/strong><\/p>\n<p class=\"p1\"><span class=\"s2\">Le MESFPT s\u2019appuie sur l\u2019arr\u00eat\u00e9 conjoint n\u00b02025-156, qui fixe la CVE \u00e0 <\/span><span class=\"s1\">1 000 FCFA pour tous les ordres d\u2019enseignement<\/span><span class=\"s2\">, du pr\u00e9scolaire \u00e0 la formation technique et professionnelle. Le texte est clair : <\/span><span class=\"s1\">aucun d\u00e9passement n\u2019est autoris\u00e9<\/span><span class=\"s2\">, quelle que soit la situation de l\u2019\u00e9tablissement.<\/span><\/p>\n<p class=\"p1\"><span class=\"s2\">Le minist\u00e8re d\u00e9nonce des pratiques \u00ab en violation des textes en vigueur \u00bb, estimant qu\u2019elles alimentent la frustration des \u00e9l\u00e8ves et de leurs parents, tout en fragilisant la stabilit\u00e9 du syst\u00e8me \u00e9ducatif.<\/span><\/p>\n<p class=\"p1\"><span class=\"s1\"><b>Remboursement exig\u00e9 et sanctions annonc\u00e9es<\/b><\/span><\/p>\n<p class=\"p1\"><span class=\"s2\">Dans sa note, le Secr\u00e9taire g\u00e9n\u00e9ral est cat\u00e9gorique : <\/span><span class=\"s1\">toute somme per\u00e7ue au-del\u00e0 du montant l\u00e9gal doit \u00eatre int\u00e9gralement rembours\u00e9e<\/span><span class=\"s2\">. Les Directeurs r\u00e9gionaux sont instruits de veiller personnellement \u00e0 l\u2019application stricte de cette mesure dans leurs zones de comp\u00e9tence.<\/span><\/p>\n<p class=\"p1\"><span class=\"s2\">Le minist\u00e8re pr\u00e9vient par ailleurs que <\/span><span class=\"s1\">des sanctions disciplinaires seront appliqu\u00e9es sans complaisance<\/span><span class=\"s2\"> \u00e0 l\u2019encontre de tout responsable d\u2019\u00e9tablissement qui s\u2019\u00e9carterait de la r\u00e9glementation.<\/span><\/p>\n<p class=\"p1\"><span class=\"s2\">\u00c0 travers cette mise au point, l\u2019\u00c9tat entend <\/span><span class=\"s1\">restaurer l\u2019\u00e9quit\u00e9 entre les \u00e9l\u00e8ves<\/span><span class=\"s2\">, soulager les familles d\u00e9j\u00e0 confront\u00e9es \u00e0 de lourdes charges scolaires et pr\u00e9venir des crises sociales inutiles dans les \u00e9tablissements.<\/span><\/p>\n<p class=\"p1\"><span class=\"s2\">Plus qu\u2019un rappel administratif, cette d\u00e9cision marque une volont\u00e9 affirm\u00e9e de mettre fin aux d\u00e9rives et de r\u00e9affirmer un principe fondamental : <\/span><span class=\"s1\">l\u2019\u00e9cole doit rester un espace de justice, de transparence et de responsabilit\u00e9<\/span><span class=\"s2\">.<\/span><\/p>\n","protected":false},"excerpt":{"rendered":"<p>Le minist\u00e8re de l\u2019Enseignement secondaire, de la Formation professionnelle et technique (MESFPT) a mis fin<\/p>\n","protected":false},"author":2,"featured_media":3198,"comment_status":"open","ping_status":"open","sticky":false,"template":"","format":"standard","meta":{"_et_pb_use_builder":"","_et_pb_old_content":"","_et_gb_content_width":"","footnotes":""},"categories":[9],"tags":[],"class_list":["post-3197","post","type-post","status-publish","format-standard","has-post-thumbnail","hentry","category-education"],"yoast_head":"<!-- This site is optimized with the Yoast SEO plugin v27.5 - https:\/\/yoast.com\/product\/yoast-seo-wordpress\/ -->\n<title>CVE : le minist\u00e8re interdit tout d\u00e9passement et menace de sanctions - Vox Sahel<\/title>\n<meta name=\"robots\" content=\"index, follow, max-snippet:-1, max-image-preview:large, max-video-preview:-1\" \/>\n<link rel=\"canonical\" href=\"https:\/\/voxsahel.com\/?p=3197\" \/>\n<meta property=\"og:locale\" content=\"fr_FR\" \/>\n<meta property=\"og:type\" content=\"article\" \/>\n<meta property=\"og:title\" content=\"CVE : le minist\u00e8re interdit tout d\u00e9passement et menace de sanctions - Vox Sahel\" \/>\n<meta property=\"og:description\" content=\"Le minist\u00e8re de l\u2019Enseignement secondaire, de la Formation professionnelle et technique (MESFPT) a mis fin\" \/>\n<meta property=\"og:url\" content=\"https:\/\/voxsahel.com\/?p=3197\" \/>\n<meta property=\"og:site_name\" content=\"Vox Sahel\" \/>\n<meta property=\"article:publisher\" content=\"https:\/\/www.facebook.com\/journal.voxsahel\" \/>\n<meta property=\"article:published_time\" content=\"2025-12-16T08:18:50+00:00\" \/>\n<meta property=\"og:image\" content=\"https:\/\/voxsahel.com\/wp-content\/uploads\/2025\/12\/IMG_3711.jpeg\" \/>\n\t<meta property=\"og:image:width\" content=\"1023\" \/>\n\t<meta property=\"og:image:height\" content=\"546\" \/>\n\t<meta property=\"og:image:type\" content=\"image\/jpeg\" \/>\n<meta name=\"author\" content=\"Vox Sahel\" \/>\n<meta name=\"twitter:card\" content=\"summary_large_image\" \/>\n<meta name=\"twitter:label1\" content=\"\u00c9crit par\" \/>\n\t<meta name=\"twitter:data1\" content=\"Vox Sahel\" \/>\n\t<meta name=\"twitter:label2\" content=\"Dur\u00e9e de lecture estim\u00e9e\" \/>\n\t<meta name=\"twitter:data2\" content=\"2 minutes\" \/>\n<script type=\"application\/ld+json\" class=\"yoast-schema-graph\">{\"@context\":\"https:\\\/\\\/schema.org\",\"@graph\":[{\"@type\":\"Article\",\"@id\":\"https:\\\/\\\/voxsahel.com\\\/?p=3197#article\",\"isPartOf\":{\"@id\":\"https:\\\/\\\/voxsahel.com\\\/?p=3197\"},\"author\":{\"name\":\"Vox Sahel\",\"@id\":\"https:\\\/\\\/voxsahel.com\\\/#\\\/schema\\\/person\\\/b4043608248f8fa227cd760e7ff1e19e\"},\"headline\":\"CVE : le minist\u00e8re interdit tout d\u00e9passement et menace de sanctions\",\"datePublished\":\"2025-12-16T08:18:50+00:00\",\"mainEntityOfPage\":{\"@id\":\"https:\\\/\\\/voxsahel.com\\\/?p=3197\"},\"wordCount\":372,\"commentCount\":0,\"publisher\":{\"@id\":\"https:\\\/\\\/voxsahel.com\\\/#organization\"},\"image\":{\"@id\":\"https:\\\/\\\/voxsahel.com\\\/?p=3197#primaryimage\"},\"thumbnailUrl\":\"https:\\\/\\\/voxsahel.com\\\/wp-content\\\/uploads\\\/2025\\\/12\\\/IMG_3711.jpeg\",\"articleSection\":[\"EDUCATION\"],\"inLanguage\":\"fr-FR\",\"potentialAction\":[{\"@type\":\"CommentAction\",\"name\":\"Comment\",\"target\":[\"https:\\\/\\\/voxsahel.com\\\/?p=3197#respond\"]}]},{\"@type\":\"WebPage\",\"@id\":\"https:\\\/\\\/voxsahel.com\\\/?p=3197\",\"url\":\"https:\\\/\\\/voxsahel.com\\\/?p=3197\",\"name\":\"CVE : le minist\u00e8re interdit tout d\u00e9passement et menace de sanctions - Vox Sahel\",\"isPartOf\":{\"@id\":\"https:\\\/\\\/voxsahel.com\\\/#website\"},\"primaryImageOfPage\":{\"@id\":\"https:\\\/\\\/voxsahel.com\\\/?p=3197#primaryimage\"},\"image\":{\"@id\":\"https:\\\/\\\/voxsahel.com\\\/?p=3197#primaryimage\"},\"thumbnailUrl\":\"https:\\\/\\\/voxsahel.com\\\/wp-content\\\/uploads\\\/2025\\\/12\\\/IMG_3711.jpeg\",\"datePublished\":\"2025-12-16T08:18:50+00:00\",\"breadcrumb\":{\"@id\":\"https:\\\/\\\/voxsahel.com\\\/?p=3197#breadcrumb\"},\"inLanguage\":\"fr-FR\",\"potentialAction\":[{\"@type\":\"ReadAction\",\"target\":[\"https:\\\/\\\/voxsahel.com\\\/?p=3197\"]}]},{\"@type\":\"ImageObject\",\"inLanguage\":\"fr-FR\",\"@id\":\"https:\\\/\\\/voxsahel.com\\\/?p=3197#primaryimage\",\"url\":\"https:\\\/\\\/voxsahel.com\\\/wp-content\\\/uploads\\\/2025\\\/12\\\/IMG_3711.jpeg\",\"contentUrl\":\"https:\\\/\\\/voxsahel.com\\\/wp-content\\\/uploads\\\/2025\\\/12\\\/IMG_3711.jpeg\",\"width\":1023,\"height\":546},{\"@type\":\"BreadcrumbList\",\"@id\":\"https:\\\/\\\/voxsahel.com\\\/?p=3197#breadcrumb\",\"itemListElement\":[{\"@type\":\"ListItem\",\"position\":1,\"name\":\"Home\",\"item\":\"https:\\\/\\\/voxsahel.com\\\/\"},{\"@type\":\"ListItem\",\"position\":2,\"name\":\"CVE : le minist\u00e8re interdit tout d\u00e9passement et menace de sanctions\"}]},{\"@type\":\"WebSite\",\"@id\":\"https:\\\/\\\/voxsahel.com\\\/#website\",\"url\":\"https:\\\/\\\/voxsahel.com\\\/\",\"name\":\"Vox Sahel\",\"description\":\"Informez-vous sur le Sahel en un clic\",\"publisher\":{\"@id\":\"https:\\\/\\\/voxsahel.com\\\/#organization\"},\"potentialAction\":[{\"@type\":\"SearchAction\",\"target\":{\"@type\":\"EntryPoint\",\"urlTemplate\":\"https:\\\/\\\/voxsahel.com\\\/?s={search_term_string}\"},\"query-input\":{\"@type\":\"PropertyValueSpecification\",\"valueRequired\":true,\"valueName\":\"search_term_string\"}}],\"inLanguage\":\"fr-FR\"},{\"@type\":\"Organization\",\"@id\":\"https:\\\/\\\/voxsahel.com\\\/#organization\",\"name\":\"Vox Sahel\",\"url\":\"https:\\\/\\\/voxsahel.com\\\/\",\"logo\":{\"@type\":\"ImageObject\",\"inLanguage\":\"fr-FR\",\"@id\":\"https:\\\/\\\/voxsahel.com\\\/#\\\/schema\\\/logo\\\/image\\\/\",\"url\":\"https:\\\/\\\/voxsahel.com\\\/wp-content\\\/uploads\\\/2024\\\/09\\\/Logo-Vox-Sahel.jpg\",\"contentUrl\":\"https:\\\/\\\/voxsahel.com\\\/wp-content\\\/uploads\\\/2024\\\/09\\\/Logo-Vox-Sahel.jpg\",\"width\":1181,\"height\":848,\"caption\":\"Vox Sahel\"},\"image\":{\"@id\":\"https:\\\/\\\/voxsahel.com\\\/#\\\/schema\\\/logo\\\/image\\\/\"},\"sameAs\":[\"https:\\\/\\\/www.facebook.com\\\/journal.voxsahel\"]},{\"@type\":\"Person\",\"@id\":\"https:\\\/\\\/voxsahel.com\\\/#\\\/schema\\\/person\\\/b4043608248f8fa227cd760e7ff1e19e\",\"name\":\"Vox Sahel\",\"image\":{\"@type\":\"ImageObject\",\"inLanguage\":\"fr-FR\",\"@id\":\"https:\\\/\\\/secure.gravatar.com\\\/avatar\\\/f70e7fa0cb9b29d4a7c5788d6eb2e9ab4d3135cbae1c9161810fdf77a8964699?s=96&d=mm&r=g\",\"url\":\"https:\\\/\\\/secure.gravatar.com\\\/avatar\\\/f70e7fa0cb9b29d4a7c5788d6eb2e9ab4d3135cbae1c9161810fdf77a8964699?s=96&d=mm&r=g\",\"contentUrl\":\"https:\\\/\\\/secure.gravatar.com\\\/avatar\\\/f70e7fa0cb9b29d4a7c5788d6eb2e9ab4d3135cbae1c9161810fdf77a8964699?s=96&d=mm&r=g\",\"caption\":\"Vox Sahel\"},\"sameAs\":[\"http:\\\/\\\/www.voxsahel.com\"],\"url\":\"https:\\\/\\\/voxsahel.com\\\/?author=2\"}]}<\/script>\n<!-- \/ Yoast SEO plugin. -->","yoast_head_json":{"title":"CVE : le minist\u00e8re interdit tout d\u00e9passement et menace de sanctions - Vox Sahel","robots":{"index":"index","follow":"follow","max-snippet":"max-snippet:-1","max-image-preview":"max-image-preview:large","max-video-preview":"max-video-preview:-1"},"canonical":"https:\/\/voxsahel.com\/?p=3197","og_locale":"fr_FR","og_type":"article","og_title":"CVE : le minist\u00e8re interdit tout d\u00e9passement et menace de sanctions - Vox Sahel","og_description":"Le minist\u00e8re de l\u2019Enseignement secondaire, de la Formation professionnelle et technique (MESFPT) a mis fin","og_url":"https:\/\/voxsahel.com\/?p=3197","og_site_name":"Vox Sahel","article_publisher":"https:\/\/www.facebook.com\/journal.voxsahel","article_published_time":"2025-12-16T08:18:50+00:00","og_image":[{"width":1023,"height":546,"url":"https:\/\/voxsahel.com\/wp-content\/uploads\/2025\/12\/IMG_3711.jpeg","type":"image\/jpeg"}],"author":"Vox Sahel","twitter_card":"summary_large_image","twitter_misc":{"\u00c9crit par":"Vox Sahel","Dur\u00e9e de lecture estim\u00e9e":"2 minutes"},"schema":{"@context":"https:\/\/schema.org","@graph":[{"@type":"Article","@id":"https:\/\/voxsahel.com\/?p=3197#article","isPartOf":{"@id":"https:\/\/voxsahel.com\/?p=3197"},"author":{"name":"Vox Sahel","@id":"https:\/\/voxsahel.com\/#\/schema\/person\/b4043608248f8fa227cd760e7ff1e19e"},"headline":"CVE : le minist\u00e8re interdit tout d\u00e9passement et menace de sanctions","datePublished":"2025-12-16T08:18:50+00:00","mainEntityOfPage":{"@id":"https:\/\/voxsahel.com\/?p=3197"},"wordCount":372,"commentCount":0,"publisher":{"@id":"https:\/\/voxsahel.com\/#organization"},"image":{"@id":"https:\/\/voxsahel.com\/?p=3197#primaryimage"},"thumbnailUrl":"https:\/\/voxsahel.com\/wp-content\/uploads\/2025\/12\/IMG_3711.jpeg","articleSection":["EDUCATION"],"inLanguage":"fr-FR","potentialAction":[{"@type":"CommentAction","name":"Comment","target":["https:\/\/voxsahel.com\/?p=3197#respond"]}]},{"@type":"WebPage","@id":"https:\/\/voxsahel.com\/?p=3197","url":"https:\/\/voxsahel.com\/?p=3197","name":"CVE : le minist\u00e8re interdit tout d\u00e9passement et menace de sanctions - Vox Sahel","isPartOf":{"@id":"https:\/\/voxsahel.com\/#website"},"primaryImageOfPage":{"@id":"https:\/\/voxsahel.com\/?p=3197#primaryimage"},"image":{"@id":"https:\/\/voxsahel.com\/?p=3197#primaryimage"},"thumbnailUrl":"https:\/\/voxsahel.com\/wp-content\/uploads\/2025\/12\/IMG_3711.jpeg","datePublished":"2025-12-16T08:18:50+00:00","breadcrumb":{"@id":"https:\/\/voxsahel.com\/?p=3197#breadcrumb"},"inLanguage":"fr-FR","potentialAction":[{"@type":"ReadAction","target":["https:\/\/voxsahel.com\/?p=3197"]}]},{"@type":"ImageObject","inLanguage":"fr-FR","@id":"https:\/\/voxsahel.com\/?p=3197#primaryimage","url":"https:\/\/voxsahel.com\/wp-content\/uploads\/2025\/12\/IMG_3711.jpeg","contentUrl":"https:\/\/voxsahel.com\/wp-content\/uploads\/2025\/12\/IMG_3711.jpeg","width":1023,"height":546},{"@type":"BreadcrumbList","@id":"https:\/\/voxsahel.com\/?p=3197#breadcrumb","itemListElement":[{"@type":"ListItem","position":1,"name":"Home","item":"https:\/\/voxsahel.com\/"},{"@type":"ListItem","position":2,"name":"CVE : le minist\u00e8re interdit tout d\u00e9passement et menace de sanctions"}]},{"@type":"WebSite","@id":"https:\/\/voxsahel.com\/#website","url":"https:\/\/voxsahel.com\/","name":"Vox Sahel","description":"Informez-vous sur le Sahel en un clic","publisher":{"@id":"https:\/\/voxsahel.com\/#organization"},"potentialAction":[{"@type":"SearchAction","target":{"@type":"EntryPoint","urlTemplate":"https:\/\/voxsahel.com\/?s={search_term_string}"},"query-input":{"@type":"PropertyValueSpecification","valueRequired":true,"valueName":"search_term_string"}}],"inLanguage":"fr-FR"},{"@type":"Organization","@id":"https:\/\/voxsahel.com\/#organization","name":"Vox Sahel","url":"https:\/\/voxsahel.com\/","logo":{"@type":"ImageObject","inLanguage":"fr-FR","@id":"https:\/\/voxsahel.com\/#\/schema\/logo\/image\/","url":"https:\/\/voxsahel.com\/wp-content\/uploads\/2024\/09\/Logo-Vox-Sahel.jpg","contentUrl":"https:\/\/voxsahel.com\/wp-content\/uploads\/2024\/09\/Logo-Vox-Sahel.jpg","width":1181,"height":848,"caption":"Vox Sahel"},"image":{"@id":"https:\/\/voxsahel.com\/#\/schema\/logo\/image\/"},"sameAs":["https:\/\/www.facebook.com\/journal.voxsahel"]},{"@type":"Person","@id":"https:\/\/voxsahel.com\/#\/schema\/person\/b4043608248f8fa227cd760e7ff1e19e","name":"Vox Sahel","image":{"@type":"ImageObject","inLanguage":"fr-FR","@id":"https:\/\/secure.gravatar.com\/avatar\/f70e7fa0cb9b29d4a7c5788d6eb2e9ab4d3135cbae1c9161810fdf77a8964699?s=96&d=mm&r=g","url":"https:\/\/secure.gravatar.com\/avatar\/f70e7fa0cb9b29d4a7c5788d6eb2e9ab4d3135cbae1c9161810fdf77a8964699?s=96&d=mm&r=g","contentUrl":"https:\/\/secure.gravatar.com\/avatar\/f70e7fa0cb9b29d4a7c5788d6eb2e9ab4d3135cbae1c9161810fdf77a8964699?s=96&d=mm&r=g","caption":"Vox Sahel"},"sameAs":["http:\/\/www.voxsahel.com"],"url":"https:\/\/voxsahel.com\/?author=2"}]}},"_links":{"self":[{"href":"https:\/\/voxsahel.com\/index.php?rest_route=\/wp\/v2\/posts\/3197","targetHints":{"allow":["GET"]}}],"collection":[{"href":"https:\/\/voxsahel.com\/index.php?rest_route=\/wp\/v2\/posts"}],"about":[{"href":"https:\/\/voxsahel.com\/index.php?rest_route=\/wp\/v2\/types\/post"}],"author":[{"embeddable":true,"href":"https:\/\/voxsahel.com\/index.php?rest_route=\/wp\/v2\/users\/2"}],"replies":[{"embeddable":true,"href":"https:\/\/voxsahel.com\/index.php?rest_route=%2Fwp%2Fv2%2Fcomments&post=3197"}],"version-history":[{"count":1,"href":"https:\/\/voxsahel.com\/index.php?rest_route=\/wp\/v2\/posts\/3197\/revisions"}],"predecessor-version":[{"id":3199,"href":"https:\/\/voxsahel.com\/index.php?rest_route=\/wp\/v2\/posts\/3197\/revisions\/3199"}],"wp:featuredmedia":[{"embeddable":true,"href":"https:\/\/voxsahel.com\/index.php?rest_route=\/wp\/v2\/media\/3198"}],"wp:attachment":[{"href":"https:\/\/voxsahel.com\/index.php?rest_route=%2Fwp%2Fv2%2Fmedia&parent=3197"}],"wp:term":[{"taxonomy":"category","embeddable":true,"href":"https:\/\/voxsahel.com\/index.php?rest_route=%2Fwp%2Fv2%2Fcategories&post=3197"},{"taxonomy":"post_tag","embeddable":true,"href":"https:\/\/voxsahel.com\/index.php?rest_route=%2Fwp%2Fv2%2Ftags&post=3197"}],"curies":[{"name":"wp","href":"https:\/\/api.w.org\/{rel}","templated":true}]}}