{"id":319,"date":"2024-09-23T10:01:14","date_gmt":"2024-09-23T10:01:14","guid":{"rendered":"https:\/\/voxsahel.com\/?p=319"},"modified":"2024-09-23T10:02:32","modified_gmt":"2024-09-23T10:02:32","slug":"officialisation-de-la-cp-aes-un-pas-vers-lunite-des-peuples-du-sahel","status":"publish","type":"post","link":"https:\/\/voxsahel.com\/?p=319","title":{"rendered":"\u00a0Officialisation de la CP-AES : Un pas vers l\u2019unit\u00e9 des peuples du Sahel"},"content":{"rendered":"<p><strong>Le lundi 16 septembre 2024, la salle de conf\u00e9rence du Centre International de Conf\u00e9rences de Bamako (CICB) a accueilli une c\u00e9r\u00e9monie historique : l\u2019officialisation de la Conf\u00e9d\u00e9ration des Peuples de l\u2019AES (CP-AES). Cet \u00e9v\u00e9nement, pr\u00e9sid\u00e9 par Son Excellence le Colonel Assimi Go\u00efta, pr\u00e9sident de la Transition du Mali, marque une \u00e9tape cruciale pour l&rsquo;unit\u00e9 des peuples du Sahel.<\/strong><\/p>\n<p>Sous le patronage de hauts responsables, dont le Colonel Go\u00efta, pr\u00e9sident des assises de la Conf\u00e9d\u00e9ration de l\u2019Alliance des \u00c9tats du Sahel (AES), et en pr\u00e9sence de Nestor Poudass\u00e9, coordinateur de la Plan\u00e8te des jeunes panafricains et charg\u00e9 des relations m\u00e9dias au Burkina Faso, cet \u00e9v\u00e9nement a rassembl\u00e9 une d\u00e9l\u00e9gation importante de diff\u00e9rents pays. Des repr\u00e9sentants du Burkina Faso, du Niger, et bien s\u00fbr du Mali se sont unis pour c\u00e9l\u00e9brer cette nouvelle alliance.<\/p>\n<p>Le s\u00e9jour de la d\u00e9l\u00e9gation burkinab\u00e8, de retour \u00e0 l\u2019a\u00e9roport international de Bobo-Dioulasso le 21 septembre, a \u00e9t\u00e9 qualifi\u00e9 de succ\u00e8s. \u00ab Nous avons \u00e9t\u00e9 chaleureusement accueillis \u00e0 Bamako par la population et les autorit\u00e9s maliennes \u00bb, a confi\u00e9 Nestor Poudass\u00e9, coordinateur de la Plan\u00e8te des jeunes panafricains et charg\u00e9 des relations m\u00e9dias au Burkina Faso.<\/p>\n<p>Ce moment solennel, qui a marqu\u00e9 l\u2019engagement des peuples sah\u00e9liens \u00e0 \u0153uvrer pour leur unit\u00e9, a rassembl\u00e9 des d\u00e9l\u00e9gations de toute la r\u00e9gion. Outre les participants burkinab\u00e8 et maliens, des ressortissants de plusieurs autres pays ouest-africains \u00e9taient pr\u00e9sents pour appuyer cette initiative panafricaine.<\/p>\n<p>La mission de la CP-AES est claire : renforcer l\u2019unit\u00e9 des peuples du Sahel pour une coop\u00e9ration accrue, tant sur le plan politique qu\u2019\u00e9conomique et social. Selon les responsables, les pr\u00e9sidents des pays membres de l\u2019AES, tels que le Capitaine Ibrahim Traor\u00e9, le G\u00e9n\u00e9ral Abdramane Tiani, et le Colonel Assimi Go\u00efta, ont d\u00e9j\u00e0 trac\u00e9 la voie. Il appartient d\u00e9sormais aux peuples de s\u2019approprier cette vision et de la faire fructifier.<\/p>\n<p>Un d\u00e9fi majeur, selon les acteurs de cette union, est de rendre cette vision compr\u00e9hensible pour tous. \u00ab Il est primordial de sensibiliser nos populations dans toutes les langues locales, que ce soit en mor\u00e9, djoula, bobo, ou encore fulfuld\u00e9, afin que chacun comprenne l\u2019importance de l\u2019AES et les raisons de cette union \u00bb, a affirm\u00e9 Nestor Poudass\u00e9 de retour de Bamako.<\/p>\n<p>Pour eux, l\u2019AES ne doit pas suivre les erreurs des anciennes organisations r\u00e9gionales, comme la CEDEAO, qui a \u00e9chou\u00e9 \u00e0 s\u2019imposer, selon leurs dires, car elle ne correspondait pas aux aspirations populaires. \u00ab Si l\u2019AES suit cette m\u00eame voie, elle \u00e9chouera \u00e9galement. Cependant, nous avons des dirigeants pr\u00eats \u00e0 rompre avec les anciens syst\u00e8mes, comme en t\u00e9moigne la signature de la charte de l\u2019AIS le 6 juillet 2024 \u00e0 Niamey \u00bb, a-t-il expliqu\u00e9.<\/p>\n<p>Au-del\u00e0 des discours, les membres de la CP-AES appellent \u00e0 un engagement populaire. \u00ab Si nous ne suivons pas la vision de nos dirigeants, c\u2019est comme si nous les abandonnions en plein vol \u00bb, a-t-il ajout\u00e9. Le message est donc clair : l\u2019unit\u00e9 africaine est imp\u00e9rative. Le combat pour cette unit\u00e9 se poursuit, et c\u2019est maintenant qu\u2019il faut agir.<\/p>\n<p>Citant les grands leaders panafricanistes tels que Thomas Sankara, Modibo Ke\u00efta, Cheikh Anta Diop, et Joseph Ki-Zerbo, la d\u00e9l\u00e9gation burkinab\u00e8 appelle \u00e0 perp\u00e9tuer cet h\u00e9ritage. \u00ab Aujourd\u2019hui, c\u2019est l\u2019heure de Ibrahim Traor\u00e9, Abdramane Tiani, et Assimi Go\u00efta. Nous devons tous, peuples du Sahel, nous inscrire dans cette dynamique. Le travail continue. \u00bb Ainsi, l\u2019officialisation de la CP-AES repr\u00e9sente un nouveau souffle pour les pays sah\u00e9liens, engag\u00e9s dans un processus d\u2019unit\u00e9 qui, selon eux, ne peut qu\u2019aboutir au renforcement de leur position sur l\u2019\u00e9chiquier africain et mondial.<\/p>\n<p>&nbsp;<\/p>\n<p style=\"text-align: right;\"><strong>Par Salif Nael<\/strong><\/p>\n","protected":false},"excerpt":{"rendered":"<p>Le lundi 16 septembre 2024, la salle de conf\u00e9rence du Centre International de Conf\u00e9rences de<\/p>\n","protected":false},"author":2,"featured_media":321,"comment_status":"open","ping_status":"open","sticky":false,"template":"","format":"standard","meta":{"_et_pb_use_builder":"","_et_pb_old_content":"","_et_gb_content_width":"","footnotes":""},"categories":[5],"tags":[173,61,62,124,18,174,123,31,60,172],"class_list":["post-319","post","type-post","status-publish","format-standard","has-post-thumbnail","hentry","category-societe","tag-abdramane-tiani","tag-aes","tag-alliance-des-etats-du-sahel","tag-assimi-goita","tag-burkina-faso","tag-capitaine-ibrahim-traore","tag-confederation-de-lalliances-des-etats-du-sahel","tag-mali","tag-niger","tag-sahel"],"yoast_head":"<!-- This site is optimized with the Yoast SEO plugin v27.5 - https:\/\/yoast.com\/product\/yoast-seo-wordpress\/ -->\n<title>\u00a0Officialisation de la CP-AES : Un pas vers l\u2019unit\u00e9 des peuples du Sahel - Vox Sahel<\/title>\n<meta name=\"robots\" content=\"index, follow, max-snippet:-1, max-image-preview:large, max-video-preview:-1\" \/>\n<link rel=\"canonical\" href=\"https:\/\/voxsahel.com\/?p=319\" \/>\n<meta property=\"og:locale\" content=\"fr_FR\" \/>\n<meta property=\"og:type\" content=\"article\" \/>\n<meta property=\"og:title\" content=\"\u00a0Officialisation de la CP-AES : Un pas vers l\u2019unit\u00e9 des peuples du Sahel - Vox Sahel\" \/>\n<meta property=\"og:description\" content=\"Le lundi 16 septembre 2024, la salle de conf\u00e9rence du Centre International de Conf\u00e9rences de\" \/>\n<meta property=\"og:url\" content=\"https:\/\/voxsahel.com\/?p=319\" \/>\n<meta property=\"og:site_name\" content=\"Vox Sahel\" \/>\n<meta property=\"article:publisher\" content=\"https:\/\/www.facebook.com\/journal.voxsahel\" \/>\n<meta property=\"article:published_time\" content=\"2024-09-23T10:01:14+00:00\" \/>\n<meta property=\"article:modified_time\" content=\"2024-09-23T10:02:32+00:00\" \/>\n<meta property=\"og:image\" content=\"https:\/\/voxsahel.com\/wp-content\/uploads\/2024\/09\/IMG_0732.jpeg\" \/>\n\t<meta property=\"og:image:width\" content=\"571\" \/>\n\t<meta property=\"og:image:height\" content=\"535\" \/>\n\t<meta property=\"og:image:type\" content=\"image\/jpeg\" \/>\n<meta name=\"author\" content=\"Vox Sahel\" \/>\n<meta name=\"twitter:card\" content=\"summary_large_image\" \/>\n<meta name=\"twitter:label1\" content=\"\u00c9crit par\" \/>\n\t<meta name=\"twitter:data1\" content=\"Vox Sahel\" \/>\n\t<meta name=\"twitter:label2\" content=\"Dur\u00e9e de lecture estim\u00e9e\" \/>\n\t<meta name=\"twitter:data2\" content=\"4 minutes\" \/>\n<script type=\"application\/ld+json\" class=\"yoast-schema-graph\">{\"@context\":\"https:\\\/\\\/schema.org\",\"@graph\":[{\"@type\":\"Article\",\"@id\":\"https:\\\/\\\/voxsahel.com\\\/?p=319#article\",\"isPartOf\":{\"@id\":\"https:\\\/\\\/voxsahel.com\\\/?p=319\"},\"author\":{\"name\":\"Vox Sahel\",\"@id\":\"https:\\\/\\\/voxsahel.com\\\/#\\\/schema\\\/person\\\/b4043608248f8fa227cd760e7ff1e19e\"},\"headline\":\"\u00a0Officialisation de la CP-AES : Un pas vers l\u2019unit\u00e9 des peuples du Sahel\",\"datePublished\":\"2024-09-23T10:01:14+00:00\",\"dateModified\":\"2024-09-23T10:02:32+00:00\",\"mainEntityOfPage\":{\"@id\":\"https:\\\/\\\/voxsahel.com\\\/?p=319\"},\"wordCount\":661,\"commentCount\":0,\"publisher\":{\"@id\":\"https:\\\/\\\/voxsahel.com\\\/#organization\"},\"image\":{\"@id\":\"https:\\\/\\\/voxsahel.com\\\/?p=319#primaryimage\"},\"thumbnailUrl\":\"https:\\\/\\\/voxsahel.com\\\/wp-content\\\/uploads\\\/2024\\\/09\\\/IMG_0732.jpeg\",\"keywords\":[\"Abdramane Tiani\",\"AES\",\"Alliance des \u00c9tats du Sahel\",\"Assimi GO\u00cfTA\",\"Burkina Faso\",\"Capitaine Ibrahim Traor\u00e9\",\"Conf\u00e9d\u00e9ration de l\u2019Alliances des \u00c9tats du Sahel\",\"Mali\",\"Niger\",\"Sahel\"],\"articleSection\":[\"SOCIETE\"],\"inLanguage\":\"fr-FR\",\"potentialAction\":[{\"@type\":\"CommentAction\",\"name\":\"Comment\",\"target\":[\"https:\\\/\\\/voxsahel.com\\\/?p=319#respond\"]}]},{\"@type\":\"WebPage\",\"@id\":\"https:\\\/\\\/voxsahel.com\\\/?p=319\",\"url\":\"https:\\\/\\\/voxsahel.com\\\/?p=319\",\"name\":\"\u00a0Officialisation de la CP-AES : Un pas vers l\u2019unit\u00e9 des peuples du Sahel - Vox Sahel\",\"isPartOf\":{\"@id\":\"https:\\\/\\\/voxsahel.com\\\/#website\"},\"primaryImageOfPage\":{\"@id\":\"https:\\\/\\\/voxsahel.com\\\/?p=319#primaryimage\"},\"image\":{\"@id\":\"https:\\\/\\\/voxsahel.com\\\/?p=319#primaryimage\"},\"thumbnailUrl\":\"https:\\\/\\\/voxsahel.com\\\/wp-content\\\/uploads\\\/2024\\\/09\\\/IMG_0732.jpeg\",\"datePublished\":\"2024-09-23T10:01:14+00:00\",\"dateModified\":\"2024-09-23T10:02:32+00:00\",\"breadcrumb\":{\"@id\":\"https:\\\/\\\/voxsahel.com\\\/?p=319#breadcrumb\"},\"inLanguage\":\"fr-FR\",\"potentialAction\":[{\"@type\":\"ReadAction\",\"target\":[\"https:\\\/\\\/voxsahel.com\\\/?p=319\"]}]},{\"@type\":\"ImageObject\",\"inLanguage\":\"fr-FR\",\"@id\":\"https:\\\/\\\/voxsahel.com\\\/?p=319#primaryimage\",\"url\":\"https:\\\/\\\/voxsahel.com\\\/wp-content\\\/uploads\\\/2024\\\/09\\\/IMG_0732.jpeg\",\"contentUrl\":\"https:\\\/\\\/voxsahel.com\\\/wp-content\\\/uploads\\\/2024\\\/09\\\/IMG_0732.jpeg\",\"width\":571,\"height\":535},{\"@type\":\"BreadcrumbList\",\"@id\":\"https:\\\/\\\/voxsahel.com\\\/?p=319#breadcrumb\",\"itemListElement\":[{\"@type\":\"ListItem\",\"position\":1,\"name\":\"Home\",\"item\":\"https:\\\/\\\/voxsahel.com\\\/\"},{\"@type\":\"ListItem\",\"position\":2,\"name\":\"\u00a0Officialisation de la CP-AES : Un pas vers l\u2019unit\u00e9 des peuples du Sahel\"}]},{\"@type\":\"WebSite\",\"@id\":\"https:\\\/\\\/voxsahel.com\\\/#website\",\"url\":\"https:\\\/\\\/voxsahel.com\\\/\",\"name\":\"Vox Sahel\",\"description\":\"Informez-vous sur le Sahel en un clic\",\"publisher\":{\"@id\":\"https:\\\/\\\/voxsahel.com\\\/#organization\"},\"potentialAction\":[{\"@type\":\"SearchAction\",\"target\":{\"@type\":\"EntryPoint\",\"urlTemplate\":\"https:\\\/\\\/voxsahel.com\\\/?s={search_term_string}\"},\"query-input\":{\"@type\":\"PropertyValueSpecification\",\"valueRequired\":true,\"valueName\":\"search_term_string\"}}],\"inLanguage\":\"fr-FR\"},{\"@type\":\"Organization\",\"@id\":\"https:\\\/\\\/voxsahel.com\\\/#organization\",\"name\":\"Vox Sahel\",\"url\":\"https:\\\/\\\/voxsahel.com\\\/\",\"logo\":{\"@type\":\"ImageObject\",\"inLanguage\":\"fr-FR\",\"@id\":\"https:\\\/\\\/voxsahel.com\\\/#\\\/schema\\\/logo\\\/image\\\/\",\"url\":\"https:\\\/\\\/voxsahel.com\\\/wp-content\\\/uploads\\\/2024\\\/09\\\/Logo-Vox-Sahel.jpg\",\"contentUrl\":\"https:\\\/\\\/voxsahel.com\\\/wp-content\\\/uploads\\\/2024\\\/09\\\/Logo-Vox-Sahel.jpg\",\"width\":1181,\"height\":848,\"caption\":\"Vox Sahel\"},\"image\":{\"@id\":\"https:\\\/\\\/voxsahel.com\\\/#\\\/schema\\\/logo\\\/image\\\/\"},\"sameAs\":[\"https:\\\/\\\/www.facebook.com\\\/journal.voxsahel\"]},{\"@type\":\"Person\",\"@id\":\"https:\\\/\\\/voxsahel.com\\\/#\\\/schema\\\/person\\\/b4043608248f8fa227cd760e7ff1e19e\",\"name\":\"Vox Sahel\",\"image\":{\"@type\":\"ImageObject\",\"inLanguage\":\"fr-FR\",\"@id\":\"https:\\\/\\\/secure.gravatar.com\\\/avatar\\\/f70e7fa0cb9b29d4a7c5788d6eb2e9ab4d3135cbae1c9161810fdf77a8964699?s=96&d=mm&r=g\",\"url\":\"https:\\\/\\\/secure.gravatar.com\\\/avatar\\\/f70e7fa0cb9b29d4a7c5788d6eb2e9ab4d3135cbae1c9161810fdf77a8964699?s=96&d=mm&r=g\",\"contentUrl\":\"https:\\\/\\\/secure.gravatar.com\\\/avatar\\\/f70e7fa0cb9b29d4a7c5788d6eb2e9ab4d3135cbae1c9161810fdf77a8964699?s=96&d=mm&r=g\",\"caption\":\"Vox Sahel\"},\"sameAs\":[\"http:\\\/\\\/www.voxsahel.com\"],\"url\":\"https:\\\/\\\/voxsahel.com\\\/?author=2\"}]}<\/script>\n<!-- \/ Yoast SEO plugin. -->","yoast_head_json":{"title":"\u00a0Officialisation de la CP-AES : Un pas vers l\u2019unit\u00e9 des peuples du Sahel - Vox Sahel","robots":{"index":"index","follow":"follow","max-snippet":"max-snippet:-1","max-image-preview":"max-image-preview:large","max-video-preview":"max-video-preview:-1"},"canonical":"https:\/\/voxsahel.com\/?p=319","og_locale":"fr_FR","og_type":"article","og_title":"\u00a0Officialisation de la CP-AES : Un pas vers l\u2019unit\u00e9 des peuples du Sahel - Vox Sahel","og_description":"Le lundi 16 septembre 2024, la salle de conf\u00e9rence du Centre International de Conf\u00e9rences de","og_url":"https:\/\/voxsahel.com\/?p=319","og_site_name":"Vox Sahel","article_publisher":"https:\/\/www.facebook.com\/journal.voxsahel","article_published_time":"2024-09-23T10:01:14+00:00","article_modified_time":"2024-09-23T10:02:32+00:00","og_image":[{"width":571,"height":535,"url":"https:\/\/voxsahel.com\/wp-content\/uploads\/2024\/09\/IMG_0732.jpeg","type":"image\/jpeg"}],"author":"Vox Sahel","twitter_card":"summary_large_image","twitter_misc":{"\u00c9crit par":"Vox Sahel","Dur\u00e9e de lecture estim\u00e9e":"4 minutes"},"schema":{"@context":"https:\/\/schema.org","@graph":[{"@type":"Article","@id":"https:\/\/voxsahel.com\/?p=319#article","isPartOf":{"@id":"https:\/\/voxsahel.com\/?p=319"},"author":{"name":"Vox Sahel","@id":"https:\/\/voxsahel.com\/#\/schema\/person\/b4043608248f8fa227cd760e7ff1e19e"},"headline":"\u00a0Officialisation de la CP-AES : Un pas vers l\u2019unit\u00e9 des peuples du Sahel","datePublished":"2024-09-23T10:01:14+00:00","dateModified":"2024-09-23T10:02:32+00:00","mainEntityOfPage":{"@id":"https:\/\/voxsahel.com\/?p=319"},"wordCount":661,"commentCount":0,"publisher":{"@id":"https:\/\/voxsahel.com\/#organization"},"image":{"@id":"https:\/\/voxsahel.com\/?p=319#primaryimage"},"thumbnailUrl":"https:\/\/voxsahel.com\/wp-content\/uploads\/2024\/09\/IMG_0732.jpeg","keywords":["Abdramane Tiani","AES","Alliance des \u00c9tats du Sahel","Assimi GO\u00cfTA","Burkina Faso","Capitaine Ibrahim Traor\u00e9","Conf\u00e9d\u00e9ration de l\u2019Alliances des \u00c9tats du Sahel","Mali","Niger","Sahel"],"articleSection":["SOCIETE"],"inLanguage":"fr-FR","potentialAction":[{"@type":"CommentAction","name":"Comment","target":["https:\/\/voxsahel.com\/?p=319#respond"]}]},{"@type":"WebPage","@id":"https:\/\/voxsahel.com\/?p=319","url":"https:\/\/voxsahel.com\/?p=319","name":"\u00a0Officialisation de la CP-AES : Un pas vers l\u2019unit\u00e9 des peuples du Sahel - Vox Sahel","isPartOf":{"@id":"https:\/\/voxsahel.com\/#website"},"primaryImageOfPage":{"@id":"https:\/\/voxsahel.com\/?p=319#primaryimage"},"image":{"@id":"https:\/\/voxsahel.com\/?p=319#primaryimage"},"thumbnailUrl":"https:\/\/voxsahel.com\/wp-content\/uploads\/2024\/09\/IMG_0732.jpeg","datePublished":"2024-09-23T10:01:14+00:00","dateModified":"2024-09-23T10:02:32+00:00","breadcrumb":{"@id":"https:\/\/voxsahel.com\/?p=319#breadcrumb"},"inLanguage":"fr-FR","potentialAction":[{"@type":"ReadAction","target":["https:\/\/voxsahel.com\/?p=319"]}]},{"@type":"ImageObject","inLanguage":"fr-FR","@id":"https:\/\/voxsahel.com\/?p=319#primaryimage","url":"https:\/\/voxsahel.com\/wp-content\/uploads\/2024\/09\/IMG_0732.jpeg","contentUrl":"https:\/\/voxsahel.com\/wp-content\/uploads\/2024\/09\/IMG_0732.jpeg","width":571,"height":535},{"@type":"BreadcrumbList","@id":"https:\/\/voxsahel.com\/?p=319#breadcrumb","itemListElement":[{"@type":"ListItem","position":1,"name":"Home","item":"https:\/\/voxsahel.com\/"},{"@type":"ListItem","position":2,"name":"\u00a0Officialisation de la CP-AES : Un pas vers l\u2019unit\u00e9 des peuples du Sahel"}]},{"@type":"WebSite","@id":"https:\/\/voxsahel.com\/#website","url":"https:\/\/voxsahel.com\/","name":"Vox Sahel","description":"Informez-vous sur le Sahel en un clic","publisher":{"@id":"https:\/\/voxsahel.com\/#organization"},"potentialAction":[{"@type":"SearchAction","target":{"@type":"EntryPoint","urlTemplate":"https:\/\/voxsahel.com\/?s={search_term_string}"},"query-input":{"@type":"PropertyValueSpecification","valueRequired":true,"valueName":"search_term_string"}}],"inLanguage":"fr-FR"},{"@type":"Organization","@id":"https:\/\/voxsahel.com\/#organization","name":"Vox Sahel","url":"https:\/\/voxsahel.com\/","logo":{"@type":"ImageObject","inLanguage":"fr-FR","@id":"https:\/\/voxsahel.com\/#\/schema\/logo\/image\/","url":"https:\/\/voxsahel.com\/wp-content\/uploads\/2024\/09\/Logo-Vox-Sahel.jpg","contentUrl":"https:\/\/voxsahel.com\/wp-content\/uploads\/2024\/09\/Logo-Vox-Sahel.jpg","width":1181,"height":848,"caption":"Vox Sahel"},"image":{"@id":"https:\/\/voxsahel.com\/#\/schema\/logo\/image\/"},"sameAs":["https:\/\/www.facebook.com\/journal.voxsahel"]},{"@type":"Person","@id":"https:\/\/voxsahel.com\/#\/schema\/person\/b4043608248f8fa227cd760e7ff1e19e","name":"Vox Sahel","image":{"@type":"ImageObject","inLanguage":"fr-FR","@id":"https:\/\/secure.gravatar.com\/avatar\/f70e7fa0cb9b29d4a7c5788d6eb2e9ab4d3135cbae1c9161810fdf77a8964699?s=96&d=mm&r=g","url":"https:\/\/secure.gravatar.com\/avatar\/f70e7fa0cb9b29d4a7c5788d6eb2e9ab4d3135cbae1c9161810fdf77a8964699?s=96&d=mm&r=g","contentUrl":"https:\/\/secure.gravatar.com\/avatar\/f70e7fa0cb9b29d4a7c5788d6eb2e9ab4d3135cbae1c9161810fdf77a8964699?s=96&d=mm&r=g","caption":"Vox Sahel"},"sameAs":["http:\/\/www.voxsahel.com"],"url":"https:\/\/voxsahel.com\/?author=2"}]}},"_links":{"self":[{"href":"https:\/\/voxsahel.com\/index.php?rest_route=\/wp\/v2\/posts\/319","targetHints":{"allow":["GET"]}}],"collection":[{"href":"https:\/\/voxsahel.com\/index.php?rest_route=\/wp\/v2\/posts"}],"about":[{"href":"https:\/\/voxsahel.com\/index.php?rest_route=\/wp\/v2\/types\/post"}],"author":[{"embeddable":true,"href":"https:\/\/voxsahel.com\/index.php?rest_route=\/wp\/v2\/users\/2"}],"replies":[{"embeddable":true,"href":"https:\/\/voxsahel.com\/index.php?rest_route=%2Fwp%2Fv2%2Fcomments&post=319"}],"version-history":[{"count":1,"href":"https:\/\/voxsahel.com\/index.php?rest_route=\/wp\/v2\/posts\/319\/revisions"}],"predecessor-version":[{"id":320,"href":"https:\/\/voxsahel.com\/index.php?rest_route=\/wp\/v2\/posts\/319\/revisions\/320"}],"wp:featuredmedia":[{"embeddable":true,"href":"https:\/\/voxsahel.com\/index.php?rest_route=\/wp\/v2\/media\/321"}],"wp:attachment":[{"href":"https:\/\/voxsahel.com\/index.php?rest_route=%2Fwp%2Fv2%2Fmedia&parent=319"}],"wp:term":[{"taxonomy":"category","embeddable":true,"href":"https:\/\/voxsahel.com\/index.php?rest_route=%2Fwp%2Fv2%2Fcategories&post=319"},{"taxonomy":"post_tag","embeddable":true,"href":"https:\/\/voxsahel.com\/index.php?rest_route=%2Fwp%2Fv2%2Ftags&post=319"}],"curies":[{"name":"wp","href":"https:\/\/api.w.org\/{rel}","templated":true}]}}