{"id":3178,"date":"2025-12-12T06:32:57","date_gmt":"2025-12-12T06:32:57","guid":{"rendered":"https:\/\/voxsahel.com\/?p=3178"},"modified":"2025-12-12T18:47:44","modified_gmt":"2025-12-12T18:47:44","slug":"cloture-de-focal-dafrique-2025-herman-frederic-remporte-bassole-lor-avec-sa-danse-des-grains-au-vent","status":"publish","type":"post","link":"https:\/\/voxsahel.com\/?p=3178","title":{"rendered":"Cl\u00f4ture de focal d&rsquo;Afrique 2025: Herman Fr\u00e9d\u00e9ric Bassol\u00e9 remporte  l&rsquo;or avec sa \u00ab\u00a0Danse des grains au vent\u00a0\u00bb"},"content":{"rendered":"<p class=\"p1\"><span class=\"s1\">La dixi\u00e8me \u00e9dition de Focal d&rsquo;Afrique, la rencontre internationale de la photographie de Ouagadougou, s&rsquo;est achev\u00e9e mercredi 10 d\u00e9cembre 2025. Le prestigieux Focal d&rsquo;or a \u00e9t\u00e9 d\u00e9croch\u00e9 par Herman Fr\u00e9d\u00e9ric Bassol\u00e9 , journaliste \u00e0 Lefaso.net, pour son clich\u00e9 intitul\u00e9 \u00ab <\/span><span class=\"s2\">Danse des grains au vent<\/span><span class=\"s1\">\u00bb. Plac\u00e9e sous le th\u00e8me \u00ab <\/span><span class=\"s2\">La photographie, un art propulseur du d\u00e9veloppement agrosylvopastoral en milieu urbain et p\u00e9riurbain<\/span><span class=\"s1\"> \u00bb, cette \u00e9dition anniversaire a \u00e9t\u00e9 marqu\u00e9e par des expositions, des formations et des masterclass, en plus du traditionnel concours. L&rsquo;\u00e9v\u00e9nement a \u00e9t\u00e9 organis\u00e9 par le photographe Ibrahim Niki\u00e8ma, dit Paparazzi. Le jury, pr\u00e9sid\u00e9 par Harouna Maran\u00e9, a examin\u00e9 71 \u0153uvres soumises par 25 photographes. Au terme des d\u00e9lib\u00e9rations, Herman Fr\u00e9d\u00e9ricBassol\u00e9 a \u00e9t\u00e9 sacr\u00e9 vainqueur.<\/span><\/p>\n<p class=\"p1\"><span class=\"s1\">\u00a0<\/span>Le laur\u00e9at a pr\u00e9sent\u00e9 une s\u00e9rie coh\u00e9rente de cinq photographies, dont quatre ont \u00e9t\u00e9 expos\u00e9es. Il explique avoir voulu suivre le parcours du riz, depuis l&rsquo;espoir du riziculteur dans la plaine de Bagr\u00e9 jusqu&rsquo;au savoir-faire des \u00e9tuveuses, illustr\u00e9 par son clich\u00e9 prim\u00e9. En parall\u00e8le, il a explor\u00e9 les d\u00e9fis du pastoralisme et la r\u00e9silience des \u00e9leveurs.<\/p>\n<p class=\"p1\">La cinqui\u00e8me image, montrant une \u00e9l\u00e8ve mangeant du riz local \u00e0 la cantine scolaire, donne selon lui tout son sens \u00e0 la s\u00e9rie . Il n\u2019a pas cach\u00e9 sa joie apr\u00e8s ce sacre. \u00a0Le Focal d&rsquo;argent est revenu \u00e0 G\u00e9d\u00e9on Vink, tandis que Yasmine Thiombiano a remport\u00e9 le Focal de bronze. Cette derni\u00e8re a \u00e9galement re\u00e7u le prix sp\u00e9cial de la combativit\u00e9, d\u00e9cern\u00e9 par l&rsquo;avocat Me Moumounou Gnesien.<\/p>\n<p class=\"p1\">A l&rsquo;occasion de cette d\u00e9cennie d&rsquo;existence, le promoteur Ibrahim Niki\u00e8ma a tenu \u00e0 remercier les partenaires pour leur confiance et a rappel\u00e9 que l&rsquo;\u00e9v\u00e9nement a form\u00e9 147 jeunes en dix ans, aujourd&rsquo;hui actifs dans diverses institutions au Burkina Faso. Il s&rsquo;est \u00e9galement f\u00e9licit\u00e9 de la pr\u00e9sence de participants venus du Mali, du Niger, de Belgique et d&rsquo;Espagne. L&rsquo;\u00e9v\u00e9nement \u00e9tait plac\u00e9 sous le patronage du ministre de la Communication, de la Culture, des Arts et du Tourisme, Gilbert Ou\u00e9draogo, et le parrainage du ministre des Affaires \u00e9trang\u00e8res, Jean Marie Karamoko Traor\u00e9, tous deux repr\u00e9sent\u00e9s \u00e0 la c\u00e9r\u00e9monie.<\/p>\n<p class=\"p1\"><span class=\"s1\">Intervenant au nom du minist\u00e8re de tutelle, le docteur Jean-No\u00ebl Bonkoungou, charg\u00e9 de mission, a salu\u00e9 cette d\u00e9cennie d&rsquo;engagement. <\/span><span class=\"s2\">\u00ab La photographie est un art qui rentre dans le champ d\u2019action du minist\u00e8re. Donc le minist\u00e8re a jug\u00e9 n\u00e9cessaire d&rsquo;accompagner cette activit\u00e9 <\/span><span class=\"s1\">\u00bb, a-t-il d\u00e9clar\u00e9. Il a estim\u00e9 que cet anniversaire permettait de faire un bilan et de tracer des perspectives. <\/span><\/p>\n<p class=\"p1\"><span class=\"s2\">\u00ab Nous avons constat\u00e9 au cours de ces \u00e9v\u00e9nements beaucoup d&rsquo;\u00e9volution. On peut noter d&rsquo;abord la formation, les masterclasses. Beaucoup de jeunes aujourd&rsquo;hui se sont hiss\u00e9s dans le secteur de la photographie gr\u00e2ce \u00e0 la formation re\u00e7ue \u00e0 travers cette activit\u00e9<\/span><span class=\"s1\"> \u00bb, a-t-il ajout\u00e9, encourageant <\/span><span class=\"s2\">\u00ab les jeunes qui veulent s&rsquo;engager dans la photographie \u00e0 se former, parce que la formation c\u2019est la base de tout m\u00e9tier<\/span><span class=\"s1\"> \u00bb.<br \/>\n<\/span><\/p>\n<p class=\"p1\"><span class=\"s1\">Le photographe \u00e9m\u00e9rite Warren Sar\u00e9 a, pour sa part, soulign\u00e9 que Focal d&rsquo;Afrique est, au-del\u00e0 du palmar\u00e8s, \u00ab <\/span><span class=\"s2\">un v\u00e9ritable espace d\u2019\u00e9changes o\u00f9 les photographes se rencontrent, apprennent les uns des autres et s\u2019enrichissent mutuellement <\/span><span class=\"s1\">\u00bb. <\/span><\/p>\n<p class=\"p1\" style=\"text-align: right;\"><strong><span class=\"s1\">Par Amir BAKO<\/span><\/strong><\/p>\n","protected":false},"excerpt":{"rendered":"<p>La dixi\u00e8me \u00e9dition de Focal d&rsquo;Afrique, la rencontre internationale de la photographie de Ouagadougou, s&rsquo;est<\/p>\n","protected":false},"author":2,"featured_media":3179,"comment_status":"open","ping_status":"open","sticky":false,"template":"","format":"standard","meta":{"_et_pb_use_builder":"","_et_pb_old_content":"","_et_gb_content_width":"","footnotes":""},"categories":[13],"tags":[],"class_list":["post-3178","post","type-post","status-publish","format-standard","has-post-thumbnail","hentry","category-culture"],"yoast_head":"<!-- This site is optimized with the Yoast SEO plugin v27.5 - https:\/\/yoast.com\/product\/yoast-seo-wordpress\/ -->\n<title>Cl\u00f4ture de focal d&#039;Afrique 2025: Herman Fr\u00e9d\u00e9ric Bassol\u00e9 remporte l&#039;or avec sa &quot;Danse des grains au vent&quot; - Vox Sahel<\/title>\n<meta name=\"robots\" content=\"index, follow, max-snippet:-1, max-image-preview:large, max-video-preview:-1\" \/>\n<link rel=\"canonical\" href=\"https:\/\/voxsahel.com\/?p=3178\" \/>\n<meta property=\"og:locale\" content=\"fr_FR\" \/>\n<meta property=\"og:type\" content=\"article\" \/>\n<meta property=\"og:title\" content=\"Cl\u00f4ture de focal d&#039;Afrique 2025: Herman Fr\u00e9d\u00e9ric Bassol\u00e9 remporte l&#039;or avec sa &quot;Danse des grains au vent&quot; - Vox Sahel\" \/>\n<meta property=\"og:description\" content=\"La dixi\u00e8me \u00e9dition de Focal d&rsquo;Afrique, la rencontre internationale de la photographie de Ouagadougou, s&rsquo;est\" \/>\n<meta property=\"og:url\" content=\"https:\/\/voxsahel.com\/?p=3178\" \/>\n<meta property=\"og:site_name\" content=\"Vox Sahel\" \/>\n<meta property=\"article:publisher\" content=\"https:\/\/www.facebook.com\/journal.voxsahel\" \/>\n<meta property=\"article:published_time\" content=\"2025-12-12T06:32:57+00:00\" \/>\n<meta property=\"article:modified_time\" content=\"2025-12-12T18:47:44+00:00\" \/>\n<meta property=\"og:image\" content=\"https:\/\/voxsahel.com\/wp-content\/uploads\/2025\/12\/88949730-e8f1-42c5-bf8c-b596e0e263d8.jpeg\" \/>\n\t<meta property=\"og:image:width\" content=\"1080\" \/>\n\t<meta property=\"og:image:height\" content=\"715\" \/>\n\t<meta property=\"og:image:type\" content=\"image\/jpeg\" \/>\n<meta name=\"author\" content=\"Vox Sahel\" \/>\n<meta name=\"twitter:card\" content=\"summary_large_image\" \/>\n<meta name=\"twitter:label1\" content=\"\u00c9crit par\" \/>\n\t<meta name=\"twitter:data1\" content=\"Vox Sahel\" \/>\n\t<meta name=\"twitter:label2\" content=\"Dur\u00e9e de lecture estim\u00e9e\" \/>\n\t<meta name=\"twitter:data2\" content=\"3 minutes\" \/>\n<script type=\"application\/ld+json\" class=\"yoast-schema-graph\">{\"@context\":\"https:\\\/\\\/schema.org\",\"@graph\":[{\"@type\":\"Article\",\"@id\":\"https:\\\/\\\/voxsahel.com\\\/?p=3178#article\",\"isPartOf\":{\"@id\":\"https:\\\/\\\/voxsahel.com\\\/?p=3178\"},\"author\":{\"name\":\"Vox Sahel\",\"@id\":\"https:\\\/\\\/voxsahel.com\\\/#\\\/schema\\\/person\\\/b4043608248f8fa227cd760e7ff1e19e\"},\"headline\":\"Cl\u00f4ture de focal d&rsquo;Afrique 2025: Herman Fr\u00e9d\u00e9ric Bassol\u00e9 remporte l&rsquo;or avec sa \u00ab\u00a0Danse des grains au vent\u00a0\u00bb\",\"datePublished\":\"2025-12-12T06:32:57+00:00\",\"dateModified\":\"2025-12-12T18:47:44+00:00\",\"mainEntityOfPage\":{\"@id\":\"https:\\\/\\\/voxsahel.com\\\/?p=3178\"},\"wordCount\":591,\"commentCount\":0,\"publisher\":{\"@id\":\"https:\\\/\\\/voxsahel.com\\\/#organization\"},\"image\":{\"@id\":\"https:\\\/\\\/voxsahel.com\\\/?p=3178#primaryimage\"},\"thumbnailUrl\":\"https:\\\/\\\/voxsahel.com\\\/wp-content\\\/uploads\\\/2025\\\/12\\\/88949730-e8f1-42c5-bf8c-b596e0e263d8.jpeg\",\"articleSection\":[\"CULTURE\"],\"inLanguage\":\"fr-FR\",\"potentialAction\":[{\"@type\":\"CommentAction\",\"name\":\"Comment\",\"target\":[\"https:\\\/\\\/voxsahel.com\\\/?p=3178#respond\"]}]},{\"@type\":\"WebPage\",\"@id\":\"https:\\\/\\\/voxsahel.com\\\/?p=3178\",\"url\":\"https:\\\/\\\/voxsahel.com\\\/?p=3178\",\"name\":\"Cl\u00f4ture de focal d'Afrique 2025: Herman Fr\u00e9d\u00e9ric Bassol\u00e9 remporte l'or avec sa \\\"Danse des grains au vent\\\" - Vox Sahel\",\"isPartOf\":{\"@id\":\"https:\\\/\\\/voxsahel.com\\\/#website\"},\"primaryImageOfPage\":{\"@id\":\"https:\\\/\\\/voxsahel.com\\\/?p=3178#primaryimage\"},\"image\":{\"@id\":\"https:\\\/\\\/voxsahel.com\\\/?p=3178#primaryimage\"},\"thumbnailUrl\":\"https:\\\/\\\/voxsahel.com\\\/wp-content\\\/uploads\\\/2025\\\/12\\\/88949730-e8f1-42c5-bf8c-b596e0e263d8.jpeg\",\"datePublished\":\"2025-12-12T06:32:57+00:00\",\"dateModified\":\"2025-12-12T18:47:44+00:00\",\"breadcrumb\":{\"@id\":\"https:\\\/\\\/voxsahel.com\\\/?p=3178#breadcrumb\"},\"inLanguage\":\"fr-FR\",\"potentialAction\":[{\"@type\":\"ReadAction\",\"target\":[\"https:\\\/\\\/voxsahel.com\\\/?p=3178\"]}]},{\"@type\":\"ImageObject\",\"inLanguage\":\"fr-FR\",\"@id\":\"https:\\\/\\\/voxsahel.com\\\/?p=3178#primaryimage\",\"url\":\"https:\\\/\\\/voxsahel.com\\\/wp-content\\\/uploads\\\/2025\\\/12\\\/88949730-e8f1-42c5-bf8c-b596e0e263d8.jpeg\",\"contentUrl\":\"https:\\\/\\\/voxsahel.com\\\/wp-content\\\/uploads\\\/2025\\\/12\\\/88949730-e8f1-42c5-bf8c-b596e0e263d8.jpeg\",\"width\":1080,\"height\":715},{\"@type\":\"BreadcrumbList\",\"@id\":\"https:\\\/\\\/voxsahel.com\\\/?p=3178#breadcrumb\",\"itemListElement\":[{\"@type\":\"ListItem\",\"position\":1,\"name\":\"Home\",\"item\":\"https:\\\/\\\/voxsahel.com\\\/\"},{\"@type\":\"ListItem\",\"position\":2,\"name\":\"Cl\u00f4ture de focal d&rsquo;Afrique 2025: Herman Fr\u00e9d\u00e9ric Bassol\u00e9 remporte l&rsquo;or avec sa \u00ab\u00a0Danse des grains au vent\u00a0\u00bb\"}]},{\"@type\":\"WebSite\",\"@id\":\"https:\\\/\\\/voxsahel.com\\\/#website\",\"url\":\"https:\\\/\\\/voxsahel.com\\\/\",\"name\":\"Vox Sahel\",\"description\":\"Informez-vous sur le Sahel en un clic\",\"publisher\":{\"@id\":\"https:\\\/\\\/voxsahel.com\\\/#organization\"},\"potentialAction\":[{\"@type\":\"SearchAction\",\"target\":{\"@type\":\"EntryPoint\",\"urlTemplate\":\"https:\\\/\\\/voxsahel.com\\\/?s={search_term_string}\"},\"query-input\":{\"@type\":\"PropertyValueSpecification\",\"valueRequired\":true,\"valueName\":\"search_term_string\"}}],\"inLanguage\":\"fr-FR\"},{\"@type\":\"Organization\",\"@id\":\"https:\\\/\\\/voxsahel.com\\\/#organization\",\"name\":\"Vox Sahel\",\"url\":\"https:\\\/\\\/voxsahel.com\\\/\",\"logo\":{\"@type\":\"ImageObject\",\"inLanguage\":\"fr-FR\",\"@id\":\"https:\\\/\\\/voxsahel.com\\\/#\\\/schema\\\/logo\\\/image\\\/\",\"url\":\"https:\\\/\\\/voxsahel.com\\\/wp-content\\\/uploads\\\/2024\\\/09\\\/Logo-Vox-Sahel.jpg\",\"contentUrl\":\"https:\\\/\\\/voxsahel.com\\\/wp-content\\\/uploads\\\/2024\\\/09\\\/Logo-Vox-Sahel.jpg\",\"width\":1181,\"height\":848,\"caption\":\"Vox Sahel\"},\"image\":{\"@id\":\"https:\\\/\\\/voxsahel.com\\\/#\\\/schema\\\/logo\\\/image\\\/\"},\"sameAs\":[\"https:\\\/\\\/www.facebook.com\\\/journal.voxsahel\"]},{\"@type\":\"Person\",\"@id\":\"https:\\\/\\\/voxsahel.com\\\/#\\\/schema\\\/person\\\/b4043608248f8fa227cd760e7ff1e19e\",\"name\":\"Vox Sahel\",\"image\":{\"@type\":\"ImageObject\",\"inLanguage\":\"fr-FR\",\"@id\":\"https:\\\/\\\/secure.gravatar.com\\\/avatar\\\/f70e7fa0cb9b29d4a7c5788d6eb2e9ab4d3135cbae1c9161810fdf77a8964699?s=96&d=mm&r=g\",\"url\":\"https:\\\/\\\/secure.gravatar.com\\\/avatar\\\/f70e7fa0cb9b29d4a7c5788d6eb2e9ab4d3135cbae1c9161810fdf77a8964699?s=96&d=mm&r=g\",\"contentUrl\":\"https:\\\/\\\/secure.gravatar.com\\\/avatar\\\/f70e7fa0cb9b29d4a7c5788d6eb2e9ab4d3135cbae1c9161810fdf77a8964699?s=96&d=mm&r=g\",\"caption\":\"Vox Sahel\"},\"sameAs\":[\"http:\\\/\\\/www.voxsahel.com\"],\"url\":\"https:\\\/\\\/voxsahel.com\\\/?author=2\"}]}<\/script>\n<!-- \/ Yoast SEO plugin. -->","yoast_head_json":{"title":"Cl\u00f4ture de focal d'Afrique 2025: Herman Fr\u00e9d\u00e9ric Bassol\u00e9 remporte l'or avec sa \"Danse des grains au vent\" - Vox Sahel","robots":{"index":"index","follow":"follow","max-snippet":"max-snippet:-1","max-image-preview":"max-image-preview:large","max-video-preview":"max-video-preview:-1"},"canonical":"https:\/\/voxsahel.com\/?p=3178","og_locale":"fr_FR","og_type":"article","og_title":"Cl\u00f4ture de focal d'Afrique 2025: Herman Fr\u00e9d\u00e9ric Bassol\u00e9 remporte l'or avec sa \"Danse des grains au vent\" - Vox Sahel","og_description":"La dixi\u00e8me \u00e9dition de Focal d&rsquo;Afrique, la rencontre internationale de la photographie de Ouagadougou, s&rsquo;est","og_url":"https:\/\/voxsahel.com\/?p=3178","og_site_name":"Vox Sahel","article_publisher":"https:\/\/www.facebook.com\/journal.voxsahel","article_published_time":"2025-12-12T06:32:57+00:00","article_modified_time":"2025-12-12T18:47:44+00:00","og_image":[{"width":1080,"height":715,"url":"https:\/\/voxsahel.com\/wp-content\/uploads\/2025\/12\/88949730-e8f1-42c5-bf8c-b596e0e263d8.jpeg","type":"image\/jpeg"}],"author":"Vox Sahel","twitter_card":"summary_large_image","twitter_misc":{"\u00c9crit par":"Vox Sahel","Dur\u00e9e de lecture estim\u00e9e":"3 minutes"},"schema":{"@context":"https:\/\/schema.org","@graph":[{"@type":"Article","@id":"https:\/\/voxsahel.com\/?p=3178#article","isPartOf":{"@id":"https:\/\/voxsahel.com\/?p=3178"},"author":{"name":"Vox Sahel","@id":"https:\/\/voxsahel.com\/#\/schema\/person\/b4043608248f8fa227cd760e7ff1e19e"},"headline":"Cl\u00f4ture de focal d&rsquo;Afrique 2025: Herman Fr\u00e9d\u00e9ric Bassol\u00e9 remporte l&rsquo;or avec sa \u00ab\u00a0Danse des grains au vent\u00a0\u00bb","datePublished":"2025-12-12T06:32:57+00:00","dateModified":"2025-12-12T18:47:44+00:00","mainEntityOfPage":{"@id":"https:\/\/voxsahel.com\/?p=3178"},"wordCount":591,"commentCount":0,"publisher":{"@id":"https:\/\/voxsahel.com\/#organization"},"image":{"@id":"https:\/\/voxsahel.com\/?p=3178#primaryimage"},"thumbnailUrl":"https:\/\/voxsahel.com\/wp-content\/uploads\/2025\/12\/88949730-e8f1-42c5-bf8c-b596e0e263d8.jpeg","articleSection":["CULTURE"],"inLanguage":"fr-FR","potentialAction":[{"@type":"CommentAction","name":"Comment","target":["https:\/\/voxsahel.com\/?p=3178#respond"]}]},{"@type":"WebPage","@id":"https:\/\/voxsahel.com\/?p=3178","url":"https:\/\/voxsahel.com\/?p=3178","name":"Cl\u00f4ture de focal d'Afrique 2025: Herman Fr\u00e9d\u00e9ric Bassol\u00e9 remporte l'or avec sa \"Danse des grains au vent\" - Vox Sahel","isPartOf":{"@id":"https:\/\/voxsahel.com\/#website"},"primaryImageOfPage":{"@id":"https:\/\/voxsahel.com\/?p=3178#primaryimage"},"image":{"@id":"https:\/\/voxsahel.com\/?p=3178#primaryimage"},"thumbnailUrl":"https:\/\/voxsahel.com\/wp-content\/uploads\/2025\/12\/88949730-e8f1-42c5-bf8c-b596e0e263d8.jpeg","datePublished":"2025-12-12T06:32:57+00:00","dateModified":"2025-12-12T18:47:44+00:00","breadcrumb":{"@id":"https:\/\/voxsahel.com\/?p=3178#breadcrumb"},"inLanguage":"fr-FR","potentialAction":[{"@type":"ReadAction","target":["https:\/\/voxsahel.com\/?p=3178"]}]},{"@type":"ImageObject","inLanguage":"fr-FR","@id":"https:\/\/voxsahel.com\/?p=3178#primaryimage","url":"https:\/\/voxsahel.com\/wp-content\/uploads\/2025\/12\/88949730-e8f1-42c5-bf8c-b596e0e263d8.jpeg","contentUrl":"https:\/\/voxsahel.com\/wp-content\/uploads\/2025\/12\/88949730-e8f1-42c5-bf8c-b596e0e263d8.jpeg","width":1080,"height":715},{"@type":"BreadcrumbList","@id":"https:\/\/voxsahel.com\/?p=3178#breadcrumb","itemListElement":[{"@type":"ListItem","position":1,"name":"Home","item":"https:\/\/voxsahel.com\/"},{"@type":"ListItem","position":2,"name":"Cl\u00f4ture de focal d&rsquo;Afrique 2025: Herman Fr\u00e9d\u00e9ric Bassol\u00e9 remporte l&rsquo;or avec sa \u00ab\u00a0Danse des grains au vent\u00a0\u00bb"}]},{"@type":"WebSite","@id":"https:\/\/voxsahel.com\/#website","url":"https:\/\/voxsahel.com\/","name":"Vox Sahel","description":"Informez-vous sur le Sahel en un clic","publisher":{"@id":"https:\/\/voxsahel.com\/#organization"},"potentialAction":[{"@type":"SearchAction","target":{"@type":"EntryPoint","urlTemplate":"https:\/\/voxsahel.com\/?s={search_term_string}"},"query-input":{"@type":"PropertyValueSpecification","valueRequired":true,"valueName":"search_term_string"}}],"inLanguage":"fr-FR"},{"@type":"Organization","@id":"https:\/\/voxsahel.com\/#organization","name":"Vox Sahel","url":"https:\/\/voxsahel.com\/","logo":{"@type":"ImageObject","inLanguage":"fr-FR","@id":"https:\/\/voxsahel.com\/#\/schema\/logo\/image\/","url":"https:\/\/voxsahel.com\/wp-content\/uploads\/2024\/09\/Logo-Vox-Sahel.jpg","contentUrl":"https:\/\/voxsahel.com\/wp-content\/uploads\/2024\/09\/Logo-Vox-Sahel.jpg","width":1181,"height":848,"caption":"Vox Sahel"},"image":{"@id":"https:\/\/voxsahel.com\/#\/schema\/logo\/image\/"},"sameAs":["https:\/\/www.facebook.com\/journal.voxsahel"]},{"@type":"Person","@id":"https:\/\/voxsahel.com\/#\/schema\/person\/b4043608248f8fa227cd760e7ff1e19e","name":"Vox Sahel","image":{"@type":"ImageObject","inLanguage":"fr-FR","@id":"https:\/\/secure.gravatar.com\/avatar\/f70e7fa0cb9b29d4a7c5788d6eb2e9ab4d3135cbae1c9161810fdf77a8964699?s=96&d=mm&r=g","url":"https:\/\/secure.gravatar.com\/avatar\/f70e7fa0cb9b29d4a7c5788d6eb2e9ab4d3135cbae1c9161810fdf77a8964699?s=96&d=mm&r=g","contentUrl":"https:\/\/secure.gravatar.com\/avatar\/f70e7fa0cb9b29d4a7c5788d6eb2e9ab4d3135cbae1c9161810fdf77a8964699?s=96&d=mm&r=g","caption":"Vox Sahel"},"sameAs":["http:\/\/www.voxsahel.com"],"url":"https:\/\/voxsahel.com\/?author=2"}]}},"_links":{"self":[{"href":"https:\/\/voxsahel.com\/index.php?rest_route=\/wp\/v2\/posts\/3178","targetHints":{"allow":["GET"]}}],"collection":[{"href":"https:\/\/voxsahel.com\/index.php?rest_route=\/wp\/v2\/posts"}],"about":[{"href":"https:\/\/voxsahel.com\/index.php?rest_route=\/wp\/v2\/types\/post"}],"author":[{"embeddable":true,"href":"https:\/\/voxsahel.com\/index.php?rest_route=\/wp\/v2\/users\/2"}],"replies":[{"embeddable":true,"href":"https:\/\/voxsahel.com\/index.php?rest_route=%2Fwp%2Fv2%2Fcomments&post=3178"}],"version-history":[{"count":2,"href":"https:\/\/voxsahel.com\/index.php?rest_route=\/wp\/v2\/posts\/3178\/revisions"}],"predecessor-version":[{"id":3181,"href":"https:\/\/voxsahel.com\/index.php?rest_route=\/wp\/v2\/posts\/3178\/revisions\/3181"}],"wp:featuredmedia":[{"embeddable":true,"href":"https:\/\/voxsahel.com\/index.php?rest_route=\/wp\/v2\/media\/3179"}],"wp:attachment":[{"href":"https:\/\/voxsahel.com\/index.php?rest_route=%2Fwp%2Fv2%2Fmedia&parent=3178"}],"wp:term":[{"taxonomy":"category","embeddable":true,"href":"https:\/\/voxsahel.com\/index.php?rest_route=%2Fwp%2Fv2%2Fcategories&post=3178"},{"taxonomy":"post_tag","embeddable":true,"href":"https:\/\/voxsahel.com\/index.php?rest_route=%2Fwp%2Fv2%2Ftags&post=3178"}],"curies":[{"name":"wp","href":"https:\/\/api.w.org\/{rel}","templated":true}]}}