{"id":3174,"date":"2025-12-11T19:08:11","date_gmt":"2025-12-11T19:08:11","guid":{"rendered":"https:\/\/voxsahel.com\/?p=3174"},"modified":"2025-12-11T19:08:11","modified_gmt":"2025-12-11T19:08:11","slug":"burkina-faso-un-pret-de-7034-millions-deuros-pour-moderniser-le-reseau-routier","status":"publish","type":"post","link":"https:\/\/voxsahel.com\/?p=3174","title":{"rendered":"Burkina Faso : un pr\u00eat de 70,34 millions d\u2019euros pour moderniser le r\u00e9seau routier"},"content":{"rendered":"<p class=\"p1\"><span class=\"s2\">Le Burkina Faso b\u00e9n\u00e9ficiera d\u2019un important appui financier pour renforcer et moderniser son r\u00e9seau de transport. Le 10 d\u00e9cembre, le Conseil d\u2019administration du Fonds africain de d\u00e9veloppement (FAD), guichet concessionnel du Groupe de la Banque africaine de d\u00e9veloppement (BAD), a approuv\u00e9 un pr\u00eat de <\/span><span class=\"s1\">70,34 millions d\u2019euros<\/span><span class=\"s2\"> destin\u00e9 \u00e0 soutenir un vaste programme d\u2019am\u00e9lioration et d\u2019entretien des infrastructures routi\u00e8res nationales.<\/span><\/p>\n<p class=\"p1\">Cette enveloppe s\u2019inscrit dans un dispositif de financements conjoints mobilisant plusieurs partenaires internationaux, dont la Banque mondiale, la Banque islamique de d\u00e9veloppement et l\u2019Agence japonaise de coop\u00e9ration internationale, en compl\u00e9ment d\u2019une contribution de l\u2019\u00c9tat burkinab\u00e8. L\u2019objectif est de mutualiser les ressources pour r\u00e9pondre \u00e0 un besoin pressant : moderniser les routes et d\u00e9senclaver les r\u00e9gions les plus recul\u00e9es.<\/p>\n<p class=\"p1\"><strong><span class=\"s1\">Cinq r\u00e9gions prioritaires \u00e9quip\u00e9es<\/span><\/strong><\/p>\n<p class=\"p1\"><span class=\"s2\">Le projet concernera cinq zones strat\u00e9giques , <\/span><span class=\"s1\">Ouahigouya, Ziniar\u00e9, Kaya, Dori et Fada N\u2019Gourma, <\/span><span class=\"s2\">qui recevront des \u00e9quipements et engins destin\u00e9s \u00e0 mettre en place des brigades d\u2019entretien routier d\u2019urgence. Ces unit\u00e9s seront charg\u00e9es d\u2019intervenir rapidement pour maintenir la praticabilit\u00e9 des voies, en particulier dans les zones o\u00f9 les routes jouent un r\u00f4le vital pour les populations agropastorales.<\/span><\/p>\n<p class=\"p1\"><span class=\"s2\">Le financement couvre \u00e9galement :des travaux de maintenance p\u00e9riodique programm\u00e9s jusqu\u2019en 2030 ; la construction et la r\u00e9habilitation de b\u00e2timents techniques, ateliers et garages ; le renforcement des dispositifs de gestion du patrimoine routier.<\/span><\/p>\n<p class=\"p1\"><strong><span class=\"s1\">Un soutien align\u00e9 sur la strat\u00e9gie Sahel et les priorit\u00e9s nationales<\/span><\/strong><\/p>\n<p class=\"p1\"><span class=\"s2\">Pour la Banque africaine de d\u00e9veloppement, cette op\u00e9ration renforce son r\u00f4le majeur dans le secteur des transports burkinab\u00e8, qui constitue la premi\u00e8re composante de son portefeuille d\u2019investissements publics dans le pays. L\u2019institution rappelle que cette intervention cadre avec son <\/span><span class=\"s1\">initiative sp\u00e9ciale pour le Sahel<\/span><span class=\"s2\">, visant \u00e0 am\u00e9liorer la connectivit\u00e9, favoriser la stabilit\u00e9 et stimuler le d\u00e9veloppement \u00e9conomique dans une r\u00e9gion fortement confront\u00e9e aux d\u00e9fis s\u00e9curitaires.<\/span><\/p>\n<p class=\"p1\"><span class=\"s2\">Elle s\u2019inscrit \u00e9galement dans les orientations du <\/span><span class=\"s1\">Document de strat\u00e9gie pays 2022-2026<\/span><span class=\"s2\">, qui met l\u2019accent sur l\u2019acc\u00e8s des populations vuln\u00e9rables aux services essentiels, l&rsquo;int\u00e9gration \u00e9conomique et la cr\u00e9ation d\u2019opportunit\u00e9s locales.<\/span><\/p>\n<p class=\"p1\"><span class=\"s1\">Un impact attendu sur l\u2019\u00e9conomie et les communaut\u00e9s rurales<\/span><\/p>\n<p class=\"p1\"><span class=\"s2\">En renfor\u00e7ant les capacit\u00e9s op\u00e9rationnelles du r\u00e9seau routier et en am\u00e9liorant la mobilit\u00e9 dans des zones enclav\u00e9es, le projet devrait stimuler les \u00e9changes commerciaux, faciliter l\u2019acc\u00e8s aux march\u00e9s et soutenir la transformation structurelle de l\u2019\u00e9conomie burkinab\u00e8. Les b\u00e9n\u00e9fices attendus vont au-del\u00e0 des infrastructures : ils touchent la s\u00e9curit\u00e9, la r\u00e9silience et les perspectives de d\u00e9veloppement durable pour des millions de personnes.<\/span><\/p>\n<p class=\"p1\"><span class=\"s2\">Pour les communaut\u00e9s rurales comme pour les acteurs \u00e9conomiques, cette initiative repr\u00e9sente une avanc\u00e9e majeure vers un Burkina Faso mieux connect\u00e9, plus dynamique et plus r\u00e9silient.<\/span><\/p>\n","protected":false},"excerpt":{"rendered":"<p>Le Burkina Faso b\u00e9n\u00e9ficiera d\u2019un important appui financier pour renforcer et moderniser son r\u00e9seau de<\/p>\n","protected":false},"author":2,"featured_media":3176,"comment_status":"open","ping_status":"open","sticky":false,"template":"","format":"standard","meta":{"_et_pb_use_builder":"","_et_pb_old_content":"","_et_gb_content_width":"","footnotes":""},"categories":[8],"tags":[],"class_list":["post-3174","post","type-post","status-publish","format-standard","has-post-thumbnail","hentry","category-developpement"],"yoast_head":"<!-- This site is optimized with the Yoast SEO plugin v27.5 - https:\/\/yoast.com\/product\/yoast-seo-wordpress\/ -->\n<title>Burkina Faso : un pr\u00eat de 70,34 millions d\u2019euros pour moderniser le r\u00e9seau routier - Vox Sahel<\/title>\n<meta name=\"robots\" content=\"index, follow, max-snippet:-1, max-image-preview:large, max-video-preview:-1\" \/>\n<link rel=\"canonical\" href=\"https:\/\/voxsahel.com\/?p=3174\" \/>\n<meta property=\"og:locale\" content=\"fr_FR\" \/>\n<meta property=\"og:type\" content=\"article\" \/>\n<meta property=\"og:title\" content=\"Burkina Faso : un pr\u00eat de 70,34 millions d\u2019euros pour moderniser le r\u00e9seau routier - Vox Sahel\" \/>\n<meta property=\"og:description\" content=\"Le Burkina Faso b\u00e9n\u00e9ficiera d\u2019un important appui financier pour renforcer et moderniser son r\u00e9seau de\" \/>\n<meta property=\"og:url\" content=\"https:\/\/voxsahel.com\/?p=3174\" \/>\n<meta property=\"og:site_name\" content=\"Vox Sahel\" \/>\n<meta property=\"article:publisher\" content=\"https:\/\/www.facebook.com\/journal.voxsahel\" \/>\n<meta property=\"article:published_time\" content=\"2025-12-11T19:08:11+00:00\" \/>\n<meta property=\"og:image\" content=\"https:\/\/voxsahel.com\/wp-content\/uploads\/2025\/12\/IMG_3653.jpeg\" \/>\n\t<meta property=\"og:image:width\" content=\"1290\" \/>\n\t<meta property=\"og:image:height\" content=\"934\" \/>\n\t<meta property=\"og:image:type\" content=\"image\/jpeg\" \/>\n<meta name=\"author\" content=\"Vox Sahel\" \/>\n<meta name=\"twitter:card\" content=\"summary_large_image\" \/>\n<meta name=\"twitter:label1\" content=\"\u00c9crit par\" \/>\n\t<meta name=\"twitter:data1\" content=\"Vox Sahel\" \/>\n\t<meta name=\"twitter:label2\" content=\"Dur\u00e9e de lecture estim\u00e9e\" \/>\n\t<meta name=\"twitter:data2\" content=\"3 minutes\" \/>\n<script type=\"application\/ld+json\" class=\"yoast-schema-graph\">{\"@context\":\"https:\\\/\\\/schema.org\",\"@graph\":[{\"@type\":\"Article\",\"@id\":\"https:\\\/\\\/voxsahel.com\\\/?p=3174#article\",\"isPartOf\":{\"@id\":\"https:\\\/\\\/voxsahel.com\\\/?p=3174\"},\"author\":{\"name\":\"Vox Sahel\",\"@id\":\"https:\\\/\\\/voxsahel.com\\\/#\\\/schema\\\/person\\\/b4043608248f8fa227cd760e7ff1e19e\"},\"headline\":\"Burkina Faso : un pr\u00eat de 70,34 millions d\u2019euros pour moderniser le r\u00e9seau routier\",\"datePublished\":\"2025-12-11T19:08:11+00:00\",\"mainEntityOfPage\":{\"@id\":\"https:\\\/\\\/voxsahel.com\\\/?p=3174\"},\"wordCount\":508,\"commentCount\":0,\"publisher\":{\"@id\":\"https:\\\/\\\/voxsahel.com\\\/#organization\"},\"image\":{\"@id\":\"https:\\\/\\\/voxsahel.com\\\/?p=3174#primaryimage\"},\"thumbnailUrl\":\"https:\\\/\\\/voxsahel.com\\\/wp-content\\\/uploads\\\/2025\\\/12\\\/IMG_3653.jpeg\",\"articleSection\":[\"DEVELOPPEMENT\"],\"inLanguage\":\"fr-FR\",\"potentialAction\":[{\"@type\":\"CommentAction\",\"name\":\"Comment\",\"target\":[\"https:\\\/\\\/voxsahel.com\\\/?p=3174#respond\"]}]},{\"@type\":\"WebPage\",\"@id\":\"https:\\\/\\\/voxsahel.com\\\/?p=3174\",\"url\":\"https:\\\/\\\/voxsahel.com\\\/?p=3174\",\"name\":\"Burkina Faso : un pr\u00eat de 70,34 millions d\u2019euros pour moderniser le r\u00e9seau routier - Vox Sahel\",\"isPartOf\":{\"@id\":\"https:\\\/\\\/voxsahel.com\\\/#website\"},\"primaryImageOfPage\":{\"@id\":\"https:\\\/\\\/voxsahel.com\\\/?p=3174#primaryimage\"},\"image\":{\"@id\":\"https:\\\/\\\/voxsahel.com\\\/?p=3174#primaryimage\"},\"thumbnailUrl\":\"https:\\\/\\\/voxsahel.com\\\/wp-content\\\/uploads\\\/2025\\\/12\\\/IMG_3653.jpeg\",\"datePublished\":\"2025-12-11T19:08:11+00:00\",\"breadcrumb\":{\"@id\":\"https:\\\/\\\/voxsahel.com\\\/?p=3174#breadcrumb\"},\"inLanguage\":\"fr-FR\",\"potentialAction\":[{\"@type\":\"ReadAction\",\"target\":[\"https:\\\/\\\/voxsahel.com\\\/?p=3174\"]}]},{\"@type\":\"ImageObject\",\"inLanguage\":\"fr-FR\",\"@id\":\"https:\\\/\\\/voxsahel.com\\\/?p=3174#primaryimage\",\"url\":\"https:\\\/\\\/voxsahel.com\\\/wp-content\\\/uploads\\\/2025\\\/12\\\/IMG_3653.jpeg\",\"contentUrl\":\"https:\\\/\\\/voxsahel.com\\\/wp-content\\\/uploads\\\/2025\\\/12\\\/IMG_3653.jpeg\",\"width\":1290,\"height\":934,\"caption\":\"Screenshot\"},{\"@type\":\"BreadcrumbList\",\"@id\":\"https:\\\/\\\/voxsahel.com\\\/?p=3174#breadcrumb\",\"itemListElement\":[{\"@type\":\"ListItem\",\"position\":1,\"name\":\"Home\",\"item\":\"https:\\\/\\\/voxsahel.com\\\/\"},{\"@type\":\"ListItem\",\"position\":2,\"name\":\"Burkina Faso : un pr\u00eat de 70,34 millions d\u2019euros pour moderniser le r\u00e9seau routier\"}]},{\"@type\":\"WebSite\",\"@id\":\"https:\\\/\\\/voxsahel.com\\\/#website\",\"url\":\"https:\\\/\\\/voxsahel.com\\\/\",\"name\":\"Vox Sahel\",\"description\":\"Informez-vous sur le Sahel en un clic\",\"publisher\":{\"@id\":\"https:\\\/\\\/voxsahel.com\\\/#organization\"},\"potentialAction\":[{\"@type\":\"SearchAction\",\"target\":{\"@type\":\"EntryPoint\",\"urlTemplate\":\"https:\\\/\\\/voxsahel.com\\\/?s={search_term_string}\"},\"query-input\":{\"@type\":\"PropertyValueSpecification\",\"valueRequired\":true,\"valueName\":\"search_term_string\"}}],\"inLanguage\":\"fr-FR\"},{\"@type\":\"Organization\",\"@id\":\"https:\\\/\\\/voxsahel.com\\\/#organization\",\"name\":\"Vox Sahel\",\"url\":\"https:\\\/\\\/voxsahel.com\\\/\",\"logo\":{\"@type\":\"ImageObject\",\"inLanguage\":\"fr-FR\",\"@id\":\"https:\\\/\\\/voxsahel.com\\\/#\\\/schema\\\/logo\\\/image\\\/\",\"url\":\"https:\\\/\\\/voxsahel.com\\\/wp-content\\\/uploads\\\/2024\\\/09\\\/Logo-Vox-Sahel.jpg\",\"contentUrl\":\"https:\\\/\\\/voxsahel.com\\\/wp-content\\\/uploads\\\/2024\\\/09\\\/Logo-Vox-Sahel.jpg\",\"width\":1181,\"height\":848,\"caption\":\"Vox Sahel\"},\"image\":{\"@id\":\"https:\\\/\\\/voxsahel.com\\\/#\\\/schema\\\/logo\\\/image\\\/\"},\"sameAs\":[\"https:\\\/\\\/www.facebook.com\\\/journal.voxsahel\"]},{\"@type\":\"Person\",\"@id\":\"https:\\\/\\\/voxsahel.com\\\/#\\\/schema\\\/person\\\/b4043608248f8fa227cd760e7ff1e19e\",\"name\":\"Vox Sahel\",\"image\":{\"@type\":\"ImageObject\",\"inLanguage\":\"fr-FR\",\"@id\":\"https:\\\/\\\/secure.gravatar.com\\\/avatar\\\/f70e7fa0cb9b29d4a7c5788d6eb2e9ab4d3135cbae1c9161810fdf77a8964699?s=96&d=mm&r=g\",\"url\":\"https:\\\/\\\/secure.gravatar.com\\\/avatar\\\/f70e7fa0cb9b29d4a7c5788d6eb2e9ab4d3135cbae1c9161810fdf77a8964699?s=96&d=mm&r=g\",\"contentUrl\":\"https:\\\/\\\/secure.gravatar.com\\\/avatar\\\/f70e7fa0cb9b29d4a7c5788d6eb2e9ab4d3135cbae1c9161810fdf77a8964699?s=96&d=mm&r=g\",\"caption\":\"Vox Sahel\"},\"sameAs\":[\"http:\\\/\\\/www.voxsahel.com\"],\"url\":\"https:\\\/\\\/voxsahel.com\\\/?author=2\"}]}<\/script>\n<!-- \/ Yoast SEO plugin. -->","yoast_head_json":{"title":"Burkina Faso : un pr\u00eat de 70,34 millions d\u2019euros pour moderniser le r\u00e9seau routier - Vox Sahel","robots":{"index":"index","follow":"follow","max-snippet":"max-snippet:-1","max-image-preview":"max-image-preview:large","max-video-preview":"max-video-preview:-1"},"canonical":"https:\/\/voxsahel.com\/?p=3174","og_locale":"fr_FR","og_type":"article","og_title":"Burkina Faso : un pr\u00eat de 70,34 millions d\u2019euros pour moderniser le r\u00e9seau routier - Vox Sahel","og_description":"Le Burkina Faso b\u00e9n\u00e9ficiera d\u2019un important appui financier pour renforcer et moderniser son r\u00e9seau de","og_url":"https:\/\/voxsahel.com\/?p=3174","og_site_name":"Vox Sahel","article_publisher":"https:\/\/www.facebook.com\/journal.voxsahel","article_published_time":"2025-12-11T19:08:11+00:00","og_image":[{"width":1290,"height":934,"url":"https:\/\/voxsahel.com\/wp-content\/uploads\/2025\/12\/IMG_3653.jpeg","type":"image\/jpeg"}],"author":"Vox Sahel","twitter_card":"summary_large_image","twitter_misc":{"\u00c9crit par":"Vox Sahel","Dur\u00e9e de lecture estim\u00e9e":"3 minutes"},"schema":{"@context":"https:\/\/schema.org","@graph":[{"@type":"Article","@id":"https:\/\/voxsahel.com\/?p=3174#article","isPartOf":{"@id":"https:\/\/voxsahel.com\/?p=3174"},"author":{"name":"Vox Sahel","@id":"https:\/\/voxsahel.com\/#\/schema\/person\/b4043608248f8fa227cd760e7ff1e19e"},"headline":"Burkina Faso : un pr\u00eat de 70,34 millions d\u2019euros pour moderniser le r\u00e9seau routier","datePublished":"2025-12-11T19:08:11+00:00","mainEntityOfPage":{"@id":"https:\/\/voxsahel.com\/?p=3174"},"wordCount":508,"commentCount":0,"publisher":{"@id":"https:\/\/voxsahel.com\/#organization"},"image":{"@id":"https:\/\/voxsahel.com\/?p=3174#primaryimage"},"thumbnailUrl":"https:\/\/voxsahel.com\/wp-content\/uploads\/2025\/12\/IMG_3653.jpeg","articleSection":["DEVELOPPEMENT"],"inLanguage":"fr-FR","potentialAction":[{"@type":"CommentAction","name":"Comment","target":["https:\/\/voxsahel.com\/?p=3174#respond"]}]},{"@type":"WebPage","@id":"https:\/\/voxsahel.com\/?p=3174","url":"https:\/\/voxsahel.com\/?p=3174","name":"Burkina Faso : un pr\u00eat de 70,34 millions d\u2019euros pour moderniser le r\u00e9seau routier - Vox Sahel","isPartOf":{"@id":"https:\/\/voxsahel.com\/#website"},"primaryImageOfPage":{"@id":"https:\/\/voxsahel.com\/?p=3174#primaryimage"},"image":{"@id":"https:\/\/voxsahel.com\/?p=3174#primaryimage"},"thumbnailUrl":"https:\/\/voxsahel.com\/wp-content\/uploads\/2025\/12\/IMG_3653.jpeg","datePublished":"2025-12-11T19:08:11+00:00","breadcrumb":{"@id":"https:\/\/voxsahel.com\/?p=3174#breadcrumb"},"inLanguage":"fr-FR","potentialAction":[{"@type":"ReadAction","target":["https:\/\/voxsahel.com\/?p=3174"]}]},{"@type":"ImageObject","inLanguage":"fr-FR","@id":"https:\/\/voxsahel.com\/?p=3174#primaryimage","url":"https:\/\/voxsahel.com\/wp-content\/uploads\/2025\/12\/IMG_3653.jpeg","contentUrl":"https:\/\/voxsahel.com\/wp-content\/uploads\/2025\/12\/IMG_3653.jpeg","width":1290,"height":934,"caption":"Screenshot"},{"@type":"BreadcrumbList","@id":"https:\/\/voxsahel.com\/?p=3174#breadcrumb","itemListElement":[{"@type":"ListItem","position":1,"name":"Home","item":"https:\/\/voxsahel.com\/"},{"@type":"ListItem","position":2,"name":"Burkina Faso : un pr\u00eat de 70,34 millions d\u2019euros pour moderniser le r\u00e9seau routier"}]},{"@type":"WebSite","@id":"https:\/\/voxsahel.com\/#website","url":"https:\/\/voxsahel.com\/","name":"Vox Sahel","description":"Informez-vous sur le Sahel en un clic","publisher":{"@id":"https:\/\/voxsahel.com\/#organization"},"potentialAction":[{"@type":"SearchAction","target":{"@type":"EntryPoint","urlTemplate":"https:\/\/voxsahel.com\/?s={search_term_string}"},"query-input":{"@type":"PropertyValueSpecification","valueRequired":true,"valueName":"search_term_string"}}],"inLanguage":"fr-FR"},{"@type":"Organization","@id":"https:\/\/voxsahel.com\/#organization","name":"Vox Sahel","url":"https:\/\/voxsahel.com\/","logo":{"@type":"ImageObject","inLanguage":"fr-FR","@id":"https:\/\/voxsahel.com\/#\/schema\/logo\/image\/","url":"https:\/\/voxsahel.com\/wp-content\/uploads\/2024\/09\/Logo-Vox-Sahel.jpg","contentUrl":"https:\/\/voxsahel.com\/wp-content\/uploads\/2024\/09\/Logo-Vox-Sahel.jpg","width":1181,"height":848,"caption":"Vox Sahel"},"image":{"@id":"https:\/\/voxsahel.com\/#\/schema\/logo\/image\/"},"sameAs":["https:\/\/www.facebook.com\/journal.voxsahel"]},{"@type":"Person","@id":"https:\/\/voxsahel.com\/#\/schema\/person\/b4043608248f8fa227cd760e7ff1e19e","name":"Vox Sahel","image":{"@type":"ImageObject","inLanguage":"fr-FR","@id":"https:\/\/secure.gravatar.com\/avatar\/f70e7fa0cb9b29d4a7c5788d6eb2e9ab4d3135cbae1c9161810fdf77a8964699?s=96&d=mm&r=g","url":"https:\/\/secure.gravatar.com\/avatar\/f70e7fa0cb9b29d4a7c5788d6eb2e9ab4d3135cbae1c9161810fdf77a8964699?s=96&d=mm&r=g","contentUrl":"https:\/\/secure.gravatar.com\/avatar\/f70e7fa0cb9b29d4a7c5788d6eb2e9ab4d3135cbae1c9161810fdf77a8964699?s=96&d=mm&r=g","caption":"Vox Sahel"},"sameAs":["http:\/\/www.voxsahel.com"],"url":"https:\/\/voxsahel.com\/?author=2"}]}},"_links":{"self":[{"href":"https:\/\/voxsahel.com\/index.php?rest_route=\/wp\/v2\/posts\/3174","targetHints":{"allow":["GET"]}}],"collection":[{"href":"https:\/\/voxsahel.com\/index.php?rest_route=\/wp\/v2\/posts"}],"about":[{"href":"https:\/\/voxsahel.com\/index.php?rest_route=\/wp\/v2\/types\/post"}],"author":[{"embeddable":true,"href":"https:\/\/voxsahel.com\/index.php?rest_route=\/wp\/v2\/users\/2"}],"replies":[{"embeddable":true,"href":"https:\/\/voxsahel.com\/index.php?rest_route=%2Fwp%2Fv2%2Fcomments&post=3174"}],"version-history":[{"count":1,"href":"https:\/\/voxsahel.com\/index.php?rest_route=\/wp\/v2\/posts\/3174\/revisions"}],"predecessor-version":[{"id":3177,"href":"https:\/\/voxsahel.com\/index.php?rest_route=\/wp\/v2\/posts\/3174\/revisions\/3177"}],"wp:featuredmedia":[{"embeddable":true,"href":"https:\/\/voxsahel.com\/index.php?rest_route=\/wp\/v2\/media\/3176"}],"wp:attachment":[{"href":"https:\/\/voxsahel.com\/index.php?rest_route=%2Fwp%2Fv2%2Fmedia&parent=3174"}],"wp:term":[{"taxonomy":"category","embeddable":true,"href":"https:\/\/voxsahel.com\/index.php?rest_route=%2Fwp%2Fv2%2Fcategories&post=3174"},{"taxonomy":"post_tag","embeddable":true,"href":"https:\/\/voxsahel.com\/index.php?rest_route=%2Fwp%2Fv2%2Ftags&post=3174"}],"curies":[{"name":"wp","href":"https:\/\/api.w.org\/{rel}","templated":true}]}}