{"id":3148,"date":"2025-12-02T11:11:30","date_gmt":"2025-12-02T11:11:30","guid":{"rendered":"https:\/\/voxsahel.com\/?p=3148"},"modified":"2025-12-02T11:18:32","modified_gmt":"2025-12-02T11:18:32","slug":"decrypt-afrique-de-louest-la-cedeao-de-plus-en-plus-fragilisee","status":"publish","type":"post","link":"https:\/\/voxsahel.com\/?p=3148","title":{"rendered":"DECRYPT\/Afrique de l\u2019Ouest : la CEDEAO de plus en plus fragilis\u00e9e"},"content":{"rendered":"<p>Le retrait r\u00e9cent du Burkina Faso, du Mali et du Niger de la Communaut\u00e9 \u00e9conomique des \u00c9tats de l\u2019Afrique de l\u2019Ouest (CEDEAO) marque un tournant majeur dans l\u2019\u00e9volution g\u00e9opolitique de la r\u00e9gion sah\u00e9lienne et ouest-africaine. La CEDEAO, cr\u00e9\u00e9e en 1975, a pour objectif principal de promouvoir l\u2019int\u00e9gration \u00e9conomique, la stabilit\u00e9 politique et la coop\u00e9ration s\u00e9curitaire entre ses quinze \u00c9tats membres. Elle dispose de m\u00e9canismes contraignants, tels que des sanctions \u00e9conomiques et des interventions diplomatiques, pour encourager la d\u00e9mocratie et la paix. Cependant, la d\u00e9cision des trois pays de quitter l\u2019organisation met en lumi\u00e8re les limites de ces m\u00e9canismes face \u00e0 des gouvernements fragilis\u00e9s par l\u2019ins\u00e9curit\u00e9 persistante.<\/p>\n<p><span style=\"color: #ff0000;\"><strong>A LIRE AUSSI : <a style=\"color: #ff0000;\" href=\"https:\/\/voxsahel.com\/?p=1311\">Sortie effective du Burkina Faso, du Niger et du Mali de la CEDEAO : Pourvu que l\u2019int\u00e9gration des populations soit toujours une r\u00e9alit\u00e9<\/a><\/strong><\/span><\/p>\n<p>La cr\u00e9ation simultan\u00e9e d\u2019une conf\u00e9d\u00e9ration au sein de l\u2019Alliance des \u00c9tats du Sahel illustre un basculement vers une logique r\u00e9gionale alternative, centr\u00e9e sur la coop\u00e9ration militaire et s\u00e9curitaire pour faire face \u00e0 la menace croissante du terrorisme. Le Sahel, marqu\u00e9 par des violences end\u00e9miques et la pr\u00e9sence active de groupes arm\u00e9s, devient un terrain o\u00f9 la diplomatie traditionnelle de la CEDEAO semble impuissante. Les forces de l\u2019Alliance des \u00c9tats du Sahel pourraient offrir une r\u00e9ponse plus directe aux crises locales, mais cette initiative soul\u00e8ve \u00e9galement des questions sur la viabilit\u00e9 \u00e9conomique, la l\u00e9gitimit\u00e9 internationale et le risque d\u2019isolement face aux partenaires ouest-africains et internationaux.<\/p>\n<p><span style=\"color: #ff0000;\"><strong>A LIRE AUSSI : <span style=\"color: #ff0000;\"><a style=\"color: #ff0000;\" href=\"https:\/\/voxsahel.com\/?p=2031\">Rencontre AES-CEDEAO \u00c0 Bamako : Ouverture d\u2019un nouveau chapitre des relations dans la sous r\u00e9gion ouest-africaine<\/a><\/span><\/strong><\/span><\/p>\n<p>La crise s\u00e9curitaire au Nigeria, avec l\u2019essor de groupes terroristes comme Boko Haram et l\u2019\u00c9tat islamique en Afrique de l\u2019Ouest, illustre l\u2019ampleur du d\u00e9fi. Le pays, pivot \u00e9conomique et d\u00e9mographique de la r\u00e9gion, subit des attaques quasi quotidiennes, mettant \u00e0 l\u2019\u00e9preuve non seulement ses forces de s\u00e9curit\u00e9, mais aussi la capacit\u00e9 de la CEDEAO \u00e0 coordonner une r\u00e9ponse collective efficace. De mani\u00e8re similaire, les coups d\u2019\u00c9tat r\u00e9cents, comme celui en Guin\u00e9e-Bissau, t\u00e9moignent d\u2019une instabilit\u00e9 politique croissante dans la r\u00e9gion et fragilisent encore davantage le cadre institutionnel ouest-africain.<\/p>\n<p><span style=\"color: #ff0000;\"><strong>A LIRE AUSSI :\u00a0 <a style=\"color: #ff0000;\" href=\"https:\/\/voxsahel.com\/?p=1338\">AES face \u00e0 la CEDEAO : Quels leviers \u00e9conomiques pour att\u00e9nuer l\u2019impact du retrait ?<\/a><\/strong><\/span><\/p>\n<p>Le terrorisme dans les pays de l\u2019Ouest du continent africain, notamment au Mali, au Burkina Faso et au Niger, exacerbe cette dynamique. La population est confront\u00e9e \u00e0 des d\u00e9placements massifs, \u00e0 des attaques contre les civils et \u00e0 l\u2019affaiblissement des structures \u00e9tatiques. Dans ce contexte, le retrait du Burkina Faso, du Mali et du Niger de la CEDEAO pourrait acc\u00e9l\u00e9rer un isolement politique et \u00e9conomique, rendant la route vers la marginalisation quasi in\u00e9vitable. La CEDEAO, qui s\u2019est historiquement appuy\u00e9e sur la coop\u00e9ration et la sanction pour r\u00e9guler les crises, se retrouve face \u00e0 un dilemme strat\u00e9gique : poursuivre son r\u00f4le d\u2019organisation panafricaine ou assister \u00e0 la fragmentation d\u2019un bloc r\u00e9gional crucial pour la stabilit\u00e9 du continent.<\/p>\n<p><strong><span style=\"color: #ff0000;\">A LIRE AUSSI :\u00a0 <a style=\"color: #ff0000;\" href=\"https:\/\/voxsahel.com\/?p=1316\">Sortie de l\u2019AES de la CEDEAO : Enjeux et perspectives d\u2019une nouvelle \u00e8re \u00e9conomique<\/a><\/span><\/strong><\/p>\n<p>En somme, ces \u00e9v\u00e9nements posent une question cruciale : la CEDEAO pourra-t-elle maintenir son influence et son r\u00f4le stabilisateur, ou est-elle en train de glisser vers une impuissance progressive, laissant la voie libre \u00e0 des alliances r\u00e9gionales plus militaris\u00e9es mais politiquement fragiles\u202f? L\u2019avenir du Sahel et de l\u2019Afrique de l\u2019Ouest semble suspendu \u00e0 la capacit\u00e9 des \u00c9tats de la r\u00e9gion \u00e0 concilier souverainet\u00e9 nationale, coop\u00e9ration r\u00e9gionale et lutte contre le terrorisme.<\/p>\n<p style=\"text-align: right;\"><strong>Par Vox Sahel\u00a0<\/strong><\/p>\n","protected":false},"excerpt":{"rendered":"<p>Le retrait r\u00e9cent du Burkina Faso, du Mali et du Niger de la Communaut\u00e9 \u00e9conomique<\/p>\n","protected":false},"author":2,"featured_media":3149,"comment_status":"open","ping_status":"open","sticky":false,"template":"","format":"standard","meta":{"_et_pb_use_builder":"","_et_pb_old_content":"","_et_gb_content_width":"","footnotes":""},"categories":[1],"tags":[61,51,289],"class_list":["post-3148","post","type-post","status-publish","format-standard","has-post-thumbnail","hentry","category-faits-divers","tag-aes","tag-afrique","tag-cedeao"],"yoast_head":"<!-- This site is optimized with the Yoast SEO plugin v27.5 - https:\/\/yoast.com\/product\/yoast-seo-wordpress\/ -->\n<title>DECRYPT\/Afrique de l\u2019Ouest : la CEDEAO de plus en plus fragilis\u00e9e - Vox Sahel<\/title>\n<meta name=\"robots\" content=\"index, follow, max-snippet:-1, max-image-preview:large, max-video-preview:-1\" \/>\n<link rel=\"canonical\" href=\"https:\/\/voxsahel.com\/?p=3148\" \/>\n<meta property=\"og:locale\" content=\"fr_FR\" \/>\n<meta property=\"og:type\" content=\"article\" \/>\n<meta property=\"og:title\" content=\"DECRYPT\/Afrique de l\u2019Ouest : la CEDEAO de plus en plus fragilis\u00e9e - Vox Sahel\" \/>\n<meta property=\"og:description\" content=\"Le retrait r\u00e9cent du Burkina Faso, du Mali et du Niger de la Communaut\u00e9 \u00e9conomique\" \/>\n<meta property=\"og:url\" content=\"https:\/\/voxsahel.com\/?p=3148\" \/>\n<meta property=\"og:site_name\" content=\"Vox Sahel\" \/>\n<meta property=\"article:publisher\" content=\"https:\/\/www.facebook.com\/journal.voxsahel\" \/>\n<meta property=\"article:published_time\" content=\"2025-12-02T11:11:30+00:00\" \/>\n<meta property=\"article:modified_time\" content=\"2025-12-02T11:18:32+00:00\" \/>\n<meta property=\"og:image\" content=\"https:\/\/voxsahel.com\/wp-content\/uploads\/2025\/12\/CEDEAO-VOX-SAHEL.jpeg\" \/>\n\t<meta property=\"og:image:width\" content=\"708\" \/>\n\t<meta property=\"og:image:height\" content=\"398\" \/>\n\t<meta property=\"og:image:type\" content=\"image\/jpeg\" \/>\n<meta name=\"author\" content=\"Vox Sahel\" \/>\n<meta name=\"twitter:card\" content=\"summary_large_image\" \/>\n<meta name=\"twitter:label1\" content=\"\u00c9crit par\" \/>\n\t<meta name=\"twitter:data1\" content=\"Vox Sahel\" \/>\n\t<meta name=\"twitter:label2\" content=\"Dur\u00e9e de lecture estim\u00e9e\" \/>\n\t<meta name=\"twitter:data2\" content=\"4 minutes\" \/>\n<script type=\"application\/ld+json\" class=\"yoast-schema-graph\">{\"@context\":\"https:\\\/\\\/schema.org\",\"@graph\":[{\"@type\":\"Article\",\"@id\":\"https:\\\/\\\/voxsahel.com\\\/?p=3148#article\",\"isPartOf\":{\"@id\":\"https:\\\/\\\/voxsahel.com\\\/?p=3148\"},\"author\":{\"name\":\"Vox Sahel\",\"@id\":\"https:\\\/\\\/voxsahel.com\\\/#\\\/schema\\\/person\\\/b4043608248f8fa227cd760e7ff1e19e\"},\"headline\":\"DECRYPT\\\/Afrique de l\u2019Ouest : la CEDEAO de plus en plus fragilis\u00e9e\",\"datePublished\":\"2025-12-02T11:11:30+00:00\",\"dateModified\":\"2025-12-02T11:18:32+00:00\",\"mainEntityOfPage\":{\"@id\":\"https:\\\/\\\/voxsahel.com\\\/?p=3148\"},\"wordCount\":650,\"commentCount\":0,\"publisher\":{\"@id\":\"https:\\\/\\\/voxsahel.com\\\/#organization\"},\"image\":{\"@id\":\"https:\\\/\\\/voxsahel.com\\\/?p=3148#primaryimage\"},\"thumbnailUrl\":\"https:\\\/\\\/voxsahel.com\\\/wp-content\\\/uploads\\\/2025\\\/12\\\/CEDEAO-VOX-SAHEL.jpeg\",\"keywords\":[\"AES\",\"Afrique\",\"CEDEAO\"],\"articleSection\":[\"FAITS DIVERS\"],\"inLanguage\":\"fr-FR\",\"potentialAction\":[{\"@type\":\"CommentAction\",\"name\":\"Comment\",\"target\":[\"https:\\\/\\\/voxsahel.com\\\/?p=3148#respond\"]}]},{\"@type\":\"WebPage\",\"@id\":\"https:\\\/\\\/voxsahel.com\\\/?p=3148\",\"url\":\"https:\\\/\\\/voxsahel.com\\\/?p=3148\",\"name\":\"DECRYPT\\\/Afrique de l\u2019Ouest : la CEDEAO de plus en plus fragilis\u00e9e - Vox Sahel\",\"isPartOf\":{\"@id\":\"https:\\\/\\\/voxsahel.com\\\/#website\"},\"primaryImageOfPage\":{\"@id\":\"https:\\\/\\\/voxsahel.com\\\/?p=3148#primaryimage\"},\"image\":{\"@id\":\"https:\\\/\\\/voxsahel.com\\\/?p=3148#primaryimage\"},\"thumbnailUrl\":\"https:\\\/\\\/voxsahel.com\\\/wp-content\\\/uploads\\\/2025\\\/12\\\/CEDEAO-VOX-SAHEL.jpeg\",\"datePublished\":\"2025-12-02T11:11:30+00:00\",\"dateModified\":\"2025-12-02T11:18:32+00:00\",\"breadcrumb\":{\"@id\":\"https:\\\/\\\/voxsahel.com\\\/?p=3148#breadcrumb\"},\"inLanguage\":\"fr-FR\",\"potentialAction\":[{\"@type\":\"ReadAction\",\"target\":[\"https:\\\/\\\/voxsahel.com\\\/?p=3148\"]}]},{\"@type\":\"ImageObject\",\"inLanguage\":\"fr-FR\",\"@id\":\"https:\\\/\\\/voxsahel.com\\\/?p=3148#primaryimage\",\"url\":\"https:\\\/\\\/voxsahel.com\\\/wp-content\\\/uploads\\\/2025\\\/12\\\/CEDEAO-VOX-SAHEL.jpeg\",\"contentUrl\":\"https:\\\/\\\/voxsahel.com\\\/wp-content\\\/uploads\\\/2025\\\/12\\\/CEDEAO-VOX-SAHEL.jpeg\",\"width\":708,\"height\":398},{\"@type\":\"BreadcrumbList\",\"@id\":\"https:\\\/\\\/voxsahel.com\\\/?p=3148#breadcrumb\",\"itemListElement\":[{\"@type\":\"ListItem\",\"position\":1,\"name\":\"Home\",\"item\":\"https:\\\/\\\/voxsahel.com\\\/\"},{\"@type\":\"ListItem\",\"position\":2,\"name\":\"DECRYPT\\\/Afrique de l\u2019Ouest : la CEDEAO de plus en plus fragilis\u00e9e\"}]},{\"@type\":\"WebSite\",\"@id\":\"https:\\\/\\\/voxsahel.com\\\/#website\",\"url\":\"https:\\\/\\\/voxsahel.com\\\/\",\"name\":\"Vox Sahel\",\"description\":\"Informez-vous sur le Sahel en un clic\",\"publisher\":{\"@id\":\"https:\\\/\\\/voxsahel.com\\\/#organization\"},\"potentialAction\":[{\"@type\":\"SearchAction\",\"target\":{\"@type\":\"EntryPoint\",\"urlTemplate\":\"https:\\\/\\\/voxsahel.com\\\/?s={search_term_string}\"},\"query-input\":{\"@type\":\"PropertyValueSpecification\",\"valueRequired\":true,\"valueName\":\"search_term_string\"}}],\"inLanguage\":\"fr-FR\"},{\"@type\":\"Organization\",\"@id\":\"https:\\\/\\\/voxsahel.com\\\/#organization\",\"name\":\"Vox Sahel\",\"url\":\"https:\\\/\\\/voxsahel.com\\\/\",\"logo\":{\"@type\":\"ImageObject\",\"inLanguage\":\"fr-FR\",\"@id\":\"https:\\\/\\\/voxsahel.com\\\/#\\\/schema\\\/logo\\\/image\\\/\",\"url\":\"https:\\\/\\\/voxsahel.com\\\/wp-content\\\/uploads\\\/2024\\\/09\\\/Logo-Vox-Sahel.jpg\",\"contentUrl\":\"https:\\\/\\\/voxsahel.com\\\/wp-content\\\/uploads\\\/2024\\\/09\\\/Logo-Vox-Sahel.jpg\",\"width\":1181,\"height\":848,\"caption\":\"Vox Sahel\"},\"image\":{\"@id\":\"https:\\\/\\\/voxsahel.com\\\/#\\\/schema\\\/logo\\\/image\\\/\"},\"sameAs\":[\"https:\\\/\\\/www.facebook.com\\\/journal.voxsahel\"]},{\"@type\":\"Person\",\"@id\":\"https:\\\/\\\/voxsahel.com\\\/#\\\/schema\\\/person\\\/b4043608248f8fa227cd760e7ff1e19e\",\"name\":\"Vox Sahel\",\"image\":{\"@type\":\"ImageObject\",\"inLanguage\":\"fr-FR\",\"@id\":\"https:\\\/\\\/secure.gravatar.com\\\/avatar\\\/f70e7fa0cb9b29d4a7c5788d6eb2e9ab4d3135cbae1c9161810fdf77a8964699?s=96&d=mm&r=g\",\"url\":\"https:\\\/\\\/secure.gravatar.com\\\/avatar\\\/f70e7fa0cb9b29d4a7c5788d6eb2e9ab4d3135cbae1c9161810fdf77a8964699?s=96&d=mm&r=g\",\"contentUrl\":\"https:\\\/\\\/secure.gravatar.com\\\/avatar\\\/f70e7fa0cb9b29d4a7c5788d6eb2e9ab4d3135cbae1c9161810fdf77a8964699?s=96&d=mm&r=g\",\"caption\":\"Vox Sahel\"},\"sameAs\":[\"http:\\\/\\\/www.voxsahel.com\"],\"url\":\"https:\\\/\\\/voxsahel.com\\\/?author=2\"}]}<\/script>\n<!-- \/ Yoast SEO plugin. -->","yoast_head_json":{"title":"DECRYPT\/Afrique de l\u2019Ouest : la CEDEAO de plus en plus fragilis\u00e9e - Vox Sahel","robots":{"index":"index","follow":"follow","max-snippet":"max-snippet:-1","max-image-preview":"max-image-preview:large","max-video-preview":"max-video-preview:-1"},"canonical":"https:\/\/voxsahel.com\/?p=3148","og_locale":"fr_FR","og_type":"article","og_title":"DECRYPT\/Afrique de l\u2019Ouest : la CEDEAO de plus en plus fragilis\u00e9e - Vox Sahel","og_description":"Le retrait r\u00e9cent du Burkina Faso, du Mali et du Niger de la Communaut\u00e9 \u00e9conomique","og_url":"https:\/\/voxsahel.com\/?p=3148","og_site_name":"Vox Sahel","article_publisher":"https:\/\/www.facebook.com\/journal.voxsahel","article_published_time":"2025-12-02T11:11:30+00:00","article_modified_time":"2025-12-02T11:18:32+00:00","og_image":[{"width":708,"height":398,"url":"https:\/\/voxsahel.com\/wp-content\/uploads\/2025\/12\/CEDEAO-VOX-SAHEL.jpeg","type":"image\/jpeg"}],"author":"Vox Sahel","twitter_card":"summary_large_image","twitter_misc":{"\u00c9crit par":"Vox Sahel","Dur\u00e9e de lecture estim\u00e9e":"4 minutes"},"schema":{"@context":"https:\/\/schema.org","@graph":[{"@type":"Article","@id":"https:\/\/voxsahel.com\/?p=3148#article","isPartOf":{"@id":"https:\/\/voxsahel.com\/?p=3148"},"author":{"name":"Vox Sahel","@id":"https:\/\/voxsahel.com\/#\/schema\/person\/b4043608248f8fa227cd760e7ff1e19e"},"headline":"DECRYPT\/Afrique de l\u2019Ouest : la CEDEAO de plus en plus fragilis\u00e9e","datePublished":"2025-12-02T11:11:30+00:00","dateModified":"2025-12-02T11:18:32+00:00","mainEntityOfPage":{"@id":"https:\/\/voxsahel.com\/?p=3148"},"wordCount":650,"commentCount":0,"publisher":{"@id":"https:\/\/voxsahel.com\/#organization"},"image":{"@id":"https:\/\/voxsahel.com\/?p=3148#primaryimage"},"thumbnailUrl":"https:\/\/voxsahel.com\/wp-content\/uploads\/2025\/12\/CEDEAO-VOX-SAHEL.jpeg","keywords":["AES","Afrique","CEDEAO"],"articleSection":["FAITS DIVERS"],"inLanguage":"fr-FR","potentialAction":[{"@type":"CommentAction","name":"Comment","target":["https:\/\/voxsahel.com\/?p=3148#respond"]}]},{"@type":"WebPage","@id":"https:\/\/voxsahel.com\/?p=3148","url":"https:\/\/voxsahel.com\/?p=3148","name":"DECRYPT\/Afrique de l\u2019Ouest : la CEDEAO de plus en plus fragilis\u00e9e - Vox Sahel","isPartOf":{"@id":"https:\/\/voxsahel.com\/#website"},"primaryImageOfPage":{"@id":"https:\/\/voxsahel.com\/?p=3148#primaryimage"},"image":{"@id":"https:\/\/voxsahel.com\/?p=3148#primaryimage"},"thumbnailUrl":"https:\/\/voxsahel.com\/wp-content\/uploads\/2025\/12\/CEDEAO-VOX-SAHEL.jpeg","datePublished":"2025-12-02T11:11:30+00:00","dateModified":"2025-12-02T11:18:32+00:00","breadcrumb":{"@id":"https:\/\/voxsahel.com\/?p=3148#breadcrumb"},"inLanguage":"fr-FR","potentialAction":[{"@type":"ReadAction","target":["https:\/\/voxsahel.com\/?p=3148"]}]},{"@type":"ImageObject","inLanguage":"fr-FR","@id":"https:\/\/voxsahel.com\/?p=3148#primaryimage","url":"https:\/\/voxsahel.com\/wp-content\/uploads\/2025\/12\/CEDEAO-VOX-SAHEL.jpeg","contentUrl":"https:\/\/voxsahel.com\/wp-content\/uploads\/2025\/12\/CEDEAO-VOX-SAHEL.jpeg","width":708,"height":398},{"@type":"BreadcrumbList","@id":"https:\/\/voxsahel.com\/?p=3148#breadcrumb","itemListElement":[{"@type":"ListItem","position":1,"name":"Home","item":"https:\/\/voxsahel.com\/"},{"@type":"ListItem","position":2,"name":"DECRYPT\/Afrique de l\u2019Ouest : la CEDEAO de plus en plus fragilis\u00e9e"}]},{"@type":"WebSite","@id":"https:\/\/voxsahel.com\/#website","url":"https:\/\/voxsahel.com\/","name":"Vox Sahel","description":"Informez-vous sur le Sahel en un clic","publisher":{"@id":"https:\/\/voxsahel.com\/#organization"},"potentialAction":[{"@type":"SearchAction","target":{"@type":"EntryPoint","urlTemplate":"https:\/\/voxsahel.com\/?s={search_term_string}"},"query-input":{"@type":"PropertyValueSpecification","valueRequired":true,"valueName":"search_term_string"}}],"inLanguage":"fr-FR"},{"@type":"Organization","@id":"https:\/\/voxsahel.com\/#organization","name":"Vox Sahel","url":"https:\/\/voxsahel.com\/","logo":{"@type":"ImageObject","inLanguage":"fr-FR","@id":"https:\/\/voxsahel.com\/#\/schema\/logo\/image\/","url":"https:\/\/voxsahel.com\/wp-content\/uploads\/2024\/09\/Logo-Vox-Sahel.jpg","contentUrl":"https:\/\/voxsahel.com\/wp-content\/uploads\/2024\/09\/Logo-Vox-Sahel.jpg","width":1181,"height":848,"caption":"Vox Sahel"},"image":{"@id":"https:\/\/voxsahel.com\/#\/schema\/logo\/image\/"},"sameAs":["https:\/\/www.facebook.com\/journal.voxsahel"]},{"@type":"Person","@id":"https:\/\/voxsahel.com\/#\/schema\/person\/b4043608248f8fa227cd760e7ff1e19e","name":"Vox Sahel","image":{"@type":"ImageObject","inLanguage":"fr-FR","@id":"https:\/\/secure.gravatar.com\/avatar\/f70e7fa0cb9b29d4a7c5788d6eb2e9ab4d3135cbae1c9161810fdf77a8964699?s=96&d=mm&r=g","url":"https:\/\/secure.gravatar.com\/avatar\/f70e7fa0cb9b29d4a7c5788d6eb2e9ab4d3135cbae1c9161810fdf77a8964699?s=96&d=mm&r=g","contentUrl":"https:\/\/secure.gravatar.com\/avatar\/f70e7fa0cb9b29d4a7c5788d6eb2e9ab4d3135cbae1c9161810fdf77a8964699?s=96&d=mm&r=g","caption":"Vox Sahel"},"sameAs":["http:\/\/www.voxsahel.com"],"url":"https:\/\/voxsahel.com\/?author=2"}]}},"_links":{"self":[{"href":"https:\/\/voxsahel.com\/index.php?rest_route=\/wp\/v2\/posts\/3148","targetHints":{"allow":["GET"]}}],"collection":[{"href":"https:\/\/voxsahel.com\/index.php?rest_route=\/wp\/v2\/posts"}],"about":[{"href":"https:\/\/voxsahel.com\/index.php?rest_route=\/wp\/v2\/types\/post"}],"author":[{"embeddable":true,"href":"https:\/\/voxsahel.com\/index.php?rest_route=\/wp\/v2\/users\/2"}],"replies":[{"embeddable":true,"href":"https:\/\/voxsahel.com\/index.php?rest_route=%2Fwp%2Fv2%2Fcomments&post=3148"}],"version-history":[{"count":4,"href":"https:\/\/voxsahel.com\/index.php?rest_route=\/wp\/v2\/posts\/3148\/revisions"}],"predecessor-version":[{"id":3153,"href":"https:\/\/voxsahel.com\/index.php?rest_route=\/wp\/v2\/posts\/3148\/revisions\/3153"}],"wp:featuredmedia":[{"embeddable":true,"href":"https:\/\/voxsahel.com\/index.php?rest_route=\/wp\/v2\/media\/3149"}],"wp:attachment":[{"href":"https:\/\/voxsahel.com\/index.php?rest_route=%2Fwp%2Fv2%2Fmedia&parent=3148"}],"wp:term":[{"taxonomy":"category","embeddable":true,"href":"https:\/\/voxsahel.com\/index.php?rest_route=%2Fwp%2Fv2%2Fcategories&post=3148"},{"taxonomy":"post_tag","embeddable":true,"href":"https:\/\/voxsahel.com\/index.php?rest_route=%2Fwp%2Fv2%2Ftags&post=3148"}],"curies":[{"name":"wp","href":"https:\/\/api.w.org\/{rel}","templated":true}]}}