{"id":3141,"date":"2025-12-02T06:38:40","date_gmt":"2025-12-02T06:38:40","guid":{"rendered":"https:\/\/voxsahel.com\/?p=3141"},"modified":"2025-12-02T06:39:55","modified_gmt":"2025-12-02T06:39:55","slug":"exportations-burkina-lor-ecrase-tout-sur-son-passage","status":"publish","type":"post","link":"https:\/\/voxsahel.com\/?p=3141","title":{"rendered":"Exportations\/Burkina : L\u2019or \u00e9crase tout sur son passage"},"content":{"rendered":"<p class=\"p1\"><span class=\"s1\">\u00c0 fin septembre 2025, le commerce ext\u00e9rieur des biens du Burkina Faso affiche une performance remarquable. Selon les donn\u00e9es officielles, les exportations totales atteignent <\/span><span class=\"s2\">4 329,7 milliards de FCFA<\/span><span class=\"s1\">, soit une <\/span><span class=\"s2\">hausse annuelle de 78,6 %<\/span><span class=\"s1\">. Une progression exceptionnelle largement tir\u00e9e par la vigueur du secteur aurif\u00e8re.<\/span><\/p>\n<p class=\"p1\"><span class=\"s1\">La vente d\u2019<\/span><span class=\"s2\">or brut<\/span><span class=\"s1\">, principal produit d\u2019exportation du pays, conna\u00eet une envol\u00e9e de <\/span><span class=\"s2\">1 904,2 milliards de FCFA<\/span><span class=\"s1\">, repr\u00e9sentant une croissance de <\/span><span class=\"s2\">95,8 %<\/span><span class=\"s1\"> sur un an. Cette dynamique s\u2019explique principalement par la hausse significative du cours de l\u2019once sur les march\u00e9s internationaux, renfor\u00e7ant ainsi le poids du m\u00e9tal pr\u00e9cieux dans l\u2019\u00e9conomie nationale.<\/span><\/p>\n<p class=\"p1\"><span class=\"s1\">En dehors de l\u2019or, les exportations agricoles enregistrent \u00e9galement de bonnes performances. Les <\/span><span class=\"s2\">noix de cajou<\/span><span class=\"s1\">progressent de <\/span><span class=\"s2\">79,6 milliards de FCFA<\/span><span class=\"s1\"> (+133,7 %), tandis que les <\/span><span class=\"s2\">graines de s\u00e9same<\/span><span class=\"s1\"> augmentent de <\/span><span class=\"s2\">22,7 milliards de FCFA<\/span><span class=\"s1\">(+75,2 %). Ces r\u00e9sultats confirment la vigueur des fili\u00e8res de rente, malgr\u00e9 un contexte mondial marqu\u00e9 par la volatilit\u00e9 des prix.<\/span><\/p>\n<p class=\"p1\"><span class=\"s1\">\u00c0 l\u2019inverse, la fili\u00e8re coton, longtemps pilier de l\u2019\u00e9conomie burkinab\u00e8, poursuit son repli. Les exportations de coton chutent de <\/span><span class=\"s2\">63,0 milliards de FCFA<\/span><span class=\"s1\">, soit une baisse de <\/span><span class=\"s2\">40,3 %<\/span><span class=\"s1\">, sous l\u2019effet conjugu\u00e9 de difficult\u00e9s structurelles et de conditions climatiques d\u00e9favorables.<\/span><\/p>\n<p class=\"p1\"><span class=\"s2\">Une structure des exportations domin\u00e9e par les produits miniers<\/span><\/p>\n<p class=\"p1\"><span class=\"s1\">La composition des exportations continue de se transformer. \u00c0 fin septembre 2025, les <\/span><span class=\"s2\">produits miniers repr\u00e9sentent 90,0 %<\/span><span class=\"s1\"> de la valeur totale export\u00e9e, en progression de 7,8 points de pourcentage par rapport \u00e0 la m\u00eame p\u00e9riode de 2024. Cette pr\u00e9dominance confirme la d\u00e9pendance croissante de l\u2019\u00e9conomie burkinab\u00e8 vis-\u00e0-vis du secteur extractif.<\/span><\/p>\n<p class=\"p1\"><span class=\"s1\">Les <\/span><span class=\"s2\">produits primaires<\/span><span class=\"s1\"> (agricoles non transform\u00e9s) occupent la deuxi\u00e8me place avec <\/span><span class=\"s2\">7,9 %<\/span><span class=\"s1\"> des exportations, en recul de 4,9 points sur un an. Quant aux <\/span><span class=\"s2\">produits transform\u00e9s<\/span><span class=\"s1\">, leur part reste tr\u00e8s faible, \u00e0 <\/span><span class=\"s2\">2,1 %<\/span><span class=\"s1\">, et diminue encore de 2,9 points, illustrant les d\u00e9fis persistants en mati\u00e8re de transformation locale et de mont\u00e9e en cha\u00eene de valeur.<\/span><\/p>\n<p class=\"p1\" style=\"text-align: right;\"><span class=\"s1\"><b>Par Ibrahima Kaliloullah <\/b><\/span><\/p>\n","protected":false},"excerpt":{"rendered":"<p>\u00c0 fin septembre 2025, le commerce ext\u00e9rieur des biens du Burkina Faso affiche une performance<\/p>\n","protected":false},"author":2,"featured_media":3142,"comment_status":"open","ping_status":"open","sticky":false,"template":"","format":"standard","meta":{"_et_pb_use_builder":"","_et_pb_old_content":"","_et_gb_content_width":"","footnotes":""},"categories":[8],"tags":[132,18,69,73,395],"class_list":["post-3141","post","type-post","status-publish","format-standard","has-post-thumbnail","hentry","category-developpement","tag-apex-burkina","tag-burkina-faso","tag-commerce","tag-exportation","tag-or"],"yoast_head":"<!-- This site is optimized with the Yoast SEO plugin v27.5 - https:\/\/yoast.com\/product\/yoast-seo-wordpress\/ -->\n<title>Exportations\/Burkina : L\u2019or \u00e9crase tout sur son passage - Vox Sahel<\/title>\n<meta name=\"robots\" content=\"index, follow, max-snippet:-1, max-image-preview:large, max-video-preview:-1\" \/>\n<link rel=\"canonical\" href=\"https:\/\/voxsahel.com\/?p=3141\" \/>\n<meta property=\"og:locale\" content=\"fr_FR\" \/>\n<meta property=\"og:type\" content=\"article\" \/>\n<meta property=\"og:title\" content=\"Exportations\/Burkina : L\u2019or \u00e9crase tout sur son passage - Vox Sahel\" \/>\n<meta property=\"og:description\" content=\"\u00c0 fin septembre 2025, le commerce ext\u00e9rieur des biens du Burkina Faso affiche une performance\" \/>\n<meta property=\"og:url\" content=\"https:\/\/voxsahel.com\/?p=3141\" \/>\n<meta property=\"og:site_name\" content=\"Vox Sahel\" \/>\n<meta property=\"article:publisher\" content=\"https:\/\/www.facebook.com\/journal.voxsahel\" \/>\n<meta property=\"article:published_time\" content=\"2025-12-02T06:38:40+00:00\" \/>\n<meta property=\"article:modified_time\" content=\"2025-12-02T06:39:55+00:00\" \/>\n<meta property=\"og:image\" content=\"https:\/\/voxsahel.com\/wp-content\/uploads\/2025\/12\/IMG_3468.jpeg\" \/>\n\t<meta property=\"og:image:width\" content=\"474\" \/>\n\t<meta property=\"og:image:height\" content=\"265\" \/>\n\t<meta property=\"og:image:type\" content=\"image\/jpeg\" \/>\n<meta name=\"author\" content=\"Vox Sahel\" \/>\n<meta name=\"twitter:card\" content=\"summary_large_image\" \/>\n<meta name=\"twitter:label1\" content=\"\u00c9crit par\" \/>\n\t<meta name=\"twitter:data1\" content=\"Vox Sahel\" \/>\n\t<meta name=\"twitter:label2\" content=\"Dur\u00e9e de lecture estim\u00e9e\" \/>\n\t<meta name=\"twitter:data2\" content=\"2 minutes\" \/>\n<script type=\"application\/ld+json\" class=\"yoast-schema-graph\">{\"@context\":\"https:\\\/\\\/schema.org\",\"@graph\":[{\"@type\":\"Article\",\"@id\":\"https:\\\/\\\/voxsahel.com\\\/?p=3141#article\",\"isPartOf\":{\"@id\":\"https:\\\/\\\/voxsahel.com\\\/?p=3141\"},\"author\":{\"name\":\"Vox Sahel\",\"@id\":\"https:\\\/\\\/voxsahel.com\\\/#\\\/schema\\\/person\\\/b4043608248f8fa227cd760e7ff1e19e\"},\"headline\":\"Exportations\\\/Burkina : L\u2019or \u00e9crase tout sur son passage\",\"datePublished\":\"2025-12-02T06:38:40+00:00\",\"dateModified\":\"2025-12-02T06:39:55+00:00\",\"mainEntityOfPage\":{\"@id\":\"https:\\\/\\\/voxsahel.com\\\/?p=3141\"},\"wordCount\":335,\"commentCount\":0,\"publisher\":{\"@id\":\"https:\\\/\\\/voxsahel.com\\\/#organization\"},\"image\":{\"@id\":\"https:\\\/\\\/voxsahel.com\\\/?p=3141#primaryimage\"},\"thumbnailUrl\":\"https:\\\/\\\/voxsahel.com\\\/wp-content\\\/uploads\\\/2025\\\/12\\\/IMG_3468.jpeg\",\"keywords\":[\"APEX-Burkina\",\"Burkina Faso\",\"Commerce\",\"Exportation\",\"Or\"],\"articleSection\":[\"DEVELOPPEMENT\"],\"inLanguage\":\"fr-FR\",\"potentialAction\":[{\"@type\":\"CommentAction\",\"name\":\"Comment\",\"target\":[\"https:\\\/\\\/voxsahel.com\\\/?p=3141#respond\"]}]},{\"@type\":\"WebPage\",\"@id\":\"https:\\\/\\\/voxsahel.com\\\/?p=3141\",\"url\":\"https:\\\/\\\/voxsahel.com\\\/?p=3141\",\"name\":\"Exportations\\\/Burkina : L\u2019or \u00e9crase tout sur son passage - Vox Sahel\",\"isPartOf\":{\"@id\":\"https:\\\/\\\/voxsahel.com\\\/#website\"},\"primaryImageOfPage\":{\"@id\":\"https:\\\/\\\/voxsahel.com\\\/?p=3141#primaryimage\"},\"image\":{\"@id\":\"https:\\\/\\\/voxsahel.com\\\/?p=3141#primaryimage\"},\"thumbnailUrl\":\"https:\\\/\\\/voxsahel.com\\\/wp-content\\\/uploads\\\/2025\\\/12\\\/IMG_3468.jpeg\",\"datePublished\":\"2025-12-02T06:38:40+00:00\",\"dateModified\":\"2025-12-02T06:39:55+00:00\",\"breadcrumb\":{\"@id\":\"https:\\\/\\\/voxsahel.com\\\/?p=3141#breadcrumb\"},\"inLanguage\":\"fr-FR\",\"potentialAction\":[{\"@type\":\"ReadAction\",\"target\":[\"https:\\\/\\\/voxsahel.com\\\/?p=3141\"]}]},{\"@type\":\"ImageObject\",\"inLanguage\":\"fr-FR\",\"@id\":\"https:\\\/\\\/voxsahel.com\\\/?p=3141#primaryimage\",\"url\":\"https:\\\/\\\/voxsahel.com\\\/wp-content\\\/uploads\\\/2025\\\/12\\\/IMG_3468.jpeg\",\"contentUrl\":\"https:\\\/\\\/voxsahel.com\\\/wp-content\\\/uploads\\\/2025\\\/12\\\/IMG_3468.jpeg\",\"width\":474,\"height\":265},{\"@type\":\"BreadcrumbList\",\"@id\":\"https:\\\/\\\/voxsahel.com\\\/?p=3141#breadcrumb\",\"itemListElement\":[{\"@type\":\"ListItem\",\"position\":1,\"name\":\"Home\",\"item\":\"https:\\\/\\\/voxsahel.com\\\/\"},{\"@type\":\"ListItem\",\"position\":2,\"name\":\"Exportations\\\/Burkina : L\u2019or \u00e9crase tout sur son passage\"}]},{\"@type\":\"WebSite\",\"@id\":\"https:\\\/\\\/voxsahel.com\\\/#website\",\"url\":\"https:\\\/\\\/voxsahel.com\\\/\",\"name\":\"Vox Sahel\",\"description\":\"Informez-vous sur le Sahel en un clic\",\"publisher\":{\"@id\":\"https:\\\/\\\/voxsahel.com\\\/#organization\"},\"potentialAction\":[{\"@type\":\"SearchAction\",\"target\":{\"@type\":\"EntryPoint\",\"urlTemplate\":\"https:\\\/\\\/voxsahel.com\\\/?s={search_term_string}\"},\"query-input\":{\"@type\":\"PropertyValueSpecification\",\"valueRequired\":true,\"valueName\":\"search_term_string\"}}],\"inLanguage\":\"fr-FR\"},{\"@type\":\"Organization\",\"@id\":\"https:\\\/\\\/voxsahel.com\\\/#organization\",\"name\":\"Vox Sahel\",\"url\":\"https:\\\/\\\/voxsahel.com\\\/\",\"logo\":{\"@type\":\"ImageObject\",\"inLanguage\":\"fr-FR\",\"@id\":\"https:\\\/\\\/voxsahel.com\\\/#\\\/schema\\\/logo\\\/image\\\/\",\"url\":\"https:\\\/\\\/voxsahel.com\\\/wp-content\\\/uploads\\\/2024\\\/09\\\/Logo-Vox-Sahel.jpg\",\"contentUrl\":\"https:\\\/\\\/voxsahel.com\\\/wp-content\\\/uploads\\\/2024\\\/09\\\/Logo-Vox-Sahel.jpg\",\"width\":1181,\"height\":848,\"caption\":\"Vox Sahel\"},\"image\":{\"@id\":\"https:\\\/\\\/voxsahel.com\\\/#\\\/schema\\\/logo\\\/image\\\/\"},\"sameAs\":[\"https:\\\/\\\/www.facebook.com\\\/journal.voxsahel\"]},{\"@type\":\"Person\",\"@id\":\"https:\\\/\\\/voxsahel.com\\\/#\\\/schema\\\/person\\\/b4043608248f8fa227cd760e7ff1e19e\",\"name\":\"Vox Sahel\",\"image\":{\"@type\":\"ImageObject\",\"inLanguage\":\"fr-FR\",\"@id\":\"https:\\\/\\\/secure.gravatar.com\\\/avatar\\\/f70e7fa0cb9b29d4a7c5788d6eb2e9ab4d3135cbae1c9161810fdf77a8964699?s=96&d=mm&r=g\",\"url\":\"https:\\\/\\\/secure.gravatar.com\\\/avatar\\\/f70e7fa0cb9b29d4a7c5788d6eb2e9ab4d3135cbae1c9161810fdf77a8964699?s=96&d=mm&r=g\",\"contentUrl\":\"https:\\\/\\\/secure.gravatar.com\\\/avatar\\\/f70e7fa0cb9b29d4a7c5788d6eb2e9ab4d3135cbae1c9161810fdf77a8964699?s=96&d=mm&r=g\",\"caption\":\"Vox Sahel\"},\"sameAs\":[\"http:\\\/\\\/www.voxsahel.com\"],\"url\":\"https:\\\/\\\/voxsahel.com\\\/?author=2\"}]}<\/script>\n<!-- \/ Yoast SEO plugin. -->","yoast_head_json":{"title":"Exportations\/Burkina : L\u2019or \u00e9crase tout sur son passage - Vox Sahel","robots":{"index":"index","follow":"follow","max-snippet":"max-snippet:-1","max-image-preview":"max-image-preview:large","max-video-preview":"max-video-preview:-1"},"canonical":"https:\/\/voxsahel.com\/?p=3141","og_locale":"fr_FR","og_type":"article","og_title":"Exportations\/Burkina : L\u2019or \u00e9crase tout sur son passage - Vox Sahel","og_description":"\u00c0 fin septembre 2025, le commerce ext\u00e9rieur des biens du Burkina Faso affiche une performance","og_url":"https:\/\/voxsahel.com\/?p=3141","og_site_name":"Vox Sahel","article_publisher":"https:\/\/www.facebook.com\/journal.voxsahel","article_published_time":"2025-12-02T06:38:40+00:00","article_modified_time":"2025-12-02T06:39:55+00:00","og_image":[{"width":474,"height":265,"url":"https:\/\/voxsahel.com\/wp-content\/uploads\/2025\/12\/IMG_3468.jpeg","type":"image\/jpeg"}],"author":"Vox Sahel","twitter_card":"summary_large_image","twitter_misc":{"\u00c9crit par":"Vox Sahel","Dur\u00e9e de lecture estim\u00e9e":"2 minutes"},"schema":{"@context":"https:\/\/schema.org","@graph":[{"@type":"Article","@id":"https:\/\/voxsahel.com\/?p=3141#article","isPartOf":{"@id":"https:\/\/voxsahel.com\/?p=3141"},"author":{"name":"Vox Sahel","@id":"https:\/\/voxsahel.com\/#\/schema\/person\/b4043608248f8fa227cd760e7ff1e19e"},"headline":"Exportations\/Burkina : L\u2019or \u00e9crase tout sur son passage","datePublished":"2025-12-02T06:38:40+00:00","dateModified":"2025-12-02T06:39:55+00:00","mainEntityOfPage":{"@id":"https:\/\/voxsahel.com\/?p=3141"},"wordCount":335,"commentCount":0,"publisher":{"@id":"https:\/\/voxsahel.com\/#organization"},"image":{"@id":"https:\/\/voxsahel.com\/?p=3141#primaryimage"},"thumbnailUrl":"https:\/\/voxsahel.com\/wp-content\/uploads\/2025\/12\/IMG_3468.jpeg","keywords":["APEX-Burkina","Burkina Faso","Commerce","Exportation","Or"],"articleSection":["DEVELOPPEMENT"],"inLanguage":"fr-FR","potentialAction":[{"@type":"CommentAction","name":"Comment","target":["https:\/\/voxsahel.com\/?p=3141#respond"]}]},{"@type":"WebPage","@id":"https:\/\/voxsahel.com\/?p=3141","url":"https:\/\/voxsahel.com\/?p=3141","name":"Exportations\/Burkina : L\u2019or \u00e9crase tout sur son passage - Vox Sahel","isPartOf":{"@id":"https:\/\/voxsahel.com\/#website"},"primaryImageOfPage":{"@id":"https:\/\/voxsahel.com\/?p=3141#primaryimage"},"image":{"@id":"https:\/\/voxsahel.com\/?p=3141#primaryimage"},"thumbnailUrl":"https:\/\/voxsahel.com\/wp-content\/uploads\/2025\/12\/IMG_3468.jpeg","datePublished":"2025-12-02T06:38:40+00:00","dateModified":"2025-12-02T06:39:55+00:00","breadcrumb":{"@id":"https:\/\/voxsahel.com\/?p=3141#breadcrumb"},"inLanguage":"fr-FR","potentialAction":[{"@type":"ReadAction","target":["https:\/\/voxsahel.com\/?p=3141"]}]},{"@type":"ImageObject","inLanguage":"fr-FR","@id":"https:\/\/voxsahel.com\/?p=3141#primaryimage","url":"https:\/\/voxsahel.com\/wp-content\/uploads\/2025\/12\/IMG_3468.jpeg","contentUrl":"https:\/\/voxsahel.com\/wp-content\/uploads\/2025\/12\/IMG_3468.jpeg","width":474,"height":265},{"@type":"BreadcrumbList","@id":"https:\/\/voxsahel.com\/?p=3141#breadcrumb","itemListElement":[{"@type":"ListItem","position":1,"name":"Home","item":"https:\/\/voxsahel.com\/"},{"@type":"ListItem","position":2,"name":"Exportations\/Burkina : L\u2019or \u00e9crase tout sur son passage"}]},{"@type":"WebSite","@id":"https:\/\/voxsahel.com\/#website","url":"https:\/\/voxsahel.com\/","name":"Vox Sahel","description":"Informez-vous sur le Sahel en un clic","publisher":{"@id":"https:\/\/voxsahel.com\/#organization"},"potentialAction":[{"@type":"SearchAction","target":{"@type":"EntryPoint","urlTemplate":"https:\/\/voxsahel.com\/?s={search_term_string}"},"query-input":{"@type":"PropertyValueSpecification","valueRequired":true,"valueName":"search_term_string"}}],"inLanguage":"fr-FR"},{"@type":"Organization","@id":"https:\/\/voxsahel.com\/#organization","name":"Vox Sahel","url":"https:\/\/voxsahel.com\/","logo":{"@type":"ImageObject","inLanguage":"fr-FR","@id":"https:\/\/voxsahel.com\/#\/schema\/logo\/image\/","url":"https:\/\/voxsahel.com\/wp-content\/uploads\/2024\/09\/Logo-Vox-Sahel.jpg","contentUrl":"https:\/\/voxsahel.com\/wp-content\/uploads\/2024\/09\/Logo-Vox-Sahel.jpg","width":1181,"height":848,"caption":"Vox Sahel"},"image":{"@id":"https:\/\/voxsahel.com\/#\/schema\/logo\/image\/"},"sameAs":["https:\/\/www.facebook.com\/journal.voxsahel"]},{"@type":"Person","@id":"https:\/\/voxsahel.com\/#\/schema\/person\/b4043608248f8fa227cd760e7ff1e19e","name":"Vox Sahel","image":{"@type":"ImageObject","inLanguage":"fr-FR","@id":"https:\/\/secure.gravatar.com\/avatar\/f70e7fa0cb9b29d4a7c5788d6eb2e9ab4d3135cbae1c9161810fdf77a8964699?s=96&d=mm&r=g","url":"https:\/\/secure.gravatar.com\/avatar\/f70e7fa0cb9b29d4a7c5788d6eb2e9ab4d3135cbae1c9161810fdf77a8964699?s=96&d=mm&r=g","contentUrl":"https:\/\/secure.gravatar.com\/avatar\/f70e7fa0cb9b29d4a7c5788d6eb2e9ab4d3135cbae1c9161810fdf77a8964699?s=96&d=mm&r=g","caption":"Vox Sahel"},"sameAs":["http:\/\/www.voxsahel.com"],"url":"https:\/\/voxsahel.com\/?author=2"}]}},"_links":{"self":[{"href":"https:\/\/voxsahel.com\/index.php?rest_route=\/wp\/v2\/posts\/3141","targetHints":{"allow":["GET"]}}],"collection":[{"href":"https:\/\/voxsahel.com\/index.php?rest_route=\/wp\/v2\/posts"}],"about":[{"href":"https:\/\/voxsahel.com\/index.php?rest_route=\/wp\/v2\/types\/post"}],"author":[{"embeddable":true,"href":"https:\/\/voxsahel.com\/index.php?rest_route=\/wp\/v2\/users\/2"}],"replies":[{"embeddable":true,"href":"https:\/\/voxsahel.com\/index.php?rest_route=%2Fwp%2Fv2%2Fcomments&post=3141"}],"version-history":[{"count":2,"href":"https:\/\/voxsahel.com\/index.php?rest_route=\/wp\/v2\/posts\/3141\/revisions"}],"predecessor-version":[{"id":3144,"href":"https:\/\/voxsahel.com\/index.php?rest_route=\/wp\/v2\/posts\/3141\/revisions\/3144"}],"wp:featuredmedia":[{"embeddable":true,"href":"https:\/\/voxsahel.com\/index.php?rest_route=\/wp\/v2\/media\/3142"}],"wp:attachment":[{"href":"https:\/\/voxsahel.com\/index.php?rest_route=%2Fwp%2Fv2%2Fmedia&parent=3141"}],"wp:term":[{"taxonomy":"category","embeddable":true,"href":"https:\/\/voxsahel.com\/index.php?rest_route=%2Fwp%2Fv2%2Fcategories&post=3141"},{"taxonomy":"post_tag","embeddable":true,"href":"https:\/\/voxsahel.com\/index.php?rest_route=%2Fwp%2Fv2%2Ftags&post=3141"}],"curies":[{"name":"wp","href":"https:\/\/api.w.org\/{rel}","templated":true}]}}