{"id":3132,"date":"2025-11-27T18:00:38","date_gmt":"2025-11-27T18:00:38","guid":{"rendered":"https:\/\/voxsahel.com\/?p=3132"},"modified":"2025-11-27T18:00:46","modified_gmt":"2025-11-27T18:00:46","slug":"bamako-le-burkina-faso-appelle-a-une-strategie-unifiee-du-c4-pour-defendre-le-coton-africain-a-lomc","status":"publish","type":"post","link":"https:\/\/voxsahel.com\/?p=3132","title":{"rendered":"Bamako : Le Burkina Faso appelle \u00e0 une strat\u00e9gie unifi\u00e9e du C4+ pour d\u00e9fendre le coton africain \u00e0 l\u2019OMC"},"content":{"rendered":"<p data-start=\"0\" data-end=\"107\">Le Burkina Faso a exhort\u00e9, jeudi \u00e0 Bamako, les pays du C4+1 (B\u00e9nin, Burkina Faso, Mali, Tchad et C\u00f4te d\u2019Ivoire) \u00e0 adopter une strat\u00e9gie commune afin de mieux d\u00e9fendre leurs int\u00e9r\u00eats lors des prochaines n\u00e9gociations relatives au coton \u00e0 l\u2019Organisation mondiale du commerce (OMC). L\u2019appel a \u00e9t\u00e9 lanc\u00e9 par le ministre burkinab\u00e8 en charge de l\u2019Industrie, Serge Gnaniodem Poda, \u00e0 l\u2019occasion de la 9\u1d49 r\u00e9union du Comit\u00e9 interminist\u00e9riel de coordination du C4+1.<\/p>\n<p data-start=\"565\" data-end=\"917\">La rencontre, ouverte en pr\u00e9sence de l\u2019ensemble des d\u00e9l\u00e9gations des pays membres, intervient dans un contexte o\u00f9 les r\u00e9sultats de l\u2019initiative sectorielle en faveur du coton demeurent jug\u00e9s \u00ab mitig\u00e9s \u00bb, malgr\u00e9 des ann\u00e9es de plaidoyer contre les subventions massives et les pratiques commerciales consid\u00e9r\u00e9es comme d\u00e9loyales sur le march\u00e9 international.<\/p>\n<p data-start=\"919\" data-end=\"1148\">Le ministre malien de l\u2019Industrie, Moussa Alassane Diallo, a rappel\u00e9 l\u2019importance du coton, qualifi\u00e9 de \u00ab pilier de croissance et d\u2019inclusion \u00e9conomique \u00bb, particuli\u00e8rement pour les jeunes et les femmes dans les pays producteurs.<\/p>\n<p data-start=\"1150\" data-end=\"1619\">De son c\u00f4t\u00e9, le repr\u00e9sentant du Premier ministre malien, le g\u00e9n\u00e9ral de division Daoud Aly Mohammedine, a d\u00e9plor\u00e9 le non-respect des engagements pris lors de la Conf\u00e9rence de Hong Kong, notamment la promesse d\u2019un traitement \u00ab rapide, sp\u00e9cifique et ambitieux \u00bb du dossier coton. Il a d\u00e9nonc\u00e9 \u00ab la captation des mati\u00e8res premi\u00e8res du Sud par certaines puissances \u00bb et encourag\u00e9 les pays du C4+1 \u00e0 acc\u00e9l\u00e9rer leur industrialisation pour capturer davantage de valeur ajout\u00e9e.<\/p>\n<p data-start=\"1621\" data-end=\"2193\">R\u00e9affirmant la position de Ouagadougou, Serge Gnaniodem Poda a insist\u00e9 sur la n\u00e9cessit\u00e9 pour les pays africains de parler d&rsquo;une seule voix. \u00ab La fili\u00e8re coton, bien que strat\u00e9gique sur les plans \u00e9conomique et social, reste fragilis\u00e9e par des pratiques internationales injustes men\u00e9es par certains grands producteurs \u00bb, a-t-il d\u00e9clar\u00e9. Il a \u00e9galement soulign\u00e9 la vision port\u00e9e par les autorit\u00e9s burkinab\u00e8 : faire \u00e9voluer les \u00e9conomies africaines du statut d\u2019exportatrices de fibre brute \u00e0 celui de productrices de biens transform\u00e9s, capables d\u2019influencer les prix mondiaux.<\/p>\n<p data-start=\"2195\" data-end=\"2455\">Les participants ont qualifi\u00e9 la r\u00e9union de Bamako d\u2019\u00e9tape cruciale avant la 14\u1d49 Conf\u00e9rence minist\u00e9rielle de l\u2019OMC pr\u00e9vue en mars 2026 \u00e0 Yaound\u00e9, pr\u00e9sent\u00e9e comme une \u00ab derni\u00e8re opportunit\u00e9 \u00bb pour obtenir des avanc\u00e9es substantielles en faveur du coton africain.<\/p>\n<p data-start=\"2457\" data-end=\"2743\" data-is-last-node=\"\" data-is-only-node=\"\">En marge des travaux, le ministre burkinab\u00e8 a annonc\u00e9 sa participation au Salon international de l\u2019artisanat du Mali (SIAMA), r\u00e9affirmant ainsi l\u2019engagement du Burkina Faso en faveur de la transformation locale, de la valorisation du coton et de la promotion des m\u00e9tiers de l\u2019artisanat.<\/p>\n","protected":false},"excerpt":{"rendered":"<p>Le Burkina Faso a exhort\u00e9, jeudi \u00e0 Bamako, les pays du C4+1 (B\u00e9nin, Burkina Faso,<\/p>\n","protected":false},"author":2,"featured_media":3133,"comment_status":"open","ping_status":"open","sticky":false,"template":"","format":"standard","meta":{"_et_pb_use_builder":"","_et_pb_old_content":"","_et_gb_content_width":"","footnotes":""},"categories":[8],"tags":[240,186,183,242],"class_list":["post-3132","post","type-post","status-publish","format-standard","has-post-thumbnail","hentry","category-developpement","tag-association-interprofessionnelle-du-coton-burkinabe","tag-chaine-de-valeur-du-coton","tag-coton","tag-union-nationale-des-producteurs-de-coton-du-burkina"],"yoast_head":"<!-- This site is optimized with the Yoast SEO plugin v27.5 - https:\/\/yoast.com\/product\/yoast-seo-wordpress\/ -->\n<title>Bamako : Le Burkina Faso appelle \u00e0 une strat\u00e9gie unifi\u00e9e du C4+ pour d\u00e9fendre le coton africain \u00e0 l\u2019OMC - Vox Sahel<\/title>\n<meta name=\"robots\" content=\"index, follow, max-snippet:-1, max-image-preview:large, max-video-preview:-1\" \/>\n<link rel=\"canonical\" href=\"https:\/\/voxsahel.com\/?p=3132\" \/>\n<meta property=\"og:locale\" content=\"fr_FR\" \/>\n<meta property=\"og:type\" content=\"article\" \/>\n<meta property=\"og:title\" content=\"Bamako : Le Burkina Faso appelle \u00e0 une strat\u00e9gie unifi\u00e9e du C4+ pour d\u00e9fendre le coton africain \u00e0 l\u2019OMC - Vox Sahel\" \/>\n<meta property=\"og:description\" content=\"Le Burkina Faso a exhort\u00e9, jeudi \u00e0 Bamako, les pays du C4+1 (B\u00e9nin, Burkina Faso,\" \/>\n<meta property=\"og:url\" content=\"https:\/\/voxsahel.com\/?p=3132\" \/>\n<meta property=\"og:site_name\" content=\"Vox Sahel\" \/>\n<meta property=\"article:publisher\" content=\"https:\/\/www.facebook.com\/journal.voxsahel\" \/>\n<meta property=\"article:published_time\" content=\"2025-11-27T18:00:38+00:00\" \/>\n<meta property=\"article:modified_time\" content=\"2025-11-27T18:00:46+00:00\" \/>\n<meta property=\"og:image\" content=\"https:\/\/voxsahel.com\/wp-content\/uploads\/2025\/11\/IMG_3358.jpeg\" \/>\n\t<meta property=\"og:image:width\" content=\"1080\" \/>\n\t<meta property=\"og:image:height\" content=\"718\" \/>\n\t<meta property=\"og:image:type\" content=\"image\/jpeg\" \/>\n<meta name=\"author\" content=\"Vox Sahel\" \/>\n<meta name=\"twitter:card\" content=\"summary_large_image\" \/>\n<meta name=\"twitter:label1\" content=\"\u00c9crit par\" \/>\n\t<meta name=\"twitter:data1\" content=\"Vox Sahel\" \/>\n\t<meta name=\"twitter:label2\" content=\"Dur\u00e9e de lecture estim\u00e9e\" \/>\n\t<meta name=\"twitter:data2\" content=\"3 minutes\" \/>\n<script type=\"application\/ld+json\" class=\"yoast-schema-graph\">{\"@context\":\"https:\\\/\\\/schema.org\",\"@graph\":[{\"@type\":\"Article\",\"@id\":\"https:\\\/\\\/voxsahel.com\\\/?p=3132#article\",\"isPartOf\":{\"@id\":\"https:\\\/\\\/voxsahel.com\\\/?p=3132\"},\"author\":{\"name\":\"Vox Sahel\",\"@id\":\"https:\\\/\\\/voxsahel.com\\\/#\\\/schema\\\/person\\\/b4043608248f8fa227cd760e7ff1e19e\"},\"headline\":\"Bamako : Le Burkina Faso appelle \u00e0 une strat\u00e9gie unifi\u00e9e du C4+ pour d\u00e9fendre le coton africain \u00e0 l\u2019OMC\",\"datePublished\":\"2025-11-27T18:00:38+00:00\",\"dateModified\":\"2025-11-27T18:00:46+00:00\",\"mainEntityOfPage\":{\"@id\":\"https:\\\/\\\/voxsahel.com\\\/?p=3132\"},\"wordCount\":470,\"commentCount\":0,\"publisher\":{\"@id\":\"https:\\\/\\\/voxsahel.com\\\/#organization\"},\"image\":{\"@id\":\"https:\\\/\\\/voxsahel.com\\\/?p=3132#primaryimage\"},\"thumbnailUrl\":\"https:\\\/\\\/voxsahel.com\\\/wp-content\\\/uploads\\\/2025\\\/11\\\/IMG_3358.jpeg\",\"keywords\":[\"Association interprofessionnelle du Coton Burkinab\u00e8\",\"cha\u00eene de valeur du coton\",\"Coton\",\"Union nationale des producteurs de coton du Burkina\"],\"articleSection\":[\"DEVELOPPEMENT\"],\"inLanguage\":\"fr-FR\",\"potentialAction\":[{\"@type\":\"CommentAction\",\"name\":\"Comment\",\"target\":[\"https:\\\/\\\/voxsahel.com\\\/?p=3132#respond\"]}]},{\"@type\":\"WebPage\",\"@id\":\"https:\\\/\\\/voxsahel.com\\\/?p=3132\",\"url\":\"https:\\\/\\\/voxsahel.com\\\/?p=3132\",\"name\":\"Bamako : Le Burkina Faso appelle \u00e0 une strat\u00e9gie unifi\u00e9e du C4+ pour d\u00e9fendre le coton africain \u00e0 l\u2019OMC - Vox Sahel\",\"isPartOf\":{\"@id\":\"https:\\\/\\\/voxsahel.com\\\/#website\"},\"primaryImageOfPage\":{\"@id\":\"https:\\\/\\\/voxsahel.com\\\/?p=3132#primaryimage\"},\"image\":{\"@id\":\"https:\\\/\\\/voxsahel.com\\\/?p=3132#primaryimage\"},\"thumbnailUrl\":\"https:\\\/\\\/voxsahel.com\\\/wp-content\\\/uploads\\\/2025\\\/11\\\/IMG_3358.jpeg\",\"datePublished\":\"2025-11-27T18:00:38+00:00\",\"dateModified\":\"2025-11-27T18:00:46+00:00\",\"breadcrumb\":{\"@id\":\"https:\\\/\\\/voxsahel.com\\\/?p=3132#breadcrumb\"},\"inLanguage\":\"fr-FR\",\"potentialAction\":[{\"@type\":\"ReadAction\",\"target\":[\"https:\\\/\\\/voxsahel.com\\\/?p=3132\"]}]},{\"@type\":\"ImageObject\",\"inLanguage\":\"fr-FR\",\"@id\":\"https:\\\/\\\/voxsahel.com\\\/?p=3132#primaryimage\",\"url\":\"https:\\\/\\\/voxsahel.com\\\/wp-content\\\/uploads\\\/2025\\\/11\\\/IMG_3358.jpeg\",\"contentUrl\":\"https:\\\/\\\/voxsahel.com\\\/wp-content\\\/uploads\\\/2025\\\/11\\\/IMG_3358.jpeg\",\"width\":1080,\"height\":718},{\"@type\":\"BreadcrumbList\",\"@id\":\"https:\\\/\\\/voxsahel.com\\\/?p=3132#breadcrumb\",\"itemListElement\":[{\"@type\":\"ListItem\",\"position\":1,\"name\":\"Home\",\"item\":\"https:\\\/\\\/voxsahel.com\\\/\"},{\"@type\":\"ListItem\",\"position\":2,\"name\":\"Bamako : Le Burkina Faso appelle \u00e0 une strat\u00e9gie unifi\u00e9e du C4+ pour d\u00e9fendre le coton africain \u00e0 l\u2019OMC\"}]},{\"@type\":\"WebSite\",\"@id\":\"https:\\\/\\\/voxsahel.com\\\/#website\",\"url\":\"https:\\\/\\\/voxsahel.com\\\/\",\"name\":\"Vox Sahel\",\"description\":\"Informez-vous sur le Sahel en un clic\",\"publisher\":{\"@id\":\"https:\\\/\\\/voxsahel.com\\\/#organization\"},\"potentialAction\":[{\"@type\":\"SearchAction\",\"target\":{\"@type\":\"EntryPoint\",\"urlTemplate\":\"https:\\\/\\\/voxsahel.com\\\/?s={search_term_string}\"},\"query-input\":{\"@type\":\"PropertyValueSpecification\",\"valueRequired\":true,\"valueName\":\"search_term_string\"}}],\"inLanguage\":\"fr-FR\"},{\"@type\":\"Organization\",\"@id\":\"https:\\\/\\\/voxsahel.com\\\/#organization\",\"name\":\"Vox Sahel\",\"url\":\"https:\\\/\\\/voxsahel.com\\\/\",\"logo\":{\"@type\":\"ImageObject\",\"inLanguage\":\"fr-FR\",\"@id\":\"https:\\\/\\\/voxsahel.com\\\/#\\\/schema\\\/logo\\\/image\\\/\",\"url\":\"https:\\\/\\\/voxsahel.com\\\/wp-content\\\/uploads\\\/2024\\\/09\\\/Logo-Vox-Sahel.jpg\",\"contentUrl\":\"https:\\\/\\\/voxsahel.com\\\/wp-content\\\/uploads\\\/2024\\\/09\\\/Logo-Vox-Sahel.jpg\",\"width\":1181,\"height\":848,\"caption\":\"Vox Sahel\"},\"image\":{\"@id\":\"https:\\\/\\\/voxsahel.com\\\/#\\\/schema\\\/logo\\\/image\\\/\"},\"sameAs\":[\"https:\\\/\\\/www.facebook.com\\\/journal.voxsahel\"]},{\"@type\":\"Person\",\"@id\":\"https:\\\/\\\/voxsahel.com\\\/#\\\/schema\\\/person\\\/b4043608248f8fa227cd760e7ff1e19e\",\"name\":\"Vox Sahel\",\"image\":{\"@type\":\"ImageObject\",\"inLanguage\":\"fr-FR\",\"@id\":\"https:\\\/\\\/secure.gravatar.com\\\/avatar\\\/f70e7fa0cb9b29d4a7c5788d6eb2e9ab4d3135cbae1c9161810fdf77a8964699?s=96&d=mm&r=g\",\"url\":\"https:\\\/\\\/secure.gravatar.com\\\/avatar\\\/f70e7fa0cb9b29d4a7c5788d6eb2e9ab4d3135cbae1c9161810fdf77a8964699?s=96&d=mm&r=g\",\"contentUrl\":\"https:\\\/\\\/secure.gravatar.com\\\/avatar\\\/f70e7fa0cb9b29d4a7c5788d6eb2e9ab4d3135cbae1c9161810fdf77a8964699?s=96&d=mm&r=g\",\"caption\":\"Vox Sahel\"},\"sameAs\":[\"http:\\\/\\\/www.voxsahel.com\"],\"url\":\"https:\\\/\\\/voxsahel.com\\\/?author=2\"}]}<\/script>\n<!-- \/ Yoast SEO plugin. -->","yoast_head_json":{"title":"Bamako : Le Burkina Faso appelle \u00e0 une strat\u00e9gie unifi\u00e9e du C4+ pour d\u00e9fendre le coton africain \u00e0 l\u2019OMC - Vox Sahel","robots":{"index":"index","follow":"follow","max-snippet":"max-snippet:-1","max-image-preview":"max-image-preview:large","max-video-preview":"max-video-preview:-1"},"canonical":"https:\/\/voxsahel.com\/?p=3132","og_locale":"fr_FR","og_type":"article","og_title":"Bamako : Le Burkina Faso appelle \u00e0 une strat\u00e9gie unifi\u00e9e du C4+ pour d\u00e9fendre le coton africain \u00e0 l\u2019OMC - Vox Sahel","og_description":"Le Burkina Faso a exhort\u00e9, jeudi \u00e0 Bamako, les pays du C4+1 (B\u00e9nin, Burkina Faso,","og_url":"https:\/\/voxsahel.com\/?p=3132","og_site_name":"Vox Sahel","article_publisher":"https:\/\/www.facebook.com\/journal.voxsahel","article_published_time":"2025-11-27T18:00:38+00:00","article_modified_time":"2025-11-27T18:00:46+00:00","og_image":[{"width":1080,"height":718,"url":"https:\/\/voxsahel.com\/wp-content\/uploads\/2025\/11\/IMG_3358.jpeg","type":"image\/jpeg"}],"author":"Vox Sahel","twitter_card":"summary_large_image","twitter_misc":{"\u00c9crit par":"Vox Sahel","Dur\u00e9e de lecture estim\u00e9e":"3 minutes"},"schema":{"@context":"https:\/\/schema.org","@graph":[{"@type":"Article","@id":"https:\/\/voxsahel.com\/?p=3132#article","isPartOf":{"@id":"https:\/\/voxsahel.com\/?p=3132"},"author":{"name":"Vox Sahel","@id":"https:\/\/voxsahel.com\/#\/schema\/person\/b4043608248f8fa227cd760e7ff1e19e"},"headline":"Bamako : Le Burkina Faso appelle \u00e0 une strat\u00e9gie unifi\u00e9e du C4+ pour d\u00e9fendre le coton africain \u00e0 l\u2019OMC","datePublished":"2025-11-27T18:00:38+00:00","dateModified":"2025-11-27T18:00:46+00:00","mainEntityOfPage":{"@id":"https:\/\/voxsahel.com\/?p=3132"},"wordCount":470,"commentCount":0,"publisher":{"@id":"https:\/\/voxsahel.com\/#organization"},"image":{"@id":"https:\/\/voxsahel.com\/?p=3132#primaryimage"},"thumbnailUrl":"https:\/\/voxsahel.com\/wp-content\/uploads\/2025\/11\/IMG_3358.jpeg","keywords":["Association interprofessionnelle du Coton Burkinab\u00e8","cha\u00eene de valeur du coton","Coton","Union nationale des producteurs de coton du Burkina"],"articleSection":["DEVELOPPEMENT"],"inLanguage":"fr-FR","potentialAction":[{"@type":"CommentAction","name":"Comment","target":["https:\/\/voxsahel.com\/?p=3132#respond"]}]},{"@type":"WebPage","@id":"https:\/\/voxsahel.com\/?p=3132","url":"https:\/\/voxsahel.com\/?p=3132","name":"Bamako : Le Burkina Faso appelle \u00e0 une strat\u00e9gie unifi\u00e9e du C4+ pour d\u00e9fendre le coton africain \u00e0 l\u2019OMC - Vox Sahel","isPartOf":{"@id":"https:\/\/voxsahel.com\/#website"},"primaryImageOfPage":{"@id":"https:\/\/voxsahel.com\/?p=3132#primaryimage"},"image":{"@id":"https:\/\/voxsahel.com\/?p=3132#primaryimage"},"thumbnailUrl":"https:\/\/voxsahel.com\/wp-content\/uploads\/2025\/11\/IMG_3358.jpeg","datePublished":"2025-11-27T18:00:38+00:00","dateModified":"2025-11-27T18:00:46+00:00","breadcrumb":{"@id":"https:\/\/voxsahel.com\/?p=3132#breadcrumb"},"inLanguage":"fr-FR","potentialAction":[{"@type":"ReadAction","target":["https:\/\/voxsahel.com\/?p=3132"]}]},{"@type":"ImageObject","inLanguage":"fr-FR","@id":"https:\/\/voxsahel.com\/?p=3132#primaryimage","url":"https:\/\/voxsahel.com\/wp-content\/uploads\/2025\/11\/IMG_3358.jpeg","contentUrl":"https:\/\/voxsahel.com\/wp-content\/uploads\/2025\/11\/IMG_3358.jpeg","width":1080,"height":718},{"@type":"BreadcrumbList","@id":"https:\/\/voxsahel.com\/?p=3132#breadcrumb","itemListElement":[{"@type":"ListItem","position":1,"name":"Home","item":"https:\/\/voxsahel.com\/"},{"@type":"ListItem","position":2,"name":"Bamako : Le Burkina Faso appelle \u00e0 une strat\u00e9gie unifi\u00e9e du C4+ pour d\u00e9fendre le coton africain \u00e0 l\u2019OMC"}]},{"@type":"WebSite","@id":"https:\/\/voxsahel.com\/#website","url":"https:\/\/voxsahel.com\/","name":"Vox Sahel","description":"Informez-vous sur le Sahel en un clic","publisher":{"@id":"https:\/\/voxsahel.com\/#organization"},"potentialAction":[{"@type":"SearchAction","target":{"@type":"EntryPoint","urlTemplate":"https:\/\/voxsahel.com\/?s={search_term_string}"},"query-input":{"@type":"PropertyValueSpecification","valueRequired":true,"valueName":"search_term_string"}}],"inLanguage":"fr-FR"},{"@type":"Organization","@id":"https:\/\/voxsahel.com\/#organization","name":"Vox Sahel","url":"https:\/\/voxsahel.com\/","logo":{"@type":"ImageObject","inLanguage":"fr-FR","@id":"https:\/\/voxsahel.com\/#\/schema\/logo\/image\/","url":"https:\/\/voxsahel.com\/wp-content\/uploads\/2024\/09\/Logo-Vox-Sahel.jpg","contentUrl":"https:\/\/voxsahel.com\/wp-content\/uploads\/2024\/09\/Logo-Vox-Sahel.jpg","width":1181,"height":848,"caption":"Vox Sahel"},"image":{"@id":"https:\/\/voxsahel.com\/#\/schema\/logo\/image\/"},"sameAs":["https:\/\/www.facebook.com\/journal.voxsahel"]},{"@type":"Person","@id":"https:\/\/voxsahel.com\/#\/schema\/person\/b4043608248f8fa227cd760e7ff1e19e","name":"Vox Sahel","image":{"@type":"ImageObject","inLanguage":"fr-FR","@id":"https:\/\/secure.gravatar.com\/avatar\/f70e7fa0cb9b29d4a7c5788d6eb2e9ab4d3135cbae1c9161810fdf77a8964699?s=96&d=mm&r=g","url":"https:\/\/secure.gravatar.com\/avatar\/f70e7fa0cb9b29d4a7c5788d6eb2e9ab4d3135cbae1c9161810fdf77a8964699?s=96&d=mm&r=g","contentUrl":"https:\/\/secure.gravatar.com\/avatar\/f70e7fa0cb9b29d4a7c5788d6eb2e9ab4d3135cbae1c9161810fdf77a8964699?s=96&d=mm&r=g","caption":"Vox Sahel"},"sameAs":["http:\/\/www.voxsahel.com"],"url":"https:\/\/voxsahel.com\/?author=2"}]}},"_links":{"self":[{"href":"https:\/\/voxsahel.com\/index.php?rest_route=\/wp\/v2\/posts\/3132","targetHints":{"allow":["GET"]}}],"collection":[{"href":"https:\/\/voxsahel.com\/index.php?rest_route=\/wp\/v2\/posts"}],"about":[{"href":"https:\/\/voxsahel.com\/index.php?rest_route=\/wp\/v2\/types\/post"}],"author":[{"embeddable":true,"href":"https:\/\/voxsahel.com\/index.php?rest_route=\/wp\/v2\/users\/2"}],"replies":[{"embeddable":true,"href":"https:\/\/voxsahel.com\/index.php?rest_route=%2Fwp%2Fv2%2Fcomments&post=3132"}],"version-history":[{"count":1,"href":"https:\/\/voxsahel.com\/index.php?rest_route=\/wp\/v2\/posts\/3132\/revisions"}],"predecessor-version":[{"id":3134,"href":"https:\/\/voxsahel.com\/index.php?rest_route=\/wp\/v2\/posts\/3132\/revisions\/3134"}],"wp:featuredmedia":[{"embeddable":true,"href":"https:\/\/voxsahel.com\/index.php?rest_route=\/wp\/v2\/media\/3133"}],"wp:attachment":[{"href":"https:\/\/voxsahel.com\/index.php?rest_route=%2Fwp%2Fv2%2Fmedia&parent=3132"}],"wp:term":[{"taxonomy":"category","embeddable":true,"href":"https:\/\/voxsahel.com\/index.php?rest_route=%2Fwp%2Fv2%2Fcategories&post=3132"},{"taxonomy":"post_tag","embeddable":true,"href":"https:\/\/voxsahel.com\/index.php?rest_route=%2Fwp%2Fv2%2Ftags&post=3132"}],"curies":[{"name":"wp","href":"https:\/\/api.w.org\/{rel}","templated":true}]}}