{"id":3126,"date":"2025-11-24T06:31:45","date_gmt":"2025-11-24T06:31:45","guid":{"rendered":"https:\/\/voxsahel.com\/?p=3126"},"modified":"2025-11-24T06:31:45","modified_gmt":"2025-11-24T06:31:45","slug":"edito-football-africain-la-can-ne-doit-pas-devenir-un-luxe","status":"publish","type":"post","link":"https:\/\/voxsahel.com\/?p=3126","title":{"rendered":"\u00c9DITO | Football africain: La CAN ne doit pas devenir un luxe"},"content":{"rendered":"<p class=\"p1\">La Coupe d\u2019Afrique des nations n\u2019est pas une simple comp\u00e9tition sportive. C\u2019est bien plus qu\u2019un tournoi, \u00a0c\u2019est la f\u00eate du football africain, un moment rare o\u00f9 les peuples vibrent ensemble, o\u00f9 les nations se rapprochent, o\u00f9 les diff\u00e9rences sociales s\u2019effacent derri\u00e8re une m\u00eame passion.<\/p>\n<p class=\"p1\"><span class=\"s1\">La CAN appartient au continent tout entier. Elle est un bien commun, financ\u00e9e par les Africains, port\u00e9e par leurs r\u00eaves et c\u00e9l\u00e9br\u00e9e dans leurs foyers, leurs quartiers, leurs villages. C\u2019est pourquoi ce qui se joue aujourd\u2019hui autour des droits de diffusion est profond\u00e9ment inqui\u00e9tant.<\/span><\/p>\n<p class=\"p1\"><span class=\"s1\">A quelques semaines du coup d\u2019envoi, voil\u00e0 que des millions d\u2019Africains se retrouvent contraints de souscrire \u00e0 des cha\u00eenes priv\u00e9es ou \u00e9trang\u00e8res pour suivre une comp\u00e9tition qu\u2019ils ont d\u00e9j\u00e0 financ\u00e9e, directement ou indirectement. Une absurdit\u00e9. Une injustice. Une atteinte flagrante au principe d\u2019\u00e9galit\u00e9 d\u2019acc\u00e8s. <\/span><\/p>\n<p class=\"p1\"><span class=\"s1\">Ce mod\u00e8le, impos\u00e9 par la CAF, cr\u00e9e une fracture insupportable entre ceux qui peuvent payer et ceux qui ne le peuvent pas. Il marginalise encore davantage les couches populaires d\u00e9favoris\u00e9es, celles-l\u00e0 m\u00eames qui font vivre le football au quotidien. Il r\u00e9duit le r\u00f4le des m\u00e9dias de service public \u00e0 une peau de chagrin, alors qu\u2019ils constituent l\u2019un des derniers espaces r\u00e9ellement accessibles \u00e0 tous. <\/span><\/p>\n<p class=\"p1\"><span class=\"s1\">La CAN ne doit pas perdre son \u00e2me. Elle ne peut devenir un produit r\u00e9serv\u00e9 \u00e0 ceux qui ont les moyens de se l\u2019offrir. Le football africain ne doit pas \u00eatre captur\u00e9 par une logique exclusivement mercantile qui ignore les r\u00e9alit\u00e9s sociales du continent. Car \u00e0 trop se focaliser sur le business, on finit par d\u00e9truire ce qui fait la force, la magie et la popularit\u00e9 de cet \u00e9v\u00e9nement. Il est encore temps d\u2019agir. <\/span><\/p>\n<p class=\"p1\"><span class=\"s1\">La CAF doit corriger cet impair, et rapidement. Non seulement pour r\u00e9parer une injustice, mais aussi pour pr\u00e9server la notori\u00e9t\u00e9 et l\u2019aura de la comp\u00e9tition. A quelques semaines du coup d\u2019envoi, il serait dramatique que cette grande f\u00eate soit entach\u00e9e par une pol\u00e9mique qui aurait pu \u00eatre \u00e9vit\u00e9e. <\/span><\/p>\n<p class=\"p1\"><span class=\"s1\">L\u2019acc\u00e8s universel \u00e0 la CAN n\u2019est pas un luxe, \u00a0c\u2019est un droit symbolique, culturel, presque identitaire. Restreindre cet acc\u00e8s, c\u2019est priver l\u2019Afrique de son propre spectacle. C\u2019est briser le lien qui unit les supporters \u00e0 leurs \u00e9quipes, et les peuples entre eux. La CAN est notre f\u00eate. Elle doit le rester. A la CAF de se souvenir que le football n\u2019existe que parce que les peuples le portent, le soutiennent, le vivent. Et que sans eux, aucun mod\u00e8le \u00e9conomique ne tient.<\/span><\/p>\n<p class=\"p1\" style=\"text-align: right;\"><strong><span class=\"s1\">La R\u00e9daction<\/span><\/strong><\/p>\n","protected":false},"excerpt":{"rendered":"<p>La Coupe d\u2019Afrique des nations n\u2019est pas une simple comp\u00e9tition sportive. C\u2019est bien plus qu\u2019un<\/p>\n","protected":false},"author":2,"featured_media":3127,"comment_status":"open","ping_status":"open","sticky":false,"template":"","format":"standard","meta":{"_et_pb_use_builder":"","_et_pb_old_content":"","_et_gb_content_width":"","footnotes":""},"categories":[12],"tags":[38,37,660,348,35,34],"class_list":["post-3126","post","type-post","status-publish","format-standard","has-post-thumbnail","hentry","category-sports","tag-can","tag-can-maroc-2025","tag-confederation-africaine-de-football","tag-coupe-dafrique-des-nations","tag-football","tag-sport"],"yoast_head":"<!-- This site is optimized with the Yoast SEO plugin v27.5 - https:\/\/yoast.com\/product\/yoast-seo-wordpress\/ -->\n<title>\u00c9DITO | Football africain: La CAN ne doit pas devenir un luxe - Vox Sahel<\/title>\n<meta name=\"robots\" content=\"index, follow, max-snippet:-1, max-image-preview:large, max-video-preview:-1\" \/>\n<link rel=\"canonical\" href=\"https:\/\/voxsahel.com\/?p=3126\" \/>\n<meta property=\"og:locale\" content=\"fr_FR\" \/>\n<meta property=\"og:type\" content=\"article\" \/>\n<meta property=\"og:title\" content=\"\u00c9DITO | Football africain: La CAN ne doit pas devenir un luxe - Vox Sahel\" \/>\n<meta property=\"og:description\" content=\"La Coupe d\u2019Afrique des nations n\u2019est pas une simple comp\u00e9tition sportive. C\u2019est bien plus qu\u2019un\" \/>\n<meta property=\"og:url\" content=\"https:\/\/voxsahel.com\/?p=3126\" \/>\n<meta property=\"og:site_name\" content=\"Vox Sahel\" \/>\n<meta property=\"article:publisher\" content=\"https:\/\/www.facebook.com\/journal.voxsahel\" \/>\n<meta property=\"article:published_time\" content=\"2025-11-24T06:31:45+00:00\" \/>\n<meta property=\"og:image\" content=\"https:\/\/voxsahel.com\/wp-content\/uploads\/2025\/11\/IMG_3315.jpeg\" \/>\n\t<meta property=\"og:image:width\" content=\"430\" \/>\n\t<meta property=\"og:image:height\" content=\"305\" \/>\n\t<meta property=\"og:image:type\" content=\"image\/jpeg\" \/>\n<meta name=\"author\" content=\"Vox Sahel\" \/>\n<meta name=\"twitter:card\" content=\"summary_large_image\" \/>\n<meta name=\"twitter:label1\" content=\"\u00c9crit par\" \/>\n\t<meta name=\"twitter:data1\" content=\"Vox Sahel\" \/>\n\t<meta name=\"twitter:label2\" content=\"Dur\u00e9e de lecture estim\u00e9e\" \/>\n\t<meta name=\"twitter:data2\" content=\"3 minutes\" \/>\n<script type=\"application\/ld+json\" class=\"yoast-schema-graph\">{\"@context\":\"https:\\\/\\\/schema.org\",\"@graph\":[{\"@type\":\"Article\",\"@id\":\"https:\\\/\\\/voxsahel.com\\\/?p=3126#article\",\"isPartOf\":{\"@id\":\"https:\\\/\\\/voxsahel.com\\\/?p=3126\"},\"author\":{\"name\":\"Vox Sahel\",\"@id\":\"https:\\\/\\\/voxsahel.com\\\/#\\\/schema\\\/person\\\/b4043608248f8fa227cd760e7ff1e19e\"},\"headline\":\"\u00c9DITO | Football africain: La CAN ne doit pas devenir un luxe\",\"datePublished\":\"2025-11-24T06:31:45+00:00\",\"mainEntityOfPage\":{\"@id\":\"https:\\\/\\\/voxsahel.com\\\/?p=3126\"},\"wordCount\":478,\"commentCount\":0,\"publisher\":{\"@id\":\"https:\\\/\\\/voxsahel.com\\\/#organization\"},\"image\":{\"@id\":\"https:\\\/\\\/voxsahel.com\\\/?p=3126#primaryimage\"},\"thumbnailUrl\":\"https:\\\/\\\/voxsahel.com\\\/wp-content\\\/uploads\\\/2025\\\/11\\\/IMG_3315.jpeg\",\"keywords\":[\"CAN\",\"CAN Maroc 2025\",\"Conf\u00e9d\u00e9ration Africaine de Football\",\"Coupe d\u2019Afrique des nations\",\"Football\",\"Sport\"],\"articleSection\":[\"SPORTS\"],\"inLanguage\":\"fr-FR\",\"potentialAction\":[{\"@type\":\"CommentAction\",\"name\":\"Comment\",\"target\":[\"https:\\\/\\\/voxsahel.com\\\/?p=3126#respond\"]}]},{\"@type\":\"WebPage\",\"@id\":\"https:\\\/\\\/voxsahel.com\\\/?p=3126\",\"url\":\"https:\\\/\\\/voxsahel.com\\\/?p=3126\",\"name\":\"\u00c9DITO | Football africain: La CAN ne doit pas devenir un luxe - Vox Sahel\",\"isPartOf\":{\"@id\":\"https:\\\/\\\/voxsahel.com\\\/#website\"},\"primaryImageOfPage\":{\"@id\":\"https:\\\/\\\/voxsahel.com\\\/?p=3126#primaryimage\"},\"image\":{\"@id\":\"https:\\\/\\\/voxsahel.com\\\/?p=3126#primaryimage\"},\"thumbnailUrl\":\"https:\\\/\\\/voxsahel.com\\\/wp-content\\\/uploads\\\/2025\\\/11\\\/IMG_3315.jpeg\",\"datePublished\":\"2025-11-24T06:31:45+00:00\",\"breadcrumb\":{\"@id\":\"https:\\\/\\\/voxsahel.com\\\/?p=3126#breadcrumb\"},\"inLanguage\":\"fr-FR\",\"potentialAction\":[{\"@type\":\"ReadAction\",\"target\":[\"https:\\\/\\\/voxsahel.com\\\/?p=3126\"]}]},{\"@type\":\"ImageObject\",\"inLanguage\":\"fr-FR\",\"@id\":\"https:\\\/\\\/voxsahel.com\\\/?p=3126#primaryimage\",\"url\":\"https:\\\/\\\/voxsahel.com\\\/wp-content\\\/uploads\\\/2025\\\/11\\\/IMG_3315.jpeg\",\"contentUrl\":\"https:\\\/\\\/voxsahel.com\\\/wp-content\\\/uploads\\\/2025\\\/11\\\/IMG_3315.jpeg\",\"width\":430,\"height\":305},{\"@type\":\"BreadcrumbList\",\"@id\":\"https:\\\/\\\/voxsahel.com\\\/?p=3126#breadcrumb\",\"itemListElement\":[{\"@type\":\"ListItem\",\"position\":1,\"name\":\"Home\",\"item\":\"https:\\\/\\\/voxsahel.com\\\/\"},{\"@type\":\"ListItem\",\"position\":2,\"name\":\"\u00c9DITO | Football africain: La CAN ne doit pas devenir un luxe\"}]},{\"@type\":\"WebSite\",\"@id\":\"https:\\\/\\\/voxsahel.com\\\/#website\",\"url\":\"https:\\\/\\\/voxsahel.com\\\/\",\"name\":\"Vox Sahel\",\"description\":\"Informez-vous sur le Sahel en un clic\",\"publisher\":{\"@id\":\"https:\\\/\\\/voxsahel.com\\\/#organization\"},\"potentialAction\":[{\"@type\":\"SearchAction\",\"target\":{\"@type\":\"EntryPoint\",\"urlTemplate\":\"https:\\\/\\\/voxsahel.com\\\/?s={search_term_string}\"},\"query-input\":{\"@type\":\"PropertyValueSpecification\",\"valueRequired\":true,\"valueName\":\"search_term_string\"}}],\"inLanguage\":\"fr-FR\"},{\"@type\":\"Organization\",\"@id\":\"https:\\\/\\\/voxsahel.com\\\/#organization\",\"name\":\"Vox Sahel\",\"url\":\"https:\\\/\\\/voxsahel.com\\\/\",\"logo\":{\"@type\":\"ImageObject\",\"inLanguage\":\"fr-FR\",\"@id\":\"https:\\\/\\\/voxsahel.com\\\/#\\\/schema\\\/logo\\\/image\\\/\",\"url\":\"https:\\\/\\\/voxsahel.com\\\/wp-content\\\/uploads\\\/2024\\\/09\\\/Logo-Vox-Sahel.jpg\",\"contentUrl\":\"https:\\\/\\\/voxsahel.com\\\/wp-content\\\/uploads\\\/2024\\\/09\\\/Logo-Vox-Sahel.jpg\",\"width\":1181,\"height\":848,\"caption\":\"Vox Sahel\"},\"image\":{\"@id\":\"https:\\\/\\\/voxsahel.com\\\/#\\\/schema\\\/logo\\\/image\\\/\"},\"sameAs\":[\"https:\\\/\\\/www.facebook.com\\\/journal.voxsahel\"]},{\"@type\":\"Person\",\"@id\":\"https:\\\/\\\/voxsahel.com\\\/#\\\/schema\\\/person\\\/b4043608248f8fa227cd760e7ff1e19e\",\"name\":\"Vox Sahel\",\"image\":{\"@type\":\"ImageObject\",\"inLanguage\":\"fr-FR\",\"@id\":\"https:\\\/\\\/secure.gravatar.com\\\/avatar\\\/f70e7fa0cb9b29d4a7c5788d6eb2e9ab4d3135cbae1c9161810fdf77a8964699?s=96&d=mm&r=g\",\"url\":\"https:\\\/\\\/secure.gravatar.com\\\/avatar\\\/f70e7fa0cb9b29d4a7c5788d6eb2e9ab4d3135cbae1c9161810fdf77a8964699?s=96&d=mm&r=g\",\"contentUrl\":\"https:\\\/\\\/secure.gravatar.com\\\/avatar\\\/f70e7fa0cb9b29d4a7c5788d6eb2e9ab4d3135cbae1c9161810fdf77a8964699?s=96&d=mm&r=g\",\"caption\":\"Vox Sahel\"},\"sameAs\":[\"http:\\\/\\\/www.voxsahel.com\"],\"url\":\"https:\\\/\\\/voxsahel.com\\\/?author=2\"}]}<\/script>\n<!-- \/ Yoast SEO plugin. -->","yoast_head_json":{"title":"\u00c9DITO | Football africain: La CAN ne doit pas devenir un luxe - Vox Sahel","robots":{"index":"index","follow":"follow","max-snippet":"max-snippet:-1","max-image-preview":"max-image-preview:large","max-video-preview":"max-video-preview:-1"},"canonical":"https:\/\/voxsahel.com\/?p=3126","og_locale":"fr_FR","og_type":"article","og_title":"\u00c9DITO | Football africain: La CAN ne doit pas devenir un luxe - Vox Sahel","og_description":"La Coupe d\u2019Afrique des nations n\u2019est pas une simple comp\u00e9tition sportive. C\u2019est bien plus qu\u2019un","og_url":"https:\/\/voxsahel.com\/?p=3126","og_site_name":"Vox Sahel","article_publisher":"https:\/\/www.facebook.com\/journal.voxsahel","article_published_time":"2025-11-24T06:31:45+00:00","og_image":[{"width":430,"height":305,"url":"https:\/\/voxsahel.com\/wp-content\/uploads\/2025\/11\/IMG_3315.jpeg","type":"image\/jpeg"}],"author":"Vox Sahel","twitter_card":"summary_large_image","twitter_misc":{"\u00c9crit par":"Vox Sahel","Dur\u00e9e de lecture estim\u00e9e":"3 minutes"},"schema":{"@context":"https:\/\/schema.org","@graph":[{"@type":"Article","@id":"https:\/\/voxsahel.com\/?p=3126#article","isPartOf":{"@id":"https:\/\/voxsahel.com\/?p=3126"},"author":{"name":"Vox Sahel","@id":"https:\/\/voxsahel.com\/#\/schema\/person\/b4043608248f8fa227cd760e7ff1e19e"},"headline":"\u00c9DITO | Football africain: La CAN ne doit pas devenir un luxe","datePublished":"2025-11-24T06:31:45+00:00","mainEntityOfPage":{"@id":"https:\/\/voxsahel.com\/?p=3126"},"wordCount":478,"commentCount":0,"publisher":{"@id":"https:\/\/voxsahel.com\/#organization"},"image":{"@id":"https:\/\/voxsahel.com\/?p=3126#primaryimage"},"thumbnailUrl":"https:\/\/voxsahel.com\/wp-content\/uploads\/2025\/11\/IMG_3315.jpeg","keywords":["CAN","CAN Maroc 2025","Conf\u00e9d\u00e9ration Africaine de Football","Coupe d\u2019Afrique des nations","Football","Sport"],"articleSection":["SPORTS"],"inLanguage":"fr-FR","potentialAction":[{"@type":"CommentAction","name":"Comment","target":["https:\/\/voxsahel.com\/?p=3126#respond"]}]},{"@type":"WebPage","@id":"https:\/\/voxsahel.com\/?p=3126","url":"https:\/\/voxsahel.com\/?p=3126","name":"\u00c9DITO | Football africain: La CAN ne doit pas devenir un luxe - Vox Sahel","isPartOf":{"@id":"https:\/\/voxsahel.com\/#website"},"primaryImageOfPage":{"@id":"https:\/\/voxsahel.com\/?p=3126#primaryimage"},"image":{"@id":"https:\/\/voxsahel.com\/?p=3126#primaryimage"},"thumbnailUrl":"https:\/\/voxsahel.com\/wp-content\/uploads\/2025\/11\/IMG_3315.jpeg","datePublished":"2025-11-24T06:31:45+00:00","breadcrumb":{"@id":"https:\/\/voxsahel.com\/?p=3126#breadcrumb"},"inLanguage":"fr-FR","potentialAction":[{"@type":"ReadAction","target":["https:\/\/voxsahel.com\/?p=3126"]}]},{"@type":"ImageObject","inLanguage":"fr-FR","@id":"https:\/\/voxsahel.com\/?p=3126#primaryimage","url":"https:\/\/voxsahel.com\/wp-content\/uploads\/2025\/11\/IMG_3315.jpeg","contentUrl":"https:\/\/voxsahel.com\/wp-content\/uploads\/2025\/11\/IMG_3315.jpeg","width":430,"height":305},{"@type":"BreadcrumbList","@id":"https:\/\/voxsahel.com\/?p=3126#breadcrumb","itemListElement":[{"@type":"ListItem","position":1,"name":"Home","item":"https:\/\/voxsahel.com\/"},{"@type":"ListItem","position":2,"name":"\u00c9DITO | Football africain: La CAN ne doit pas devenir un luxe"}]},{"@type":"WebSite","@id":"https:\/\/voxsahel.com\/#website","url":"https:\/\/voxsahel.com\/","name":"Vox Sahel","description":"Informez-vous sur le Sahel en un clic","publisher":{"@id":"https:\/\/voxsahel.com\/#organization"},"potentialAction":[{"@type":"SearchAction","target":{"@type":"EntryPoint","urlTemplate":"https:\/\/voxsahel.com\/?s={search_term_string}"},"query-input":{"@type":"PropertyValueSpecification","valueRequired":true,"valueName":"search_term_string"}}],"inLanguage":"fr-FR"},{"@type":"Organization","@id":"https:\/\/voxsahel.com\/#organization","name":"Vox Sahel","url":"https:\/\/voxsahel.com\/","logo":{"@type":"ImageObject","inLanguage":"fr-FR","@id":"https:\/\/voxsahel.com\/#\/schema\/logo\/image\/","url":"https:\/\/voxsahel.com\/wp-content\/uploads\/2024\/09\/Logo-Vox-Sahel.jpg","contentUrl":"https:\/\/voxsahel.com\/wp-content\/uploads\/2024\/09\/Logo-Vox-Sahel.jpg","width":1181,"height":848,"caption":"Vox Sahel"},"image":{"@id":"https:\/\/voxsahel.com\/#\/schema\/logo\/image\/"},"sameAs":["https:\/\/www.facebook.com\/journal.voxsahel"]},{"@type":"Person","@id":"https:\/\/voxsahel.com\/#\/schema\/person\/b4043608248f8fa227cd760e7ff1e19e","name":"Vox Sahel","image":{"@type":"ImageObject","inLanguage":"fr-FR","@id":"https:\/\/secure.gravatar.com\/avatar\/f70e7fa0cb9b29d4a7c5788d6eb2e9ab4d3135cbae1c9161810fdf77a8964699?s=96&d=mm&r=g","url":"https:\/\/secure.gravatar.com\/avatar\/f70e7fa0cb9b29d4a7c5788d6eb2e9ab4d3135cbae1c9161810fdf77a8964699?s=96&d=mm&r=g","contentUrl":"https:\/\/secure.gravatar.com\/avatar\/f70e7fa0cb9b29d4a7c5788d6eb2e9ab4d3135cbae1c9161810fdf77a8964699?s=96&d=mm&r=g","caption":"Vox Sahel"},"sameAs":["http:\/\/www.voxsahel.com"],"url":"https:\/\/voxsahel.com\/?author=2"}]}},"_links":{"self":[{"href":"https:\/\/voxsahel.com\/index.php?rest_route=\/wp\/v2\/posts\/3126","targetHints":{"allow":["GET"]}}],"collection":[{"href":"https:\/\/voxsahel.com\/index.php?rest_route=\/wp\/v2\/posts"}],"about":[{"href":"https:\/\/voxsahel.com\/index.php?rest_route=\/wp\/v2\/types\/post"}],"author":[{"embeddable":true,"href":"https:\/\/voxsahel.com\/index.php?rest_route=\/wp\/v2\/users\/2"}],"replies":[{"embeddable":true,"href":"https:\/\/voxsahel.com\/index.php?rest_route=%2Fwp%2Fv2%2Fcomments&post=3126"}],"version-history":[{"count":1,"href":"https:\/\/voxsahel.com\/index.php?rest_route=\/wp\/v2\/posts\/3126\/revisions"}],"predecessor-version":[{"id":3128,"href":"https:\/\/voxsahel.com\/index.php?rest_route=\/wp\/v2\/posts\/3126\/revisions\/3128"}],"wp:featuredmedia":[{"embeddable":true,"href":"https:\/\/voxsahel.com\/index.php?rest_route=\/wp\/v2\/media\/3127"}],"wp:attachment":[{"href":"https:\/\/voxsahel.com\/index.php?rest_route=%2Fwp%2Fv2%2Fmedia&parent=3126"}],"wp:term":[{"taxonomy":"category","embeddable":true,"href":"https:\/\/voxsahel.com\/index.php?rest_route=%2Fwp%2Fv2%2Fcategories&post=3126"},{"taxonomy":"post_tag","embeddable":true,"href":"https:\/\/voxsahel.com\/index.php?rest_route=%2Fwp%2Fv2%2Ftags&post=3126"}],"curies":[{"name":"wp","href":"https:\/\/api.w.org\/{rel}","templated":true}]}}