{"id":3121,"date":"2025-11-22T15:49:09","date_gmt":"2025-11-22T15:49:09","guid":{"rendered":"https:\/\/voxsahel.com\/?p=3121"},"modified":"2025-11-22T15:49:09","modified_gmt":"2025-11-22T15:49:09","slug":"liberer-lesprit-pour-batir-demain-agathe-roth-kabore-galvanise-la-jeunesse-au-unlimited-mind-summit","status":"publish","type":"post","link":"https:\/\/voxsahel.com\/?p=3121","title":{"rendered":"\u00abLib\u00e9rer l\u2019esprit pour b\u00e2tir demain \u00bb\u00a0: Agathe Roth Kabor\u00e9 galvanise la jeunesse au Unlimited Mind Summit"},"content":{"rendered":"<p><strong>Le \u00ab Unlimited Mind Summit \u00bb, sommet d\u00e9di\u00e9 \u00e0 l\u2019\u00e9l\u00e9vation des mentalit\u00e9s et au d\u00e9veloppement du potentiel humain, s\u2019est tenu ce samedi 22 novembre 2025 au CENASA de Ouagadougou. Plac\u00e9e sous le th\u00e8me \u00ab Lib\u00e9rez votre esprit, d\u00e9ployez votre potentiel \u00bb, cette rencontre a \u00e9t\u00e9 initi\u00e9e par la coach Agathe Roth Kabor\u00e9, \u00e9ditrice, auteure et conf\u00e9renci\u00e8re internationale engag\u00e9e depuis plusieurs ann\u00e9es dans la promotion du d\u00e9veloppement personnel \u00e0 travers le monde.<\/strong><\/p>\n<p>Parcourant diff\u00e9rents pays pour former et inspirer, Agathe Kabor\u00e9 a \u00e9crit plusieurs ouvrages consacr\u00e9s \u00e0 l\u2019\u00e9panouissement personnel. Avec ce sommet tenu \u00e0 Ouagadougou, elle a voulu \u00ab apporter sa pierre \u00e0 l\u2019\u00e9dification de son pays \u00bb. Elle explique que le \u00ab Unlimited Mind Summit \u00bb est con\u00e7u comme un espace de transformation destin\u00e9 \u00e0 \u00ab amener la jeunesse africaine, en particulier celle burkinab\u00e8, \u00e0 se prendre en charge \u00bb. La conf\u00e9rence a ainsi port\u00e9 sur l\u2019esprit illimit\u00e9, le leadership, la confiance en soi, le respect des lois ainsi que l\u2019int\u00e9grit\u00e9, autant de leviers, selon elle, pour permettre aux jeunes d\u2019acc\u00e9der \u00e0 leur plein potentiel.<\/p>\n<figure id=\"attachment_3123\" aria-describedby=\"caption-attachment-3123\" style=\"width: 640px\" class=\"wp-caption aligncenter\"><img loading=\"lazy\" decoding=\"async\" class=\"size-large wp-image-3123\" src=\"https:\/\/voxsahel.com\/wp-content\/uploads\/2025\/11\/WhatsApp-Image-2025-11-22-at-15.28.03-1024x768.jpeg\" alt=\"Agathe Kabor\u00e9 a appel\u00e9 la jeunesse \u00e0 faire sortir son g\u00e9nie cr\u00e9ateur pour une d\u00e9veloppement harmonieux du pays \" width=\"640\" height=\"480\" srcset=\"https:\/\/voxsahel.com\/wp-content\/uploads\/2025\/11\/WhatsApp-Image-2025-11-22-at-15.28.03-1024x768.jpeg 1024w, https:\/\/voxsahel.com\/wp-content\/uploads\/2025\/11\/WhatsApp-Image-2025-11-22-at-15.28.03-300x225.jpeg 300w, https:\/\/voxsahel.com\/wp-content\/uploads\/2025\/11\/WhatsApp-Image-2025-11-22-at-15.28.03-768x576.jpeg 768w, https:\/\/voxsahel.com\/wp-content\/uploads\/2025\/11\/WhatsApp-Image-2025-11-22-at-15.28.03-510x382.jpeg 510w, https:\/\/voxsahel.com\/wp-content\/uploads\/2025\/11\/WhatsApp-Image-2025-11-22-at-15.28.03-1080x810.jpeg 1080w, https:\/\/voxsahel.com\/wp-content\/uploads\/2025\/11\/WhatsApp-Image-2025-11-22-at-15.28.03-610x458.jpeg 610w, https:\/\/voxsahel.com\/wp-content\/uploads\/2025\/11\/WhatsApp-Image-2025-11-22-at-15.28.03-720x540.jpeg 720w, https:\/\/voxsahel.com\/wp-content\/uploads\/2025\/11\/WhatsApp-Image-2025-11-22-at-15.28.03.jpeg 1280w\" sizes=\"(max-width: 640px) 100vw, 640px\" \/><figcaption id=\"caption-attachment-3123\" class=\"wp-caption-text\">Agathe Kabor\u00e9 a appel\u00e9 la jeunesse \u00e0 faire sortir son g\u00e9nie cr\u00e9ateur pour une d\u00e9veloppement harmonieux du pays<\/figcaption><\/figure>\n<p>La coach affirme inscrire son initiative dans la continuit\u00e9 de l\u2019appel du Pr\u00e9sident du Faso \u00e0 la mobilisation g\u00e9n\u00e9rale. \u00ab Il a dit dans ses interventions que tout Burkinab\u00e8, quelle que soit sa contribution, m\u00eame minime, est le bienvenu. Cette ann\u00e9e, en venant pour mes activit\u00e9s, je me suis dit que c\u2019\u00e9tait une occasion d\u2019apporter du savoir, ma contribution \u00e0 la jeunesse, aux futurs leaders du changement du Burkina Faso. Parce que nous avons besoin de briser les cha\u00eenes mentales qui nous freinent \u00bb, a-t-elle confi\u00e9.<\/p>\n<p>Depuis 2016, Agathe Kabor\u00e9 anime r\u00e9guli\u00e8rement des conf\u00e9rences et forme des jeunes \u00e0 l\u2019autonomisation. Promotrice du Salon international des entrepreneurs et de la vie active de la jeunesse, elle rappelle l\u2019importance d\u2019incarner des valeurs fortes pour accompagner les transformations du pays. \u00ab On ne peut pas vouloir \u00eatre des agents du changement dans un pays en pleine lutte pour se lib\u00e9rer de ses cha\u00eenes sans incarner des valeurs fortes et excellentes pour diriger ce pays demain \u00bb, a-t-elle insist\u00e9, estimant que cette d\u00e9marche repr\u00e9sente \u00ab sa fa\u00e7on d\u2019apporter sa pierre \u00e0 la construction nationale \u00bb.<\/p>\n<p>L\u2019initiatrice du sommet dit attendre de la part des participants des actions concr\u00e8tes, capables d\u2019inspirer \u00e0 leur tour d\u2019autres jeunes. Elle a \u00e9galement annonc\u00e9 que d\u2019autres sessions se tiendront dans les pays de l\u2019AES pour encourager davantage la jeunesse \u00e0 se prendre en main. \u00ab C\u2019est notre pays, c\u2019est notre nation, ce sont nos terres. Personne ne viendra les d\u00e9velopper \u00e0 notre place. Personne n\u2019aura plus de compassion pour notre population que nous-m\u00eames. L\u2019int\u00e9grit\u00e9, l\u2019amour, la compassion, l\u2019excellence : voil\u00e0 ce que je veux partager avec cette jeunesse pour changer les choses \u00bb, a-t-elle conclu.<\/p>\n<figure id=\"attachment_3124\" aria-describedby=\"caption-attachment-3124\" style=\"width: 640px\" class=\"wp-caption aligncenter\"><img loading=\"lazy\" decoding=\"async\" class=\"size-large wp-image-3124\" src=\"https:\/\/voxsahel.com\/wp-content\/uploads\/2025\/11\/WhatsApp-Image-2025-11-22-at-15.28.03-1-1024x768.jpeg\" alt=\"Le participant Ousseni Sankara a appr\u00e9ci\u00e9 le th\u00e8me de la conf\u00e9rence qui lui permettront d'acqu\u00e9rir d'autres notions\" width=\"640\" height=\"480\" srcset=\"https:\/\/voxsahel.com\/wp-content\/uploads\/2025\/11\/WhatsApp-Image-2025-11-22-at-15.28.03-1-1024x768.jpeg 1024w, https:\/\/voxsahel.com\/wp-content\/uploads\/2025\/11\/WhatsApp-Image-2025-11-22-at-15.28.03-1-300x225.jpeg 300w, https:\/\/voxsahel.com\/wp-content\/uploads\/2025\/11\/WhatsApp-Image-2025-11-22-at-15.28.03-1-768x576.jpeg 768w, https:\/\/voxsahel.com\/wp-content\/uploads\/2025\/11\/WhatsApp-Image-2025-11-22-at-15.28.03-1-510x382.jpeg 510w, https:\/\/voxsahel.com\/wp-content\/uploads\/2025\/11\/WhatsApp-Image-2025-11-22-at-15.28.03-1-1080x810.jpeg 1080w, https:\/\/voxsahel.com\/wp-content\/uploads\/2025\/11\/WhatsApp-Image-2025-11-22-at-15.28.03-1-610x458.jpeg 610w, https:\/\/voxsahel.com\/wp-content\/uploads\/2025\/11\/WhatsApp-Image-2025-11-22-at-15.28.03-1-720x540.jpeg 720w, https:\/\/voxsahel.com\/wp-content\/uploads\/2025\/11\/WhatsApp-Image-2025-11-22-at-15.28.03-1.jpeg 1280w\" sizes=\"(max-width: 640px) 100vw, 640px\" \/><figcaption id=\"caption-attachment-3124\" class=\"wp-caption-text\">Le participant Ousseni Sankara a appr\u00e9ci\u00e9 le th\u00e8me de la conf\u00e9rence qui lui permettront d&rsquo;acqu\u00e9rir d&rsquo;autres notions<\/figcaption><\/figure>\n<p>Parmi les participants, l\u2019entrepreneur web Labaika Ousseni Sankara dit avoir \u00e9t\u00e9 particuli\u00e8rement s\u00e9duit par le th\u00e8me de la conf\u00e9rence. Selon lui, l\u2019esprit illimit\u00e9 repr\u00e9sente \u00ab ce qu\u2019il recherche \u00bb : mieux comprendre les possibilit\u00e9s qu\u2019offre la vie et apprendre \u00e0 exploiter son potentiel. \u00ab Je pense qu\u2019\u00e0 travers cette formation, je pourrai acqu\u00e9rir des notions et des lois de l\u2019univers qui me permettront d\u2019exploiter pleinement tous les potentiels que j\u2019ai en moi \u00bb, a-t-il d\u00e9clar\u00e9, reconnaissant toute l\u2019importance d\u2019une telle initiative. Plusieurs personnes sont pass\u00e9es l&rsquo;assistance pour partager leurs exp\u00e9riences et galvanise davantage la jeunesse \u00e0 se prendre en charge.<\/p>\n<p style=\"text-align: right;\"><strong>Par Amir BAKO<\/strong><\/p>\n","protected":false},"excerpt":{"rendered":"<p>Le \u00ab Unlimited Mind Summit \u00bb, sommet d\u00e9di\u00e9 \u00e0 l\u2019\u00e9l\u00e9vation des mentalit\u00e9s et au d\u00e9veloppement<\/p>\n","protected":false},"author":2,"featured_media":3122,"comment_status":"open","ping_status":"open","sticky":false,"template":"","format":"standard","meta":{"_et_pb_use_builder":"","_et_pb_old_content":"","_et_gb_content_width":"","footnotes":""},"categories":[5],"tags":[],"class_list":["post-3121","post","type-post","status-publish","format-standard","has-post-thumbnail","hentry","category-societe"],"yoast_head":"<!-- This site is optimized with the Yoast SEO plugin v27.5 - https:\/\/yoast.com\/product\/yoast-seo-wordpress\/ -->\n<title>\u00abLib\u00e9rer l\u2019esprit pour b\u00e2tir demain \u00bb\u00a0: Agathe Roth Kabor\u00e9 galvanise la jeunesse au Unlimited Mind Summit - Vox Sahel<\/title>\n<meta name=\"robots\" content=\"index, follow, max-snippet:-1, max-image-preview:large, max-video-preview:-1\" \/>\n<link rel=\"canonical\" href=\"https:\/\/voxsahel.com\/?p=3121\" \/>\n<meta property=\"og:locale\" content=\"fr_FR\" \/>\n<meta property=\"og:type\" content=\"article\" \/>\n<meta property=\"og:title\" content=\"\u00abLib\u00e9rer l\u2019esprit pour b\u00e2tir demain \u00bb\u00a0: Agathe Roth Kabor\u00e9 galvanise la jeunesse au Unlimited Mind Summit - Vox Sahel\" \/>\n<meta property=\"og:description\" content=\"Le \u00ab Unlimited Mind Summit \u00bb, sommet d\u00e9di\u00e9 \u00e0 l\u2019\u00e9l\u00e9vation des mentalit\u00e9s et au d\u00e9veloppement\" \/>\n<meta property=\"og:url\" content=\"https:\/\/voxsahel.com\/?p=3121\" \/>\n<meta property=\"og:site_name\" content=\"Vox Sahel\" \/>\n<meta property=\"article:publisher\" content=\"https:\/\/www.facebook.com\/journal.voxsahel\" \/>\n<meta property=\"article:published_time\" content=\"2025-11-22T15:49:09+00:00\" \/>\n<meta property=\"og:image\" content=\"https:\/\/voxsahel.com\/wp-content\/uploads\/2025\/11\/08fd96d3-b281-43cd-812d-04c8ba70b2df.jpeg\" \/>\n\t<meta property=\"og:image:width\" content=\"1020\" \/>\n\t<meta property=\"og:image:height\" content=\"768\" \/>\n\t<meta property=\"og:image:type\" content=\"image\/jpeg\" \/>\n<meta name=\"author\" content=\"Vox Sahel\" \/>\n<meta name=\"twitter:card\" content=\"summary_large_image\" \/>\n<meta name=\"twitter:label1\" content=\"\u00c9crit par\" \/>\n\t<meta name=\"twitter:data1\" content=\"Vox Sahel\" \/>\n\t<meta name=\"twitter:label2\" content=\"Dur\u00e9e de lecture estim\u00e9e\" \/>\n\t<meta name=\"twitter:data2\" content=\"4 minutes\" \/>\n<script type=\"application\/ld+json\" class=\"yoast-schema-graph\">{\"@context\":\"https:\\\/\\\/schema.org\",\"@graph\":[{\"@type\":\"Article\",\"@id\":\"https:\\\/\\\/voxsahel.com\\\/?p=3121#article\",\"isPartOf\":{\"@id\":\"https:\\\/\\\/voxsahel.com\\\/?p=3121\"},\"author\":{\"name\":\"Vox Sahel\",\"@id\":\"https:\\\/\\\/voxsahel.com\\\/#\\\/schema\\\/person\\\/b4043608248f8fa227cd760e7ff1e19e\"},\"headline\":\"\u00abLib\u00e9rer l\u2019esprit pour b\u00e2tir demain \u00bb\u00a0: Agathe Roth Kabor\u00e9 galvanise la jeunesse au Unlimited Mind Summit\",\"datePublished\":\"2025-11-22T15:49:09+00:00\",\"mainEntityOfPage\":{\"@id\":\"https:\\\/\\\/voxsahel.com\\\/?p=3121\"},\"wordCount\":669,\"commentCount\":0,\"publisher\":{\"@id\":\"https:\\\/\\\/voxsahel.com\\\/#organization\"},\"image\":{\"@id\":\"https:\\\/\\\/voxsahel.com\\\/?p=3121#primaryimage\"},\"thumbnailUrl\":\"https:\\\/\\\/voxsahel.com\\\/wp-content\\\/uploads\\\/2025\\\/11\\\/08fd96d3-b281-43cd-812d-04c8ba70b2df.jpeg\",\"articleSection\":[\"SOCIETE\"],\"inLanguage\":\"fr-FR\",\"potentialAction\":[{\"@type\":\"CommentAction\",\"name\":\"Comment\",\"target\":[\"https:\\\/\\\/voxsahel.com\\\/?p=3121#respond\"]}]},{\"@type\":\"WebPage\",\"@id\":\"https:\\\/\\\/voxsahel.com\\\/?p=3121\",\"url\":\"https:\\\/\\\/voxsahel.com\\\/?p=3121\",\"name\":\"\u00abLib\u00e9rer l\u2019esprit pour b\u00e2tir demain \u00bb\u00a0: Agathe Roth Kabor\u00e9 galvanise la jeunesse au Unlimited Mind Summit - Vox Sahel\",\"isPartOf\":{\"@id\":\"https:\\\/\\\/voxsahel.com\\\/#website\"},\"primaryImageOfPage\":{\"@id\":\"https:\\\/\\\/voxsahel.com\\\/?p=3121#primaryimage\"},\"image\":{\"@id\":\"https:\\\/\\\/voxsahel.com\\\/?p=3121#primaryimage\"},\"thumbnailUrl\":\"https:\\\/\\\/voxsahel.com\\\/wp-content\\\/uploads\\\/2025\\\/11\\\/08fd96d3-b281-43cd-812d-04c8ba70b2df.jpeg\",\"datePublished\":\"2025-11-22T15:49:09+00:00\",\"breadcrumb\":{\"@id\":\"https:\\\/\\\/voxsahel.com\\\/?p=3121#breadcrumb\"},\"inLanguage\":\"fr-FR\",\"potentialAction\":[{\"@type\":\"ReadAction\",\"target\":[\"https:\\\/\\\/voxsahel.com\\\/?p=3121\"]}]},{\"@type\":\"ImageObject\",\"inLanguage\":\"fr-FR\",\"@id\":\"https:\\\/\\\/voxsahel.com\\\/?p=3121#primaryimage\",\"url\":\"https:\\\/\\\/voxsahel.com\\\/wp-content\\\/uploads\\\/2025\\\/11\\\/08fd96d3-b281-43cd-812d-04c8ba70b2df.jpeg\",\"contentUrl\":\"https:\\\/\\\/voxsahel.com\\\/wp-content\\\/uploads\\\/2025\\\/11\\\/08fd96d3-b281-43cd-812d-04c8ba70b2df.jpeg\",\"width\":1020,\"height\":768},{\"@type\":\"BreadcrumbList\",\"@id\":\"https:\\\/\\\/voxsahel.com\\\/?p=3121#breadcrumb\",\"itemListElement\":[{\"@type\":\"ListItem\",\"position\":1,\"name\":\"Home\",\"item\":\"https:\\\/\\\/voxsahel.com\\\/\"},{\"@type\":\"ListItem\",\"position\":2,\"name\":\"\u00abLib\u00e9rer l\u2019esprit pour b\u00e2tir demain \u00bb\u00a0: Agathe Roth Kabor\u00e9 galvanise la jeunesse au Unlimited Mind Summit\"}]},{\"@type\":\"WebSite\",\"@id\":\"https:\\\/\\\/voxsahel.com\\\/#website\",\"url\":\"https:\\\/\\\/voxsahel.com\\\/\",\"name\":\"Vox Sahel\",\"description\":\"Informez-vous sur le Sahel en un clic\",\"publisher\":{\"@id\":\"https:\\\/\\\/voxsahel.com\\\/#organization\"},\"potentialAction\":[{\"@type\":\"SearchAction\",\"target\":{\"@type\":\"EntryPoint\",\"urlTemplate\":\"https:\\\/\\\/voxsahel.com\\\/?s={search_term_string}\"},\"query-input\":{\"@type\":\"PropertyValueSpecification\",\"valueRequired\":true,\"valueName\":\"search_term_string\"}}],\"inLanguage\":\"fr-FR\"},{\"@type\":\"Organization\",\"@id\":\"https:\\\/\\\/voxsahel.com\\\/#organization\",\"name\":\"Vox Sahel\",\"url\":\"https:\\\/\\\/voxsahel.com\\\/\",\"logo\":{\"@type\":\"ImageObject\",\"inLanguage\":\"fr-FR\",\"@id\":\"https:\\\/\\\/voxsahel.com\\\/#\\\/schema\\\/logo\\\/image\\\/\",\"url\":\"https:\\\/\\\/voxsahel.com\\\/wp-content\\\/uploads\\\/2024\\\/09\\\/Logo-Vox-Sahel.jpg\",\"contentUrl\":\"https:\\\/\\\/voxsahel.com\\\/wp-content\\\/uploads\\\/2024\\\/09\\\/Logo-Vox-Sahel.jpg\",\"width\":1181,\"height\":848,\"caption\":\"Vox Sahel\"},\"image\":{\"@id\":\"https:\\\/\\\/voxsahel.com\\\/#\\\/schema\\\/logo\\\/image\\\/\"},\"sameAs\":[\"https:\\\/\\\/www.facebook.com\\\/journal.voxsahel\"]},{\"@type\":\"Person\",\"@id\":\"https:\\\/\\\/voxsahel.com\\\/#\\\/schema\\\/person\\\/b4043608248f8fa227cd760e7ff1e19e\",\"name\":\"Vox Sahel\",\"image\":{\"@type\":\"ImageObject\",\"inLanguage\":\"fr-FR\",\"@id\":\"https:\\\/\\\/secure.gravatar.com\\\/avatar\\\/f70e7fa0cb9b29d4a7c5788d6eb2e9ab4d3135cbae1c9161810fdf77a8964699?s=96&d=mm&r=g\",\"url\":\"https:\\\/\\\/secure.gravatar.com\\\/avatar\\\/f70e7fa0cb9b29d4a7c5788d6eb2e9ab4d3135cbae1c9161810fdf77a8964699?s=96&d=mm&r=g\",\"contentUrl\":\"https:\\\/\\\/secure.gravatar.com\\\/avatar\\\/f70e7fa0cb9b29d4a7c5788d6eb2e9ab4d3135cbae1c9161810fdf77a8964699?s=96&d=mm&r=g\",\"caption\":\"Vox Sahel\"},\"sameAs\":[\"http:\\\/\\\/www.voxsahel.com\"],\"url\":\"https:\\\/\\\/voxsahel.com\\\/?author=2\"}]}<\/script>\n<!-- \/ Yoast SEO plugin. -->","yoast_head_json":{"title":"\u00abLib\u00e9rer l\u2019esprit pour b\u00e2tir demain \u00bb\u00a0: Agathe Roth Kabor\u00e9 galvanise la jeunesse au Unlimited Mind Summit - Vox Sahel","robots":{"index":"index","follow":"follow","max-snippet":"max-snippet:-1","max-image-preview":"max-image-preview:large","max-video-preview":"max-video-preview:-1"},"canonical":"https:\/\/voxsahel.com\/?p=3121","og_locale":"fr_FR","og_type":"article","og_title":"\u00abLib\u00e9rer l\u2019esprit pour b\u00e2tir demain \u00bb\u00a0: Agathe Roth Kabor\u00e9 galvanise la jeunesse au Unlimited Mind Summit - Vox Sahel","og_description":"Le \u00ab Unlimited Mind Summit \u00bb, sommet d\u00e9di\u00e9 \u00e0 l\u2019\u00e9l\u00e9vation des mentalit\u00e9s et au d\u00e9veloppement","og_url":"https:\/\/voxsahel.com\/?p=3121","og_site_name":"Vox Sahel","article_publisher":"https:\/\/www.facebook.com\/journal.voxsahel","article_published_time":"2025-11-22T15:49:09+00:00","og_image":[{"width":1020,"height":768,"url":"https:\/\/voxsahel.com\/wp-content\/uploads\/2025\/11\/08fd96d3-b281-43cd-812d-04c8ba70b2df.jpeg","type":"image\/jpeg"}],"author":"Vox Sahel","twitter_card":"summary_large_image","twitter_misc":{"\u00c9crit par":"Vox Sahel","Dur\u00e9e de lecture estim\u00e9e":"4 minutes"},"schema":{"@context":"https:\/\/schema.org","@graph":[{"@type":"Article","@id":"https:\/\/voxsahel.com\/?p=3121#article","isPartOf":{"@id":"https:\/\/voxsahel.com\/?p=3121"},"author":{"name":"Vox Sahel","@id":"https:\/\/voxsahel.com\/#\/schema\/person\/b4043608248f8fa227cd760e7ff1e19e"},"headline":"\u00abLib\u00e9rer l\u2019esprit pour b\u00e2tir demain \u00bb\u00a0: Agathe Roth Kabor\u00e9 galvanise la jeunesse au Unlimited Mind Summit","datePublished":"2025-11-22T15:49:09+00:00","mainEntityOfPage":{"@id":"https:\/\/voxsahel.com\/?p=3121"},"wordCount":669,"commentCount":0,"publisher":{"@id":"https:\/\/voxsahel.com\/#organization"},"image":{"@id":"https:\/\/voxsahel.com\/?p=3121#primaryimage"},"thumbnailUrl":"https:\/\/voxsahel.com\/wp-content\/uploads\/2025\/11\/08fd96d3-b281-43cd-812d-04c8ba70b2df.jpeg","articleSection":["SOCIETE"],"inLanguage":"fr-FR","potentialAction":[{"@type":"CommentAction","name":"Comment","target":["https:\/\/voxsahel.com\/?p=3121#respond"]}]},{"@type":"WebPage","@id":"https:\/\/voxsahel.com\/?p=3121","url":"https:\/\/voxsahel.com\/?p=3121","name":"\u00abLib\u00e9rer l\u2019esprit pour b\u00e2tir demain \u00bb\u00a0: Agathe Roth Kabor\u00e9 galvanise la jeunesse au Unlimited Mind Summit - Vox Sahel","isPartOf":{"@id":"https:\/\/voxsahel.com\/#website"},"primaryImageOfPage":{"@id":"https:\/\/voxsahel.com\/?p=3121#primaryimage"},"image":{"@id":"https:\/\/voxsahel.com\/?p=3121#primaryimage"},"thumbnailUrl":"https:\/\/voxsahel.com\/wp-content\/uploads\/2025\/11\/08fd96d3-b281-43cd-812d-04c8ba70b2df.jpeg","datePublished":"2025-11-22T15:49:09+00:00","breadcrumb":{"@id":"https:\/\/voxsahel.com\/?p=3121#breadcrumb"},"inLanguage":"fr-FR","potentialAction":[{"@type":"ReadAction","target":["https:\/\/voxsahel.com\/?p=3121"]}]},{"@type":"ImageObject","inLanguage":"fr-FR","@id":"https:\/\/voxsahel.com\/?p=3121#primaryimage","url":"https:\/\/voxsahel.com\/wp-content\/uploads\/2025\/11\/08fd96d3-b281-43cd-812d-04c8ba70b2df.jpeg","contentUrl":"https:\/\/voxsahel.com\/wp-content\/uploads\/2025\/11\/08fd96d3-b281-43cd-812d-04c8ba70b2df.jpeg","width":1020,"height":768},{"@type":"BreadcrumbList","@id":"https:\/\/voxsahel.com\/?p=3121#breadcrumb","itemListElement":[{"@type":"ListItem","position":1,"name":"Home","item":"https:\/\/voxsahel.com\/"},{"@type":"ListItem","position":2,"name":"\u00abLib\u00e9rer l\u2019esprit pour b\u00e2tir demain \u00bb\u00a0: Agathe Roth Kabor\u00e9 galvanise la jeunesse au Unlimited Mind Summit"}]},{"@type":"WebSite","@id":"https:\/\/voxsahel.com\/#website","url":"https:\/\/voxsahel.com\/","name":"Vox Sahel","description":"Informez-vous sur le Sahel en un clic","publisher":{"@id":"https:\/\/voxsahel.com\/#organization"},"potentialAction":[{"@type":"SearchAction","target":{"@type":"EntryPoint","urlTemplate":"https:\/\/voxsahel.com\/?s={search_term_string}"},"query-input":{"@type":"PropertyValueSpecification","valueRequired":true,"valueName":"search_term_string"}}],"inLanguage":"fr-FR"},{"@type":"Organization","@id":"https:\/\/voxsahel.com\/#organization","name":"Vox Sahel","url":"https:\/\/voxsahel.com\/","logo":{"@type":"ImageObject","inLanguage":"fr-FR","@id":"https:\/\/voxsahel.com\/#\/schema\/logo\/image\/","url":"https:\/\/voxsahel.com\/wp-content\/uploads\/2024\/09\/Logo-Vox-Sahel.jpg","contentUrl":"https:\/\/voxsahel.com\/wp-content\/uploads\/2024\/09\/Logo-Vox-Sahel.jpg","width":1181,"height":848,"caption":"Vox Sahel"},"image":{"@id":"https:\/\/voxsahel.com\/#\/schema\/logo\/image\/"},"sameAs":["https:\/\/www.facebook.com\/journal.voxsahel"]},{"@type":"Person","@id":"https:\/\/voxsahel.com\/#\/schema\/person\/b4043608248f8fa227cd760e7ff1e19e","name":"Vox Sahel","image":{"@type":"ImageObject","inLanguage":"fr-FR","@id":"https:\/\/secure.gravatar.com\/avatar\/f70e7fa0cb9b29d4a7c5788d6eb2e9ab4d3135cbae1c9161810fdf77a8964699?s=96&d=mm&r=g","url":"https:\/\/secure.gravatar.com\/avatar\/f70e7fa0cb9b29d4a7c5788d6eb2e9ab4d3135cbae1c9161810fdf77a8964699?s=96&d=mm&r=g","contentUrl":"https:\/\/secure.gravatar.com\/avatar\/f70e7fa0cb9b29d4a7c5788d6eb2e9ab4d3135cbae1c9161810fdf77a8964699?s=96&d=mm&r=g","caption":"Vox Sahel"},"sameAs":["http:\/\/www.voxsahel.com"],"url":"https:\/\/voxsahel.com\/?author=2"}]}},"_links":{"self":[{"href":"https:\/\/voxsahel.com\/index.php?rest_route=\/wp\/v2\/posts\/3121","targetHints":{"allow":["GET"]}}],"collection":[{"href":"https:\/\/voxsahel.com\/index.php?rest_route=\/wp\/v2\/posts"}],"about":[{"href":"https:\/\/voxsahel.com\/index.php?rest_route=\/wp\/v2\/types\/post"}],"author":[{"embeddable":true,"href":"https:\/\/voxsahel.com\/index.php?rest_route=\/wp\/v2\/users\/2"}],"replies":[{"embeddable":true,"href":"https:\/\/voxsahel.com\/index.php?rest_route=%2Fwp%2Fv2%2Fcomments&post=3121"}],"version-history":[{"count":1,"href":"https:\/\/voxsahel.com\/index.php?rest_route=\/wp\/v2\/posts\/3121\/revisions"}],"predecessor-version":[{"id":3125,"href":"https:\/\/voxsahel.com\/index.php?rest_route=\/wp\/v2\/posts\/3121\/revisions\/3125"}],"wp:featuredmedia":[{"embeddable":true,"href":"https:\/\/voxsahel.com\/index.php?rest_route=\/wp\/v2\/media\/3122"}],"wp:attachment":[{"href":"https:\/\/voxsahel.com\/index.php?rest_route=%2Fwp%2Fv2%2Fmedia&parent=3121"}],"wp:term":[{"taxonomy":"category","embeddable":true,"href":"https:\/\/voxsahel.com\/index.php?rest_route=%2Fwp%2Fv2%2Fcategories&post=3121"},{"taxonomy":"post_tag","embeddable":true,"href":"https:\/\/voxsahel.com\/index.php?rest_route=%2Fwp%2Fv2%2Ftags&post=3121"}],"curies":[{"name":"wp","href":"https:\/\/api.w.org\/{rel}","templated":true}]}}