{"id":3108,"date":"2025-11-16T13:40:53","date_gmt":"2025-11-16T13:40:53","guid":{"rendered":"https:\/\/voxsahel.com\/?p=3108"},"modified":"2025-11-16T13:40:53","modified_gmt":"2025-11-16T13:40:53","slug":"mondial-u17-les-etalons-cadets-renversent-le-champion-du-monde-allemand-et-filent-en-huitiemes","status":"publish","type":"post","link":"https:\/\/voxsahel.com\/?p=3108","title":{"rendered":"Mondial U17 : Les \u00c9talons cadets renversent le champion du monde allemand et filent en huiti\u00e8mes"},"content":{"rendered":"<p class=\"p1\"><strong><span class=\"s2\">Le Burkina Faso r\u00e9alise l\u2019un des exploits majeurs de ce Mondial U17 en \u00e9liminant l\u2019Allemagne, tenante du titre, sur le score de 1-0. Une performance retentissante qui propulse les \u00c9talons cadets en huiti\u00e8mes de finale, o\u00f9 ils affronteront l\u2019Ouganda.<\/span><\/strong><\/p>\n<p class=\"p1\"><span class=\"s1\">Une victoire historique face au champion en titre<\/span><\/p>\n<p class=\"p1\"><span class=\"s3\">Sur la pelouse, les jeunes Burkinab\u00e8 ont offert un match d\u2019une intensit\u00e9 remarquable, m\u00ealant discipline, courage et efficacit\u00e9. Oppos\u00e9s \u00e0 l\u2019Allemagne, consid\u00e9r\u00e9e comme l\u2019une des \u00e9quipes les plus structur\u00e9es et exp\u00e9riment\u00e9es de la comp\u00e9tition, les \u00c9talons cadets ont affich\u00e9 une maturit\u00e9 impressionnante.<\/span><\/p>\n<p class=\"p1\"><span class=\"s3\">Le but lib\u00e9rateur est venu sceller une rencontre o\u00f9 chaque duel, chaque course et chaque interception avait un go\u00fbt de conqu\u00eate. Derri\u00e8re ce succ\u00e8s, il y a un collectif soud\u00e9, une pr\u00e9paration rigoureuse et une d\u00e9termination sans faille.<\/span><\/p>\n<p class=\"p1\"><span class=\"s3\">Avec ce succ\u00e8s, le Burkina Faso met fin \u00e0 la campagne du champion du monde en titre, un exploit salu\u00e9 par l\u2019ensemble des observateurs du tournoi.<\/span><\/p>\n<p class=\"p1\"><strong><span class=\"s1\">Oscar Barro : \u00ab Une tr\u00e8s belle victoire contre un g\u00e9ant du football \u00bb<\/span><\/strong><\/p>\n<p class=\"p1\"><span class=\"s3\">Au terme de la rencontre, le s\u00e9lectionneur national Oscar Barro n\u2019a pas cach\u00e9 sa fiert\u00e9 :<\/span><\/p>\n<p class=\"p1\"><span class=\"s3\">\u00ab Nous venons de disputer un match tr\u00e8s important ce soir et nous r\u00e9ussissons \u00e0 faire tomber le champion en titre, l\u2019Allemagne. C\u2019est une tr\u00e8s belle victoire. Je suis tr\u00e8s satisfait de mes gar\u00e7ons, qui ont prouv\u00e9 qu\u2019en football, le ballon roule pour tout le monde et que la v\u00e9rit\u00e9 se trouve sur le terrain, pas dans les noms.<br \/>\nIls ont d\u00e9montr\u00e9 ce soir leur volont\u00e9, leur qualit\u00e9, leur engagement et leur savoir-faire en \u00e9liminant l\u2019\u00e9quipe championne du monde en titre. \u00bb<\/span><\/p>\n<p class=\"p1\"><span class=\"s3\">Des propos qui soulignent \u00e0 la fois la performance sportive et l\u2019\u00e9tat d\u2019esprit conqu\u00e9rant de cette jeune g\u00e9n\u00e9ration.<\/span><\/p>\n<p class=\"p1\"><span class=\"s1\">Le capitaine Ch\u00e9rif Barro : \u00ab Peu importe l\u2019adversaire, on est pr\u00eats \u00e0 le battre \u00bb<\/span><\/p>\n<p class=\"p1\"><strong><span class=\"s3\">Le leader des \u00c9talons cadets a lui aussi salu\u00e9 le travail du groupe :<\/span><\/strong><\/p>\n<p class=\"p1\"><span class=\"s3\">\u00ab On s\u2019\u00e9tait bien pr\u00e9par\u00e9s pour ce match. On a \u00e9cout\u00e9 les consignes du coach, on les a appliqu\u00e9es \u00e0 la lettre, on est rest\u00e9s fid\u00e8les \u00e0 nos valeurs, on a montr\u00e9 de quoi nous sommes capables et nous en sommes fiers.<br \/>\nPeu importe qui se pr\u00e9sente face \u00e0 nous, on est pr\u00eats \u00e0 le battre. Nous ne sommes pas venus ici pour craindre une \u00e9quipe. Notre objectif est clair : gagner chaque match. Si on bat tout le monde, alors oui, on ira chercher la coupe. \u00bb<\/span><\/p>\n<p class=\"p1\"><span class=\"s3\">Un message fort qui t\u00e9moigne de la confiance qui habite les \u00c9talons apr\u00e8s cette victoire \u00e9clatante.<\/span><\/p>\n<p class=\"p1\"><strong><span class=\"s1\">L\u2019Allemagne reconna\u00eet la sup\u00e9riorit\u00e9 burkinab\u00e8<\/span><\/strong><\/p>\n<p class=\"p1\"><span class=\"s3\">Marc-Patrick Meister, s\u00e9lectionneur allemand, a reconnu sans d\u00e9tour la sup\u00e9riorit\u00e9 des \u00c9talons :<\/span><\/p>\n<p class=\"p1\"><span class=\"s3\">\u00ab Pour \u00eatre honn\u00eate, on n&rsquo;a pas bien jou\u00e9. On a commis beaucoup d&rsquo;erreurs avec le ballon, notre timing n&rsquo;\u00e9tait pas bon. Et on a affront\u00e9 une \u00e9quipe adverse tr\u00e8s travailleuse, qui a tout donn\u00e9 pour nous emp\u00eacher de marquer. Je tiens donc \u00e0 f\u00e9liciter chaleureusement l&rsquo;\u00e9quipe adverse. \u00bb<\/span><\/p>\n<p class=\"p1\"><span class=\"s3\">Une d\u00e9claration qui refl\u00e8te la r\u00e9alit\u00e9 du terrain : le Burkina Faso a jou\u00e9 avec c\u0153ur, intensit\u00e9 et ma\u00eetrise, \u00e9touffant le jeu allemand.<\/span><\/p>\n<p class=\"p1\"><strong><span class=\"s1\">Le soutien des a\u00een\u00e9s : Bertrand Traor\u00e9 f\u00e9licite les cadets<\/span><\/strong><\/p>\n<p class=\"p1\"><span class=\"s3\">Le capitaine des \u00c9talons A, Bertrand Traor\u00e9, n\u2019a pas tard\u00e9 \u00e0 adresser un message d\u2019encouragement :<\/span><\/p>\n<p class=\"p1\"><span class=\"s3\">\u00ab Bravo les jeunes fr\u00e8res. Force \u00e0 vous pour la suite \ud83d\udcaa\ud83c\udffe\ud83c\udde7\ud83c\uddeb\u2764\ufe0f \u00bb<\/span><\/p>\n<p class=\"p1\"><span class=\"s3\">Un geste symbolique qui montre l\u2019unit\u00e9 de la grande famille des \u00c9talons et la fiert\u00e9 que suscite cette jeune \u00e9quipe.<\/span><\/p>\n<p class=\"p1\"><strong><span class=\"s1\">Un coup dur : Tapsoba et Zall\u00e9 suspendus pour les huiti\u00e8mes<\/span><\/strong><\/p>\n<p class=\"p1\"><span class=\"s3\">Malgr\u00e9 la joie, une mauvaise nouvelle est tomb\u00e9e : Lookman Tapsoba et Isma\u00ebl Zall\u00e9 seront suspendus pour le huiti\u00e8me de finale contre l\u2019Ouganda en raison d\u2019un cumul de cartons. Deux absences de taille, tant ces joueurs ont \u00e9t\u00e9 pr\u00e9cieux dans l\u2019organisation et l\u2019impact du groupe.<\/span><\/p>\n<p class=\"p1\"><span class=\"s3\">Mais au vu de la profondeur de l\u2019effectif et de l\u2019\u00e9tat d\u2019esprit affich\u00e9, les \u00c9talons ont d\u00e9montr\u00e9 qu\u2019ils savaient se surpasser, m\u00eame dans l\u2019adversit\u00e9.<\/span><\/p>\n<p class=\"p1\"><strong><span class=\"s1\">Cap sur l\u2019Ouganda<\/span><\/strong><\/p>\n<p class=\"p1\"><span class=\"s3\">Le Burkina Faso jouera son huiti\u00e8me de finale mardi prochain face \u00e0 l\u2019Ouganda. Forts de cette victoire fondatrice face \u00e0 l\u2019Allemagne, les \u00c9talons cadets aborderont cette rencontre avec ambition et confiance.<\/span><\/p>\n<p class=\"p1\"><span class=\"s3\">Le r\u00eave continue\u2026 et d\u00e9sormais, plus personne ne prendra \u00e0 la l\u00e9g\u00e8re cette \u00e9quipe burkinab\u00e8 d\u00e9termin\u00e9e \u00e0 \u00e9crire l\u2019une des plus belles pages de son histoire.<\/span><\/p>\n<p class=\"p1\" style=\"text-align: right;\"><strong><span class=\"s3\">Par Vox Sahel <\/span><\/strong><\/p>\n","protected":false},"excerpt":{"rendered":"<p>Le Burkina Faso r\u00e9alise l\u2019un des exploits majeurs de ce Mondial U17 en \u00e9liminant l\u2019Allemagne,<\/p>\n","protected":false},"author":2,"featured_media":3110,"comment_status":"open","ping_status":"open","sticky":false,"template":"","format":"standard","meta":{"_et_pb_use_builder":"","_et_pb_old_content":"","_et_gb_content_width":"","footnotes":""},"categories":[12],"tags":[],"class_list":["post-3108","post","type-post","status-publish","format-standard","has-post-thumbnail","hentry","category-sports"],"yoast_head":"<!-- This site is optimized with the Yoast SEO plugin v27.5 - https:\/\/yoast.com\/product\/yoast-seo-wordpress\/ -->\n<title>Mondial U17 : Les \u00c9talons cadets renversent le champion du monde allemand et filent en huiti\u00e8mes - Vox Sahel<\/title>\n<meta name=\"robots\" content=\"index, follow, max-snippet:-1, max-image-preview:large, max-video-preview:-1\" \/>\n<link rel=\"canonical\" href=\"https:\/\/voxsahel.com\/?p=3108\" \/>\n<meta property=\"og:locale\" content=\"fr_FR\" \/>\n<meta property=\"og:type\" content=\"article\" \/>\n<meta property=\"og:title\" content=\"Mondial U17 : Les \u00c9talons cadets renversent le champion du monde allemand et filent en huiti\u00e8mes - Vox Sahel\" \/>\n<meta property=\"og:description\" content=\"Le Burkina Faso r\u00e9alise l\u2019un des exploits majeurs de ce Mondial U17 en \u00e9liminant l\u2019Allemagne,\" \/>\n<meta property=\"og:url\" content=\"https:\/\/voxsahel.com\/?p=3108\" \/>\n<meta property=\"og:site_name\" content=\"Vox Sahel\" \/>\n<meta property=\"article:publisher\" content=\"https:\/\/www.facebook.com\/journal.voxsahel\" \/>\n<meta property=\"article:published_time\" content=\"2025-11-16T13:40:53+00:00\" \/>\n<meta property=\"og:image\" content=\"https:\/\/voxsahel.com\/wp-content\/uploads\/2025\/11\/IMG_3122.jpeg\" \/>\n\t<meta property=\"og:image:width\" content=\"1080\" \/>\n\t<meta property=\"og:image:height\" content=\"657\" \/>\n\t<meta property=\"og:image:type\" content=\"image\/jpeg\" \/>\n<meta name=\"author\" content=\"Vox Sahel\" \/>\n<meta name=\"twitter:card\" content=\"summary_large_image\" \/>\n<meta name=\"twitter:label1\" content=\"\u00c9crit par\" \/>\n\t<meta name=\"twitter:data1\" content=\"Vox Sahel\" \/>\n\t<meta name=\"twitter:label2\" content=\"Dur\u00e9e de lecture estim\u00e9e\" \/>\n\t<meta name=\"twitter:data2\" content=\"4 minutes\" \/>\n<script type=\"application\/ld+json\" class=\"yoast-schema-graph\">{\"@context\":\"https:\\\/\\\/schema.org\",\"@graph\":[{\"@type\":\"Article\",\"@id\":\"https:\\\/\\\/voxsahel.com\\\/?p=3108#article\",\"isPartOf\":{\"@id\":\"https:\\\/\\\/voxsahel.com\\\/?p=3108\"},\"author\":{\"name\":\"Vox Sahel\",\"@id\":\"https:\\\/\\\/voxsahel.com\\\/#\\\/schema\\\/person\\\/b4043608248f8fa227cd760e7ff1e19e\"},\"headline\":\"Mondial U17 : Les \u00c9talons cadets renversent le champion du monde allemand et filent en huiti\u00e8mes\",\"datePublished\":\"2025-11-16T13:40:53+00:00\",\"mainEntityOfPage\":{\"@id\":\"https:\\\/\\\/voxsahel.com\\\/?p=3108\"},\"wordCount\":796,\"commentCount\":0,\"publisher\":{\"@id\":\"https:\\\/\\\/voxsahel.com\\\/#organization\"},\"image\":{\"@id\":\"https:\\\/\\\/voxsahel.com\\\/?p=3108#primaryimage\"},\"thumbnailUrl\":\"https:\\\/\\\/voxsahel.com\\\/wp-content\\\/uploads\\\/2025\\\/11\\\/IMG_3122.jpeg\",\"articleSection\":[\"SPORTS\"],\"inLanguage\":\"fr-FR\",\"potentialAction\":[{\"@type\":\"CommentAction\",\"name\":\"Comment\",\"target\":[\"https:\\\/\\\/voxsahel.com\\\/?p=3108#respond\"]}]},{\"@type\":\"WebPage\",\"@id\":\"https:\\\/\\\/voxsahel.com\\\/?p=3108\",\"url\":\"https:\\\/\\\/voxsahel.com\\\/?p=3108\",\"name\":\"Mondial U17 : Les \u00c9talons cadets renversent le champion du monde allemand et filent en huiti\u00e8mes - Vox Sahel\",\"isPartOf\":{\"@id\":\"https:\\\/\\\/voxsahel.com\\\/#website\"},\"primaryImageOfPage\":{\"@id\":\"https:\\\/\\\/voxsahel.com\\\/?p=3108#primaryimage\"},\"image\":{\"@id\":\"https:\\\/\\\/voxsahel.com\\\/?p=3108#primaryimage\"},\"thumbnailUrl\":\"https:\\\/\\\/voxsahel.com\\\/wp-content\\\/uploads\\\/2025\\\/11\\\/IMG_3122.jpeg\",\"datePublished\":\"2025-11-16T13:40:53+00:00\",\"breadcrumb\":{\"@id\":\"https:\\\/\\\/voxsahel.com\\\/?p=3108#breadcrumb\"},\"inLanguage\":\"fr-FR\",\"potentialAction\":[{\"@type\":\"ReadAction\",\"target\":[\"https:\\\/\\\/voxsahel.com\\\/?p=3108\"]}]},{\"@type\":\"ImageObject\",\"inLanguage\":\"fr-FR\",\"@id\":\"https:\\\/\\\/voxsahel.com\\\/?p=3108#primaryimage\",\"url\":\"https:\\\/\\\/voxsahel.com\\\/wp-content\\\/uploads\\\/2025\\\/11\\\/IMG_3122.jpeg\",\"contentUrl\":\"https:\\\/\\\/voxsahel.com\\\/wp-content\\\/uploads\\\/2025\\\/11\\\/IMG_3122.jpeg\",\"width\":1080,\"height\":657},{\"@type\":\"BreadcrumbList\",\"@id\":\"https:\\\/\\\/voxsahel.com\\\/?p=3108#breadcrumb\",\"itemListElement\":[{\"@type\":\"ListItem\",\"position\":1,\"name\":\"Home\",\"item\":\"https:\\\/\\\/voxsahel.com\\\/\"},{\"@type\":\"ListItem\",\"position\":2,\"name\":\"Mondial U17 : Les \u00c9talons cadets renversent le champion du monde allemand et filent en huiti\u00e8mes\"}]},{\"@type\":\"WebSite\",\"@id\":\"https:\\\/\\\/voxsahel.com\\\/#website\",\"url\":\"https:\\\/\\\/voxsahel.com\\\/\",\"name\":\"Vox Sahel\",\"description\":\"Informez-vous sur le Sahel en un clic\",\"publisher\":{\"@id\":\"https:\\\/\\\/voxsahel.com\\\/#organization\"},\"potentialAction\":[{\"@type\":\"SearchAction\",\"target\":{\"@type\":\"EntryPoint\",\"urlTemplate\":\"https:\\\/\\\/voxsahel.com\\\/?s={search_term_string}\"},\"query-input\":{\"@type\":\"PropertyValueSpecification\",\"valueRequired\":true,\"valueName\":\"search_term_string\"}}],\"inLanguage\":\"fr-FR\"},{\"@type\":\"Organization\",\"@id\":\"https:\\\/\\\/voxsahel.com\\\/#organization\",\"name\":\"Vox Sahel\",\"url\":\"https:\\\/\\\/voxsahel.com\\\/\",\"logo\":{\"@type\":\"ImageObject\",\"inLanguage\":\"fr-FR\",\"@id\":\"https:\\\/\\\/voxsahel.com\\\/#\\\/schema\\\/logo\\\/image\\\/\",\"url\":\"https:\\\/\\\/voxsahel.com\\\/wp-content\\\/uploads\\\/2024\\\/09\\\/Logo-Vox-Sahel.jpg\",\"contentUrl\":\"https:\\\/\\\/voxsahel.com\\\/wp-content\\\/uploads\\\/2024\\\/09\\\/Logo-Vox-Sahel.jpg\",\"width\":1181,\"height\":848,\"caption\":\"Vox Sahel\"},\"image\":{\"@id\":\"https:\\\/\\\/voxsahel.com\\\/#\\\/schema\\\/logo\\\/image\\\/\"},\"sameAs\":[\"https:\\\/\\\/www.facebook.com\\\/journal.voxsahel\"]},{\"@type\":\"Person\",\"@id\":\"https:\\\/\\\/voxsahel.com\\\/#\\\/schema\\\/person\\\/b4043608248f8fa227cd760e7ff1e19e\",\"name\":\"Vox Sahel\",\"image\":{\"@type\":\"ImageObject\",\"inLanguage\":\"fr-FR\",\"@id\":\"https:\\\/\\\/secure.gravatar.com\\\/avatar\\\/f70e7fa0cb9b29d4a7c5788d6eb2e9ab4d3135cbae1c9161810fdf77a8964699?s=96&d=mm&r=g\",\"url\":\"https:\\\/\\\/secure.gravatar.com\\\/avatar\\\/f70e7fa0cb9b29d4a7c5788d6eb2e9ab4d3135cbae1c9161810fdf77a8964699?s=96&d=mm&r=g\",\"contentUrl\":\"https:\\\/\\\/secure.gravatar.com\\\/avatar\\\/f70e7fa0cb9b29d4a7c5788d6eb2e9ab4d3135cbae1c9161810fdf77a8964699?s=96&d=mm&r=g\",\"caption\":\"Vox Sahel\"},\"sameAs\":[\"http:\\\/\\\/www.voxsahel.com\"],\"url\":\"https:\\\/\\\/voxsahel.com\\\/?author=2\"}]}<\/script>\n<!-- \/ Yoast SEO plugin. -->","yoast_head_json":{"title":"Mondial U17 : Les \u00c9talons cadets renversent le champion du monde allemand et filent en huiti\u00e8mes - Vox Sahel","robots":{"index":"index","follow":"follow","max-snippet":"max-snippet:-1","max-image-preview":"max-image-preview:large","max-video-preview":"max-video-preview:-1"},"canonical":"https:\/\/voxsahel.com\/?p=3108","og_locale":"fr_FR","og_type":"article","og_title":"Mondial U17 : Les \u00c9talons cadets renversent le champion du monde allemand et filent en huiti\u00e8mes - Vox Sahel","og_description":"Le Burkina Faso r\u00e9alise l\u2019un des exploits majeurs de ce Mondial U17 en \u00e9liminant l\u2019Allemagne,","og_url":"https:\/\/voxsahel.com\/?p=3108","og_site_name":"Vox Sahel","article_publisher":"https:\/\/www.facebook.com\/journal.voxsahel","article_published_time":"2025-11-16T13:40:53+00:00","og_image":[{"width":1080,"height":657,"url":"https:\/\/voxsahel.com\/wp-content\/uploads\/2025\/11\/IMG_3122.jpeg","type":"image\/jpeg"}],"author":"Vox Sahel","twitter_card":"summary_large_image","twitter_misc":{"\u00c9crit par":"Vox Sahel","Dur\u00e9e de lecture estim\u00e9e":"4 minutes"},"schema":{"@context":"https:\/\/schema.org","@graph":[{"@type":"Article","@id":"https:\/\/voxsahel.com\/?p=3108#article","isPartOf":{"@id":"https:\/\/voxsahel.com\/?p=3108"},"author":{"name":"Vox Sahel","@id":"https:\/\/voxsahel.com\/#\/schema\/person\/b4043608248f8fa227cd760e7ff1e19e"},"headline":"Mondial U17 : Les \u00c9talons cadets renversent le champion du monde allemand et filent en huiti\u00e8mes","datePublished":"2025-11-16T13:40:53+00:00","mainEntityOfPage":{"@id":"https:\/\/voxsahel.com\/?p=3108"},"wordCount":796,"commentCount":0,"publisher":{"@id":"https:\/\/voxsahel.com\/#organization"},"image":{"@id":"https:\/\/voxsahel.com\/?p=3108#primaryimage"},"thumbnailUrl":"https:\/\/voxsahel.com\/wp-content\/uploads\/2025\/11\/IMG_3122.jpeg","articleSection":["SPORTS"],"inLanguage":"fr-FR","potentialAction":[{"@type":"CommentAction","name":"Comment","target":["https:\/\/voxsahel.com\/?p=3108#respond"]}]},{"@type":"WebPage","@id":"https:\/\/voxsahel.com\/?p=3108","url":"https:\/\/voxsahel.com\/?p=3108","name":"Mondial U17 : Les \u00c9talons cadets renversent le champion du monde allemand et filent en huiti\u00e8mes - Vox Sahel","isPartOf":{"@id":"https:\/\/voxsahel.com\/#website"},"primaryImageOfPage":{"@id":"https:\/\/voxsahel.com\/?p=3108#primaryimage"},"image":{"@id":"https:\/\/voxsahel.com\/?p=3108#primaryimage"},"thumbnailUrl":"https:\/\/voxsahel.com\/wp-content\/uploads\/2025\/11\/IMG_3122.jpeg","datePublished":"2025-11-16T13:40:53+00:00","breadcrumb":{"@id":"https:\/\/voxsahel.com\/?p=3108#breadcrumb"},"inLanguage":"fr-FR","potentialAction":[{"@type":"ReadAction","target":["https:\/\/voxsahel.com\/?p=3108"]}]},{"@type":"ImageObject","inLanguage":"fr-FR","@id":"https:\/\/voxsahel.com\/?p=3108#primaryimage","url":"https:\/\/voxsahel.com\/wp-content\/uploads\/2025\/11\/IMG_3122.jpeg","contentUrl":"https:\/\/voxsahel.com\/wp-content\/uploads\/2025\/11\/IMG_3122.jpeg","width":1080,"height":657},{"@type":"BreadcrumbList","@id":"https:\/\/voxsahel.com\/?p=3108#breadcrumb","itemListElement":[{"@type":"ListItem","position":1,"name":"Home","item":"https:\/\/voxsahel.com\/"},{"@type":"ListItem","position":2,"name":"Mondial U17 : Les \u00c9talons cadets renversent le champion du monde allemand et filent en huiti\u00e8mes"}]},{"@type":"WebSite","@id":"https:\/\/voxsahel.com\/#website","url":"https:\/\/voxsahel.com\/","name":"Vox Sahel","description":"Informez-vous sur le Sahel en un clic","publisher":{"@id":"https:\/\/voxsahel.com\/#organization"},"potentialAction":[{"@type":"SearchAction","target":{"@type":"EntryPoint","urlTemplate":"https:\/\/voxsahel.com\/?s={search_term_string}"},"query-input":{"@type":"PropertyValueSpecification","valueRequired":true,"valueName":"search_term_string"}}],"inLanguage":"fr-FR"},{"@type":"Organization","@id":"https:\/\/voxsahel.com\/#organization","name":"Vox Sahel","url":"https:\/\/voxsahel.com\/","logo":{"@type":"ImageObject","inLanguage":"fr-FR","@id":"https:\/\/voxsahel.com\/#\/schema\/logo\/image\/","url":"https:\/\/voxsahel.com\/wp-content\/uploads\/2024\/09\/Logo-Vox-Sahel.jpg","contentUrl":"https:\/\/voxsahel.com\/wp-content\/uploads\/2024\/09\/Logo-Vox-Sahel.jpg","width":1181,"height":848,"caption":"Vox Sahel"},"image":{"@id":"https:\/\/voxsahel.com\/#\/schema\/logo\/image\/"},"sameAs":["https:\/\/www.facebook.com\/journal.voxsahel"]},{"@type":"Person","@id":"https:\/\/voxsahel.com\/#\/schema\/person\/b4043608248f8fa227cd760e7ff1e19e","name":"Vox Sahel","image":{"@type":"ImageObject","inLanguage":"fr-FR","@id":"https:\/\/secure.gravatar.com\/avatar\/f70e7fa0cb9b29d4a7c5788d6eb2e9ab4d3135cbae1c9161810fdf77a8964699?s=96&d=mm&r=g","url":"https:\/\/secure.gravatar.com\/avatar\/f70e7fa0cb9b29d4a7c5788d6eb2e9ab4d3135cbae1c9161810fdf77a8964699?s=96&d=mm&r=g","contentUrl":"https:\/\/secure.gravatar.com\/avatar\/f70e7fa0cb9b29d4a7c5788d6eb2e9ab4d3135cbae1c9161810fdf77a8964699?s=96&d=mm&r=g","caption":"Vox Sahel"},"sameAs":["http:\/\/www.voxsahel.com"],"url":"https:\/\/voxsahel.com\/?author=2"}]}},"_links":{"self":[{"href":"https:\/\/voxsahel.com\/index.php?rest_route=\/wp\/v2\/posts\/3108","targetHints":{"allow":["GET"]}}],"collection":[{"href":"https:\/\/voxsahel.com\/index.php?rest_route=\/wp\/v2\/posts"}],"about":[{"href":"https:\/\/voxsahel.com\/index.php?rest_route=\/wp\/v2\/types\/post"}],"author":[{"embeddable":true,"href":"https:\/\/voxsahel.com\/index.php?rest_route=\/wp\/v2\/users\/2"}],"replies":[{"embeddable":true,"href":"https:\/\/voxsahel.com\/index.php?rest_route=%2Fwp%2Fv2%2Fcomments&post=3108"}],"version-history":[{"count":1,"href":"https:\/\/voxsahel.com\/index.php?rest_route=\/wp\/v2\/posts\/3108\/revisions"}],"predecessor-version":[{"id":3111,"href":"https:\/\/voxsahel.com\/index.php?rest_route=\/wp\/v2\/posts\/3108\/revisions\/3111"}],"wp:featuredmedia":[{"embeddable":true,"href":"https:\/\/voxsahel.com\/index.php?rest_route=\/wp\/v2\/media\/3110"}],"wp:attachment":[{"href":"https:\/\/voxsahel.com\/index.php?rest_route=%2Fwp%2Fv2%2Fmedia&parent=3108"}],"wp:term":[{"taxonomy":"category","embeddable":true,"href":"https:\/\/voxsahel.com\/index.php?rest_route=%2Fwp%2Fv2%2Fcategories&post=3108"},{"taxonomy":"post_tag","embeddable":true,"href":"https:\/\/voxsahel.com\/index.php?rest_route=%2Fwp%2Fv2%2Ftags&post=3108"}],"curies":[{"name":"wp","href":"https:\/\/api.w.org\/{rel}","templated":true}]}}