{"id":3104,"date":"2025-11-14T17:10:55","date_gmt":"2025-11-14T17:10:55","guid":{"rendered":"https:\/\/voxsahel.com\/?p=3104"},"modified":"2025-11-14T17:11:34","modified_gmt":"2025-11-14T17:11:34","slug":"decryp-instauration-de-la-medaille-dhonneur-du-vdp-un-symbole-dun-engagement-national","status":"publish","type":"post","link":"https:\/\/voxsahel.com\/?p=3104","title":{"rendered":"Decryp-Instauration de la m\u00e9daille d&rsquo;honneur du VDP\u00a0: Un symbole d\u2019un engagement national"},"content":{"rendered":"<p>Dans un Burkina Faso en pleine reconqu\u00eate de son int\u00e9grit\u00e9 territoriale, l\u2019instauration de la \u00ab M\u00e9daille d\u2019Honneur du Volontaire pour la D\u00e9fense de la Patrie (VDP) \u00bb par le Capitaine Ibrahim Traor\u00e9 n\u2019est pas un simple geste symbolique. C\u2019est un acte fort, porteur de sens et de reconnaissance, envers ces milliers d\u2019hommes et de femmes qui, sans uniforme ni privil\u00e8ge, ont choisi de se lever pour d\u00e9fendre leur terre, leur peuple et leur dignit\u00e9.<\/p>\n<p>Cette distinction, dont le centre porte l\u2019effigie de feu Ladji Yoro, figure embl\u00e9matique du courage et du sacrifice, incarne l\u2019esprit m\u00eame de la r\u00e9sistance populaire. En gravant son image sur la m\u00e9daille, la Nation tout enti\u00e8re salue la m\u00e9moire d\u2019un homme devenu l\u00e9gende, mais surtout elle inscrit dans le bronze la bravoure de tous les anonymes tomb\u00e9s pour la patrie. Ladji Yoro, h\u00e9ros populaire, demeure le visage d\u2019une g\u00e9n\u00e9ration de Burkinab\u00e8 debout, qui refusent la peur et l\u2019abandon.<\/p>\n<p>L\u2019initiative du chef de l\u2019\u00c9tat vient ainsi consolider un socle moral : celui du m\u00e9rite, du patriotisme et du sacrifice partag\u00e9. En honorant les VDP, le pays reconna\u00eet la noblesse de leur engagement et r\u00e9affirme que la d\u00e9fense du territoire n\u2019est pas seulement une affaire de militaires, mais de citoyens d\u00e9termin\u00e9s \u00e0 pr\u00e9server leur avenir commun.<\/p>\n<p>Cette m\u00e9daille, plus qu\u2019un insigne, devient un symbole d\u2019unit\u00e9 nationale, un appel \u00e0 la dignit\u00e9 et \u00e0 la pers\u00e9v\u00e9rance. Elle galvanise les forces morales du peuple burkinab\u00e8, r\u00e9affirme que chaque sacrifice compte et qu\u2019aucun acte de bravoure ne restera dans l\u2019ombre.<\/p>\n<p>Dans un contexte o\u00f9 la lutte contre le terrorisme exige courage et r\u00e9silience, r\u00e9compenser le m\u00e9rite et le d\u00e9vouement est une mani\u00e8re de nourrir l\u2019esp\u00e9rance collective. C\u2019est aussi rappeler que le patriotisme n\u2019est pas une id\u00e9e abstraite, mais une r\u00e9alit\u00e9 v\u00e9cue sur les champs de bataille, dans les villages et les c\u0153urs.<\/p>\n<p>En instituant cette m\u00e9daille, le Capitaine Ibrahim Traor\u00e9 rend hommage \u00e0 tous les VDP, vivants ou tomb\u00e9s, et donne \u00e0 la Nation un nouveau souffle d\u2019unit\u00e9. Car honorer ses h\u00e9ros, c\u2019est honorer son propre avenir.<\/p>\n<p style=\"text-align: right;\"><strong>La R\u00e9daction<\/strong><\/p>\n","protected":false},"excerpt":{"rendered":"<p>Dans un Burkina Faso en pleine reconqu\u00eate de son int\u00e9grit\u00e9 territoriale, l\u2019instauration de la \u00ab<\/p>\n","protected":false},"author":2,"featured_media":3106,"comment_status":"open","ping_status":"open","sticky":false,"template":"","format":"standard","meta":{"_et_pb_use_builder":"","_et_pb_old_content":"","_et_gb_content_width":"","footnotes":""},"categories":[5],"tags":[711,18,305,957,139,403,712],"class_list":["post-3104","post","type-post","status-publish","format-standard","has-post-thumbnail","hentry","category-societe","tag-brigade-des-volontaires-pour-la-defense-de-la-patrie","tag-burkina-faso","tag-forces-armees-nationales-du-burkina-faso","tag-medaille-dhonneur-du-vdp","tag-securite","tag-vdp","tag-volontaires-pour-la-defense-de-la-patrie"],"yoast_head":"<!-- This site is optimized with the Yoast SEO plugin v27.5 - https:\/\/yoast.com\/product\/yoast-seo-wordpress\/ -->\n<title>Decryp-Instauration de la m\u00e9daille d&#039;honneur du VDP\u00a0: Un symbole d\u2019un engagement national - Vox Sahel<\/title>\n<meta name=\"robots\" content=\"index, follow, max-snippet:-1, max-image-preview:large, max-video-preview:-1\" \/>\n<link rel=\"canonical\" href=\"https:\/\/voxsahel.com\/?p=3104\" \/>\n<meta property=\"og:locale\" content=\"fr_FR\" \/>\n<meta property=\"og:type\" content=\"article\" \/>\n<meta property=\"og:title\" content=\"Decryp-Instauration de la m\u00e9daille d&#039;honneur du VDP\u00a0: Un symbole d\u2019un engagement national - Vox Sahel\" \/>\n<meta property=\"og:description\" content=\"Dans un Burkina Faso en pleine reconqu\u00eate de son int\u00e9grit\u00e9 territoriale, l\u2019instauration de la \u00ab\" \/>\n<meta property=\"og:url\" content=\"https:\/\/voxsahel.com\/?p=3104\" \/>\n<meta property=\"og:site_name\" content=\"Vox Sahel\" \/>\n<meta property=\"article:publisher\" content=\"https:\/\/www.facebook.com\/journal.voxsahel\" \/>\n<meta property=\"article:published_time\" content=\"2025-11-14T17:10:55+00:00\" \/>\n<meta property=\"article:modified_time\" content=\"2025-11-14T17:11:34+00:00\" \/>\n<meta property=\"og:image\" content=\"https:\/\/voxsahel.com\/wp-content\/uploads\/2025\/11\/medaille-dhonneur-du-VDP-VOX-SAHEL.jpeg\" \/>\n\t<meta property=\"og:image:width\" content=\"225\" \/>\n\t<meta property=\"og:image:height\" content=\"225\" \/>\n\t<meta property=\"og:image:type\" content=\"image\/jpeg\" \/>\n<meta name=\"author\" content=\"Vox Sahel\" \/>\n<meta name=\"twitter:card\" content=\"summary_large_image\" \/>\n<meta name=\"twitter:label1\" content=\"\u00c9crit par\" \/>\n\t<meta name=\"twitter:data1\" content=\"Vox Sahel\" \/>\n\t<meta name=\"twitter:label2\" content=\"Dur\u00e9e de lecture estim\u00e9e\" \/>\n\t<meta name=\"twitter:data2\" content=\"2 minutes\" \/>\n<script type=\"application\/ld+json\" class=\"yoast-schema-graph\">{\"@context\":\"https:\\\/\\\/schema.org\",\"@graph\":[{\"@type\":\"Article\",\"@id\":\"https:\\\/\\\/voxsahel.com\\\/?p=3104#article\",\"isPartOf\":{\"@id\":\"https:\\\/\\\/voxsahel.com\\\/?p=3104\"},\"author\":{\"name\":\"Vox Sahel\",\"@id\":\"https:\\\/\\\/voxsahel.com\\\/#\\\/schema\\\/person\\\/b4043608248f8fa227cd760e7ff1e19e\"},\"headline\":\"Decryp-Instauration de la m\u00e9daille d&rsquo;honneur du VDP\u00a0: Un symbole d\u2019un engagement national\",\"datePublished\":\"2025-11-14T17:10:55+00:00\",\"dateModified\":\"2025-11-14T17:11:34+00:00\",\"mainEntityOfPage\":{\"@id\":\"https:\\\/\\\/voxsahel.com\\\/?p=3104\"},\"wordCount\":409,\"commentCount\":0,\"publisher\":{\"@id\":\"https:\\\/\\\/voxsahel.com\\\/#organization\"},\"image\":{\"@id\":\"https:\\\/\\\/voxsahel.com\\\/?p=3104#primaryimage\"},\"thumbnailUrl\":\"https:\\\/\\\/voxsahel.com\\\/wp-content\\\/uploads\\\/2025\\\/11\\\/medaille-dhonneur-du-VDP-VOX-SAHEL.jpeg\",\"keywords\":[\"Brigade des volontaires pour la d\u00e9fense de la Patrie\",\"Burkina Faso\",\"Forces arm\u00e9es nationales du Burkina Faso\",\"M\u00e9daille d'honneur du VDP\",\"S\u00e9curit\u00e9\",\"VDP\",\"Volontaires pour la d\u00e9fense de la Patrie\"],\"articleSection\":[\"SOCIETE\"],\"inLanguage\":\"fr-FR\",\"potentialAction\":[{\"@type\":\"CommentAction\",\"name\":\"Comment\",\"target\":[\"https:\\\/\\\/voxsahel.com\\\/?p=3104#respond\"]}]},{\"@type\":\"WebPage\",\"@id\":\"https:\\\/\\\/voxsahel.com\\\/?p=3104\",\"url\":\"https:\\\/\\\/voxsahel.com\\\/?p=3104\",\"name\":\"Decryp-Instauration de la m\u00e9daille d'honneur du VDP\u00a0: Un symbole d\u2019un engagement national - Vox Sahel\",\"isPartOf\":{\"@id\":\"https:\\\/\\\/voxsahel.com\\\/#website\"},\"primaryImageOfPage\":{\"@id\":\"https:\\\/\\\/voxsahel.com\\\/?p=3104#primaryimage\"},\"image\":{\"@id\":\"https:\\\/\\\/voxsahel.com\\\/?p=3104#primaryimage\"},\"thumbnailUrl\":\"https:\\\/\\\/voxsahel.com\\\/wp-content\\\/uploads\\\/2025\\\/11\\\/medaille-dhonneur-du-VDP-VOX-SAHEL.jpeg\",\"datePublished\":\"2025-11-14T17:10:55+00:00\",\"dateModified\":\"2025-11-14T17:11:34+00:00\",\"breadcrumb\":{\"@id\":\"https:\\\/\\\/voxsahel.com\\\/?p=3104#breadcrumb\"},\"inLanguage\":\"fr-FR\",\"potentialAction\":[{\"@type\":\"ReadAction\",\"target\":[\"https:\\\/\\\/voxsahel.com\\\/?p=3104\"]}]},{\"@type\":\"ImageObject\",\"inLanguage\":\"fr-FR\",\"@id\":\"https:\\\/\\\/voxsahel.com\\\/?p=3104#primaryimage\",\"url\":\"https:\\\/\\\/voxsahel.com\\\/wp-content\\\/uploads\\\/2025\\\/11\\\/medaille-dhonneur-du-VDP-VOX-SAHEL.jpeg\",\"contentUrl\":\"https:\\\/\\\/voxsahel.com\\\/wp-content\\\/uploads\\\/2025\\\/11\\\/medaille-dhonneur-du-VDP-VOX-SAHEL.jpeg\",\"width\":225,\"height\":225,\"caption\":\"m\u00e9daille d'honneur du VDP\"},{\"@type\":\"BreadcrumbList\",\"@id\":\"https:\\\/\\\/voxsahel.com\\\/?p=3104#breadcrumb\",\"itemListElement\":[{\"@type\":\"ListItem\",\"position\":1,\"name\":\"Home\",\"item\":\"https:\\\/\\\/voxsahel.com\\\/\"},{\"@type\":\"ListItem\",\"position\":2,\"name\":\"Decryp-Instauration de la m\u00e9daille d&rsquo;honneur du VDP\u00a0: Un symbole d\u2019un engagement national\"}]},{\"@type\":\"WebSite\",\"@id\":\"https:\\\/\\\/voxsahel.com\\\/#website\",\"url\":\"https:\\\/\\\/voxsahel.com\\\/\",\"name\":\"Vox Sahel\",\"description\":\"Informez-vous sur le Sahel en un clic\",\"publisher\":{\"@id\":\"https:\\\/\\\/voxsahel.com\\\/#organization\"},\"potentialAction\":[{\"@type\":\"SearchAction\",\"target\":{\"@type\":\"EntryPoint\",\"urlTemplate\":\"https:\\\/\\\/voxsahel.com\\\/?s={search_term_string}\"},\"query-input\":{\"@type\":\"PropertyValueSpecification\",\"valueRequired\":true,\"valueName\":\"search_term_string\"}}],\"inLanguage\":\"fr-FR\"},{\"@type\":\"Organization\",\"@id\":\"https:\\\/\\\/voxsahel.com\\\/#organization\",\"name\":\"Vox Sahel\",\"url\":\"https:\\\/\\\/voxsahel.com\\\/\",\"logo\":{\"@type\":\"ImageObject\",\"inLanguage\":\"fr-FR\",\"@id\":\"https:\\\/\\\/voxsahel.com\\\/#\\\/schema\\\/logo\\\/image\\\/\",\"url\":\"https:\\\/\\\/voxsahel.com\\\/wp-content\\\/uploads\\\/2024\\\/09\\\/Logo-Vox-Sahel.jpg\",\"contentUrl\":\"https:\\\/\\\/voxsahel.com\\\/wp-content\\\/uploads\\\/2024\\\/09\\\/Logo-Vox-Sahel.jpg\",\"width\":1181,\"height\":848,\"caption\":\"Vox Sahel\"},\"image\":{\"@id\":\"https:\\\/\\\/voxsahel.com\\\/#\\\/schema\\\/logo\\\/image\\\/\"},\"sameAs\":[\"https:\\\/\\\/www.facebook.com\\\/journal.voxsahel\"]},{\"@type\":\"Person\",\"@id\":\"https:\\\/\\\/voxsahel.com\\\/#\\\/schema\\\/person\\\/b4043608248f8fa227cd760e7ff1e19e\",\"name\":\"Vox Sahel\",\"image\":{\"@type\":\"ImageObject\",\"inLanguage\":\"fr-FR\",\"@id\":\"https:\\\/\\\/secure.gravatar.com\\\/avatar\\\/f70e7fa0cb9b29d4a7c5788d6eb2e9ab4d3135cbae1c9161810fdf77a8964699?s=96&d=mm&r=g\",\"url\":\"https:\\\/\\\/secure.gravatar.com\\\/avatar\\\/f70e7fa0cb9b29d4a7c5788d6eb2e9ab4d3135cbae1c9161810fdf77a8964699?s=96&d=mm&r=g\",\"contentUrl\":\"https:\\\/\\\/secure.gravatar.com\\\/avatar\\\/f70e7fa0cb9b29d4a7c5788d6eb2e9ab4d3135cbae1c9161810fdf77a8964699?s=96&d=mm&r=g\",\"caption\":\"Vox Sahel\"},\"sameAs\":[\"http:\\\/\\\/www.voxsahel.com\"],\"url\":\"https:\\\/\\\/voxsahel.com\\\/?author=2\"}]}<\/script>\n<!-- \/ Yoast SEO plugin. -->","yoast_head_json":{"title":"Decryp-Instauration de la m\u00e9daille d'honneur du VDP\u00a0: Un symbole d\u2019un engagement national - Vox Sahel","robots":{"index":"index","follow":"follow","max-snippet":"max-snippet:-1","max-image-preview":"max-image-preview:large","max-video-preview":"max-video-preview:-1"},"canonical":"https:\/\/voxsahel.com\/?p=3104","og_locale":"fr_FR","og_type":"article","og_title":"Decryp-Instauration de la m\u00e9daille d'honneur du VDP\u00a0: Un symbole d\u2019un engagement national - Vox Sahel","og_description":"Dans un Burkina Faso en pleine reconqu\u00eate de son int\u00e9grit\u00e9 territoriale, l\u2019instauration de la \u00ab","og_url":"https:\/\/voxsahel.com\/?p=3104","og_site_name":"Vox Sahel","article_publisher":"https:\/\/www.facebook.com\/journal.voxsahel","article_published_time":"2025-11-14T17:10:55+00:00","article_modified_time":"2025-11-14T17:11:34+00:00","og_image":[{"width":225,"height":225,"url":"https:\/\/voxsahel.com\/wp-content\/uploads\/2025\/11\/medaille-dhonneur-du-VDP-VOX-SAHEL.jpeg","type":"image\/jpeg"}],"author":"Vox Sahel","twitter_card":"summary_large_image","twitter_misc":{"\u00c9crit par":"Vox Sahel","Dur\u00e9e de lecture estim\u00e9e":"2 minutes"},"schema":{"@context":"https:\/\/schema.org","@graph":[{"@type":"Article","@id":"https:\/\/voxsahel.com\/?p=3104#article","isPartOf":{"@id":"https:\/\/voxsahel.com\/?p=3104"},"author":{"name":"Vox Sahel","@id":"https:\/\/voxsahel.com\/#\/schema\/person\/b4043608248f8fa227cd760e7ff1e19e"},"headline":"Decryp-Instauration de la m\u00e9daille d&rsquo;honneur du VDP\u00a0: Un symbole d\u2019un engagement national","datePublished":"2025-11-14T17:10:55+00:00","dateModified":"2025-11-14T17:11:34+00:00","mainEntityOfPage":{"@id":"https:\/\/voxsahel.com\/?p=3104"},"wordCount":409,"commentCount":0,"publisher":{"@id":"https:\/\/voxsahel.com\/#organization"},"image":{"@id":"https:\/\/voxsahel.com\/?p=3104#primaryimage"},"thumbnailUrl":"https:\/\/voxsahel.com\/wp-content\/uploads\/2025\/11\/medaille-dhonneur-du-VDP-VOX-SAHEL.jpeg","keywords":["Brigade des volontaires pour la d\u00e9fense de la Patrie","Burkina Faso","Forces arm\u00e9es nationales du Burkina Faso","M\u00e9daille d'honneur du VDP","S\u00e9curit\u00e9","VDP","Volontaires pour la d\u00e9fense de la Patrie"],"articleSection":["SOCIETE"],"inLanguage":"fr-FR","potentialAction":[{"@type":"CommentAction","name":"Comment","target":["https:\/\/voxsahel.com\/?p=3104#respond"]}]},{"@type":"WebPage","@id":"https:\/\/voxsahel.com\/?p=3104","url":"https:\/\/voxsahel.com\/?p=3104","name":"Decryp-Instauration de la m\u00e9daille d'honneur du VDP\u00a0: Un symbole d\u2019un engagement national - Vox Sahel","isPartOf":{"@id":"https:\/\/voxsahel.com\/#website"},"primaryImageOfPage":{"@id":"https:\/\/voxsahel.com\/?p=3104#primaryimage"},"image":{"@id":"https:\/\/voxsahel.com\/?p=3104#primaryimage"},"thumbnailUrl":"https:\/\/voxsahel.com\/wp-content\/uploads\/2025\/11\/medaille-dhonneur-du-VDP-VOX-SAHEL.jpeg","datePublished":"2025-11-14T17:10:55+00:00","dateModified":"2025-11-14T17:11:34+00:00","breadcrumb":{"@id":"https:\/\/voxsahel.com\/?p=3104#breadcrumb"},"inLanguage":"fr-FR","potentialAction":[{"@type":"ReadAction","target":["https:\/\/voxsahel.com\/?p=3104"]}]},{"@type":"ImageObject","inLanguage":"fr-FR","@id":"https:\/\/voxsahel.com\/?p=3104#primaryimage","url":"https:\/\/voxsahel.com\/wp-content\/uploads\/2025\/11\/medaille-dhonneur-du-VDP-VOX-SAHEL.jpeg","contentUrl":"https:\/\/voxsahel.com\/wp-content\/uploads\/2025\/11\/medaille-dhonneur-du-VDP-VOX-SAHEL.jpeg","width":225,"height":225,"caption":"m\u00e9daille d'honneur du VDP"},{"@type":"BreadcrumbList","@id":"https:\/\/voxsahel.com\/?p=3104#breadcrumb","itemListElement":[{"@type":"ListItem","position":1,"name":"Home","item":"https:\/\/voxsahel.com\/"},{"@type":"ListItem","position":2,"name":"Decryp-Instauration de la m\u00e9daille d&rsquo;honneur du VDP\u00a0: Un symbole d\u2019un engagement national"}]},{"@type":"WebSite","@id":"https:\/\/voxsahel.com\/#website","url":"https:\/\/voxsahel.com\/","name":"Vox Sahel","description":"Informez-vous sur le Sahel en un clic","publisher":{"@id":"https:\/\/voxsahel.com\/#organization"},"potentialAction":[{"@type":"SearchAction","target":{"@type":"EntryPoint","urlTemplate":"https:\/\/voxsahel.com\/?s={search_term_string}"},"query-input":{"@type":"PropertyValueSpecification","valueRequired":true,"valueName":"search_term_string"}}],"inLanguage":"fr-FR"},{"@type":"Organization","@id":"https:\/\/voxsahel.com\/#organization","name":"Vox Sahel","url":"https:\/\/voxsahel.com\/","logo":{"@type":"ImageObject","inLanguage":"fr-FR","@id":"https:\/\/voxsahel.com\/#\/schema\/logo\/image\/","url":"https:\/\/voxsahel.com\/wp-content\/uploads\/2024\/09\/Logo-Vox-Sahel.jpg","contentUrl":"https:\/\/voxsahel.com\/wp-content\/uploads\/2024\/09\/Logo-Vox-Sahel.jpg","width":1181,"height":848,"caption":"Vox Sahel"},"image":{"@id":"https:\/\/voxsahel.com\/#\/schema\/logo\/image\/"},"sameAs":["https:\/\/www.facebook.com\/journal.voxsahel"]},{"@type":"Person","@id":"https:\/\/voxsahel.com\/#\/schema\/person\/b4043608248f8fa227cd760e7ff1e19e","name":"Vox Sahel","image":{"@type":"ImageObject","inLanguage":"fr-FR","@id":"https:\/\/secure.gravatar.com\/avatar\/f70e7fa0cb9b29d4a7c5788d6eb2e9ab4d3135cbae1c9161810fdf77a8964699?s=96&d=mm&r=g","url":"https:\/\/secure.gravatar.com\/avatar\/f70e7fa0cb9b29d4a7c5788d6eb2e9ab4d3135cbae1c9161810fdf77a8964699?s=96&d=mm&r=g","contentUrl":"https:\/\/secure.gravatar.com\/avatar\/f70e7fa0cb9b29d4a7c5788d6eb2e9ab4d3135cbae1c9161810fdf77a8964699?s=96&d=mm&r=g","caption":"Vox Sahel"},"sameAs":["http:\/\/www.voxsahel.com"],"url":"https:\/\/voxsahel.com\/?author=2"}]}},"_links":{"self":[{"href":"https:\/\/voxsahel.com\/index.php?rest_route=\/wp\/v2\/posts\/3104","targetHints":{"allow":["GET"]}}],"collection":[{"href":"https:\/\/voxsahel.com\/index.php?rest_route=\/wp\/v2\/posts"}],"about":[{"href":"https:\/\/voxsahel.com\/index.php?rest_route=\/wp\/v2\/types\/post"}],"author":[{"embeddable":true,"href":"https:\/\/voxsahel.com\/index.php?rest_route=\/wp\/v2\/users\/2"}],"replies":[{"embeddable":true,"href":"https:\/\/voxsahel.com\/index.php?rest_route=%2Fwp%2Fv2%2Fcomments&post=3104"}],"version-history":[{"count":1,"href":"https:\/\/voxsahel.com\/index.php?rest_route=\/wp\/v2\/posts\/3104\/revisions"}],"predecessor-version":[{"id":3107,"href":"https:\/\/voxsahel.com\/index.php?rest_route=\/wp\/v2\/posts\/3104\/revisions\/3107"}],"wp:featuredmedia":[{"embeddable":true,"href":"https:\/\/voxsahel.com\/index.php?rest_route=\/wp\/v2\/media\/3106"}],"wp:attachment":[{"href":"https:\/\/voxsahel.com\/index.php?rest_route=%2Fwp%2Fv2%2Fmedia&parent=3104"}],"wp:term":[{"taxonomy":"category","embeddable":true,"href":"https:\/\/voxsahel.com\/index.php?rest_route=%2Fwp%2Fv2%2Fcategories&post=3104"},{"taxonomy":"post_tag","embeddable":true,"href":"https:\/\/voxsahel.com\/index.php?rest_route=%2Fwp%2Fv2%2Ftags&post=3104"}],"curies":[{"name":"wp","href":"https:\/\/api.w.org\/{rel}","templated":true}]}}