{"id":3100,"date":"2025-11-12T22:19:50","date_gmt":"2025-11-12T22:19:50","guid":{"rendered":"https:\/\/voxsahel.com\/?p=3100"},"modified":"2025-11-12T22:20:51","modified_gmt":"2025-11-12T22:20:51","slug":"coupe-du-monde-u17-le-vdp-oscar-barro-envoie-un-message-fort-avant-le-burkina-faso-allemagne","status":"publish","type":"post","link":"https:\/\/voxsahel.com\/?p=3100","title":{"rendered":"Coupe du Monde U17 : Le VDP Oscar Barro envoie un message fort avant le Burkina Faso \u2013 Allemagne"},"content":{"rendered":"<p class=\"p1\"><span class=\"s2\">\u00c0 quelques heures du choc des 16\u00e8mes de finale de la Coupe du Monde U17, le s\u00e9lectionneur des \u00c9talons cadets, <\/span><span class=\"s1\">Oscar Barro<\/span><span class=\"s2\">, a partag\u00e9 un message de motivation et de confiance absolue envers son \u00e9quipe. Connu pour son approche humaine et sa capacit\u00e9 \u00e0 cr\u00e9er un v\u00e9ritable esprit de groupe, le coach burkinab\u00e8 a soulign\u00e9 l\u2019importance de la coh\u00e9sion et de l\u2019unit\u00e9 au sein de ses jeunes joueurs.<\/span><\/p>\n<p class=\"p1\"><span class=\"s2\">\u00ab C\u2019est un groupe qui vit tr\u00e8s bien. Pratiquement tous les joueurs ont d\u00e9j\u00e0 pris part aux matchs, ce qui cr\u00e9e une rivalit\u00e9 saine au sein de l\u2019\u00e9quipe. C\u2019est une vraie famille, et nous comptons nous appuyer sur cette coh\u00e9sion pour poursuivre la comp\u00e9tition \u00bb, a-t-il d\u00e9clar\u00e9.<\/span><\/p>\n<p class=\"p1\"><span class=\"s2\">Barro insiste sur le fait que cette solidarit\u00e9 constitue un atout majeur pour les \u00c9talons cadets : <\/span><span class=\"s1\">\u00ab Nous sommes une vraie famille, nous allons chercher le troph\u00e9e ! \u00bb<\/span><span class=\"s2\"> a-t-il ajout\u00e9, affichant une ambition claire et d\u00e9termin\u00e9e.<\/span><\/p>\n<p class=\"p1\"><span class=\"s2\">Le coach a \u00e9galement \u00e9voqu\u00e9 l\u2019\u00e9volution de l\u2019\u00e9quipe depuis le d\u00e9but du tournoi : \u00ab Notre premier objectif \u00e9tait de passer la phase de groupes, ce que nous avons accompli avec brio. Maintenant, notre ambition est de viser le plus haut niveau et d\u2019aller chercher le troph\u00e9e. \u00bb Pour y parvenir, il compte sur la discipline, le travail collectif, mais aussi sur l\u2019am\u00e9lioration des d\u00e9tails techniques : <\/span><span class=\"s1\">\u00ab Nous allons mettre tous les ingr\u00e9dients n\u00e9cessaires, notamment am\u00e9liorer la finition devant les buts. \u00bb<\/span><\/p>\n<p class=\"p1\"><span class=\"s2\">L\u2019\u00e9quipe du Burkina Faso affrontera l\u2019Allemagne dans un match qui s\u2019annonce intense et disput\u00e9. Les jeunes \u00c9talons, galvanis\u00e9s par la confiance de leur entra\u00eeneur, comptent bien faire vibrer leurs supporters et poursuivre l\u2019aventure dans ce Mondial U17.<\/span><\/p>\n<p class=\"p1\"><span class=\"s2\">Avec un groupe soud\u00e9 et une strat\u00e9gie claire, Oscar Barro semble d\u00e9termin\u00e9 \u00e0 mener ses joueurs jusqu\u2019au bout, faisant de ce match un moment crucial pour la jeunesse du football burkinab\u00e8.<\/span><\/p>\n<p class=\"p1\"><span class=\"s1\">\u00c0 suivre : Burkina Faso vs Allemagne, un rendez-vous \u00e0 ne pas manquer pour tous les supporters des \u00c9talons !<\/span><\/p>\n","protected":false},"excerpt":{"rendered":"<p>\u00c0 quelques heures du choc des 16\u00e8mes de finale de la Coupe du Monde U17,<\/p>\n","protected":false},"author":2,"featured_media":3102,"comment_status":"open","ping_status":"open","sticky":false,"template":"","format":"standard","meta":{"_et_pb_use_builder":"","_et_pb_old_content":"","_et_gb_content_width":"","footnotes":""},"categories":[12],"tags":[18,906,274,40,35,34],"class_list":["post-3100","post","type-post","status-publish","format-standard","has-post-thumbnail","hentry","category-sports","tag-burkina-faso","tag-coupe-du-monde-2026","tag-etalons","tag-federation-burkinabe-de-football","tag-football","tag-sport"],"yoast_head":"<!-- This site is optimized with the Yoast SEO plugin v27.5 - https:\/\/yoast.com\/product\/yoast-seo-wordpress\/ -->\n<title>Coupe du Monde U17 : Le VDP Oscar Barro envoie un message fort avant le Burkina Faso \u2013 Allemagne - Vox Sahel<\/title>\n<meta name=\"robots\" content=\"index, follow, max-snippet:-1, max-image-preview:large, max-video-preview:-1\" \/>\n<link rel=\"canonical\" href=\"https:\/\/voxsahel.com\/?p=3100\" \/>\n<meta property=\"og:locale\" content=\"fr_FR\" \/>\n<meta property=\"og:type\" content=\"article\" \/>\n<meta property=\"og:title\" content=\"Coupe du Monde U17 : Le VDP Oscar Barro envoie un message fort avant le Burkina Faso \u2013 Allemagne - Vox Sahel\" \/>\n<meta property=\"og:description\" content=\"\u00c0 quelques heures du choc des 16\u00e8mes de finale de la Coupe du Monde U17,\" \/>\n<meta property=\"og:url\" content=\"https:\/\/voxsahel.com\/?p=3100\" \/>\n<meta property=\"og:site_name\" content=\"Vox Sahel\" \/>\n<meta property=\"article:publisher\" content=\"https:\/\/www.facebook.com\/journal.voxsahel\" \/>\n<meta property=\"article:published_time\" content=\"2025-11-12T22:19:50+00:00\" \/>\n<meta property=\"article:modified_time\" content=\"2025-11-12T22:20:51+00:00\" \/>\n<meta property=\"og:image\" content=\"https:\/\/voxsahel.com\/wp-content\/uploads\/2025\/11\/IMG_3091.jpeg\" \/>\n\t<meta property=\"og:image:width\" content=\"720\" \/>\n\t<meta property=\"og:image:height\" content=\"767\" \/>\n\t<meta property=\"og:image:type\" content=\"image\/jpeg\" \/>\n<meta name=\"author\" content=\"Vox Sahel\" \/>\n<meta name=\"twitter:card\" content=\"summary_large_image\" \/>\n<meta name=\"twitter:label1\" content=\"\u00c9crit par\" \/>\n\t<meta name=\"twitter:data1\" content=\"Vox Sahel\" \/>\n\t<meta name=\"twitter:label2\" content=\"Dur\u00e9e de lecture estim\u00e9e\" \/>\n\t<meta name=\"twitter:data2\" content=\"2 minutes\" \/>\n<script type=\"application\/ld+json\" class=\"yoast-schema-graph\">{\"@context\":\"https:\\\/\\\/schema.org\",\"@graph\":[{\"@type\":\"Article\",\"@id\":\"https:\\\/\\\/voxsahel.com\\\/?p=3100#article\",\"isPartOf\":{\"@id\":\"https:\\\/\\\/voxsahel.com\\\/?p=3100\"},\"author\":{\"name\":\"Vox Sahel\",\"@id\":\"https:\\\/\\\/voxsahel.com\\\/#\\\/schema\\\/person\\\/b4043608248f8fa227cd760e7ff1e19e\"},\"headline\":\"Coupe du Monde U17 : Le VDP Oscar Barro envoie un message fort avant le Burkina Faso \u2013 Allemagne\",\"datePublished\":\"2025-11-12T22:19:50+00:00\",\"dateModified\":\"2025-11-12T22:20:51+00:00\",\"mainEntityOfPage\":{\"@id\":\"https:\\\/\\\/voxsahel.com\\\/?p=3100\"},\"wordCount\":360,\"commentCount\":0,\"publisher\":{\"@id\":\"https:\\\/\\\/voxsahel.com\\\/#organization\"},\"image\":{\"@id\":\"https:\\\/\\\/voxsahel.com\\\/?p=3100#primaryimage\"},\"thumbnailUrl\":\"https:\\\/\\\/voxsahel.com\\\/wp-content\\\/uploads\\\/2025\\\/11\\\/IMG_3091.jpeg\",\"keywords\":[\"Burkina Faso\",\"Coupe du monde 2026\",\"Etalons\",\"F\u00e9d\u00e9ration Burkinab\u00e8 de Football\",\"Football\",\"Sport\"],\"articleSection\":[\"SPORTS\"],\"inLanguage\":\"fr-FR\",\"potentialAction\":[{\"@type\":\"CommentAction\",\"name\":\"Comment\",\"target\":[\"https:\\\/\\\/voxsahel.com\\\/?p=3100#respond\"]}]},{\"@type\":\"WebPage\",\"@id\":\"https:\\\/\\\/voxsahel.com\\\/?p=3100\",\"url\":\"https:\\\/\\\/voxsahel.com\\\/?p=3100\",\"name\":\"Coupe du Monde U17 : Le VDP Oscar Barro envoie un message fort avant le Burkina Faso \u2013 Allemagne - Vox Sahel\",\"isPartOf\":{\"@id\":\"https:\\\/\\\/voxsahel.com\\\/#website\"},\"primaryImageOfPage\":{\"@id\":\"https:\\\/\\\/voxsahel.com\\\/?p=3100#primaryimage\"},\"image\":{\"@id\":\"https:\\\/\\\/voxsahel.com\\\/?p=3100#primaryimage\"},\"thumbnailUrl\":\"https:\\\/\\\/voxsahel.com\\\/wp-content\\\/uploads\\\/2025\\\/11\\\/IMG_3091.jpeg\",\"datePublished\":\"2025-11-12T22:19:50+00:00\",\"dateModified\":\"2025-11-12T22:20:51+00:00\",\"breadcrumb\":{\"@id\":\"https:\\\/\\\/voxsahel.com\\\/?p=3100#breadcrumb\"},\"inLanguage\":\"fr-FR\",\"potentialAction\":[{\"@type\":\"ReadAction\",\"target\":[\"https:\\\/\\\/voxsahel.com\\\/?p=3100\"]}]},{\"@type\":\"ImageObject\",\"inLanguage\":\"fr-FR\",\"@id\":\"https:\\\/\\\/voxsahel.com\\\/?p=3100#primaryimage\",\"url\":\"https:\\\/\\\/voxsahel.com\\\/wp-content\\\/uploads\\\/2025\\\/11\\\/IMG_3091.jpeg\",\"contentUrl\":\"https:\\\/\\\/voxsahel.com\\\/wp-content\\\/uploads\\\/2025\\\/11\\\/IMG_3091.jpeg\",\"width\":720,\"height\":767},{\"@type\":\"BreadcrumbList\",\"@id\":\"https:\\\/\\\/voxsahel.com\\\/?p=3100#breadcrumb\",\"itemListElement\":[{\"@type\":\"ListItem\",\"position\":1,\"name\":\"Home\",\"item\":\"https:\\\/\\\/voxsahel.com\\\/\"},{\"@type\":\"ListItem\",\"position\":2,\"name\":\"Coupe du Monde U17 : Le VDP Oscar Barro envoie un message fort avant le Burkina Faso \u2013 Allemagne\"}]},{\"@type\":\"WebSite\",\"@id\":\"https:\\\/\\\/voxsahel.com\\\/#website\",\"url\":\"https:\\\/\\\/voxsahel.com\\\/\",\"name\":\"Vox Sahel\",\"description\":\"Informez-vous sur le Sahel en un clic\",\"publisher\":{\"@id\":\"https:\\\/\\\/voxsahel.com\\\/#organization\"},\"potentialAction\":[{\"@type\":\"SearchAction\",\"target\":{\"@type\":\"EntryPoint\",\"urlTemplate\":\"https:\\\/\\\/voxsahel.com\\\/?s={search_term_string}\"},\"query-input\":{\"@type\":\"PropertyValueSpecification\",\"valueRequired\":true,\"valueName\":\"search_term_string\"}}],\"inLanguage\":\"fr-FR\"},{\"@type\":\"Organization\",\"@id\":\"https:\\\/\\\/voxsahel.com\\\/#organization\",\"name\":\"Vox Sahel\",\"url\":\"https:\\\/\\\/voxsahel.com\\\/\",\"logo\":{\"@type\":\"ImageObject\",\"inLanguage\":\"fr-FR\",\"@id\":\"https:\\\/\\\/voxsahel.com\\\/#\\\/schema\\\/logo\\\/image\\\/\",\"url\":\"https:\\\/\\\/voxsahel.com\\\/wp-content\\\/uploads\\\/2024\\\/09\\\/Logo-Vox-Sahel.jpg\",\"contentUrl\":\"https:\\\/\\\/voxsahel.com\\\/wp-content\\\/uploads\\\/2024\\\/09\\\/Logo-Vox-Sahel.jpg\",\"width\":1181,\"height\":848,\"caption\":\"Vox Sahel\"},\"image\":{\"@id\":\"https:\\\/\\\/voxsahel.com\\\/#\\\/schema\\\/logo\\\/image\\\/\"},\"sameAs\":[\"https:\\\/\\\/www.facebook.com\\\/journal.voxsahel\"]},{\"@type\":\"Person\",\"@id\":\"https:\\\/\\\/voxsahel.com\\\/#\\\/schema\\\/person\\\/b4043608248f8fa227cd760e7ff1e19e\",\"name\":\"Vox Sahel\",\"image\":{\"@type\":\"ImageObject\",\"inLanguage\":\"fr-FR\",\"@id\":\"https:\\\/\\\/secure.gravatar.com\\\/avatar\\\/f70e7fa0cb9b29d4a7c5788d6eb2e9ab4d3135cbae1c9161810fdf77a8964699?s=96&d=mm&r=g\",\"url\":\"https:\\\/\\\/secure.gravatar.com\\\/avatar\\\/f70e7fa0cb9b29d4a7c5788d6eb2e9ab4d3135cbae1c9161810fdf77a8964699?s=96&d=mm&r=g\",\"contentUrl\":\"https:\\\/\\\/secure.gravatar.com\\\/avatar\\\/f70e7fa0cb9b29d4a7c5788d6eb2e9ab4d3135cbae1c9161810fdf77a8964699?s=96&d=mm&r=g\",\"caption\":\"Vox Sahel\"},\"sameAs\":[\"http:\\\/\\\/www.voxsahel.com\"],\"url\":\"https:\\\/\\\/voxsahel.com\\\/?author=2\"}]}<\/script>\n<!-- \/ Yoast SEO plugin. -->","yoast_head_json":{"title":"Coupe du Monde U17 : Le VDP Oscar Barro envoie un message fort avant le Burkina Faso \u2013 Allemagne - Vox Sahel","robots":{"index":"index","follow":"follow","max-snippet":"max-snippet:-1","max-image-preview":"max-image-preview:large","max-video-preview":"max-video-preview:-1"},"canonical":"https:\/\/voxsahel.com\/?p=3100","og_locale":"fr_FR","og_type":"article","og_title":"Coupe du Monde U17 : Le VDP Oscar Barro envoie un message fort avant le Burkina Faso \u2013 Allemagne - Vox Sahel","og_description":"\u00c0 quelques heures du choc des 16\u00e8mes de finale de la Coupe du Monde U17,","og_url":"https:\/\/voxsahel.com\/?p=3100","og_site_name":"Vox Sahel","article_publisher":"https:\/\/www.facebook.com\/journal.voxsahel","article_published_time":"2025-11-12T22:19:50+00:00","article_modified_time":"2025-11-12T22:20:51+00:00","og_image":[{"width":720,"height":767,"url":"https:\/\/voxsahel.com\/wp-content\/uploads\/2025\/11\/IMG_3091.jpeg","type":"image\/jpeg"}],"author":"Vox Sahel","twitter_card":"summary_large_image","twitter_misc":{"\u00c9crit par":"Vox Sahel","Dur\u00e9e de lecture estim\u00e9e":"2 minutes"},"schema":{"@context":"https:\/\/schema.org","@graph":[{"@type":"Article","@id":"https:\/\/voxsahel.com\/?p=3100#article","isPartOf":{"@id":"https:\/\/voxsahel.com\/?p=3100"},"author":{"name":"Vox Sahel","@id":"https:\/\/voxsahel.com\/#\/schema\/person\/b4043608248f8fa227cd760e7ff1e19e"},"headline":"Coupe du Monde U17 : Le VDP Oscar Barro envoie un message fort avant le Burkina Faso \u2013 Allemagne","datePublished":"2025-11-12T22:19:50+00:00","dateModified":"2025-11-12T22:20:51+00:00","mainEntityOfPage":{"@id":"https:\/\/voxsahel.com\/?p=3100"},"wordCount":360,"commentCount":0,"publisher":{"@id":"https:\/\/voxsahel.com\/#organization"},"image":{"@id":"https:\/\/voxsahel.com\/?p=3100#primaryimage"},"thumbnailUrl":"https:\/\/voxsahel.com\/wp-content\/uploads\/2025\/11\/IMG_3091.jpeg","keywords":["Burkina Faso","Coupe du monde 2026","Etalons","F\u00e9d\u00e9ration Burkinab\u00e8 de Football","Football","Sport"],"articleSection":["SPORTS"],"inLanguage":"fr-FR","potentialAction":[{"@type":"CommentAction","name":"Comment","target":["https:\/\/voxsahel.com\/?p=3100#respond"]}]},{"@type":"WebPage","@id":"https:\/\/voxsahel.com\/?p=3100","url":"https:\/\/voxsahel.com\/?p=3100","name":"Coupe du Monde U17 : Le VDP Oscar Barro envoie un message fort avant le Burkina Faso \u2013 Allemagne - Vox Sahel","isPartOf":{"@id":"https:\/\/voxsahel.com\/#website"},"primaryImageOfPage":{"@id":"https:\/\/voxsahel.com\/?p=3100#primaryimage"},"image":{"@id":"https:\/\/voxsahel.com\/?p=3100#primaryimage"},"thumbnailUrl":"https:\/\/voxsahel.com\/wp-content\/uploads\/2025\/11\/IMG_3091.jpeg","datePublished":"2025-11-12T22:19:50+00:00","dateModified":"2025-11-12T22:20:51+00:00","breadcrumb":{"@id":"https:\/\/voxsahel.com\/?p=3100#breadcrumb"},"inLanguage":"fr-FR","potentialAction":[{"@type":"ReadAction","target":["https:\/\/voxsahel.com\/?p=3100"]}]},{"@type":"ImageObject","inLanguage":"fr-FR","@id":"https:\/\/voxsahel.com\/?p=3100#primaryimage","url":"https:\/\/voxsahel.com\/wp-content\/uploads\/2025\/11\/IMG_3091.jpeg","contentUrl":"https:\/\/voxsahel.com\/wp-content\/uploads\/2025\/11\/IMG_3091.jpeg","width":720,"height":767},{"@type":"BreadcrumbList","@id":"https:\/\/voxsahel.com\/?p=3100#breadcrumb","itemListElement":[{"@type":"ListItem","position":1,"name":"Home","item":"https:\/\/voxsahel.com\/"},{"@type":"ListItem","position":2,"name":"Coupe du Monde U17 : Le VDP Oscar Barro envoie un message fort avant le Burkina Faso \u2013 Allemagne"}]},{"@type":"WebSite","@id":"https:\/\/voxsahel.com\/#website","url":"https:\/\/voxsahel.com\/","name":"Vox Sahel","description":"Informez-vous sur le Sahel en un clic","publisher":{"@id":"https:\/\/voxsahel.com\/#organization"},"potentialAction":[{"@type":"SearchAction","target":{"@type":"EntryPoint","urlTemplate":"https:\/\/voxsahel.com\/?s={search_term_string}"},"query-input":{"@type":"PropertyValueSpecification","valueRequired":true,"valueName":"search_term_string"}}],"inLanguage":"fr-FR"},{"@type":"Organization","@id":"https:\/\/voxsahel.com\/#organization","name":"Vox Sahel","url":"https:\/\/voxsahel.com\/","logo":{"@type":"ImageObject","inLanguage":"fr-FR","@id":"https:\/\/voxsahel.com\/#\/schema\/logo\/image\/","url":"https:\/\/voxsahel.com\/wp-content\/uploads\/2024\/09\/Logo-Vox-Sahel.jpg","contentUrl":"https:\/\/voxsahel.com\/wp-content\/uploads\/2024\/09\/Logo-Vox-Sahel.jpg","width":1181,"height":848,"caption":"Vox Sahel"},"image":{"@id":"https:\/\/voxsahel.com\/#\/schema\/logo\/image\/"},"sameAs":["https:\/\/www.facebook.com\/journal.voxsahel"]},{"@type":"Person","@id":"https:\/\/voxsahel.com\/#\/schema\/person\/b4043608248f8fa227cd760e7ff1e19e","name":"Vox Sahel","image":{"@type":"ImageObject","inLanguage":"fr-FR","@id":"https:\/\/secure.gravatar.com\/avatar\/f70e7fa0cb9b29d4a7c5788d6eb2e9ab4d3135cbae1c9161810fdf77a8964699?s=96&d=mm&r=g","url":"https:\/\/secure.gravatar.com\/avatar\/f70e7fa0cb9b29d4a7c5788d6eb2e9ab4d3135cbae1c9161810fdf77a8964699?s=96&d=mm&r=g","contentUrl":"https:\/\/secure.gravatar.com\/avatar\/f70e7fa0cb9b29d4a7c5788d6eb2e9ab4d3135cbae1c9161810fdf77a8964699?s=96&d=mm&r=g","caption":"Vox Sahel"},"sameAs":["http:\/\/www.voxsahel.com"],"url":"https:\/\/voxsahel.com\/?author=2"}]}},"_links":{"self":[{"href":"https:\/\/voxsahel.com\/index.php?rest_route=\/wp\/v2\/posts\/3100","targetHints":{"allow":["GET"]}}],"collection":[{"href":"https:\/\/voxsahel.com\/index.php?rest_route=\/wp\/v2\/posts"}],"about":[{"href":"https:\/\/voxsahel.com\/index.php?rest_route=\/wp\/v2\/types\/post"}],"author":[{"embeddable":true,"href":"https:\/\/voxsahel.com\/index.php?rest_route=\/wp\/v2\/users\/2"}],"replies":[{"embeddable":true,"href":"https:\/\/voxsahel.com\/index.php?rest_route=%2Fwp%2Fv2%2Fcomments&post=3100"}],"version-history":[{"count":1,"href":"https:\/\/voxsahel.com\/index.php?rest_route=\/wp\/v2\/posts\/3100\/revisions"}],"predecessor-version":[{"id":3103,"href":"https:\/\/voxsahel.com\/index.php?rest_route=\/wp\/v2\/posts\/3100\/revisions\/3103"}],"wp:featuredmedia":[{"embeddable":true,"href":"https:\/\/voxsahel.com\/index.php?rest_route=\/wp\/v2\/media\/3102"}],"wp:attachment":[{"href":"https:\/\/voxsahel.com\/index.php?rest_route=%2Fwp%2Fv2%2Fmedia&parent=3100"}],"wp:term":[{"taxonomy":"category","embeddable":true,"href":"https:\/\/voxsahel.com\/index.php?rest_route=%2Fwp%2Fv2%2Fcategories&post=3100"},{"taxonomy":"post_tag","embeddable":true,"href":"https:\/\/voxsahel.com\/index.php?rest_route=%2Fwp%2Fv2%2Ftags&post=3100"}],"curies":[{"name":"wp","href":"https:\/\/api.w.org\/{rel}","templated":true}]}}