{"id":310,"date":"2024-09-22T12:14:30","date_gmt":"2024-09-22T12:14:30","guid":{"rendered":"https:\/\/voxsahel.com\/?p=310"},"modified":"2024-09-22T12:14:30","modified_gmt":"2024-09-22T12:14:30","slug":"guerre-en-palestine-des-palestiniens-demandent-laide-des-africains","status":"publish","type":"post","link":"https:\/\/voxsahel.com\/?p=310","title":{"rendered":"Guerre en Palestine: Des Palestiniens demandent l&rsquo;aide des Africains"},"content":{"rendered":"<p><strong>Une d\u00e9l\u00e9gation de Palestiniens, conduite par le repr\u00e9sentant du Hamas en Mauritanie, Dr Muhammad Sobhi Abu Saqr, a tenu un point de presse le samedi 21 septembre 2024 \u00e0 Ouagadougou. L\u2019objectif de cette rencontre \u00e9tait de mobiliser le soutien du peuple africain envers le Hamas dans le cadre de la crise avec Isra\u00ebl.<\/strong><\/p>\n<p>Depuis des ann\u00e9es, le Hamas lutte pour la lib\u00e9ration de la Palestine. En 2023, cette crise s&rsquo;est intensifi\u00e9e, particuli\u00e8rement apr\u00e8s l&rsquo;attaque du Hamas contre Isra\u00ebl le 7 octobre 2023, d\u00e9clenchant une s\u00e9rie de bombardements isra\u00e9liens sur Gaza qui ont suscit\u00e9 des condamnations internationales.<\/p>\n<p>Dr Muhammad Sobhi Abu Saqr a soulign\u00e9 que leur pr\u00e9sence \u00e0 Ouagadougou visait \u00e0 sensibiliser le peuple burkinab\u00e8 et l&rsquo;Afrique sur la souffrance des Palestiniens.\u00ab Nous sommes aujourd&rsquo;hui en Afrique tout simplement parce que nous savons que ce continent est le mieux plac\u00e9 pour comprendre les souffrances du peuple palestinien, car les Africains ont v\u00e9cu les m\u00eames souffrances \u00bb, a-t-il d\u00e9clar\u00e9.<\/p>\n<p>Il a \u00e9voqu\u00e9 les difficult\u00e9s rencontr\u00e9es par les Palestiniens, notamment l&rsquo;occupation isra\u00e9lienne qui dure depuis 75 ans, privant le peuple de ses droits.\u00ab Cette situation peut arriver \u00e0 n\u2019importe quel pays. Nous demandons donc le soutien de tous les Africains \u00bb, a ajout\u00e9 Dr Muhammad Sobhi Abu Saqr.<\/p>\n<p>Il a \u00e9galement mentionn\u00e9 des cas tragiques de prisonniers palestiniens, affirmant que plus de 10 000 d&rsquo;entre eux \u00e9taient actuellement d\u00e9tenus.\u00ab Plus de 90% des maisons, des h\u00f4pitaux, des \u00e9coles ont \u00e9t\u00e9 d\u00e9truits, des familles enti\u00e8res tu\u00e9es et 12 000 enfants ont perdu leurs p\u00e8res et leurs m\u00e8res \u00bb, a-t-il d\u00e9clar\u00e9. Il a conclu en saluant l&rsquo;Afrique du Sud et d&rsquo;autres pays qui soutiennent la cause palestinienne.<\/p>\n<p style=\"text-align: right;\"><strong>Par Amir Bako<\/strong><\/p>\n","protected":false},"excerpt":{"rendered":"<p>Une d\u00e9l\u00e9gation de Palestiniens, conduite par le repr\u00e9sentant du Hamas en Mauritanie, Dr Muhammad Sobhi<\/p>\n","protected":false},"author":2,"featured_media":311,"comment_status":"open","ping_status":"open","sticky":false,"template":"","format":"standard","meta":{"_et_pb_use_builder":"","_et_pb_old_content":"","_et_gb_content_width":"","footnotes":""},"categories":[6],"tags":[18,49,167,166,169,168,165,75],"class_list":["post-310","post","type-post","status-publish","format-standard","has-post-thumbnail","hentry","category-politique","tag-burkina-faso","tag-geopolitique","tag-guerre-en-palestine","tag-guerre-israelo-palestinienne","tag-hamas","tag-israel","tag-palestine","tag-politique"],"yoast_head":"<!-- This site is optimized with the Yoast SEO plugin v27.5 - https:\/\/yoast.com\/product\/yoast-seo-wordpress\/ -->\n<title>Guerre en Palestine: Des Palestiniens demandent l&#039;aide des Africains - Vox Sahel<\/title>\n<meta name=\"robots\" content=\"index, follow, max-snippet:-1, max-image-preview:large, max-video-preview:-1\" \/>\n<link rel=\"canonical\" href=\"https:\/\/voxsahel.com\/?p=310\" \/>\n<meta property=\"og:locale\" content=\"fr_FR\" \/>\n<meta property=\"og:type\" content=\"article\" \/>\n<meta property=\"og:title\" content=\"Guerre en Palestine: Des Palestiniens demandent l&#039;aide des Africains - Vox Sahel\" \/>\n<meta property=\"og:description\" content=\"Une d\u00e9l\u00e9gation de Palestiniens, conduite par le repr\u00e9sentant du Hamas en Mauritanie, Dr Muhammad Sobhi\" \/>\n<meta property=\"og:url\" content=\"https:\/\/voxsahel.com\/?p=310\" \/>\n<meta property=\"og:site_name\" content=\"Vox Sahel\" \/>\n<meta property=\"article:publisher\" content=\"https:\/\/www.facebook.com\/journal.voxsahel\" \/>\n<meta property=\"article:published_time\" content=\"2024-09-22T12:14:30+00:00\" \/>\n<meta property=\"og:image\" content=\"https:\/\/voxsahel.com\/wp-content\/uploads\/2024\/09\/Palestine.jpg\" \/>\n\t<meta property=\"og:image:width\" content=\"1080\" \/>\n\t<meta property=\"og:image:height\" content=\"809\" \/>\n\t<meta property=\"og:image:type\" content=\"image\/jpeg\" \/>\n<meta name=\"author\" content=\"Vox Sahel\" \/>\n<meta name=\"twitter:card\" content=\"summary_large_image\" \/>\n<meta name=\"twitter:label1\" content=\"\u00c9crit par\" \/>\n\t<meta name=\"twitter:data1\" content=\"Vox Sahel\" \/>\n\t<meta name=\"twitter:label2\" content=\"Dur\u00e9e de lecture estim\u00e9e\" \/>\n\t<meta name=\"twitter:data2\" content=\"2 minutes\" \/>\n<script type=\"application\/ld+json\" class=\"yoast-schema-graph\">{\"@context\":\"https:\\\/\\\/schema.org\",\"@graph\":[{\"@type\":\"Article\",\"@id\":\"https:\\\/\\\/voxsahel.com\\\/?p=310#article\",\"isPartOf\":{\"@id\":\"https:\\\/\\\/voxsahel.com\\\/?p=310\"},\"author\":{\"name\":\"Vox Sahel\",\"@id\":\"https:\\\/\\\/voxsahel.com\\\/#\\\/schema\\\/person\\\/b4043608248f8fa227cd760e7ff1e19e\"},\"headline\":\"Guerre en Palestine: Des Palestiniens demandent l&rsquo;aide des Africains\",\"datePublished\":\"2024-09-22T12:14:30+00:00\",\"mainEntityOfPage\":{\"@id\":\"https:\\\/\\\/voxsahel.com\\\/?p=310\"},\"wordCount\":305,\"commentCount\":0,\"publisher\":{\"@id\":\"https:\\\/\\\/voxsahel.com\\\/#organization\"},\"image\":{\"@id\":\"https:\\\/\\\/voxsahel.com\\\/?p=310#primaryimage\"},\"thumbnailUrl\":\"https:\\\/\\\/voxsahel.com\\\/wp-content\\\/uploads\\\/2024\\\/09\\\/Palestine.jpg\",\"keywords\":[\"Burkina Faso\",\"G\u00e9opolitique\",\"Guerre en Palestine\",\"Guerre Isra\u00eblo Palestinienne\",\"Hamas\",\"Isra\u00ebl\",\"Palestine\",\"Politique\"],\"articleSection\":[\"POLITIQUE\"],\"inLanguage\":\"fr-FR\",\"potentialAction\":[{\"@type\":\"CommentAction\",\"name\":\"Comment\",\"target\":[\"https:\\\/\\\/voxsahel.com\\\/?p=310#respond\"]}]},{\"@type\":\"WebPage\",\"@id\":\"https:\\\/\\\/voxsahel.com\\\/?p=310\",\"url\":\"https:\\\/\\\/voxsahel.com\\\/?p=310\",\"name\":\"Guerre en Palestine: Des Palestiniens demandent l'aide des Africains - Vox Sahel\",\"isPartOf\":{\"@id\":\"https:\\\/\\\/voxsahel.com\\\/#website\"},\"primaryImageOfPage\":{\"@id\":\"https:\\\/\\\/voxsahel.com\\\/?p=310#primaryimage\"},\"image\":{\"@id\":\"https:\\\/\\\/voxsahel.com\\\/?p=310#primaryimage\"},\"thumbnailUrl\":\"https:\\\/\\\/voxsahel.com\\\/wp-content\\\/uploads\\\/2024\\\/09\\\/Palestine.jpg\",\"datePublished\":\"2024-09-22T12:14:30+00:00\",\"breadcrumb\":{\"@id\":\"https:\\\/\\\/voxsahel.com\\\/?p=310#breadcrumb\"},\"inLanguage\":\"fr-FR\",\"potentialAction\":[{\"@type\":\"ReadAction\",\"target\":[\"https:\\\/\\\/voxsahel.com\\\/?p=310\"]}]},{\"@type\":\"ImageObject\",\"inLanguage\":\"fr-FR\",\"@id\":\"https:\\\/\\\/voxsahel.com\\\/?p=310#primaryimage\",\"url\":\"https:\\\/\\\/voxsahel.com\\\/wp-content\\\/uploads\\\/2024\\\/09\\\/Palestine.jpg\",\"contentUrl\":\"https:\\\/\\\/voxsahel.com\\\/wp-content\\\/uploads\\\/2024\\\/09\\\/Palestine.jpg\",\"width\":1080,\"height\":809,\"caption\":\"Guerre en Palestine: Des Palestiniens demandent l'aide des Africains\"},{\"@type\":\"BreadcrumbList\",\"@id\":\"https:\\\/\\\/voxsahel.com\\\/?p=310#breadcrumb\",\"itemListElement\":[{\"@type\":\"ListItem\",\"position\":1,\"name\":\"Home\",\"item\":\"https:\\\/\\\/voxsahel.com\\\/\"},{\"@type\":\"ListItem\",\"position\":2,\"name\":\"Guerre en Palestine: Des Palestiniens demandent l&rsquo;aide des Africains\"}]},{\"@type\":\"WebSite\",\"@id\":\"https:\\\/\\\/voxsahel.com\\\/#website\",\"url\":\"https:\\\/\\\/voxsahel.com\\\/\",\"name\":\"Vox Sahel\",\"description\":\"Informez-vous sur le Sahel en un clic\",\"publisher\":{\"@id\":\"https:\\\/\\\/voxsahel.com\\\/#organization\"},\"potentialAction\":[{\"@type\":\"SearchAction\",\"target\":{\"@type\":\"EntryPoint\",\"urlTemplate\":\"https:\\\/\\\/voxsahel.com\\\/?s={search_term_string}\"},\"query-input\":{\"@type\":\"PropertyValueSpecification\",\"valueRequired\":true,\"valueName\":\"search_term_string\"}}],\"inLanguage\":\"fr-FR\"},{\"@type\":\"Organization\",\"@id\":\"https:\\\/\\\/voxsahel.com\\\/#organization\",\"name\":\"Vox Sahel\",\"url\":\"https:\\\/\\\/voxsahel.com\\\/\",\"logo\":{\"@type\":\"ImageObject\",\"inLanguage\":\"fr-FR\",\"@id\":\"https:\\\/\\\/voxsahel.com\\\/#\\\/schema\\\/logo\\\/image\\\/\",\"url\":\"https:\\\/\\\/voxsahel.com\\\/wp-content\\\/uploads\\\/2024\\\/09\\\/Logo-Vox-Sahel.jpg\",\"contentUrl\":\"https:\\\/\\\/voxsahel.com\\\/wp-content\\\/uploads\\\/2024\\\/09\\\/Logo-Vox-Sahel.jpg\",\"width\":1181,\"height\":848,\"caption\":\"Vox Sahel\"},\"image\":{\"@id\":\"https:\\\/\\\/voxsahel.com\\\/#\\\/schema\\\/logo\\\/image\\\/\"},\"sameAs\":[\"https:\\\/\\\/www.facebook.com\\\/journal.voxsahel\"]},{\"@type\":\"Person\",\"@id\":\"https:\\\/\\\/voxsahel.com\\\/#\\\/schema\\\/person\\\/b4043608248f8fa227cd760e7ff1e19e\",\"name\":\"Vox Sahel\",\"image\":{\"@type\":\"ImageObject\",\"inLanguage\":\"fr-FR\",\"@id\":\"https:\\\/\\\/secure.gravatar.com\\\/avatar\\\/f70e7fa0cb9b29d4a7c5788d6eb2e9ab4d3135cbae1c9161810fdf77a8964699?s=96&d=mm&r=g\",\"url\":\"https:\\\/\\\/secure.gravatar.com\\\/avatar\\\/f70e7fa0cb9b29d4a7c5788d6eb2e9ab4d3135cbae1c9161810fdf77a8964699?s=96&d=mm&r=g\",\"contentUrl\":\"https:\\\/\\\/secure.gravatar.com\\\/avatar\\\/f70e7fa0cb9b29d4a7c5788d6eb2e9ab4d3135cbae1c9161810fdf77a8964699?s=96&d=mm&r=g\",\"caption\":\"Vox Sahel\"},\"sameAs\":[\"http:\\\/\\\/www.voxsahel.com\"],\"url\":\"https:\\\/\\\/voxsahel.com\\\/?author=2\"}]}<\/script>\n<!-- \/ Yoast SEO plugin. -->","yoast_head_json":{"title":"Guerre en Palestine: Des Palestiniens demandent l'aide des Africains - Vox Sahel","robots":{"index":"index","follow":"follow","max-snippet":"max-snippet:-1","max-image-preview":"max-image-preview:large","max-video-preview":"max-video-preview:-1"},"canonical":"https:\/\/voxsahel.com\/?p=310","og_locale":"fr_FR","og_type":"article","og_title":"Guerre en Palestine: Des Palestiniens demandent l'aide des Africains - Vox Sahel","og_description":"Une d\u00e9l\u00e9gation de Palestiniens, conduite par le repr\u00e9sentant du Hamas en Mauritanie, Dr Muhammad Sobhi","og_url":"https:\/\/voxsahel.com\/?p=310","og_site_name":"Vox Sahel","article_publisher":"https:\/\/www.facebook.com\/journal.voxsahel","article_published_time":"2024-09-22T12:14:30+00:00","og_image":[{"width":1080,"height":809,"url":"https:\/\/voxsahel.com\/wp-content\/uploads\/2024\/09\/Palestine.jpg","type":"image\/jpeg"}],"author":"Vox Sahel","twitter_card":"summary_large_image","twitter_misc":{"\u00c9crit par":"Vox Sahel","Dur\u00e9e de lecture estim\u00e9e":"2 minutes"},"schema":{"@context":"https:\/\/schema.org","@graph":[{"@type":"Article","@id":"https:\/\/voxsahel.com\/?p=310#article","isPartOf":{"@id":"https:\/\/voxsahel.com\/?p=310"},"author":{"name":"Vox Sahel","@id":"https:\/\/voxsahel.com\/#\/schema\/person\/b4043608248f8fa227cd760e7ff1e19e"},"headline":"Guerre en Palestine: Des Palestiniens demandent l&rsquo;aide des Africains","datePublished":"2024-09-22T12:14:30+00:00","mainEntityOfPage":{"@id":"https:\/\/voxsahel.com\/?p=310"},"wordCount":305,"commentCount":0,"publisher":{"@id":"https:\/\/voxsahel.com\/#organization"},"image":{"@id":"https:\/\/voxsahel.com\/?p=310#primaryimage"},"thumbnailUrl":"https:\/\/voxsahel.com\/wp-content\/uploads\/2024\/09\/Palestine.jpg","keywords":["Burkina Faso","G\u00e9opolitique","Guerre en Palestine","Guerre Isra\u00eblo Palestinienne","Hamas","Isra\u00ebl","Palestine","Politique"],"articleSection":["POLITIQUE"],"inLanguage":"fr-FR","potentialAction":[{"@type":"CommentAction","name":"Comment","target":["https:\/\/voxsahel.com\/?p=310#respond"]}]},{"@type":"WebPage","@id":"https:\/\/voxsahel.com\/?p=310","url":"https:\/\/voxsahel.com\/?p=310","name":"Guerre en Palestine: Des Palestiniens demandent l'aide des Africains - Vox Sahel","isPartOf":{"@id":"https:\/\/voxsahel.com\/#website"},"primaryImageOfPage":{"@id":"https:\/\/voxsahel.com\/?p=310#primaryimage"},"image":{"@id":"https:\/\/voxsahel.com\/?p=310#primaryimage"},"thumbnailUrl":"https:\/\/voxsahel.com\/wp-content\/uploads\/2024\/09\/Palestine.jpg","datePublished":"2024-09-22T12:14:30+00:00","breadcrumb":{"@id":"https:\/\/voxsahel.com\/?p=310#breadcrumb"},"inLanguage":"fr-FR","potentialAction":[{"@type":"ReadAction","target":["https:\/\/voxsahel.com\/?p=310"]}]},{"@type":"ImageObject","inLanguage":"fr-FR","@id":"https:\/\/voxsahel.com\/?p=310#primaryimage","url":"https:\/\/voxsahel.com\/wp-content\/uploads\/2024\/09\/Palestine.jpg","contentUrl":"https:\/\/voxsahel.com\/wp-content\/uploads\/2024\/09\/Palestine.jpg","width":1080,"height":809,"caption":"Guerre en Palestine: Des Palestiniens demandent l'aide des Africains"},{"@type":"BreadcrumbList","@id":"https:\/\/voxsahel.com\/?p=310#breadcrumb","itemListElement":[{"@type":"ListItem","position":1,"name":"Home","item":"https:\/\/voxsahel.com\/"},{"@type":"ListItem","position":2,"name":"Guerre en Palestine: Des Palestiniens demandent l&rsquo;aide des Africains"}]},{"@type":"WebSite","@id":"https:\/\/voxsahel.com\/#website","url":"https:\/\/voxsahel.com\/","name":"Vox Sahel","description":"Informez-vous sur le Sahel en un clic","publisher":{"@id":"https:\/\/voxsahel.com\/#organization"},"potentialAction":[{"@type":"SearchAction","target":{"@type":"EntryPoint","urlTemplate":"https:\/\/voxsahel.com\/?s={search_term_string}"},"query-input":{"@type":"PropertyValueSpecification","valueRequired":true,"valueName":"search_term_string"}}],"inLanguage":"fr-FR"},{"@type":"Organization","@id":"https:\/\/voxsahel.com\/#organization","name":"Vox Sahel","url":"https:\/\/voxsahel.com\/","logo":{"@type":"ImageObject","inLanguage":"fr-FR","@id":"https:\/\/voxsahel.com\/#\/schema\/logo\/image\/","url":"https:\/\/voxsahel.com\/wp-content\/uploads\/2024\/09\/Logo-Vox-Sahel.jpg","contentUrl":"https:\/\/voxsahel.com\/wp-content\/uploads\/2024\/09\/Logo-Vox-Sahel.jpg","width":1181,"height":848,"caption":"Vox Sahel"},"image":{"@id":"https:\/\/voxsahel.com\/#\/schema\/logo\/image\/"},"sameAs":["https:\/\/www.facebook.com\/journal.voxsahel"]},{"@type":"Person","@id":"https:\/\/voxsahel.com\/#\/schema\/person\/b4043608248f8fa227cd760e7ff1e19e","name":"Vox Sahel","image":{"@type":"ImageObject","inLanguage":"fr-FR","@id":"https:\/\/secure.gravatar.com\/avatar\/f70e7fa0cb9b29d4a7c5788d6eb2e9ab4d3135cbae1c9161810fdf77a8964699?s=96&d=mm&r=g","url":"https:\/\/secure.gravatar.com\/avatar\/f70e7fa0cb9b29d4a7c5788d6eb2e9ab4d3135cbae1c9161810fdf77a8964699?s=96&d=mm&r=g","contentUrl":"https:\/\/secure.gravatar.com\/avatar\/f70e7fa0cb9b29d4a7c5788d6eb2e9ab4d3135cbae1c9161810fdf77a8964699?s=96&d=mm&r=g","caption":"Vox Sahel"},"sameAs":["http:\/\/www.voxsahel.com"],"url":"https:\/\/voxsahel.com\/?author=2"}]}},"_links":{"self":[{"href":"https:\/\/voxsahel.com\/index.php?rest_route=\/wp\/v2\/posts\/310","targetHints":{"allow":["GET"]}}],"collection":[{"href":"https:\/\/voxsahel.com\/index.php?rest_route=\/wp\/v2\/posts"}],"about":[{"href":"https:\/\/voxsahel.com\/index.php?rest_route=\/wp\/v2\/types\/post"}],"author":[{"embeddable":true,"href":"https:\/\/voxsahel.com\/index.php?rest_route=\/wp\/v2\/users\/2"}],"replies":[{"embeddable":true,"href":"https:\/\/voxsahel.com\/index.php?rest_route=%2Fwp%2Fv2%2Fcomments&post=310"}],"version-history":[{"count":1,"href":"https:\/\/voxsahel.com\/index.php?rest_route=\/wp\/v2\/posts\/310\/revisions"}],"predecessor-version":[{"id":312,"href":"https:\/\/voxsahel.com\/index.php?rest_route=\/wp\/v2\/posts\/310\/revisions\/312"}],"wp:featuredmedia":[{"embeddable":true,"href":"https:\/\/voxsahel.com\/index.php?rest_route=\/wp\/v2\/media\/311"}],"wp:attachment":[{"href":"https:\/\/voxsahel.com\/index.php?rest_route=%2Fwp%2Fv2%2Fmedia&parent=310"}],"wp:term":[{"taxonomy":"category","embeddable":true,"href":"https:\/\/voxsahel.com\/index.php?rest_route=%2Fwp%2Fv2%2Fcategories&post=310"},{"taxonomy":"post_tag","embeddable":true,"href":"https:\/\/voxsahel.com\/index.php?rest_route=%2Fwp%2Fv2%2Ftags&post=310"}],"curies":[{"name":"wp","href":"https:\/\/api.w.org\/{rel}","templated":true}]}}