{"id":3092,"date":"2025-11-09T22:01:54","date_gmt":"2025-11-09T22:01:54","guid":{"rendered":"https:\/\/voxsahel.com\/?p=3092"},"modified":"2025-11-09T22:03:19","modified_gmt":"2025-11-09T22:03:19","slug":"edito-samu-a-bobo-dioulasso-un-souffle-de-vie-pour-le-guiriko","status":"publish","type":"post","link":"https:\/\/voxsahel.com\/?p=3092","title":{"rendered":"\u00c9DITO | SAMU \u00e0 Bobo-Dioulasso : Un souffle de vie pour le Guiriko"},"content":{"rendered":"<p class=\"p1\"><span class=\"s1\">Le lancement officiel du Service d\u2019aide m\u00e9dicale urgente (SAMU) \u00e0 Bobo-Dioulasso, le samedi 8 novembre 2025, constitue une avanc\u00e9e majeure pour le syst\u00e8me de sant\u00e9 burkinab\u00e8. Cette initiative traduit une volont\u00e9 claire du Gouvernement et du Pr\u00e9sident du Faso, le Capitaine Ibrahim Traor\u00e9, de rapprocher les populations des soins de sant\u00e9 essentiels, en particulier dans les situations critiques.<\/span><\/p>\n<p class=\"p1\"><span class=\"s1\">Gr\u00e2ce \u00e0 cette antenne r\u00e9gionale, les habitants du Guiriko disposent d\u00e9sormais de professionnels de sant\u00e9 qualifi\u00e9s, disponibles 24 h\/24 et 7 j\/7, pr\u00eats \u00e0 intervenir sur tout type d\u2019urgence m\u00e9dicale. Le num\u00e9ro gratuit 15 devient ainsi un v\u00e9ritable outil de pr\u00e9vention des drames li\u00e9s aux retards de soins, permettant de sauver des vies au quotidien. <\/span><\/p>\n<p class=\"p1\"><span class=\"s1\">Cette gratuit\u00e9 des soins d\u2019urgence t\u00e9moigne de l\u2019engagement du Gouvernement en mati\u00e8re d\u2019\u00e9quit\u00e9 et de justice sociale, offrant \u00e0 chaque Burkinab\u00e8 la possibilit\u00e9 d\u2019acc\u00e9der aux premiers soins sans discrimination. Le SAMU ne se limite pas aux interventions individuelles. Il joue \u00e9galement un r\u00f4le strat\u00e9gique dans la s\u00e9curit\u00e9 sanitaire lors des grandes manifestations et dans la mise en \u0153uvre des plans d\u2019urgence nationaux.<\/span><\/p>\n<p class=\"p1\"><span class=\"s1\"> Son r\u00f4le de r\u00e9gulation m\u00e9dicale assure que chaque patient est orient\u00e9 au bon endroit, au bon moment, pour b\u00e9n\u00e9ficier de soins adapt\u00e9s, comblant ainsi un maillon longtemps manquant dans notre syst\u00e8me pr\u00e9-hospitalier.<\/span><\/p>\n<p class=\"p1\"><span class=\"s1\">Pour que cette initiative porte pleinement ses fruits, il est essentiel que les citoyens accompagnent le SAMU avec civisme et responsabilit\u00e9, en utilisant ce service de mani\u00e8re appropri\u00e9e. Les moyens mis \u00e0 disposition notamment les \u00e9quipes qualifi\u00e9es, \u00e9quipements modernes et infrastructures adapt\u00e9es \u00a0illustrent la d\u00e9termination du gouvernement \u00e0 b\u00e2tir un syst\u00e8me de sant\u00e9 robuste, r\u00e9silient et \u00e9quitable.<\/span><\/p>\n<p class=\"p1\"><span class=\"s1\">Le SAMU de Bobo-Dioulasso marque le d\u00e9but d\u2019un nouveau chapitre pour la sant\u00e9 publique au Burkina Faso : rapprocher les soins des populations, renforcer la prise en charge des urgences et offrir un espoir tangible \u00e0 ceux qui souffrent. Une avanc\u00e9e salutaire qui, sans aucun doute, sauvera de nombreuses vies et renforcera la confiance des Burkinab\u00e8 dans leur syst\u00e8me de sant\u00e9.<\/span><\/p>\n<p class=\"p1\" style=\"text-align: right;\"><strong><span class=\"s1\">La R\u00e9daction<\/span><\/strong><\/p>\n","protected":false},"excerpt":{"rendered":"<p>Le lancement officiel du Service d\u2019aide m\u00e9dicale urgente (SAMU) \u00e0 Bobo-Dioulasso, le samedi 8 novembre<\/p>\n","protected":false},"author":2,"featured_media":3093,"comment_status":"open","ping_status":"open","sticky":false,"template":"","format":"standard","meta":{"_et_pb_use_builder":"","_et_pb_old_content":"","_et_gb_content_width":"","footnotes":""},"categories":[7],"tags":[208,18,925,956,120,212,955],"class_list":["post-3092","post","type-post","status-publish","format-standard","has-post-thumbnail","hentry","category-sante","tag-bobo-dioulasso","tag-burkina-faso","tag-guiriko","tag-samu","tag-sante","tag-sante-publique","tag-service-daide-medicale-urgente"],"yoast_head":"<!-- This site is optimized with the Yoast SEO plugin v27.5 - https:\/\/yoast.com\/product\/yoast-seo-wordpress\/ -->\n<title>\u00c9DITO | SAMU \u00e0 Bobo-Dioulasso : Un souffle de vie pour le Guiriko - Vox Sahel<\/title>\n<meta name=\"robots\" content=\"index, follow, max-snippet:-1, max-image-preview:large, max-video-preview:-1\" \/>\n<link rel=\"canonical\" href=\"https:\/\/voxsahel.com\/?p=3092\" \/>\n<meta property=\"og:locale\" content=\"fr_FR\" \/>\n<meta property=\"og:type\" content=\"article\" \/>\n<meta property=\"og:title\" content=\"\u00c9DITO | SAMU \u00e0 Bobo-Dioulasso : Un souffle de vie pour le Guiriko - Vox Sahel\" \/>\n<meta property=\"og:description\" content=\"Le lancement officiel du Service d\u2019aide m\u00e9dicale urgente (SAMU) \u00e0 Bobo-Dioulasso, le samedi 8 novembre\" \/>\n<meta property=\"og:url\" content=\"https:\/\/voxsahel.com\/?p=3092\" \/>\n<meta property=\"og:site_name\" content=\"Vox Sahel\" \/>\n<meta property=\"article:publisher\" content=\"https:\/\/www.facebook.com\/journal.voxsahel\" \/>\n<meta property=\"article:published_time\" content=\"2025-11-09T22:01:54+00:00\" \/>\n<meta property=\"article:modified_time\" content=\"2025-11-09T22:03:19+00:00\" \/>\n<meta property=\"og:image\" content=\"https:\/\/voxsahel.com\/wp-content\/uploads\/2025\/11\/IMG_3052.jpeg\" \/>\n\t<meta property=\"og:image:width\" content=\"430\" \/>\n\t<meta property=\"og:image:height\" content=\"305\" \/>\n\t<meta property=\"og:image:type\" content=\"image\/jpeg\" \/>\n<meta name=\"author\" content=\"Vox Sahel\" \/>\n<meta name=\"twitter:card\" content=\"summary_large_image\" \/>\n<meta name=\"twitter:label1\" content=\"\u00c9crit par\" \/>\n\t<meta name=\"twitter:data1\" content=\"Vox Sahel\" \/>\n\t<meta name=\"twitter:label2\" content=\"Dur\u00e9e de lecture estim\u00e9e\" \/>\n\t<meta name=\"twitter:data2\" content=\"2 minutes\" \/>\n<script type=\"application\/ld+json\" class=\"yoast-schema-graph\">{\"@context\":\"https:\\\/\\\/schema.org\",\"@graph\":[{\"@type\":\"Article\",\"@id\":\"https:\\\/\\\/voxsahel.com\\\/?p=3092#article\",\"isPartOf\":{\"@id\":\"https:\\\/\\\/voxsahel.com\\\/?p=3092\"},\"author\":{\"name\":\"Vox Sahel\",\"@id\":\"https:\\\/\\\/voxsahel.com\\\/#\\\/schema\\\/person\\\/b4043608248f8fa227cd760e7ff1e19e\"},\"headline\":\"\u00c9DITO | SAMU \u00e0 Bobo-Dioulasso : Un souffle de vie pour le Guiriko\",\"datePublished\":\"2025-11-09T22:01:54+00:00\",\"dateModified\":\"2025-11-09T22:03:19+00:00\",\"mainEntityOfPage\":{\"@id\":\"https:\\\/\\\/voxsahel.com\\\/?p=3092\"},\"wordCount\":372,\"commentCount\":0,\"publisher\":{\"@id\":\"https:\\\/\\\/voxsahel.com\\\/#organization\"},\"image\":{\"@id\":\"https:\\\/\\\/voxsahel.com\\\/?p=3092#primaryimage\"},\"thumbnailUrl\":\"https:\\\/\\\/voxsahel.com\\\/wp-content\\\/uploads\\\/2025\\\/11\\\/IMG_3052.jpeg\",\"keywords\":[\"Bobo-Dioulasso\",\"Burkina Faso\",\"Guiriko\",\"SAMU\",\"Sant\u00e9\",\"Sant\u00e9 publique\",\"Service d\u2019aide m\u00e9dicale urgente\"],\"articleSection\":[\"SANTE\"],\"inLanguage\":\"fr-FR\",\"potentialAction\":[{\"@type\":\"CommentAction\",\"name\":\"Comment\",\"target\":[\"https:\\\/\\\/voxsahel.com\\\/?p=3092#respond\"]}]},{\"@type\":\"WebPage\",\"@id\":\"https:\\\/\\\/voxsahel.com\\\/?p=3092\",\"url\":\"https:\\\/\\\/voxsahel.com\\\/?p=3092\",\"name\":\"\u00c9DITO | SAMU \u00e0 Bobo-Dioulasso : Un souffle de vie pour le Guiriko - Vox Sahel\",\"isPartOf\":{\"@id\":\"https:\\\/\\\/voxsahel.com\\\/#website\"},\"primaryImageOfPage\":{\"@id\":\"https:\\\/\\\/voxsahel.com\\\/?p=3092#primaryimage\"},\"image\":{\"@id\":\"https:\\\/\\\/voxsahel.com\\\/?p=3092#primaryimage\"},\"thumbnailUrl\":\"https:\\\/\\\/voxsahel.com\\\/wp-content\\\/uploads\\\/2025\\\/11\\\/IMG_3052.jpeg\",\"datePublished\":\"2025-11-09T22:01:54+00:00\",\"dateModified\":\"2025-11-09T22:03:19+00:00\",\"breadcrumb\":{\"@id\":\"https:\\\/\\\/voxsahel.com\\\/?p=3092#breadcrumb\"},\"inLanguage\":\"fr-FR\",\"potentialAction\":[{\"@type\":\"ReadAction\",\"target\":[\"https:\\\/\\\/voxsahel.com\\\/?p=3092\"]}]},{\"@type\":\"ImageObject\",\"inLanguage\":\"fr-FR\",\"@id\":\"https:\\\/\\\/voxsahel.com\\\/?p=3092#primaryimage\",\"url\":\"https:\\\/\\\/voxsahel.com\\\/wp-content\\\/uploads\\\/2025\\\/11\\\/IMG_3052.jpeg\",\"contentUrl\":\"https:\\\/\\\/voxsahel.com\\\/wp-content\\\/uploads\\\/2025\\\/11\\\/IMG_3052.jpeg\",\"width\":430,\"height\":305},{\"@type\":\"BreadcrumbList\",\"@id\":\"https:\\\/\\\/voxsahel.com\\\/?p=3092#breadcrumb\",\"itemListElement\":[{\"@type\":\"ListItem\",\"position\":1,\"name\":\"Home\",\"item\":\"https:\\\/\\\/voxsahel.com\\\/\"},{\"@type\":\"ListItem\",\"position\":2,\"name\":\"\u00c9DITO | SAMU \u00e0 Bobo-Dioulasso : Un souffle de vie pour le Guiriko\"}]},{\"@type\":\"WebSite\",\"@id\":\"https:\\\/\\\/voxsahel.com\\\/#website\",\"url\":\"https:\\\/\\\/voxsahel.com\\\/\",\"name\":\"Vox Sahel\",\"description\":\"Informez-vous sur le Sahel en un clic\",\"publisher\":{\"@id\":\"https:\\\/\\\/voxsahel.com\\\/#organization\"},\"potentialAction\":[{\"@type\":\"SearchAction\",\"target\":{\"@type\":\"EntryPoint\",\"urlTemplate\":\"https:\\\/\\\/voxsahel.com\\\/?s={search_term_string}\"},\"query-input\":{\"@type\":\"PropertyValueSpecification\",\"valueRequired\":true,\"valueName\":\"search_term_string\"}}],\"inLanguage\":\"fr-FR\"},{\"@type\":\"Organization\",\"@id\":\"https:\\\/\\\/voxsahel.com\\\/#organization\",\"name\":\"Vox Sahel\",\"url\":\"https:\\\/\\\/voxsahel.com\\\/\",\"logo\":{\"@type\":\"ImageObject\",\"inLanguage\":\"fr-FR\",\"@id\":\"https:\\\/\\\/voxsahel.com\\\/#\\\/schema\\\/logo\\\/image\\\/\",\"url\":\"https:\\\/\\\/voxsahel.com\\\/wp-content\\\/uploads\\\/2024\\\/09\\\/Logo-Vox-Sahel.jpg\",\"contentUrl\":\"https:\\\/\\\/voxsahel.com\\\/wp-content\\\/uploads\\\/2024\\\/09\\\/Logo-Vox-Sahel.jpg\",\"width\":1181,\"height\":848,\"caption\":\"Vox Sahel\"},\"image\":{\"@id\":\"https:\\\/\\\/voxsahel.com\\\/#\\\/schema\\\/logo\\\/image\\\/\"},\"sameAs\":[\"https:\\\/\\\/www.facebook.com\\\/journal.voxsahel\"]},{\"@type\":\"Person\",\"@id\":\"https:\\\/\\\/voxsahel.com\\\/#\\\/schema\\\/person\\\/b4043608248f8fa227cd760e7ff1e19e\",\"name\":\"Vox Sahel\",\"image\":{\"@type\":\"ImageObject\",\"inLanguage\":\"fr-FR\",\"@id\":\"https:\\\/\\\/secure.gravatar.com\\\/avatar\\\/f70e7fa0cb9b29d4a7c5788d6eb2e9ab4d3135cbae1c9161810fdf77a8964699?s=96&d=mm&r=g\",\"url\":\"https:\\\/\\\/secure.gravatar.com\\\/avatar\\\/f70e7fa0cb9b29d4a7c5788d6eb2e9ab4d3135cbae1c9161810fdf77a8964699?s=96&d=mm&r=g\",\"contentUrl\":\"https:\\\/\\\/secure.gravatar.com\\\/avatar\\\/f70e7fa0cb9b29d4a7c5788d6eb2e9ab4d3135cbae1c9161810fdf77a8964699?s=96&d=mm&r=g\",\"caption\":\"Vox Sahel\"},\"sameAs\":[\"http:\\\/\\\/www.voxsahel.com\"],\"url\":\"https:\\\/\\\/voxsahel.com\\\/?author=2\"}]}<\/script>\n<!-- \/ Yoast SEO plugin. -->","yoast_head_json":{"title":"\u00c9DITO | SAMU \u00e0 Bobo-Dioulasso : Un souffle de vie pour le Guiriko - Vox Sahel","robots":{"index":"index","follow":"follow","max-snippet":"max-snippet:-1","max-image-preview":"max-image-preview:large","max-video-preview":"max-video-preview:-1"},"canonical":"https:\/\/voxsahel.com\/?p=3092","og_locale":"fr_FR","og_type":"article","og_title":"\u00c9DITO | SAMU \u00e0 Bobo-Dioulasso : Un souffle de vie pour le Guiriko - Vox Sahel","og_description":"Le lancement officiel du Service d\u2019aide m\u00e9dicale urgente (SAMU) \u00e0 Bobo-Dioulasso, le samedi 8 novembre","og_url":"https:\/\/voxsahel.com\/?p=3092","og_site_name":"Vox Sahel","article_publisher":"https:\/\/www.facebook.com\/journal.voxsahel","article_published_time":"2025-11-09T22:01:54+00:00","article_modified_time":"2025-11-09T22:03:19+00:00","og_image":[{"width":430,"height":305,"url":"https:\/\/voxsahel.com\/wp-content\/uploads\/2025\/11\/IMG_3052.jpeg","type":"image\/jpeg"}],"author":"Vox Sahel","twitter_card":"summary_large_image","twitter_misc":{"\u00c9crit par":"Vox Sahel","Dur\u00e9e de lecture estim\u00e9e":"2 minutes"},"schema":{"@context":"https:\/\/schema.org","@graph":[{"@type":"Article","@id":"https:\/\/voxsahel.com\/?p=3092#article","isPartOf":{"@id":"https:\/\/voxsahel.com\/?p=3092"},"author":{"name":"Vox Sahel","@id":"https:\/\/voxsahel.com\/#\/schema\/person\/b4043608248f8fa227cd760e7ff1e19e"},"headline":"\u00c9DITO | SAMU \u00e0 Bobo-Dioulasso : Un souffle de vie pour le Guiriko","datePublished":"2025-11-09T22:01:54+00:00","dateModified":"2025-11-09T22:03:19+00:00","mainEntityOfPage":{"@id":"https:\/\/voxsahel.com\/?p=3092"},"wordCount":372,"commentCount":0,"publisher":{"@id":"https:\/\/voxsahel.com\/#organization"},"image":{"@id":"https:\/\/voxsahel.com\/?p=3092#primaryimage"},"thumbnailUrl":"https:\/\/voxsahel.com\/wp-content\/uploads\/2025\/11\/IMG_3052.jpeg","keywords":["Bobo-Dioulasso","Burkina Faso","Guiriko","SAMU","Sant\u00e9","Sant\u00e9 publique","Service d\u2019aide m\u00e9dicale urgente"],"articleSection":["SANTE"],"inLanguage":"fr-FR","potentialAction":[{"@type":"CommentAction","name":"Comment","target":["https:\/\/voxsahel.com\/?p=3092#respond"]}]},{"@type":"WebPage","@id":"https:\/\/voxsahel.com\/?p=3092","url":"https:\/\/voxsahel.com\/?p=3092","name":"\u00c9DITO | SAMU \u00e0 Bobo-Dioulasso : Un souffle de vie pour le Guiriko - Vox Sahel","isPartOf":{"@id":"https:\/\/voxsahel.com\/#website"},"primaryImageOfPage":{"@id":"https:\/\/voxsahel.com\/?p=3092#primaryimage"},"image":{"@id":"https:\/\/voxsahel.com\/?p=3092#primaryimage"},"thumbnailUrl":"https:\/\/voxsahel.com\/wp-content\/uploads\/2025\/11\/IMG_3052.jpeg","datePublished":"2025-11-09T22:01:54+00:00","dateModified":"2025-11-09T22:03:19+00:00","breadcrumb":{"@id":"https:\/\/voxsahel.com\/?p=3092#breadcrumb"},"inLanguage":"fr-FR","potentialAction":[{"@type":"ReadAction","target":["https:\/\/voxsahel.com\/?p=3092"]}]},{"@type":"ImageObject","inLanguage":"fr-FR","@id":"https:\/\/voxsahel.com\/?p=3092#primaryimage","url":"https:\/\/voxsahel.com\/wp-content\/uploads\/2025\/11\/IMG_3052.jpeg","contentUrl":"https:\/\/voxsahel.com\/wp-content\/uploads\/2025\/11\/IMG_3052.jpeg","width":430,"height":305},{"@type":"BreadcrumbList","@id":"https:\/\/voxsahel.com\/?p=3092#breadcrumb","itemListElement":[{"@type":"ListItem","position":1,"name":"Home","item":"https:\/\/voxsahel.com\/"},{"@type":"ListItem","position":2,"name":"\u00c9DITO | SAMU \u00e0 Bobo-Dioulasso : Un souffle de vie pour le Guiriko"}]},{"@type":"WebSite","@id":"https:\/\/voxsahel.com\/#website","url":"https:\/\/voxsahel.com\/","name":"Vox Sahel","description":"Informez-vous sur le Sahel en un clic","publisher":{"@id":"https:\/\/voxsahel.com\/#organization"},"potentialAction":[{"@type":"SearchAction","target":{"@type":"EntryPoint","urlTemplate":"https:\/\/voxsahel.com\/?s={search_term_string}"},"query-input":{"@type":"PropertyValueSpecification","valueRequired":true,"valueName":"search_term_string"}}],"inLanguage":"fr-FR"},{"@type":"Organization","@id":"https:\/\/voxsahel.com\/#organization","name":"Vox Sahel","url":"https:\/\/voxsahel.com\/","logo":{"@type":"ImageObject","inLanguage":"fr-FR","@id":"https:\/\/voxsahel.com\/#\/schema\/logo\/image\/","url":"https:\/\/voxsahel.com\/wp-content\/uploads\/2024\/09\/Logo-Vox-Sahel.jpg","contentUrl":"https:\/\/voxsahel.com\/wp-content\/uploads\/2024\/09\/Logo-Vox-Sahel.jpg","width":1181,"height":848,"caption":"Vox Sahel"},"image":{"@id":"https:\/\/voxsahel.com\/#\/schema\/logo\/image\/"},"sameAs":["https:\/\/www.facebook.com\/journal.voxsahel"]},{"@type":"Person","@id":"https:\/\/voxsahel.com\/#\/schema\/person\/b4043608248f8fa227cd760e7ff1e19e","name":"Vox Sahel","image":{"@type":"ImageObject","inLanguage":"fr-FR","@id":"https:\/\/secure.gravatar.com\/avatar\/f70e7fa0cb9b29d4a7c5788d6eb2e9ab4d3135cbae1c9161810fdf77a8964699?s=96&d=mm&r=g","url":"https:\/\/secure.gravatar.com\/avatar\/f70e7fa0cb9b29d4a7c5788d6eb2e9ab4d3135cbae1c9161810fdf77a8964699?s=96&d=mm&r=g","contentUrl":"https:\/\/secure.gravatar.com\/avatar\/f70e7fa0cb9b29d4a7c5788d6eb2e9ab4d3135cbae1c9161810fdf77a8964699?s=96&d=mm&r=g","caption":"Vox Sahel"},"sameAs":["http:\/\/www.voxsahel.com"],"url":"https:\/\/voxsahel.com\/?author=2"}]}},"_links":{"self":[{"href":"https:\/\/voxsahel.com\/index.php?rest_route=\/wp\/v2\/posts\/3092","targetHints":{"allow":["GET"]}}],"collection":[{"href":"https:\/\/voxsahel.com\/index.php?rest_route=\/wp\/v2\/posts"}],"about":[{"href":"https:\/\/voxsahel.com\/index.php?rest_route=\/wp\/v2\/types\/post"}],"author":[{"embeddable":true,"href":"https:\/\/voxsahel.com\/index.php?rest_route=\/wp\/v2\/users\/2"}],"replies":[{"embeddable":true,"href":"https:\/\/voxsahel.com\/index.php?rest_route=%2Fwp%2Fv2%2Fcomments&post=3092"}],"version-history":[{"count":1,"href":"https:\/\/voxsahel.com\/index.php?rest_route=\/wp\/v2\/posts\/3092\/revisions"}],"predecessor-version":[{"id":3094,"href":"https:\/\/voxsahel.com\/index.php?rest_route=\/wp\/v2\/posts\/3092\/revisions\/3094"}],"wp:featuredmedia":[{"embeddable":true,"href":"https:\/\/voxsahel.com\/index.php?rest_route=\/wp\/v2\/media\/3093"}],"wp:attachment":[{"href":"https:\/\/voxsahel.com\/index.php?rest_route=%2Fwp%2Fv2%2Fmedia&parent=3092"}],"wp:term":[{"taxonomy":"category","embeddable":true,"href":"https:\/\/voxsahel.com\/index.php?rest_route=%2Fwp%2Fv2%2Fcategories&post=3092"},{"taxonomy":"post_tag","embeddable":true,"href":"https:\/\/voxsahel.com\/index.php?rest_route=%2Fwp%2Fv2%2Ftags&post=3092"}],"curies":[{"name":"wp","href":"https:\/\/api.w.org\/{rel}","templated":true}]}}