{"id":3089,"date":"2025-11-08T20:51:11","date_gmt":"2025-11-08T20:51:11","guid":{"rendered":"https:\/\/voxsahel.com\/?p=3089"},"modified":"2025-11-08T20:51:11","modified_gmt":"2025-11-08T20:51:11","slug":"coupe-du-monde-u17-les-etalons-cadets-relancent-la-machine-face-a-la-republique-tcheque-2-1","status":"publish","type":"post","link":"https:\/\/voxsahel.com\/?p=3089","title":{"rendered":"Coupe du Monde U17 : Les \u00c9talons cadets relancent la machine face \u00e0 la R\u00e9publique tch\u00e8que (2-1)"},"content":{"rendered":"<p class=\"p1\"><span class=\"s2\">Le Burkina Faso s\u2019est offert une victoire pr\u00e9cieuse ce samedi face \u00e0 la R\u00e9publique tch\u00e8que (2-1), lors de la deuxi\u00e8me journ\u00e9e de la Coupe du Monde U17 qui se d\u00e9roule au Qatar. Gr\u00e2ce \u00e0 des r\u00e9alisations sign\u00e9es <\/span><span class=\"s1\">Mohamed Zongo<\/span><span class=\"s2\"> et <\/span><span class=\"s1\">Lookman Tapsoba<\/span><span class=\"s2\">, les jeunes \u00c9talons se replacent dans la course \u00e0 la qualification pour les seizi\u00e8mes de finale.<\/span><\/p>\n<p class=\"p1\"><span class=\"s2\">Apr\u00e8s leur revers inaugural face aux \u00c9tats-Unis, les poulains d\u2019<\/span><span class=\"s1\">Oscar Barro<\/span><span class=\"s2\"> ont affich\u00e9 un tout autre visage, plus conqu\u00e9rant et mieux organis\u00e9. D\u00e8s l\u2019entame, les Burkinab\u00e8 ont impos\u00e9 leur rythme, multipliant les incursions dans le camp tch\u00e8que. Le premier but intervient logiquement gr\u00e2ce \u00e0 <\/span><span class=\"s1\">Mohamed Zongo<\/span><span class=\"s2\">, opportuniste dans la surface.<\/span><\/p>\n<p class=\"p1\"><span class=\"s2\">Les Tch\u00e8ques parviennent \u00e0 \u00e9galiser avant la pause, mais le Burkina ne se d\u00e9courage pas. En seconde p\u00e9riode, <\/span><span class=\"s1\">Lookman Tapsoba<\/span><span class=\"s2\"> redonne l\u2019avantage aux siens d\u2019une frappe limpide qui trompe le gardien adverse. Une avance que les \u00c9talons cadets pr\u00e9serveront jusqu\u2019au coup de sifflet final, malgr\u00e9 quelques frayeurs en fin de partie.<\/span><\/p>\n<p class=\"p1\"><span class=\"s2\">Dans l\u2019autre rencontre du groupe, les <\/span><span class=\"s1\">\u00c9tats-Unis<\/span><span class=\"s2\"> ont domin\u00e9 le <\/span><span class=\"s1\">Tadjikistan<\/span><span class=\"s2\"> (2-1). Ce r\u00e9sultat relance compl\u00e8tement le suspense dans la poule.<\/span><\/p>\n<p class=\"p1\"><strong><span class=\"s1\">Classement du groupe apr\u00e8s deux journ\u00e9es<\/span><\/strong><\/p>\n<ol class=\"ol1\">\n<li class=\"li1\"><span class=\"s1\">\u00c9tats-Unis<\/span><span class=\"s2\"> : 6 pts (+2)<\/span><\/li>\n<li class=\"li1\"><span class=\"s1\">Burkina Faso<\/span><span class=\"s2\"> : 3 pts (0)<\/span><\/li>\n<li class=\"li1\"><span class=\"s1\">R\u00e9publique tch\u00e8que<\/span><span class=\"s2\"> : 3 pts (+4)<\/span><\/li>\n<li class=\"li1\"><span class=\"s1\">Tadjikistan<\/span><span class=\"s2\"> : 0 pt (-6)<\/span><\/li>\n<\/ol>\n<p class=\"p1\"><span class=\"s2\">\u00c0 noter que le Burkina Faso devance la R\u00e9publique tch\u00e8que au classement gr\u00e2ce \u00e0 la <\/span><span class=\"s1\">r\u00e8gle de la confrontation directe<\/span><span class=\"s2\">, appliqu\u00e9e par la FIFA, et non au goal average.<\/span><\/p>\n<p class=\"p1\"><span class=\"s2\">Les \u00c9talons cadets joueront leur <\/span><span class=\"s1\">dernier match de groupe mardi \u00e0 14h45<\/span><span class=\"s2\"> face au <\/span><span class=\"s1\">Tadjikistan<\/span><span class=\"s2\">, une rencontre d\u00e9cisive pour d\u00e9crocher le billet des <\/span><span class=\"s1\">seizi\u00e8mes de finale<\/span><span class=\"s2\">. Dans le m\u00eame temps, la R\u00e9publique tch\u00e8que affrontera les \u00c9tats-Unis.<\/span><\/p>\n<p class=\"p1\"><span class=\"s2\">Les deux premiers de chaque groupe ainsi que les huit meilleurs troisi\u00e8mes acc\u00e9deront \u00e0 la phase \u00e0 \u00e9limination directe.<\/span><\/p>\n","protected":false},"excerpt":{"rendered":"<p>Le Burkina Faso s\u2019est offert une victoire pr\u00e9cieuse ce samedi face \u00e0 la R\u00e9publique tch\u00e8que<\/p>\n","protected":false},"author":2,"featured_media":3090,"comment_status":"open","ping_status":"open","sticky":false,"template":"","format":"standard","meta":{"_et_pb_use_builder":"","_et_pb_old_content":"","_et_gb_content_width":"","footnotes":""},"categories":[12],"tags":[],"class_list":["post-3089","post","type-post","status-publish","format-standard","has-post-thumbnail","hentry","category-sports"],"yoast_head":"<!-- This site is optimized with the Yoast SEO plugin v27.5 - https:\/\/yoast.com\/product\/yoast-seo-wordpress\/ -->\n<title>Coupe du Monde U17 : Les \u00c9talons cadets relancent la machine face \u00e0 la R\u00e9publique tch\u00e8que (2-1) - Vox Sahel<\/title>\n<meta name=\"robots\" content=\"index, follow, max-snippet:-1, max-image-preview:large, max-video-preview:-1\" \/>\n<link rel=\"canonical\" href=\"https:\/\/voxsahel.com\/?p=3089\" \/>\n<meta property=\"og:locale\" content=\"fr_FR\" \/>\n<meta property=\"og:type\" content=\"article\" \/>\n<meta property=\"og:title\" content=\"Coupe du Monde U17 : Les \u00c9talons cadets relancent la machine face \u00e0 la R\u00e9publique tch\u00e8que (2-1) - Vox Sahel\" \/>\n<meta property=\"og:description\" content=\"Le Burkina Faso s\u2019est offert une victoire pr\u00e9cieuse ce samedi face \u00e0 la R\u00e9publique tch\u00e8que\" \/>\n<meta property=\"og:url\" content=\"https:\/\/voxsahel.com\/?p=3089\" \/>\n<meta property=\"og:site_name\" content=\"Vox Sahel\" \/>\n<meta property=\"article:publisher\" content=\"https:\/\/www.facebook.com\/journal.voxsahel\" \/>\n<meta property=\"article:published_time\" content=\"2025-11-08T20:51:11+00:00\" \/>\n<meta property=\"og:image\" content=\"https:\/\/voxsahel.com\/wp-content\/uploads\/2025\/11\/IMG_3035.jpeg\" \/>\n\t<meta property=\"og:image:width\" content=\"1594\" \/>\n\t<meta property=\"og:image:height\" content=\"2048\" \/>\n\t<meta property=\"og:image:type\" content=\"image\/jpeg\" \/>\n<meta name=\"author\" content=\"Vox Sahel\" \/>\n<meta name=\"twitter:card\" content=\"summary_large_image\" \/>\n<meta name=\"twitter:label1\" content=\"\u00c9crit par\" \/>\n\t<meta name=\"twitter:data1\" content=\"Vox Sahel\" \/>\n\t<meta name=\"twitter:label2\" content=\"Dur\u00e9e de lecture estim\u00e9e\" \/>\n\t<meta name=\"twitter:data2\" content=\"2 minutes\" \/>\n<script type=\"application\/ld+json\" class=\"yoast-schema-graph\">{\"@context\":\"https:\\\/\\\/schema.org\",\"@graph\":[{\"@type\":\"Article\",\"@id\":\"https:\\\/\\\/voxsahel.com\\\/?p=3089#article\",\"isPartOf\":{\"@id\":\"https:\\\/\\\/voxsahel.com\\\/?p=3089\"},\"author\":{\"name\":\"Vox Sahel\",\"@id\":\"https:\\\/\\\/voxsahel.com\\\/#\\\/schema\\\/person\\\/b4043608248f8fa227cd760e7ff1e19e\"},\"headline\":\"Coupe du Monde U17 : Les \u00c9talons cadets relancent la machine face \u00e0 la R\u00e9publique tch\u00e8que (2-1)\",\"datePublished\":\"2025-11-08T20:51:11+00:00\",\"mainEntityOfPage\":{\"@id\":\"https:\\\/\\\/voxsahel.com\\\/?p=3089\"},\"wordCount\":333,\"commentCount\":0,\"publisher\":{\"@id\":\"https:\\\/\\\/voxsahel.com\\\/#organization\"},\"image\":{\"@id\":\"https:\\\/\\\/voxsahel.com\\\/?p=3089#primaryimage\"},\"thumbnailUrl\":\"https:\\\/\\\/voxsahel.com\\\/wp-content\\\/uploads\\\/2025\\\/11\\\/IMG_3035.jpeg\",\"articleSection\":[\"SPORTS\"],\"inLanguage\":\"fr-FR\",\"potentialAction\":[{\"@type\":\"CommentAction\",\"name\":\"Comment\",\"target\":[\"https:\\\/\\\/voxsahel.com\\\/?p=3089#respond\"]}]},{\"@type\":\"WebPage\",\"@id\":\"https:\\\/\\\/voxsahel.com\\\/?p=3089\",\"url\":\"https:\\\/\\\/voxsahel.com\\\/?p=3089\",\"name\":\"Coupe du Monde U17 : Les \u00c9talons cadets relancent la machine face \u00e0 la R\u00e9publique tch\u00e8que (2-1) - Vox Sahel\",\"isPartOf\":{\"@id\":\"https:\\\/\\\/voxsahel.com\\\/#website\"},\"primaryImageOfPage\":{\"@id\":\"https:\\\/\\\/voxsahel.com\\\/?p=3089#primaryimage\"},\"image\":{\"@id\":\"https:\\\/\\\/voxsahel.com\\\/?p=3089#primaryimage\"},\"thumbnailUrl\":\"https:\\\/\\\/voxsahel.com\\\/wp-content\\\/uploads\\\/2025\\\/11\\\/IMG_3035.jpeg\",\"datePublished\":\"2025-11-08T20:51:11+00:00\",\"breadcrumb\":{\"@id\":\"https:\\\/\\\/voxsahel.com\\\/?p=3089#breadcrumb\"},\"inLanguage\":\"fr-FR\",\"potentialAction\":[{\"@type\":\"ReadAction\",\"target\":[\"https:\\\/\\\/voxsahel.com\\\/?p=3089\"]}]},{\"@type\":\"ImageObject\",\"inLanguage\":\"fr-FR\",\"@id\":\"https:\\\/\\\/voxsahel.com\\\/?p=3089#primaryimage\",\"url\":\"https:\\\/\\\/voxsahel.com\\\/wp-content\\\/uploads\\\/2025\\\/11\\\/IMG_3035.jpeg\",\"contentUrl\":\"https:\\\/\\\/voxsahel.com\\\/wp-content\\\/uploads\\\/2025\\\/11\\\/IMG_3035.jpeg\",\"width\":1594,\"height\":2048},{\"@type\":\"BreadcrumbList\",\"@id\":\"https:\\\/\\\/voxsahel.com\\\/?p=3089#breadcrumb\",\"itemListElement\":[{\"@type\":\"ListItem\",\"position\":1,\"name\":\"Home\",\"item\":\"https:\\\/\\\/voxsahel.com\\\/\"},{\"@type\":\"ListItem\",\"position\":2,\"name\":\"Coupe du Monde U17 : Les \u00c9talons cadets relancent la machine face \u00e0 la R\u00e9publique tch\u00e8que (2-1)\"}]},{\"@type\":\"WebSite\",\"@id\":\"https:\\\/\\\/voxsahel.com\\\/#website\",\"url\":\"https:\\\/\\\/voxsahel.com\\\/\",\"name\":\"Vox Sahel\",\"description\":\"Informez-vous sur le Sahel en un clic\",\"publisher\":{\"@id\":\"https:\\\/\\\/voxsahel.com\\\/#organization\"},\"potentialAction\":[{\"@type\":\"SearchAction\",\"target\":{\"@type\":\"EntryPoint\",\"urlTemplate\":\"https:\\\/\\\/voxsahel.com\\\/?s={search_term_string}\"},\"query-input\":{\"@type\":\"PropertyValueSpecification\",\"valueRequired\":true,\"valueName\":\"search_term_string\"}}],\"inLanguage\":\"fr-FR\"},{\"@type\":\"Organization\",\"@id\":\"https:\\\/\\\/voxsahel.com\\\/#organization\",\"name\":\"Vox Sahel\",\"url\":\"https:\\\/\\\/voxsahel.com\\\/\",\"logo\":{\"@type\":\"ImageObject\",\"inLanguage\":\"fr-FR\",\"@id\":\"https:\\\/\\\/voxsahel.com\\\/#\\\/schema\\\/logo\\\/image\\\/\",\"url\":\"https:\\\/\\\/voxsahel.com\\\/wp-content\\\/uploads\\\/2024\\\/09\\\/Logo-Vox-Sahel.jpg\",\"contentUrl\":\"https:\\\/\\\/voxsahel.com\\\/wp-content\\\/uploads\\\/2024\\\/09\\\/Logo-Vox-Sahel.jpg\",\"width\":1181,\"height\":848,\"caption\":\"Vox Sahel\"},\"image\":{\"@id\":\"https:\\\/\\\/voxsahel.com\\\/#\\\/schema\\\/logo\\\/image\\\/\"},\"sameAs\":[\"https:\\\/\\\/www.facebook.com\\\/journal.voxsahel\"]},{\"@type\":\"Person\",\"@id\":\"https:\\\/\\\/voxsahel.com\\\/#\\\/schema\\\/person\\\/b4043608248f8fa227cd760e7ff1e19e\",\"name\":\"Vox Sahel\",\"image\":{\"@type\":\"ImageObject\",\"inLanguage\":\"fr-FR\",\"@id\":\"https:\\\/\\\/secure.gravatar.com\\\/avatar\\\/f70e7fa0cb9b29d4a7c5788d6eb2e9ab4d3135cbae1c9161810fdf77a8964699?s=96&d=mm&r=g\",\"url\":\"https:\\\/\\\/secure.gravatar.com\\\/avatar\\\/f70e7fa0cb9b29d4a7c5788d6eb2e9ab4d3135cbae1c9161810fdf77a8964699?s=96&d=mm&r=g\",\"contentUrl\":\"https:\\\/\\\/secure.gravatar.com\\\/avatar\\\/f70e7fa0cb9b29d4a7c5788d6eb2e9ab4d3135cbae1c9161810fdf77a8964699?s=96&d=mm&r=g\",\"caption\":\"Vox Sahel\"},\"sameAs\":[\"http:\\\/\\\/www.voxsahel.com\"],\"url\":\"https:\\\/\\\/voxsahel.com\\\/?author=2\"}]}<\/script>\n<!-- \/ Yoast SEO plugin. -->","yoast_head_json":{"title":"Coupe du Monde U17 : Les \u00c9talons cadets relancent la machine face \u00e0 la R\u00e9publique tch\u00e8que (2-1) - Vox Sahel","robots":{"index":"index","follow":"follow","max-snippet":"max-snippet:-1","max-image-preview":"max-image-preview:large","max-video-preview":"max-video-preview:-1"},"canonical":"https:\/\/voxsahel.com\/?p=3089","og_locale":"fr_FR","og_type":"article","og_title":"Coupe du Monde U17 : Les \u00c9talons cadets relancent la machine face \u00e0 la R\u00e9publique tch\u00e8que (2-1) - Vox Sahel","og_description":"Le Burkina Faso s\u2019est offert une victoire pr\u00e9cieuse ce samedi face \u00e0 la R\u00e9publique tch\u00e8que","og_url":"https:\/\/voxsahel.com\/?p=3089","og_site_name":"Vox Sahel","article_publisher":"https:\/\/www.facebook.com\/journal.voxsahel","article_published_time":"2025-11-08T20:51:11+00:00","og_image":[{"width":1594,"height":2048,"url":"https:\/\/voxsahel.com\/wp-content\/uploads\/2025\/11\/IMG_3035.jpeg","type":"image\/jpeg"}],"author":"Vox Sahel","twitter_card":"summary_large_image","twitter_misc":{"\u00c9crit par":"Vox Sahel","Dur\u00e9e de lecture estim\u00e9e":"2 minutes"},"schema":{"@context":"https:\/\/schema.org","@graph":[{"@type":"Article","@id":"https:\/\/voxsahel.com\/?p=3089#article","isPartOf":{"@id":"https:\/\/voxsahel.com\/?p=3089"},"author":{"name":"Vox Sahel","@id":"https:\/\/voxsahel.com\/#\/schema\/person\/b4043608248f8fa227cd760e7ff1e19e"},"headline":"Coupe du Monde U17 : Les \u00c9talons cadets relancent la machine face \u00e0 la R\u00e9publique tch\u00e8que (2-1)","datePublished":"2025-11-08T20:51:11+00:00","mainEntityOfPage":{"@id":"https:\/\/voxsahel.com\/?p=3089"},"wordCount":333,"commentCount":0,"publisher":{"@id":"https:\/\/voxsahel.com\/#organization"},"image":{"@id":"https:\/\/voxsahel.com\/?p=3089#primaryimage"},"thumbnailUrl":"https:\/\/voxsahel.com\/wp-content\/uploads\/2025\/11\/IMG_3035.jpeg","articleSection":["SPORTS"],"inLanguage":"fr-FR","potentialAction":[{"@type":"CommentAction","name":"Comment","target":["https:\/\/voxsahel.com\/?p=3089#respond"]}]},{"@type":"WebPage","@id":"https:\/\/voxsahel.com\/?p=3089","url":"https:\/\/voxsahel.com\/?p=3089","name":"Coupe du Monde U17 : Les \u00c9talons cadets relancent la machine face \u00e0 la R\u00e9publique tch\u00e8que (2-1) - Vox Sahel","isPartOf":{"@id":"https:\/\/voxsahel.com\/#website"},"primaryImageOfPage":{"@id":"https:\/\/voxsahel.com\/?p=3089#primaryimage"},"image":{"@id":"https:\/\/voxsahel.com\/?p=3089#primaryimage"},"thumbnailUrl":"https:\/\/voxsahel.com\/wp-content\/uploads\/2025\/11\/IMG_3035.jpeg","datePublished":"2025-11-08T20:51:11+00:00","breadcrumb":{"@id":"https:\/\/voxsahel.com\/?p=3089#breadcrumb"},"inLanguage":"fr-FR","potentialAction":[{"@type":"ReadAction","target":["https:\/\/voxsahel.com\/?p=3089"]}]},{"@type":"ImageObject","inLanguage":"fr-FR","@id":"https:\/\/voxsahel.com\/?p=3089#primaryimage","url":"https:\/\/voxsahel.com\/wp-content\/uploads\/2025\/11\/IMG_3035.jpeg","contentUrl":"https:\/\/voxsahel.com\/wp-content\/uploads\/2025\/11\/IMG_3035.jpeg","width":1594,"height":2048},{"@type":"BreadcrumbList","@id":"https:\/\/voxsahel.com\/?p=3089#breadcrumb","itemListElement":[{"@type":"ListItem","position":1,"name":"Home","item":"https:\/\/voxsahel.com\/"},{"@type":"ListItem","position":2,"name":"Coupe du Monde U17 : Les \u00c9talons cadets relancent la machine face \u00e0 la R\u00e9publique tch\u00e8que (2-1)"}]},{"@type":"WebSite","@id":"https:\/\/voxsahel.com\/#website","url":"https:\/\/voxsahel.com\/","name":"Vox Sahel","description":"Informez-vous sur le Sahel en un clic","publisher":{"@id":"https:\/\/voxsahel.com\/#organization"},"potentialAction":[{"@type":"SearchAction","target":{"@type":"EntryPoint","urlTemplate":"https:\/\/voxsahel.com\/?s={search_term_string}"},"query-input":{"@type":"PropertyValueSpecification","valueRequired":true,"valueName":"search_term_string"}}],"inLanguage":"fr-FR"},{"@type":"Organization","@id":"https:\/\/voxsahel.com\/#organization","name":"Vox Sahel","url":"https:\/\/voxsahel.com\/","logo":{"@type":"ImageObject","inLanguage":"fr-FR","@id":"https:\/\/voxsahel.com\/#\/schema\/logo\/image\/","url":"https:\/\/voxsahel.com\/wp-content\/uploads\/2024\/09\/Logo-Vox-Sahel.jpg","contentUrl":"https:\/\/voxsahel.com\/wp-content\/uploads\/2024\/09\/Logo-Vox-Sahel.jpg","width":1181,"height":848,"caption":"Vox Sahel"},"image":{"@id":"https:\/\/voxsahel.com\/#\/schema\/logo\/image\/"},"sameAs":["https:\/\/www.facebook.com\/journal.voxsahel"]},{"@type":"Person","@id":"https:\/\/voxsahel.com\/#\/schema\/person\/b4043608248f8fa227cd760e7ff1e19e","name":"Vox Sahel","image":{"@type":"ImageObject","inLanguage":"fr-FR","@id":"https:\/\/secure.gravatar.com\/avatar\/f70e7fa0cb9b29d4a7c5788d6eb2e9ab4d3135cbae1c9161810fdf77a8964699?s=96&d=mm&r=g","url":"https:\/\/secure.gravatar.com\/avatar\/f70e7fa0cb9b29d4a7c5788d6eb2e9ab4d3135cbae1c9161810fdf77a8964699?s=96&d=mm&r=g","contentUrl":"https:\/\/secure.gravatar.com\/avatar\/f70e7fa0cb9b29d4a7c5788d6eb2e9ab4d3135cbae1c9161810fdf77a8964699?s=96&d=mm&r=g","caption":"Vox Sahel"},"sameAs":["http:\/\/www.voxsahel.com"],"url":"https:\/\/voxsahel.com\/?author=2"}]}},"_links":{"self":[{"href":"https:\/\/voxsahel.com\/index.php?rest_route=\/wp\/v2\/posts\/3089","targetHints":{"allow":["GET"]}}],"collection":[{"href":"https:\/\/voxsahel.com\/index.php?rest_route=\/wp\/v2\/posts"}],"about":[{"href":"https:\/\/voxsahel.com\/index.php?rest_route=\/wp\/v2\/types\/post"}],"author":[{"embeddable":true,"href":"https:\/\/voxsahel.com\/index.php?rest_route=\/wp\/v2\/users\/2"}],"replies":[{"embeddable":true,"href":"https:\/\/voxsahel.com\/index.php?rest_route=%2Fwp%2Fv2%2Fcomments&post=3089"}],"version-history":[{"count":1,"href":"https:\/\/voxsahel.com\/index.php?rest_route=\/wp\/v2\/posts\/3089\/revisions"}],"predecessor-version":[{"id":3091,"href":"https:\/\/voxsahel.com\/index.php?rest_route=\/wp\/v2\/posts\/3089\/revisions\/3091"}],"wp:featuredmedia":[{"embeddable":true,"href":"https:\/\/voxsahel.com\/index.php?rest_route=\/wp\/v2\/media\/3090"}],"wp:attachment":[{"href":"https:\/\/voxsahel.com\/index.php?rest_route=%2Fwp%2Fv2%2Fmedia&parent=3089"}],"wp:term":[{"taxonomy":"category","embeddable":true,"href":"https:\/\/voxsahel.com\/index.php?rest_route=%2Fwp%2Fv2%2Fcategories&post=3089"},{"taxonomy":"post_tag","embeddable":true,"href":"https:\/\/voxsahel.com\/index.php?rest_route=%2Fwp%2Fv2%2Ftags&post=3089"}],"curies":[{"name":"wp","href":"https:\/\/api.w.org\/{rel}","templated":true}]}}