{"id":3082,"date":"2025-11-08T13:32:26","date_gmt":"2025-11-08T13:32:26","guid":{"rendered":"https:\/\/voxsahel.com\/?p=3082"},"modified":"2025-11-08T13:38:55","modified_gmt":"2025-11-08T13:38:55","slug":"faso-mebo-le-cfpi-esem-international-offre-une-tonne-de-ciment-et-des-equipements-de-securite","status":"publish","type":"post","link":"https:\/\/voxsahel.com\/?p=3082","title":{"rendered":"Faso M\u00eabo : Le CFPI-ESEM International offre une tonne de ciment et des \u00e9quipements de s\u00e9curit\u00e9"},"content":{"rendered":"<p class=\"p1\">Le Centre de formation professionnelle en installation \u00e9lectrique, solaire et engins miniers (CFPI-ESEM International) ce samedi 8 novembre 2025,) a r\u00e9pondu pr\u00e9sent \u00e0 l\u2019appel du pr\u00e9sident du Faso en apportant un don compos\u00e9 de 100 gilets de s\u00e9curit\u00e9, 100 casques de s\u00e9curit\u00e9 et une tonne de ciment au profit de Faso M\u00eabo.<\/p>\n<p class=\"p1\"><span class=\"s1\">L\u2019\u00e9lan de solidarit\u00e9 et d\u2019engagement patriotique ne faiblit pas autour de l\u2019initiative Faso M\u00eabo, symbole d\u2019une mobilisation croissante des Burkinab\u00e8 d\u00e9cid\u00e9s \u00e0 b\u00e2tir leur pays par des actes concrets. Le CFPI-ESEM International s\u2019est inscrit dans cette dynamique en posant un acte fort et symbolique.<\/span><\/p>\n<figure id=\"attachment_3083\" aria-describedby=\"caption-attachment-3083\" style=\"width: 640px\" class=\"wp-caption aligncenter\"><img loading=\"lazy\" decoding=\"async\" class=\"wp-image-3083 size-large\" src=\"https:\/\/voxsahel.com\/wp-content\/uploads\/2025\/11\/807e801d-7e17-415c-8ea2-8901528e96f8-1024x768.jpeg\" alt=\"Remise symbolique du don\" width=\"640\" height=\"480\" srcset=\"https:\/\/voxsahel.com\/wp-content\/uploads\/2025\/11\/807e801d-7e17-415c-8ea2-8901528e96f8-1024x768.jpeg 1024w, https:\/\/voxsahel.com\/wp-content\/uploads\/2025\/11\/807e801d-7e17-415c-8ea2-8901528e96f8-300x225.jpeg 300w, https:\/\/voxsahel.com\/wp-content\/uploads\/2025\/11\/807e801d-7e17-415c-8ea2-8901528e96f8-768x576.jpeg 768w, https:\/\/voxsahel.com\/wp-content\/uploads\/2025\/11\/807e801d-7e17-415c-8ea2-8901528e96f8-510x382.jpeg 510w, https:\/\/voxsahel.com\/wp-content\/uploads\/2025\/11\/807e801d-7e17-415c-8ea2-8901528e96f8-610x458.jpeg 610w, https:\/\/voxsahel.com\/wp-content\/uploads\/2025\/11\/807e801d-7e17-415c-8ea2-8901528e96f8-720x540.jpeg 720w, https:\/\/voxsahel.com\/wp-content\/uploads\/2025\/11\/807e801d-7e17-415c-8ea2-8901528e96f8.jpeg 1040w\" sizes=\"(max-width: 640px) 100vw, 640px\" \/><figcaption id=\"caption-attachment-3083\" class=\"wp-caption-text\">Remise symbolique du don<\/figcaption><\/figure>\n<p class=\"p1\"><span class=\"s1\">\u00ab <\/span><span class=\"s2\">Nous sommes ici \u00e0 Faso M\u00eabo \u00e0 l\u2019appel du pr\u00e9sident du Faso pour apporter notre modeste don pour la construction de notre pays<\/span><span class=\"s1\">\u00bb, a d\u00e9clar\u00e9 le premier responsable du Centre, Amadou Sor\u00e9, \u00e0 l\u2019occasion de la remise officielle du don. <\/span><\/p>\n<p class=\"p1\"><span class=\"s1\">Il a expliqu\u00e9 que ce geste traduit la volont\u00e9 du centre de participer activement \u00e0 l\u2019\u00e9dification nationale. <\/span><span class=\"s2\">\u00ab Ce pays, c\u2019est notre ch\u00e8re patrie, et chacun de nous peut aussi apporter sa pierre de contribution pour la construction du pays<\/span><span class=\"s1\"> \u00bb, a-t-il ajout\u00e9. <\/span><\/p>\n<p class=\"p1\"><span class=\"s1\">Le directeur g\u00e9n\u00e9ral a \u00e9galement profit\u00e9 de l\u2019occasion pour inviter les autres centres de formation professionnelle \u00e0 suivre le m\u00eame exemple. <\/span><span class=\"s2\">\u00ab Si tous les centres pouvaient aussi embo\u00eeter le pas\u2026 Certes, beaucoup l\u2019ont d\u00e9j\u00e0 fait, mais nous encourageons ceux qui ne l\u2019ont pas encore fait \u00e0 faire pareil<\/span><span class=\"s1\"> \u00bb, a-t-il plaid\u00e9.<\/span><\/p>\n<p><img loading=\"lazy\" decoding=\"async\" class=\"aligncenter size-large wp-image-3086\" src=\"https:\/\/voxsahel.com\/wp-content\/uploads\/2025\/11\/ed3a8881-a241-415a-b611-12e7f18ff4e5-768x1024.jpeg\" alt=\"Amadou Sor\u00e9, DG du CFPI-ESEM International a appel\u00e9 les autres centres \u00e0 leur emboiter le pas\n\n Amadou Sor\u00e9, DG du CFPI-ESEM International a appel\u00e9 les autres centres \u00e0 leur emboiter le pas\n\n \" width=\"640\" height=\"853\" srcset=\"https:\/\/voxsahel.com\/wp-content\/uploads\/2025\/11\/ed3a8881-a241-415a-b611-12e7f18ff4e5-768x1024.jpeg 768w, https:\/\/voxsahel.com\/wp-content\/uploads\/2025\/11\/ed3a8881-a241-415a-b611-12e7f18ff4e5-225x300.jpeg 225w, https:\/\/voxsahel.com\/wp-content\/uploads\/2025\/11\/ed3a8881-a241-415a-b611-12e7f18ff4e5-1152x1536.jpeg 1152w, https:\/\/voxsahel.com\/wp-content\/uploads\/2025\/11\/ed3a8881-a241-415a-b611-12e7f18ff4e5-1536x2048.jpeg 1536w, https:\/\/voxsahel.com\/wp-content\/uploads\/2025\/11\/ed3a8881-a241-415a-b611-12e7f18ff4e5-1080x1440.jpeg 1080w, https:\/\/voxsahel.com\/wp-content\/uploads\/2025\/11\/ed3a8881-a241-415a-b611-12e7f18ff4e5-610x813.jpeg 610w, https:\/\/voxsahel.com\/wp-content\/uploads\/2025\/11\/ed3a8881-a241-415a-b611-12e7f18ff4e5-450x600.jpeg 450w, https:\/\/voxsahel.com\/wp-content\/uploads\/2025\/11\/ed3a8881-a241-415a-b611-12e7f18ff4e5.jpeg 1560w\" sizes=\"(max-width: 640px) 100vw, 640px\" \/><\/p>\n<p class=\"p1\"><span class=\"s1\">Tr\u00e8s satisfait de cette initiative, M. Sor\u00e9 s\u2019est dit \u00a0heureux \u00a0de r\u00e9pondre \u00e0 l\u2019appel du chef de l\u2019Etat. Selon lui, \u00a0la patrie, \u00ab\u00a0<\/span><span class=\"s2\">c\u2019est nous tous<\/span><span class=\"s1\"> \u00bb, et personne ne doit \u00eatre en marge pendant que d\u2019autres citoyens se mobilisent pour le pays. \u00ab <\/span><span class=\"s2\">Nous ne pouvons pas \u00eatre l\u00e0 et voir nos citoyens contribuer pendant que nous restons \u00e0 l\u2019impasse. Nous avons donc jug\u00e9 bon que chacun de nous apporte sa pierre de construction <\/span><span class=\"s1\">\u00bb, a-t-il affirm\u00e9. <\/span><\/p>\n<p class=\"p1\"><span class=\"s1\">Abordant la question de la formation professionnelle, le directeur du CFPI-ESEM International a interpell\u00e9 les autorit\u00e9s sur la n\u00e9cessit\u00e9 de rendre la formation accessible \u00e0 tous, y compris aux non-dipl\u00f4m\u00e9s. <\/span><span class=\"s2\">\u00ab Beaucoup sont int\u00e9ress\u00e9s par la formation, mais certaines exigent des dipl\u00f4mes. Or, si nous voulons sortir du joug de l\u2019imp\u00e9rialisme, il faut penser aussi \u00e0 ceux qui n\u2019ont pas de dipl\u00f4mes mais qui aspirent \u00e0 se former<\/span><span class=\"s1\"> \u00bb, a-t-il insist\u00e9. <\/span><\/p>\n<p class=\"p1\"><span class=\"s1\">Il a par ailleurs sugg\u00e9r\u00e9 que les concours nationaux soient ouverts \u00e0 ces profils afin qu\u2019ils puissent, eux aussi, servir la nation et prouver que \u00ab <\/span><span class=\"s2\">m\u00eame sans dipl\u00f4me, on peut se faire former et travailler dans l\u2019\u00c9tat<\/span><span class=\"s1\"> \u00bb. Pr\u00e9sentant les domaines d\u2019intervention de son centre, M. Sor\u00e9 a rappel\u00e9 que le CFPI-ESEM International forme dans la conduite d\u2019engins miniers, l\u2019\u00e9lectricit\u00e9 et la m\u00e9canique.<\/span><\/p>\n<p><img loading=\"lazy\" decoding=\"async\" class=\"aligncenter size-large wp-image-3087\" src=\"https:\/\/voxsahel.com\/wp-content\/uploads\/2025\/11\/44dd90d0-aad9-479c-8b6d-cab65b1c7f95-1024x768.jpeg\" alt=\"\" width=\"640\" height=\"480\" srcset=\"https:\/\/voxsahel.com\/wp-content\/uploads\/2025\/11\/44dd90d0-aad9-479c-8b6d-cab65b1c7f95-1024x768.jpeg 1024w, https:\/\/voxsahel.com\/wp-content\/uploads\/2025\/11\/44dd90d0-aad9-479c-8b6d-cab65b1c7f95-300x225.jpeg 300w, https:\/\/voxsahel.com\/wp-content\/uploads\/2025\/11\/44dd90d0-aad9-479c-8b6d-cab65b1c7f95-768x576.jpeg 768w, https:\/\/voxsahel.com\/wp-content\/uploads\/2025\/11\/44dd90d0-aad9-479c-8b6d-cab65b1c7f95-510x382.jpeg 510w, https:\/\/voxsahel.com\/wp-content\/uploads\/2025\/11\/44dd90d0-aad9-479c-8b6d-cab65b1c7f95-610x458.jpeg 610w, https:\/\/voxsahel.com\/wp-content\/uploads\/2025\/11\/44dd90d0-aad9-479c-8b6d-cab65b1c7f95-720x540.jpeg 720w, https:\/\/voxsahel.com\/wp-content\/uploads\/2025\/11\/44dd90d0-aad9-479c-8b6d-cab65b1c7f95.jpeg 1080w\" sizes=\"(max-width: 640px) 100vw, 640px\" \/><\/p>\n<p class=\"p1\"><span class=\"s2\">\u00ab Nous savons que la s\u00e9curit\u00e9 est importante, raison pour laquelle nous avons pens\u00e9 \u00e0 apporter les casques et les gilets de s\u00e9curit\u00e9, pour montrer que dans toute activit\u00e9, la s\u00e9curit\u00e9 doit \u00eatre une priorit\u00e9<\/span><span class=\"s1\"> \u00bb, a-t-il conclu. Ce don du CFPI-ESEM International vient renforcer la cha\u00eene de solidarit\u00e9 qui ne cesse de s\u2019allonger autour de Faso M\u00eabo, symbole d\u2019une jeunesse burkinab\u00e8 engag\u00e9e, consciente et d\u00e9termin\u00e9e \u00e0 b\u00e2tir de ses propres mains l\u2019avenir de la Nation.<\/span><\/p>\n<p class=\"p1\" style=\"text-align: right;\"><strong><span class=\"s1\">Amir BAKO<\/span><\/strong><\/p>\n","protected":false},"excerpt":{"rendered":"<p>Le Centre de formation professionnelle en installation \u00e9lectrique, solaire et engins miniers (CFPI-ESEM International) ce<\/p>\n","protected":false},"author":2,"featured_media":3083,"comment_status":"open","ping_status":"open","sticky":false,"template":"","format":"standard","meta":{"_et_pb_use_builder":"","_et_pb_old_content":"","_et_gb_content_width":"","footnotes":""},"categories":[5],"tags":[954,910,64],"class_list":["post-3082","post","type-post","status-publish","format-standard","has-post-thumbnail","hentry","category-societe","tag-cfpi-esem","tag-initiative-presidentielle-faso-mebo","tag-organisation-de-la-societe-civile"],"yoast_head":"<!-- This site is optimized with the Yoast SEO plugin v27.5 - https:\/\/yoast.com\/product\/yoast-seo-wordpress\/ -->\n<title>Faso M\u00eabo : Le CFPI-ESEM International offre une tonne de ciment et des \u00e9quipements de s\u00e9curit\u00e9 - Vox Sahel<\/title>\n<meta name=\"robots\" content=\"index, follow, max-snippet:-1, max-image-preview:large, max-video-preview:-1\" \/>\n<link rel=\"canonical\" href=\"https:\/\/voxsahel.com\/?p=3082\" \/>\n<meta property=\"og:locale\" content=\"fr_FR\" \/>\n<meta property=\"og:type\" content=\"article\" \/>\n<meta property=\"og:title\" content=\"Faso M\u00eabo : Le CFPI-ESEM International offre une tonne de ciment et des \u00e9quipements de s\u00e9curit\u00e9 - Vox Sahel\" \/>\n<meta property=\"og:description\" content=\"Le Centre de formation professionnelle en installation \u00e9lectrique, solaire et engins miniers (CFPI-ESEM International) ce\" \/>\n<meta property=\"og:url\" content=\"https:\/\/voxsahel.com\/?p=3082\" \/>\n<meta property=\"og:site_name\" content=\"Vox Sahel\" \/>\n<meta property=\"article:publisher\" content=\"https:\/\/www.facebook.com\/journal.voxsahel\" \/>\n<meta property=\"article:published_time\" content=\"2025-11-08T13:32:26+00:00\" \/>\n<meta property=\"article:modified_time\" content=\"2025-11-08T13:38:55+00:00\" \/>\n<meta property=\"og:image\" content=\"https:\/\/voxsahel.com\/wp-content\/uploads\/2025\/11\/807e801d-7e17-415c-8ea2-8901528e96f8.jpeg\" \/>\n\t<meta property=\"og:image:width\" content=\"1040\" \/>\n\t<meta property=\"og:image:height\" content=\"780\" \/>\n\t<meta property=\"og:image:type\" content=\"image\/jpeg\" \/>\n<meta name=\"author\" content=\"Vox Sahel\" \/>\n<meta name=\"twitter:card\" content=\"summary_large_image\" \/>\n<meta name=\"twitter:label1\" content=\"\u00c9crit par\" \/>\n\t<meta name=\"twitter:data1\" content=\"Vox Sahel\" \/>\n\t<meta name=\"twitter:label2\" content=\"Dur\u00e9e de lecture estim\u00e9e\" \/>\n\t<meta name=\"twitter:data2\" content=\"4 minutes\" \/>\n<script type=\"application\/ld+json\" class=\"yoast-schema-graph\">{\"@context\":\"https:\\\/\\\/schema.org\",\"@graph\":[{\"@type\":\"Article\",\"@id\":\"https:\\\/\\\/voxsahel.com\\\/?p=3082#article\",\"isPartOf\":{\"@id\":\"https:\\\/\\\/voxsahel.com\\\/?p=3082\"},\"author\":{\"name\":\"Vox Sahel\",\"@id\":\"https:\\\/\\\/voxsahel.com\\\/#\\\/schema\\\/person\\\/b4043608248f8fa227cd760e7ff1e19e\"},\"headline\":\"Faso M\u00eabo : Le CFPI-ESEM International offre une tonne de ciment et des \u00e9quipements de s\u00e9curit\u00e9\",\"datePublished\":\"2025-11-08T13:32:26+00:00\",\"dateModified\":\"2025-11-08T13:38:55+00:00\",\"mainEntityOfPage\":{\"@id\":\"https:\\\/\\\/voxsahel.com\\\/?p=3082\"},\"wordCount\":589,\"commentCount\":0,\"publisher\":{\"@id\":\"https:\\\/\\\/voxsahel.com\\\/#organization\"},\"image\":{\"@id\":\"https:\\\/\\\/voxsahel.com\\\/?p=3082#primaryimage\"},\"thumbnailUrl\":\"https:\\\/\\\/voxsahel.com\\\/wp-content\\\/uploads\\\/2025\\\/11\\\/807e801d-7e17-415c-8ea2-8901528e96f8.jpeg\",\"keywords\":[\"CFPI-ESEM\",\"Initiative pr\u00e9sidentielle Faso M\u00eabo\",\"Organisation de la Soci\u00e9t\u00e9 Civile\"],\"articleSection\":[\"SOCIETE\"],\"inLanguage\":\"fr-FR\",\"potentialAction\":[{\"@type\":\"CommentAction\",\"name\":\"Comment\",\"target\":[\"https:\\\/\\\/voxsahel.com\\\/?p=3082#respond\"]}]},{\"@type\":\"WebPage\",\"@id\":\"https:\\\/\\\/voxsahel.com\\\/?p=3082\",\"url\":\"https:\\\/\\\/voxsahel.com\\\/?p=3082\",\"name\":\"Faso M\u00eabo : Le CFPI-ESEM International offre une tonne de ciment et des \u00e9quipements de s\u00e9curit\u00e9 - Vox Sahel\",\"isPartOf\":{\"@id\":\"https:\\\/\\\/voxsahel.com\\\/#website\"},\"primaryImageOfPage\":{\"@id\":\"https:\\\/\\\/voxsahel.com\\\/?p=3082#primaryimage\"},\"image\":{\"@id\":\"https:\\\/\\\/voxsahel.com\\\/?p=3082#primaryimage\"},\"thumbnailUrl\":\"https:\\\/\\\/voxsahel.com\\\/wp-content\\\/uploads\\\/2025\\\/11\\\/807e801d-7e17-415c-8ea2-8901528e96f8.jpeg\",\"datePublished\":\"2025-11-08T13:32:26+00:00\",\"dateModified\":\"2025-11-08T13:38:55+00:00\",\"breadcrumb\":{\"@id\":\"https:\\\/\\\/voxsahel.com\\\/?p=3082#breadcrumb\"},\"inLanguage\":\"fr-FR\",\"potentialAction\":[{\"@type\":\"ReadAction\",\"target\":[\"https:\\\/\\\/voxsahel.com\\\/?p=3082\"]}]},{\"@type\":\"ImageObject\",\"inLanguage\":\"fr-FR\",\"@id\":\"https:\\\/\\\/voxsahel.com\\\/?p=3082#primaryimage\",\"url\":\"https:\\\/\\\/voxsahel.com\\\/wp-content\\\/uploads\\\/2025\\\/11\\\/807e801d-7e17-415c-8ea2-8901528e96f8.jpeg\",\"contentUrl\":\"https:\\\/\\\/voxsahel.com\\\/wp-content\\\/uploads\\\/2025\\\/11\\\/807e801d-7e17-415c-8ea2-8901528e96f8.jpeg\",\"width\":1040,\"height\":780},{\"@type\":\"BreadcrumbList\",\"@id\":\"https:\\\/\\\/voxsahel.com\\\/?p=3082#breadcrumb\",\"itemListElement\":[{\"@type\":\"ListItem\",\"position\":1,\"name\":\"Home\",\"item\":\"https:\\\/\\\/voxsahel.com\\\/\"},{\"@type\":\"ListItem\",\"position\":2,\"name\":\"Faso M\u00eabo : Le CFPI-ESEM International offre une tonne de ciment et des \u00e9quipements de s\u00e9curit\u00e9\"}]},{\"@type\":\"WebSite\",\"@id\":\"https:\\\/\\\/voxsahel.com\\\/#website\",\"url\":\"https:\\\/\\\/voxsahel.com\\\/\",\"name\":\"Vox Sahel\",\"description\":\"Informez-vous sur le Sahel en un clic\",\"publisher\":{\"@id\":\"https:\\\/\\\/voxsahel.com\\\/#organization\"},\"potentialAction\":[{\"@type\":\"SearchAction\",\"target\":{\"@type\":\"EntryPoint\",\"urlTemplate\":\"https:\\\/\\\/voxsahel.com\\\/?s={search_term_string}\"},\"query-input\":{\"@type\":\"PropertyValueSpecification\",\"valueRequired\":true,\"valueName\":\"search_term_string\"}}],\"inLanguage\":\"fr-FR\"},{\"@type\":\"Organization\",\"@id\":\"https:\\\/\\\/voxsahel.com\\\/#organization\",\"name\":\"Vox Sahel\",\"url\":\"https:\\\/\\\/voxsahel.com\\\/\",\"logo\":{\"@type\":\"ImageObject\",\"inLanguage\":\"fr-FR\",\"@id\":\"https:\\\/\\\/voxsahel.com\\\/#\\\/schema\\\/logo\\\/image\\\/\",\"url\":\"https:\\\/\\\/voxsahel.com\\\/wp-content\\\/uploads\\\/2024\\\/09\\\/Logo-Vox-Sahel.jpg\",\"contentUrl\":\"https:\\\/\\\/voxsahel.com\\\/wp-content\\\/uploads\\\/2024\\\/09\\\/Logo-Vox-Sahel.jpg\",\"width\":1181,\"height\":848,\"caption\":\"Vox Sahel\"},\"image\":{\"@id\":\"https:\\\/\\\/voxsahel.com\\\/#\\\/schema\\\/logo\\\/image\\\/\"},\"sameAs\":[\"https:\\\/\\\/www.facebook.com\\\/journal.voxsahel\"]},{\"@type\":\"Person\",\"@id\":\"https:\\\/\\\/voxsahel.com\\\/#\\\/schema\\\/person\\\/b4043608248f8fa227cd760e7ff1e19e\",\"name\":\"Vox Sahel\",\"image\":{\"@type\":\"ImageObject\",\"inLanguage\":\"fr-FR\",\"@id\":\"https:\\\/\\\/secure.gravatar.com\\\/avatar\\\/f70e7fa0cb9b29d4a7c5788d6eb2e9ab4d3135cbae1c9161810fdf77a8964699?s=96&d=mm&r=g\",\"url\":\"https:\\\/\\\/secure.gravatar.com\\\/avatar\\\/f70e7fa0cb9b29d4a7c5788d6eb2e9ab4d3135cbae1c9161810fdf77a8964699?s=96&d=mm&r=g\",\"contentUrl\":\"https:\\\/\\\/secure.gravatar.com\\\/avatar\\\/f70e7fa0cb9b29d4a7c5788d6eb2e9ab4d3135cbae1c9161810fdf77a8964699?s=96&d=mm&r=g\",\"caption\":\"Vox Sahel\"},\"sameAs\":[\"http:\\\/\\\/www.voxsahel.com\"],\"url\":\"https:\\\/\\\/voxsahel.com\\\/?author=2\"}]}<\/script>\n<!-- \/ Yoast SEO plugin. -->","yoast_head_json":{"title":"Faso M\u00eabo : Le CFPI-ESEM International offre une tonne de ciment et des \u00e9quipements de s\u00e9curit\u00e9 - Vox Sahel","robots":{"index":"index","follow":"follow","max-snippet":"max-snippet:-1","max-image-preview":"max-image-preview:large","max-video-preview":"max-video-preview:-1"},"canonical":"https:\/\/voxsahel.com\/?p=3082","og_locale":"fr_FR","og_type":"article","og_title":"Faso M\u00eabo : Le CFPI-ESEM International offre une tonne de ciment et des \u00e9quipements de s\u00e9curit\u00e9 - Vox Sahel","og_description":"Le Centre de formation professionnelle en installation \u00e9lectrique, solaire et engins miniers (CFPI-ESEM International) ce","og_url":"https:\/\/voxsahel.com\/?p=3082","og_site_name":"Vox Sahel","article_publisher":"https:\/\/www.facebook.com\/journal.voxsahel","article_published_time":"2025-11-08T13:32:26+00:00","article_modified_time":"2025-11-08T13:38:55+00:00","og_image":[{"width":1040,"height":780,"url":"https:\/\/voxsahel.com\/wp-content\/uploads\/2025\/11\/807e801d-7e17-415c-8ea2-8901528e96f8.jpeg","type":"image\/jpeg"}],"author":"Vox Sahel","twitter_card":"summary_large_image","twitter_misc":{"\u00c9crit par":"Vox Sahel","Dur\u00e9e de lecture estim\u00e9e":"4 minutes"},"schema":{"@context":"https:\/\/schema.org","@graph":[{"@type":"Article","@id":"https:\/\/voxsahel.com\/?p=3082#article","isPartOf":{"@id":"https:\/\/voxsahel.com\/?p=3082"},"author":{"name":"Vox Sahel","@id":"https:\/\/voxsahel.com\/#\/schema\/person\/b4043608248f8fa227cd760e7ff1e19e"},"headline":"Faso M\u00eabo : Le CFPI-ESEM International offre une tonne de ciment et des \u00e9quipements de s\u00e9curit\u00e9","datePublished":"2025-11-08T13:32:26+00:00","dateModified":"2025-11-08T13:38:55+00:00","mainEntityOfPage":{"@id":"https:\/\/voxsahel.com\/?p=3082"},"wordCount":589,"commentCount":0,"publisher":{"@id":"https:\/\/voxsahel.com\/#organization"},"image":{"@id":"https:\/\/voxsahel.com\/?p=3082#primaryimage"},"thumbnailUrl":"https:\/\/voxsahel.com\/wp-content\/uploads\/2025\/11\/807e801d-7e17-415c-8ea2-8901528e96f8.jpeg","keywords":["CFPI-ESEM","Initiative pr\u00e9sidentielle Faso M\u00eabo","Organisation de la Soci\u00e9t\u00e9 Civile"],"articleSection":["SOCIETE"],"inLanguage":"fr-FR","potentialAction":[{"@type":"CommentAction","name":"Comment","target":["https:\/\/voxsahel.com\/?p=3082#respond"]}]},{"@type":"WebPage","@id":"https:\/\/voxsahel.com\/?p=3082","url":"https:\/\/voxsahel.com\/?p=3082","name":"Faso M\u00eabo : Le CFPI-ESEM International offre une tonne de ciment et des \u00e9quipements de s\u00e9curit\u00e9 - Vox Sahel","isPartOf":{"@id":"https:\/\/voxsahel.com\/#website"},"primaryImageOfPage":{"@id":"https:\/\/voxsahel.com\/?p=3082#primaryimage"},"image":{"@id":"https:\/\/voxsahel.com\/?p=3082#primaryimage"},"thumbnailUrl":"https:\/\/voxsahel.com\/wp-content\/uploads\/2025\/11\/807e801d-7e17-415c-8ea2-8901528e96f8.jpeg","datePublished":"2025-11-08T13:32:26+00:00","dateModified":"2025-11-08T13:38:55+00:00","breadcrumb":{"@id":"https:\/\/voxsahel.com\/?p=3082#breadcrumb"},"inLanguage":"fr-FR","potentialAction":[{"@type":"ReadAction","target":["https:\/\/voxsahel.com\/?p=3082"]}]},{"@type":"ImageObject","inLanguage":"fr-FR","@id":"https:\/\/voxsahel.com\/?p=3082#primaryimage","url":"https:\/\/voxsahel.com\/wp-content\/uploads\/2025\/11\/807e801d-7e17-415c-8ea2-8901528e96f8.jpeg","contentUrl":"https:\/\/voxsahel.com\/wp-content\/uploads\/2025\/11\/807e801d-7e17-415c-8ea2-8901528e96f8.jpeg","width":1040,"height":780},{"@type":"BreadcrumbList","@id":"https:\/\/voxsahel.com\/?p=3082#breadcrumb","itemListElement":[{"@type":"ListItem","position":1,"name":"Home","item":"https:\/\/voxsahel.com\/"},{"@type":"ListItem","position":2,"name":"Faso M\u00eabo : Le CFPI-ESEM International offre une tonne de ciment et des \u00e9quipements de s\u00e9curit\u00e9"}]},{"@type":"WebSite","@id":"https:\/\/voxsahel.com\/#website","url":"https:\/\/voxsahel.com\/","name":"Vox Sahel","description":"Informez-vous sur le Sahel en un clic","publisher":{"@id":"https:\/\/voxsahel.com\/#organization"},"potentialAction":[{"@type":"SearchAction","target":{"@type":"EntryPoint","urlTemplate":"https:\/\/voxsahel.com\/?s={search_term_string}"},"query-input":{"@type":"PropertyValueSpecification","valueRequired":true,"valueName":"search_term_string"}}],"inLanguage":"fr-FR"},{"@type":"Organization","@id":"https:\/\/voxsahel.com\/#organization","name":"Vox Sahel","url":"https:\/\/voxsahel.com\/","logo":{"@type":"ImageObject","inLanguage":"fr-FR","@id":"https:\/\/voxsahel.com\/#\/schema\/logo\/image\/","url":"https:\/\/voxsahel.com\/wp-content\/uploads\/2024\/09\/Logo-Vox-Sahel.jpg","contentUrl":"https:\/\/voxsahel.com\/wp-content\/uploads\/2024\/09\/Logo-Vox-Sahel.jpg","width":1181,"height":848,"caption":"Vox Sahel"},"image":{"@id":"https:\/\/voxsahel.com\/#\/schema\/logo\/image\/"},"sameAs":["https:\/\/www.facebook.com\/journal.voxsahel"]},{"@type":"Person","@id":"https:\/\/voxsahel.com\/#\/schema\/person\/b4043608248f8fa227cd760e7ff1e19e","name":"Vox Sahel","image":{"@type":"ImageObject","inLanguage":"fr-FR","@id":"https:\/\/secure.gravatar.com\/avatar\/f70e7fa0cb9b29d4a7c5788d6eb2e9ab4d3135cbae1c9161810fdf77a8964699?s=96&d=mm&r=g","url":"https:\/\/secure.gravatar.com\/avatar\/f70e7fa0cb9b29d4a7c5788d6eb2e9ab4d3135cbae1c9161810fdf77a8964699?s=96&d=mm&r=g","contentUrl":"https:\/\/secure.gravatar.com\/avatar\/f70e7fa0cb9b29d4a7c5788d6eb2e9ab4d3135cbae1c9161810fdf77a8964699?s=96&d=mm&r=g","caption":"Vox Sahel"},"sameAs":["http:\/\/www.voxsahel.com"],"url":"https:\/\/voxsahel.com\/?author=2"}]}},"_links":{"self":[{"href":"https:\/\/voxsahel.com\/index.php?rest_route=\/wp\/v2\/posts\/3082","targetHints":{"allow":["GET"]}}],"collection":[{"href":"https:\/\/voxsahel.com\/index.php?rest_route=\/wp\/v2\/posts"}],"about":[{"href":"https:\/\/voxsahel.com\/index.php?rest_route=\/wp\/v2\/types\/post"}],"author":[{"embeddable":true,"href":"https:\/\/voxsahel.com\/index.php?rest_route=\/wp\/v2\/users\/2"}],"replies":[{"embeddable":true,"href":"https:\/\/voxsahel.com\/index.php?rest_route=%2Fwp%2Fv2%2Fcomments&post=3082"}],"version-history":[{"count":3,"href":"https:\/\/voxsahel.com\/index.php?rest_route=\/wp\/v2\/posts\/3082\/revisions"}],"predecessor-version":[{"id":3088,"href":"https:\/\/voxsahel.com\/index.php?rest_route=\/wp\/v2\/posts\/3082\/revisions\/3088"}],"wp:featuredmedia":[{"embeddable":true,"href":"https:\/\/voxsahel.com\/index.php?rest_route=\/wp\/v2\/media\/3083"}],"wp:attachment":[{"href":"https:\/\/voxsahel.com\/index.php?rest_route=%2Fwp%2Fv2%2Fmedia&parent=3082"}],"wp:term":[{"taxonomy":"category","embeddable":true,"href":"https:\/\/voxsahel.com\/index.php?rest_route=%2Fwp%2Fv2%2Fcategories&post=3082"},{"taxonomy":"post_tag","embeddable":true,"href":"https:\/\/voxsahel.com\/index.php?rest_route=%2Fwp%2Fv2%2Ftags&post=3082"}],"curies":[{"name":"wp","href":"https:\/\/api.w.org\/{rel}","templated":true}]}}