{"id":3076,"date":"2025-11-06T08:46:41","date_gmt":"2025-11-06T08:46:41","guid":{"rendered":"https:\/\/voxsahel.com\/?p=3076"},"modified":"2025-11-06T10:34:14","modified_gmt":"2025-11-06T10:34:14","slug":"can-2025-le-burkina-faso-entre-confirmation-et-nouvelles-ambitions-avant-le-dernier-sprint","status":"publish","type":"post","link":"https:\/\/voxsahel.com\/?p=3076","title":{"rendered":"CAN 2025 : le Burkina Faso entre confirmation et nouvelles ambitions avant le dernier sprint"},"content":{"rendered":"<p class=\"p1\"><span class=\"s1\">\u00c0 un peu plus d\u2019un mois du coup d\u2019envoi de la Coupe d\u2019Afrique des Nations 2025 au Maroc, le s\u00e9lectionneur national du Burkina Faso, Brama Traor\u00e9, a d\u00e9voil\u00e9 une liste de 27 joueurs pour un stage de pr\u00e9paration intensif dans le Royaume ch\u00e9rifien. Ce rassemblement, pr\u00e9vu pour novembre, sera ponctu\u00e9 par deux matchs amicaux de haut niveau : face au Niger le vendredi 14 novembre, puis contre le B\u00e9nin le mardi 18 novembre.<\/span><\/p>\n<p class=\"p1\"><span class=\"s1\">Cette avant-derni\u00e8re \u00e9tape de la pr\u00e9paration des \u00c9talons s\u2019inscrit dans une dynamique de consolidation de l\u2019effectif et d\u2019affinage des automatismes avant la grande comp\u00e9tition continentale. Brama Traor\u00e9 a choisi de miser sur la stabilit\u00e9 tout en ouvrant la porte \u00e0 quelques retours et nouveaut\u00e9s notables.<\/span><\/p>\n<p class=\"p1\"><span class=\"s1\">Parmi les principales informations de cette convocation, on note l\u2019arriv\u00e9e tant attendue de Guy Ars\u00e8ne Kouassi, d\u00e9fenseur solide et prometteur, dont les performances en club ont fini par convaincre le staff technique. Le milieu Gustavo Sangar\u00e9 signe \u00e9galement son grand retour apr\u00e8s une longue absence, tandis que Kalou Iri\u00e9-Bi Cyriaque, remis de sa blessure, retrouve enfin la s\u00e9lection apr\u00e8s plusieurs mois de convalescence. Trois renforts importants qui viendront densifier un groupe d\u00e9j\u00e0 exp\u00e9riment\u00e9.<\/span><\/p>\n<p class=\"p1\"><span class=\"s1\">La liste d\u00e9voil\u00e9e pr\u00e9sente un \u00e9quilibre entre cadres confirm\u00e9s et jeunes talents. Dans les buts, Herv\u00e9 Koffi Kouakou, ind\u00e9boulonnable num\u00e9ro un, sera \u00e9paul\u00e9 par Kylian Niki\u00e8ma et Sofiane Farid Ou\u00e9draogo, symboles de la rel\u00e8ve.<\/span><\/p>\n<p class=\"p1\"><span class=\"s1\">En d\u00e9fense, la solidit\u00e9 reste de mise avec les piliers Issouf Dayo, Edmond Tapsoba, Adama Nagalo et Steeve Yago, rejoints par Yacouba Djiga et le nouveau venu Guy Ars\u00e8ne Kouassi. Sur les c\u00f4t\u00e9s, Issa Kabor\u00e9 et Mohamed Ou\u00e9draogo devraient assurer la percussion et la rigueur d\u00e9fensive.<\/span><\/p>\n<p class=\"p1\"><span class=\"s1\">Au milieu, la cr\u00e9ativit\u00e9 et la puissance seront port\u00e9es par Blati Tour\u00e9, Aziz Ki, C\u00e9dric Badolo, Josu\u00e9 Tiendr\u00e9b\u00e9ogo et Saidou Simpor\u00e9. Le retour de Sangar\u00e9 Gustavo et la pr\u00e9sence de Razack Yoda apportent davantage de solutions offensives dans l\u2019entrejeu.<\/span><\/p>\n<p class=\"p1\"><span class=\"s1\">En attaque, la ligne de front des \u00c9talons s\u2019annonce redoutable. Bertrand Traor\u00e9, capitaine et meneur incontest\u00e9, m\u00e8nera une escouade o\u00f9 figurent Dango Ouattara, Ouss\u00e9ni Bouda, Mohamed Konat\u00e9, Pierre Landry Kabor\u00e9, Georgi Minoungou et Kalou Iri\u00e9-Bi Cyriaque. De la vitesse, de la technique et de la profondeur pour mettre \u00e0 mal n\u2019importe quelle d\u00e9fense.<\/span><\/p>\n<p class=\"p3\"><span class=\"s2\"><b>Un test grandeur nature avant le Maroc<\/b><\/span><\/p>\n<p class=\"p1\"><span class=\"s1\">Les deux rencontres contre le Niger et le B\u00e9nin constitueront des tests grandeur nature pour Brama Traor\u00e9 et son staff. Au-del\u00e0 du r\u00e9sultat, ces matchs permettront d\u2019\u00e9valuer la coh\u00e9sion du groupe, de tester plusieurs options tactiques et d\u2019observer les nouveaux venus en situation r\u00e9elle.<\/span><\/p>\n<p class=\"p1\"><span class=\"s1\">\u00c0 moins de deux mois du coup d\u2019envoi de la CAN Maroc 2025, les \u00c9talons veulent confirmer leurs ambitions. Objectif : atteindre un niveau de pr\u00e9paration optimal pour entamer la comp\u00e9tition dans les meilleures conditions et faire r\u00eaver tout un peuple une nouvelle fois.\u00a0<\/span><\/p>\n<p style=\"text-align: right;\"><strong>Par Vox Sahel<\/strong><\/p>\n","protected":false},"excerpt":{"rendered":"<p>\u00c0 un peu plus d\u2019un mois du coup d\u2019envoi de la Coupe d\u2019Afrique des Nations<\/p>\n","protected":false},"author":2,"featured_media":3078,"comment_status":"open","ping_status":"open","sticky":false,"template":"","format":"standard","meta":{"_et_pb_use_builder":"","_et_pb_old_content":"","_et_gb_content_width":"","footnotes":""},"categories":[12],"tags":[],"class_list":["post-3076","post","type-post","status-publish","format-standard","has-post-thumbnail","hentry","category-sports"],"yoast_head":"<!-- This site is optimized with the Yoast SEO plugin v27.5 - https:\/\/yoast.com\/product\/yoast-seo-wordpress\/ -->\n<title>CAN 2025 : le Burkina Faso entre confirmation et nouvelles ambitions avant le dernier sprint - Vox Sahel<\/title>\n<meta name=\"robots\" content=\"index, follow, max-snippet:-1, max-image-preview:large, max-video-preview:-1\" \/>\n<link rel=\"canonical\" href=\"https:\/\/voxsahel.com\/?p=3076\" \/>\n<meta property=\"og:locale\" content=\"fr_FR\" \/>\n<meta property=\"og:type\" content=\"article\" \/>\n<meta property=\"og:title\" content=\"CAN 2025 : le Burkina Faso entre confirmation et nouvelles ambitions avant le dernier sprint - Vox Sahel\" \/>\n<meta property=\"og:description\" content=\"\u00c0 un peu plus d\u2019un mois du coup d\u2019envoi de la Coupe d\u2019Afrique des Nations\" \/>\n<meta property=\"og:url\" content=\"https:\/\/voxsahel.com\/?p=3076\" \/>\n<meta property=\"og:site_name\" content=\"Vox Sahel\" \/>\n<meta property=\"article:publisher\" content=\"https:\/\/www.facebook.com\/journal.voxsahel\" \/>\n<meta property=\"article:published_time\" content=\"2025-11-06T08:46:41+00:00\" \/>\n<meta property=\"article:modified_time\" content=\"2025-11-06T10:34:14+00:00\" \/>\n<meta property=\"og:image\" content=\"https:\/\/voxsahel.com\/wp-content\/uploads\/2025\/11\/IMG_2979.jpeg\" \/>\n\t<meta property=\"og:image:width\" content=\"720\" \/>\n\t<meta property=\"og:image:height\" content=\"480\" \/>\n\t<meta property=\"og:image:type\" content=\"image\/jpeg\" \/>\n<meta name=\"author\" content=\"Vox Sahel\" \/>\n<meta name=\"twitter:card\" content=\"summary_large_image\" \/>\n<meta name=\"twitter:label1\" content=\"\u00c9crit par\" \/>\n\t<meta name=\"twitter:data1\" content=\"Vox Sahel\" \/>\n\t<meta name=\"twitter:label2\" content=\"Dur\u00e9e de lecture estim\u00e9e\" \/>\n\t<meta name=\"twitter:data2\" content=\"3 minutes\" \/>\n<script type=\"application\/ld+json\" class=\"yoast-schema-graph\">{\"@context\":\"https:\\\/\\\/schema.org\",\"@graph\":[{\"@type\":\"Article\",\"@id\":\"https:\\\/\\\/voxsahel.com\\\/?p=3076#article\",\"isPartOf\":{\"@id\":\"https:\\\/\\\/voxsahel.com\\\/?p=3076\"},\"author\":{\"name\":\"Vox Sahel\",\"@id\":\"https:\\\/\\\/voxsahel.com\\\/#\\\/schema\\\/person\\\/b4043608248f8fa227cd760e7ff1e19e\"},\"headline\":\"CAN 2025 : le Burkina Faso entre confirmation et nouvelles ambitions avant le dernier sprint\",\"datePublished\":\"2025-11-06T08:46:41+00:00\",\"dateModified\":\"2025-11-06T10:34:14+00:00\",\"mainEntityOfPage\":{\"@id\":\"https:\\\/\\\/voxsahel.com\\\/?p=3076\"},\"wordCount\":527,\"commentCount\":0,\"publisher\":{\"@id\":\"https:\\\/\\\/voxsahel.com\\\/#organization\"},\"image\":{\"@id\":\"https:\\\/\\\/voxsahel.com\\\/?p=3076#primaryimage\"},\"thumbnailUrl\":\"https:\\\/\\\/voxsahel.com\\\/wp-content\\\/uploads\\\/2025\\\/11\\\/IMG_2979.jpeg\",\"articleSection\":[\"SPORTS\"],\"inLanguage\":\"fr-FR\",\"potentialAction\":[{\"@type\":\"CommentAction\",\"name\":\"Comment\",\"target\":[\"https:\\\/\\\/voxsahel.com\\\/?p=3076#respond\"]}]},{\"@type\":\"WebPage\",\"@id\":\"https:\\\/\\\/voxsahel.com\\\/?p=3076\",\"url\":\"https:\\\/\\\/voxsahel.com\\\/?p=3076\",\"name\":\"CAN 2025 : le Burkina Faso entre confirmation et nouvelles ambitions avant le dernier sprint - Vox Sahel\",\"isPartOf\":{\"@id\":\"https:\\\/\\\/voxsahel.com\\\/#website\"},\"primaryImageOfPage\":{\"@id\":\"https:\\\/\\\/voxsahel.com\\\/?p=3076#primaryimage\"},\"image\":{\"@id\":\"https:\\\/\\\/voxsahel.com\\\/?p=3076#primaryimage\"},\"thumbnailUrl\":\"https:\\\/\\\/voxsahel.com\\\/wp-content\\\/uploads\\\/2025\\\/11\\\/IMG_2979.jpeg\",\"datePublished\":\"2025-11-06T08:46:41+00:00\",\"dateModified\":\"2025-11-06T10:34:14+00:00\",\"breadcrumb\":{\"@id\":\"https:\\\/\\\/voxsahel.com\\\/?p=3076#breadcrumb\"},\"inLanguage\":\"fr-FR\",\"potentialAction\":[{\"@type\":\"ReadAction\",\"target\":[\"https:\\\/\\\/voxsahel.com\\\/?p=3076\"]}]},{\"@type\":\"ImageObject\",\"inLanguage\":\"fr-FR\",\"@id\":\"https:\\\/\\\/voxsahel.com\\\/?p=3076#primaryimage\",\"url\":\"https:\\\/\\\/voxsahel.com\\\/wp-content\\\/uploads\\\/2025\\\/11\\\/IMG_2979.jpeg\",\"contentUrl\":\"https:\\\/\\\/voxsahel.com\\\/wp-content\\\/uploads\\\/2025\\\/11\\\/IMG_2979.jpeg\",\"width\":720,\"height\":480},{\"@type\":\"BreadcrumbList\",\"@id\":\"https:\\\/\\\/voxsahel.com\\\/?p=3076#breadcrumb\",\"itemListElement\":[{\"@type\":\"ListItem\",\"position\":1,\"name\":\"Home\",\"item\":\"https:\\\/\\\/voxsahel.com\\\/\"},{\"@type\":\"ListItem\",\"position\":2,\"name\":\"CAN 2025 : le Burkina Faso entre confirmation et nouvelles ambitions avant le dernier sprint\"}]},{\"@type\":\"WebSite\",\"@id\":\"https:\\\/\\\/voxsahel.com\\\/#website\",\"url\":\"https:\\\/\\\/voxsahel.com\\\/\",\"name\":\"Vox Sahel\",\"description\":\"Informez-vous sur le Sahel en un clic\",\"publisher\":{\"@id\":\"https:\\\/\\\/voxsahel.com\\\/#organization\"},\"potentialAction\":[{\"@type\":\"SearchAction\",\"target\":{\"@type\":\"EntryPoint\",\"urlTemplate\":\"https:\\\/\\\/voxsahel.com\\\/?s={search_term_string}\"},\"query-input\":{\"@type\":\"PropertyValueSpecification\",\"valueRequired\":true,\"valueName\":\"search_term_string\"}}],\"inLanguage\":\"fr-FR\"},{\"@type\":\"Organization\",\"@id\":\"https:\\\/\\\/voxsahel.com\\\/#organization\",\"name\":\"Vox Sahel\",\"url\":\"https:\\\/\\\/voxsahel.com\\\/\",\"logo\":{\"@type\":\"ImageObject\",\"inLanguage\":\"fr-FR\",\"@id\":\"https:\\\/\\\/voxsahel.com\\\/#\\\/schema\\\/logo\\\/image\\\/\",\"url\":\"https:\\\/\\\/voxsahel.com\\\/wp-content\\\/uploads\\\/2024\\\/09\\\/Logo-Vox-Sahel.jpg\",\"contentUrl\":\"https:\\\/\\\/voxsahel.com\\\/wp-content\\\/uploads\\\/2024\\\/09\\\/Logo-Vox-Sahel.jpg\",\"width\":1181,\"height\":848,\"caption\":\"Vox Sahel\"},\"image\":{\"@id\":\"https:\\\/\\\/voxsahel.com\\\/#\\\/schema\\\/logo\\\/image\\\/\"},\"sameAs\":[\"https:\\\/\\\/www.facebook.com\\\/journal.voxsahel\"]},{\"@type\":\"Person\",\"@id\":\"https:\\\/\\\/voxsahel.com\\\/#\\\/schema\\\/person\\\/b4043608248f8fa227cd760e7ff1e19e\",\"name\":\"Vox Sahel\",\"image\":{\"@type\":\"ImageObject\",\"inLanguage\":\"fr-FR\",\"@id\":\"https:\\\/\\\/secure.gravatar.com\\\/avatar\\\/f70e7fa0cb9b29d4a7c5788d6eb2e9ab4d3135cbae1c9161810fdf77a8964699?s=96&d=mm&r=g\",\"url\":\"https:\\\/\\\/secure.gravatar.com\\\/avatar\\\/f70e7fa0cb9b29d4a7c5788d6eb2e9ab4d3135cbae1c9161810fdf77a8964699?s=96&d=mm&r=g\",\"contentUrl\":\"https:\\\/\\\/secure.gravatar.com\\\/avatar\\\/f70e7fa0cb9b29d4a7c5788d6eb2e9ab4d3135cbae1c9161810fdf77a8964699?s=96&d=mm&r=g\",\"caption\":\"Vox Sahel\"},\"sameAs\":[\"http:\\\/\\\/www.voxsahel.com\"],\"url\":\"https:\\\/\\\/voxsahel.com\\\/?author=2\"}]}<\/script>\n<!-- \/ Yoast SEO plugin. -->","yoast_head_json":{"title":"CAN 2025 : le Burkina Faso entre confirmation et nouvelles ambitions avant le dernier sprint - Vox Sahel","robots":{"index":"index","follow":"follow","max-snippet":"max-snippet:-1","max-image-preview":"max-image-preview:large","max-video-preview":"max-video-preview:-1"},"canonical":"https:\/\/voxsahel.com\/?p=3076","og_locale":"fr_FR","og_type":"article","og_title":"CAN 2025 : le Burkina Faso entre confirmation et nouvelles ambitions avant le dernier sprint - Vox Sahel","og_description":"\u00c0 un peu plus d\u2019un mois du coup d\u2019envoi de la Coupe d\u2019Afrique des Nations","og_url":"https:\/\/voxsahel.com\/?p=3076","og_site_name":"Vox Sahel","article_publisher":"https:\/\/www.facebook.com\/journal.voxsahel","article_published_time":"2025-11-06T08:46:41+00:00","article_modified_time":"2025-11-06T10:34:14+00:00","og_image":[{"width":720,"height":480,"url":"https:\/\/voxsahel.com\/wp-content\/uploads\/2025\/11\/IMG_2979.jpeg","type":"image\/jpeg"}],"author":"Vox Sahel","twitter_card":"summary_large_image","twitter_misc":{"\u00c9crit par":"Vox Sahel","Dur\u00e9e de lecture estim\u00e9e":"3 minutes"},"schema":{"@context":"https:\/\/schema.org","@graph":[{"@type":"Article","@id":"https:\/\/voxsahel.com\/?p=3076#article","isPartOf":{"@id":"https:\/\/voxsahel.com\/?p=3076"},"author":{"name":"Vox Sahel","@id":"https:\/\/voxsahel.com\/#\/schema\/person\/b4043608248f8fa227cd760e7ff1e19e"},"headline":"CAN 2025 : le Burkina Faso entre confirmation et nouvelles ambitions avant le dernier sprint","datePublished":"2025-11-06T08:46:41+00:00","dateModified":"2025-11-06T10:34:14+00:00","mainEntityOfPage":{"@id":"https:\/\/voxsahel.com\/?p=3076"},"wordCount":527,"commentCount":0,"publisher":{"@id":"https:\/\/voxsahel.com\/#organization"},"image":{"@id":"https:\/\/voxsahel.com\/?p=3076#primaryimage"},"thumbnailUrl":"https:\/\/voxsahel.com\/wp-content\/uploads\/2025\/11\/IMG_2979.jpeg","articleSection":["SPORTS"],"inLanguage":"fr-FR","potentialAction":[{"@type":"CommentAction","name":"Comment","target":["https:\/\/voxsahel.com\/?p=3076#respond"]}]},{"@type":"WebPage","@id":"https:\/\/voxsahel.com\/?p=3076","url":"https:\/\/voxsahel.com\/?p=3076","name":"CAN 2025 : le Burkina Faso entre confirmation et nouvelles ambitions avant le dernier sprint - Vox Sahel","isPartOf":{"@id":"https:\/\/voxsahel.com\/#website"},"primaryImageOfPage":{"@id":"https:\/\/voxsahel.com\/?p=3076#primaryimage"},"image":{"@id":"https:\/\/voxsahel.com\/?p=3076#primaryimage"},"thumbnailUrl":"https:\/\/voxsahel.com\/wp-content\/uploads\/2025\/11\/IMG_2979.jpeg","datePublished":"2025-11-06T08:46:41+00:00","dateModified":"2025-11-06T10:34:14+00:00","breadcrumb":{"@id":"https:\/\/voxsahel.com\/?p=3076#breadcrumb"},"inLanguage":"fr-FR","potentialAction":[{"@type":"ReadAction","target":["https:\/\/voxsahel.com\/?p=3076"]}]},{"@type":"ImageObject","inLanguage":"fr-FR","@id":"https:\/\/voxsahel.com\/?p=3076#primaryimage","url":"https:\/\/voxsahel.com\/wp-content\/uploads\/2025\/11\/IMG_2979.jpeg","contentUrl":"https:\/\/voxsahel.com\/wp-content\/uploads\/2025\/11\/IMG_2979.jpeg","width":720,"height":480},{"@type":"BreadcrumbList","@id":"https:\/\/voxsahel.com\/?p=3076#breadcrumb","itemListElement":[{"@type":"ListItem","position":1,"name":"Home","item":"https:\/\/voxsahel.com\/"},{"@type":"ListItem","position":2,"name":"CAN 2025 : le Burkina Faso entre confirmation et nouvelles ambitions avant le dernier sprint"}]},{"@type":"WebSite","@id":"https:\/\/voxsahel.com\/#website","url":"https:\/\/voxsahel.com\/","name":"Vox Sahel","description":"Informez-vous sur le Sahel en un clic","publisher":{"@id":"https:\/\/voxsahel.com\/#organization"},"potentialAction":[{"@type":"SearchAction","target":{"@type":"EntryPoint","urlTemplate":"https:\/\/voxsahel.com\/?s={search_term_string}"},"query-input":{"@type":"PropertyValueSpecification","valueRequired":true,"valueName":"search_term_string"}}],"inLanguage":"fr-FR"},{"@type":"Organization","@id":"https:\/\/voxsahel.com\/#organization","name":"Vox Sahel","url":"https:\/\/voxsahel.com\/","logo":{"@type":"ImageObject","inLanguage":"fr-FR","@id":"https:\/\/voxsahel.com\/#\/schema\/logo\/image\/","url":"https:\/\/voxsahel.com\/wp-content\/uploads\/2024\/09\/Logo-Vox-Sahel.jpg","contentUrl":"https:\/\/voxsahel.com\/wp-content\/uploads\/2024\/09\/Logo-Vox-Sahel.jpg","width":1181,"height":848,"caption":"Vox Sahel"},"image":{"@id":"https:\/\/voxsahel.com\/#\/schema\/logo\/image\/"},"sameAs":["https:\/\/www.facebook.com\/journal.voxsahel"]},{"@type":"Person","@id":"https:\/\/voxsahel.com\/#\/schema\/person\/b4043608248f8fa227cd760e7ff1e19e","name":"Vox Sahel","image":{"@type":"ImageObject","inLanguage":"fr-FR","@id":"https:\/\/secure.gravatar.com\/avatar\/f70e7fa0cb9b29d4a7c5788d6eb2e9ab4d3135cbae1c9161810fdf77a8964699?s=96&d=mm&r=g","url":"https:\/\/secure.gravatar.com\/avatar\/f70e7fa0cb9b29d4a7c5788d6eb2e9ab4d3135cbae1c9161810fdf77a8964699?s=96&d=mm&r=g","contentUrl":"https:\/\/secure.gravatar.com\/avatar\/f70e7fa0cb9b29d4a7c5788d6eb2e9ab4d3135cbae1c9161810fdf77a8964699?s=96&d=mm&r=g","caption":"Vox Sahel"},"sameAs":["http:\/\/www.voxsahel.com"],"url":"https:\/\/voxsahel.com\/?author=2"}]}},"_links":{"self":[{"href":"https:\/\/voxsahel.com\/index.php?rest_route=\/wp\/v2\/posts\/3076","targetHints":{"allow":["GET"]}}],"collection":[{"href":"https:\/\/voxsahel.com\/index.php?rest_route=\/wp\/v2\/posts"}],"about":[{"href":"https:\/\/voxsahel.com\/index.php?rest_route=\/wp\/v2\/types\/post"}],"author":[{"embeddable":true,"href":"https:\/\/voxsahel.com\/index.php?rest_route=\/wp\/v2\/users\/2"}],"replies":[{"embeddable":true,"href":"https:\/\/voxsahel.com\/index.php?rest_route=%2Fwp%2Fv2%2Fcomments&post=3076"}],"version-history":[{"count":1,"href":"https:\/\/voxsahel.com\/index.php?rest_route=\/wp\/v2\/posts\/3076\/revisions"}],"predecessor-version":[{"id":3077,"href":"https:\/\/voxsahel.com\/index.php?rest_route=\/wp\/v2\/posts\/3076\/revisions\/3077"}],"wp:featuredmedia":[{"embeddable":true,"href":"https:\/\/voxsahel.com\/index.php?rest_route=\/wp\/v2\/media\/3078"}],"wp:attachment":[{"href":"https:\/\/voxsahel.com\/index.php?rest_route=%2Fwp%2Fv2%2Fmedia&parent=3076"}],"wp:term":[{"taxonomy":"category","embeddable":true,"href":"https:\/\/voxsahel.com\/index.php?rest_route=%2Fwp%2Fv2%2Fcategories&post=3076"},{"taxonomy":"post_tag","embeddable":true,"href":"https:\/\/voxsahel.com\/index.php?rest_route=%2Fwp%2Fv2%2Ftags&post=3076"}],"curies":[{"name":"wp","href":"https:\/\/api.w.org\/{rel}","templated":true}]}}