{"id":3065,"date":"2025-11-02T13:49:51","date_gmt":"2025-11-02T13:49:51","guid":{"rendered":"https:\/\/voxsahel.com\/?p=3065"},"modified":"2025-11-02T13:49:51","modified_gmt":"2025-11-02T13:49:51","slug":"sofitex-lex-directeur-general-et-deux-cadres-incarceres-pour-un-presume-detournement-de-plus-de-600-millions-f-cfa","status":"publish","type":"post","link":"https:\/\/voxsahel.com\/?p=3065","title":{"rendered":"SOFITEX : l\u2019ex-directeur g\u00e9n\u00e9ral et deux cadres incarc\u00e9r\u00e9s pour un pr\u00e9sum\u00e9 d\u00e9tournement de plus de 600 millions F CFA"},"content":{"rendered":"<p class=\"p1\"><span class=\"s2\">Le Parquet du Faso pr\u00e8s le Tribunal de grande instance de Bobo-Dioulasso a annonc\u00e9, le 31 octobre 2025, l\u2019incarc\u00e9ration de trois anciens responsables impliqu\u00e9s dans une affaire pr\u00e9sum\u00e9e de d\u00e9tournement de fonds publics au sein de la Soci\u00e9t\u00e9 burkinab\u00e8 des fibres textiles (SOFITEX). Cette proc\u00e9dure fait suite \u00e0 des soup\u00e7ons portant sur une manipulation frauduleuse de deux ch\u00e8ques pour un montant cumul\u00e9 de 605 690 068 F CFA.<\/span><\/p>\n<p class=\"p1\"><span class=\"s2\">Selon le communiqu\u00e9 du procureur S\u00e9kou Traor\u00e9, les faits remontent \u00e0 novembre et d\u00e9cembre 2024. Deux ch\u00e8ques \u00e9mis au nom de la SOFITEX auraient \u00e9t\u00e9 ind\u00fbment endoss\u00e9s par le Pr\u00e9sident-directeur g\u00e9n\u00e9ral de la soci\u00e9t\u00e9 priv\u00e9e \u00ab G\u00e9n\u00e9rale des \u00c9quipements \u00bb, puis remis \u00e0 l\u2019ancien directeur g\u00e9n\u00e9ral de la soci\u00e9t\u00e9 cotonni\u00e8re. L\u2019alerte a \u00e9t\u00e9 donn\u00e9e en juillet 2025, entra\u00eenant l\u2019ouverture d\u2019investigations confi\u00e9es \u00e0 la Brigade de recherche de la Gendarmerie de Bobo-Dioulasso.<\/span><\/p>\n<p><img loading=\"lazy\" decoding=\"async\" class=\"aligncenter size-full wp-image-3067\" src=\"https:\/\/voxsahel.com\/wp-content\/uploads\/2025\/11\/IMG_2943.jpeg\" alt=\"\" width=\"654\" height=\"946\" srcset=\"https:\/\/voxsahel.com\/wp-content\/uploads\/2025\/11\/IMG_2943.jpeg 654w, https:\/\/voxsahel.com\/wp-content\/uploads\/2025\/11\/IMG_2943-207x300.jpeg 207w, https:\/\/voxsahel.com\/wp-content\/uploads\/2025\/11\/IMG_2943-610x882.jpeg 610w\" sizes=\"(max-width: 654px) 100vw, 654px\" \/><\/p>\n<p class=\"p1\"><span class=\"s2\">Au terme des premi\u00e8res enqu\u00eates, trois personnes ont \u00e9t\u00e9 interpell\u00e9es et mises en cause :<\/span><\/p>\n<ul class=\"ul1\">\n<li class=\"li1\"><span class=\"s1\">Somda Bonossokoun Ars\u00e8ne Ghislain<\/span><span class=\"s2\">, ancien directeur g\u00e9n\u00e9ral de la SOFITEX ;<\/span><\/li>\n<li class=\"li1\"><span class=\"s1\">KON\u00c9 Sounti\u00e9 Mariam<\/span><span class=\"s2\">, directrice des finances et de la comptabilit\u00e9 ;<\/span><\/li>\n<li class=\"li1\"><span class=\"s1\">Ouattara Arouna<\/span><span class=\"s2\">, PDG de la soci\u00e9t\u00e9 \u00ab G\u00e9n\u00e9rale des \u00c9quipements \u00bb.<\/span><\/li>\n<\/ul>\n<p class=\"p1\"><span class=\"s2\">Le parquet \u00e9voque des \u00ab indices graves et concordants \u00bb de d\u00e9tournement de deniers publics, d\u2019enrichissement illicite et de blanchiment de capitaux. Le 30 octobre 2025, une information judiciaire a \u00e9t\u00e9 ouverte. Le doyen des juges d\u2019instruction a mis en examen les deux anciens dirigeants de la SOFITEX pour les infractions principales, tandis que le responsable de la soci\u00e9t\u00e9 partenaire a \u00e9t\u00e9 poursuivi pour complicit\u00e9. Tous trois ont \u00e9t\u00e9 plac\u00e9s sous mandat de d\u00e9p\u00f4t le m\u00eame jour.<\/span><\/p>\n<p class=\"p1\"><span class=\"s2\">La justice pr\u00e9cise que l\u2019instruction se poursuit afin de d\u00e9terminer l\u2019ampleur exacte du r\u00e9seau pr\u00e9sum\u00e9, d\u2019\u00e9ventuelles complicit\u00e9s suppl\u00e9mentaires et les circuits de dissipation des fonds. Les autorit\u00e9s judiciaires assurent que la proc\u00e9dure se d\u00e9roule dans le respect des droits de la d\u00e9fense et des garanties proc\u00e9durales.<\/span><\/p>\n<p><img loading=\"lazy\" decoding=\"async\" class=\"aligncenter size-full wp-image-3068\" src=\"https:\/\/voxsahel.com\/wp-content\/uploads\/2025\/11\/IMG_2944.jpeg\" alt=\"\" width=\"654\" height=\"933\" srcset=\"https:\/\/voxsahel.com\/wp-content\/uploads\/2025\/11\/IMG_2944.jpeg 654w, https:\/\/voxsahel.com\/wp-content\/uploads\/2025\/11\/IMG_2944-210x300.jpeg 210w, https:\/\/voxsahel.com\/wp-content\/uploads\/2025\/11\/IMG_2944-610x870.jpeg 610w\" sizes=\"(max-width: 654px) 100vw, 654px\" \/><\/p>\n<p class=\"p1\"><span class=\"s2\">Cette affaire intervient dans un contexte de renforcement de la lutte contre la corruption et les malversations financi\u00e8res dans les soci\u00e9t\u00e9s publiques strat\u00e9giques. Elle devrait retenir l\u2019attention dans les prochains mois, tant l\u2019enjeu financier et institutionnel est important pour un secteur cotonier cl\u00e9 de l\u2019\u00e9conomie nationale.<\/span><\/p>\n","protected":false},"excerpt":{"rendered":"<p>Le Parquet du Faso pr\u00e8s le Tribunal de grande instance de Bobo-Dioulasso a annonc\u00e9, le<\/p>\n","protected":false},"author":2,"featured_media":3066,"comment_status":"open","ping_status":"open","sticky":false,"template":"","format":"standard","meta":{"_et_pb_use_builder":"","_et_pb_old_content":"","_et_gb_content_width":"","footnotes":""},"categories":[5],"tags":[],"class_list":["post-3065","post","type-post","status-publish","format-standard","has-post-thumbnail","hentry","category-societe"],"yoast_head":"<!-- This site is optimized with the Yoast SEO plugin v27.5 - https:\/\/yoast.com\/product\/yoast-seo-wordpress\/ -->\n<title>SOFITEX : l\u2019ex-directeur g\u00e9n\u00e9ral et deux cadres incarc\u00e9r\u00e9s pour un pr\u00e9sum\u00e9 d\u00e9tournement de plus de 600 millions F CFA - Vox Sahel<\/title>\n<meta name=\"robots\" content=\"index, follow, max-snippet:-1, max-image-preview:large, max-video-preview:-1\" \/>\n<link rel=\"canonical\" href=\"https:\/\/voxsahel.com\/?p=3065\" \/>\n<meta property=\"og:locale\" content=\"fr_FR\" \/>\n<meta property=\"og:type\" content=\"article\" \/>\n<meta property=\"og:title\" content=\"SOFITEX : l\u2019ex-directeur g\u00e9n\u00e9ral et deux cadres incarc\u00e9r\u00e9s pour un pr\u00e9sum\u00e9 d\u00e9tournement de plus de 600 millions F CFA - Vox Sahel\" \/>\n<meta property=\"og:description\" content=\"Le Parquet du Faso pr\u00e8s le Tribunal de grande instance de Bobo-Dioulasso a annonc\u00e9, le\" \/>\n<meta property=\"og:url\" content=\"https:\/\/voxsahel.com\/?p=3065\" \/>\n<meta property=\"og:site_name\" content=\"Vox Sahel\" \/>\n<meta property=\"article:publisher\" content=\"https:\/\/www.facebook.com\/journal.voxsahel\" \/>\n<meta property=\"article:published_time\" content=\"2025-11-02T13:49:51+00:00\" \/>\n<meta property=\"og:image\" content=\"https:\/\/voxsahel.com\/wp-content\/uploads\/2025\/11\/IMG_2945.jpeg\" \/>\n\t<meta property=\"og:image:width\" content=\"768\" \/>\n\t<meta property=\"og:image:height\" content=\"445\" \/>\n\t<meta property=\"og:image:type\" content=\"image\/jpeg\" \/>\n<meta name=\"author\" content=\"Vox Sahel\" \/>\n<meta name=\"twitter:card\" content=\"summary_large_image\" \/>\n<meta name=\"twitter:label1\" content=\"\u00c9crit par\" \/>\n\t<meta name=\"twitter:data1\" content=\"Vox Sahel\" \/>\n\t<meta name=\"twitter:label2\" content=\"Dur\u00e9e de lecture estim\u00e9e\" \/>\n\t<meta name=\"twitter:data2\" content=\"3 minutes\" \/>\n<script type=\"application\/ld+json\" class=\"yoast-schema-graph\">{\"@context\":\"https:\\\/\\\/schema.org\",\"@graph\":[{\"@type\":\"Article\",\"@id\":\"https:\\\/\\\/voxsahel.com\\\/?p=3065#article\",\"isPartOf\":{\"@id\":\"https:\\\/\\\/voxsahel.com\\\/?p=3065\"},\"author\":{\"name\":\"Vox Sahel\",\"@id\":\"https:\\\/\\\/voxsahel.com\\\/#\\\/schema\\\/person\\\/b4043608248f8fa227cd760e7ff1e19e\"},\"headline\":\"SOFITEX : l\u2019ex-directeur g\u00e9n\u00e9ral et deux cadres incarc\u00e9r\u00e9s pour un pr\u00e9sum\u00e9 d\u00e9tournement de plus de 600 millions F CFA\",\"datePublished\":\"2025-11-02T13:49:51+00:00\",\"mainEntityOfPage\":{\"@id\":\"https:\\\/\\\/voxsahel.com\\\/?p=3065\"},\"wordCount\":430,\"commentCount\":0,\"publisher\":{\"@id\":\"https:\\\/\\\/voxsahel.com\\\/#organization\"},\"image\":{\"@id\":\"https:\\\/\\\/voxsahel.com\\\/?p=3065#primaryimage\"},\"thumbnailUrl\":\"https:\\\/\\\/voxsahel.com\\\/wp-content\\\/uploads\\\/2025\\\/11\\\/IMG_2945.jpeg\",\"articleSection\":[\"SOCIETE\"],\"inLanguage\":\"fr-FR\",\"potentialAction\":[{\"@type\":\"CommentAction\",\"name\":\"Comment\",\"target\":[\"https:\\\/\\\/voxsahel.com\\\/?p=3065#respond\"]}]},{\"@type\":\"WebPage\",\"@id\":\"https:\\\/\\\/voxsahel.com\\\/?p=3065\",\"url\":\"https:\\\/\\\/voxsahel.com\\\/?p=3065\",\"name\":\"SOFITEX : l\u2019ex-directeur g\u00e9n\u00e9ral et deux cadres incarc\u00e9r\u00e9s pour un pr\u00e9sum\u00e9 d\u00e9tournement de plus de 600 millions F CFA - Vox Sahel\",\"isPartOf\":{\"@id\":\"https:\\\/\\\/voxsahel.com\\\/#website\"},\"primaryImageOfPage\":{\"@id\":\"https:\\\/\\\/voxsahel.com\\\/?p=3065#primaryimage\"},\"image\":{\"@id\":\"https:\\\/\\\/voxsahel.com\\\/?p=3065#primaryimage\"},\"thumbnailUrl\":\"https:\\\/\\\/voxsahel.com\\\/wp-content\\\/uploads\\\/2025\\\/11\\\/IMG_2945.jpeg\",\"datePublished\":\"2025-11-02T13:49:51+00:00\",\"breadcrumb\":{\"@id\":\"https:\\\/\\\/voxsahel.com\\\/?p=3065#breadcrumb\"},\"inLanguage\":\"fr-FR\",\"potentialAction\":[{\"@type\":\"ReadAction\",\"target\":[\"https:\\\/\\\/voxsahel.com\\\/?p=3065\"]}]},{\"@type\":\"ImageObject\",\"inLanguage\":\"fr-FR\",\"@id\":\"https:\\\/\\\/voxsahel.com\\\/?p=3065#primaryimage\",\"url\":\"https:\\\/\\\/voxsahel.com\\\/wp-content\\\/uploads\\\/2025\\\/11\\\/IMG_2945.jpeg\",\"contentUrl\":\"https:\\\/\\\/voxsahel.com\\\/wp-content\\\/uploads\\\/2025\\\/11\\\/IMG_2945.jpeg\",\"width\":768,\"height\":445},{\"@type\":\"BreadcrumbList\",\"@id\":\"https:\\\/\\\/voxsahel.com\\\/?p=3065#breadcrumb\",\"itemListElement\":[{\"@type\":\"ListItem\",\"position\":1,\"name\":\"Home\",\"item\":\"https:\\\/\\\/voxsahel.com\\\/\"},{\"@type\":\"ListItem\",\"position\":2,\"name\":\"SOFITEX : l\u2019ex-directeur g\u00e9n\u00e9ral et deux cadres incarc\u00e9r\u00e9s pour un pr\u00e9sum\u00e9 d\u00e9tournement de plus de 600 millions F CFA\"}]},{\"@type\":\"WebSite\",\"@id\":\"https:\\\/\\\/voxsahel.com\\\/#website\",\"url\":\"https:\\\/\\\/voxsahel.com\\\/\",\"name\":\"Vox Sahel\",\"description\":\"Informez-vous sur le Sahel en un clic\",\"publisher\":{\"@id\":\"https:\\\/\\\/voxsahel.com\\\/#organization\"},\"potentialAction\":[{\"@type\":\"SearchAction\",\"target\":{\"@type\":\"EntryPoint\",\"urlTemplate\":\"https:\\\/\\\/voxsahel.com\\\/?s={search_term_string}\"},\"query-input\":{\"@type\":\"PropertyValueSpecification\",\"valueRequired\":true,\"valueName\":\"search_term_string\"}}],\"inLanguage\":\"fr-FR\"},{\"@type\":\"Organization\",\"@id\":\"https:\\\/\\\/voxsahel.com\\\/#organization\",\"name\":\"Vox Sahel\",\"url\":\"https:\\\/\\\/voxsahel.com\\\/\",\"logo\":{\"@type\":\"ImageObject\",\"inLanguage\":\"fr-FR\",\"@id\":\"https:\\\/\\\/voxsahel.com\\\/#\\\/schema\\\/logo\\\/image\\\/\",\"url\":\"https:\\\/\\\/voxsahel.com\\\/wp-content\\\/uploads\\\/2024\\\/09\\\/Logo-Vox-Sahel.jpg\",\"contentUrl\":\"https:\\\/\\\/voxsahel.com\\\/wp-content\\\/uploads\\\/2024\\\/09\\\/Logo-Vox-Sahel.jpg\",\"width\":1181,\"height\":848,\"caption\":\"Vox Sahel\"},\"image\":{\"@id\":\"https:\\\/\\\/voxsahel.com\\\/#\\\/schema\\\/logo\\\/image\\\/\"},\"sameAs\":[\"https:\\\/\\\/www.facebook.com\\\/journal.voxsahel\"]},{\"@type\":\"Person\",\"@id\":\"https:\\\/\\\/voxsahel.com\\\/#\\\/schema\\\/person\\\/b4043608248f8fa227cd760e7ff1e19e\",\"name\":\"Vox Sahel\",\"image\":{\"@type\":\"ImageObject\",\"inLanguage\":\"fr-FR\",\"@id\":\"https:\\\/\\\/secure.gravatar.com\\\/avatar\\\/f70e7fa0cb9b29d4a7c5788d6eb2e9ab4d3135cbae1c9161810fdf77a8964699?s=96&d=mm&r=g\",\"url\":\"https:\\\/\\\/secure.gravatar.com\\\/avatar\\\/f70e7fa0cb9b29d4a7c5788d6eb2e9ab4d3135cbae1c9161810fdf77a8964699?s=96&d=mm&r=g\",\"contentUrl\":\"https:\\\/\\\/secure.gravatar.com\\\/avatar\\\/f70e7fa0cb9b29d4a7c5788d6eb2e9ab4d3135cbae1c9161810fdf77a8964699?s=96&d=mm&r=g\",\"caption\":\"Vox Sahel\"},\"sameAs\":[\"http:\\\/\\\/www.voxsahel.com\"],\"url\":\"https:\\\/\\\/voxsahel.com\\\/?author=2\"}]}<\/script>\n<!-- \/ Yoast SEO plugin. -->","yoast_head_json":{"title":"SOFITEX : l\u2019ex-directeur g\u00e9n\u00e9ral et deux cadres incarc\u00e9r\u00e9s pour un pr\u00e9sum\u00e9 d\u00e9tournement de plus de 600 millions F CFA - Vox Sahel","robots":{"index":"index","follow":"follow","max-snippet":"max-snippet:-1","max-image-preview":"max-image-preview:large","max-video-preview":"max-video-preview:-1"},"canonical":"https:\/\/voxsahel.com\/?p=3065","og_locale":"fr_FR","og_type":"article","og_title":"SOFITEX : l\u2019ex-directeur g\u00e9n\u00e9ral et deux cadres incarc\u00e9r\u00e9s pour un pr\u00e9sum\u00e9 d\u00e9tournement de plus de 600 millions F CFA - Vox Sahel","og_description":"Le Parquet du Faso pr\u00e8s le Tribunal de grande instance de Bobo-Dioulasso a annonc\u00e9, le","og_url":"https:\/\/voxsahel.com\/?p=3065","og_site_name":"Vox Sahel","article_publisher":"https:\/\/www.facebook.com\/journal.voxsahel","article_published_time":"2025-11-02T13:49:51+00:00","og_image":[{"width":768,"height":445,"url":"https:\/\/voxsahel.com\/wp-content\/uploads\/2025\/11\/IMG_2945.jpeg","type":"image\/jpeg"}],"author":"Vox Sahel","twitter_card":"summary_large_image","twitter_misc":{"\u00c9crit par":"Vox Sahel","Dur\u00e9e de lecture estim\u00e9e":"3 minutes"},"schema":{"@context":"https:\/\/schema.org","@graph":[{"@type":"Article","@id":"https:\/\/voxsahel.com\/?p=3065#article","isPartOf":{"@id":"https:\/\/voxsahel.com\/?p=3065"},"author":{"name":"Vox Sahel","@id":"https:\/\/voxsahel.com\/#\/schema\/person\/b4043608248f8fa227cd760e7ff1e19e"},"headline":"SOFITEX : l\u2019ex-directeur g\u00e9n\u00e9ral et deux cadres incarc\u00e9r\u00e9s pour un pr\u00e9sum\u00e9 d\u00e9tournement de plus de 600 millions F CFA","datePublished":"2025-11-02T13:49:51+00:00","mainEntityOfPage":{"@id":"https:\/\/voxsahel.com\/?p=3065"},"wordCount":430,"commentCount":0,"publisher":{"@id":"https:\/\/voxsahel.com\/#organization"},"image":{"@id":"https:\/\/voxsahel.com\/?p=3065#primaryimage"},"thumbnailUrl":"https:\/\/voxsahel.com\/wp-content\/uploads\/2025\/11\/IMG_2945.jpeg","articleSection":["SOCIETE"],"inLanguage":"fr-FR","potentialAction":[{"@type":"CommentAction","name":"Comment","target":["https:\/\/voxsahel.com\/?p=3065#respond"]}]},{"@type":"WebPage","@id":"https:\/\/voxsahel.com\/?p=3065","url":"https:\/\/voxsahel.com\/?p=3065","name":"SOFITEX : l\u2019ex-directeur g\u00e9n\u00e9ral et deux cadres incarc\u00e9r\u00e9s pour un pr\u00e9sum\u00e9 d\u00e9tournement de plus de 600 millions F CFA - Vox Sahel","isPartOf":{"@id":"https:\/\/voxsahel.com\/#website"},"primaryImageOfPage":{"@id":"https:\/\/voxsahel.com\/?p=3065#primaryimage"},"image":{"@id":"https:\/\/voxsahel.com\/?p=3065#primaryimage"},"thumbnailUrl":"https:\/\/voxsahel.com\/wp-content\/uploads\/2025\/11\/IMG_2945.jpeg","datePublished":"2025-11-02T13:49:51+00:00","breadcrumb":{"@id":"https:\/\/voxsahel.com\/?p=3065#breadcrumb"},"inLanguage":"fr-FR","potentialAction":[{"@type":"ReadAction","target":["https:\/\/voxsahel.com\/?p=3065"]}]},{"@type":"ImageObject","inLanguage":"fr-FR","@id":"https:\/\/voxsahel.com\/?p=3065#primaryimage","url":"https:\/\/voxsahel.com\/wp-content\/uploads\/2025\/11\/IMG_2945.jpeg","contentUrl":"https:\/\/voxsahel.com\/wp-content\/uploads\/2025\/11\/IMG_2945.jpeg","width":768,"height":445},{"@type":"BreadcrumbList","@id":"https:\/\/voxsahel.com\/?p=3065#breadcrumb","itemListElement":[{"@type":"ListItem","position":1,"name":"Home","item":"https:\/\/voxsahel.com\/"},{"@type":"ListItem","position":2,"name":"SOFITEX : l\u2019ex-directeur g\u00e9n\u00e9ral et deux cadres incarc\u00e9r\u00e9s pour un pr\u00e9sum\u00e9 d\u00e9tournement de plus de 600 millions F CFA"}]},{"@type":"WebSite","@id":"https:\/\/voxsahel.com\/#website","url":"https:\/\/voxsahel.com\/","name":"Vox Sahel","description":"Informez-vous sur le Sahel en un clic","publisher":{"@id":"https:\/\/voxsahel.com\/#organization"},"potentialAction":[{"@type":"SearchAction","target":{"@type":"EntryPoint","urlTemplate":"https:\/\/voxsahel.com\/?s={search_term_string}"},"query-input":{"@type":"PropertyValueSpecification","valueRequired":true,"valueName":"search_term_string"}}],"inLanguage":"fr-FR"},{"@type":"Organization","@id":"https:\/\/voxsahel.com\/#organization","name":"Vox Sahel","url":"https:\/\/voxsahel.com\/","logo":{"@type":"ImageObject","inLanguage":"fr-FR","@id":"https:\/\/voxsahel.com\/#\/schema\/logo\/image\/","url":"https:\/\/voxsahel.com\/wp-content\/uploads\/2024\/09\/Logo-Vox-Sahel.jpg","contentUrl":"https:\/\/voxsahel.com\/wp-content\/uploads\/2024\/09\/Logo-Vox-Sahel.jpg","width":1181,"height":848,"caption":"Vox Sahel"},"image":{"@id":"https:\/\/voxsahel.com\/#\/schema\/logo\/image\/"},"sameAs":["https:\/\/www.facebook.com\/journal.voxsahel"]},{"@type":"Person","@id":"https:\/\/voxsahel.com\/#\/schema\/person\/b4043608248f8fa227cd760e7ff1e19e","name":"Vox Sahel","image":{"@type":"ImageObject","inLanguage":"fr-FR","@id":"https:\/\/secure.gravatar.com\/avatar\/f70e7fa0cb9b29d4a7c5788d6eb2e9ab4d3135cbae1c9161810fdf77a8964699?s=96&d=mm&r=g","url":"https:\/\/secure.gravatar.com\/avatar\/f70e7fa0cb9b29d4a7c5788d6eb2e9ab4d3135cbae1c9161810fdf77a8964699?s=96&d=mm&r=g","contentUrl":"https:\/\/secure.gravatar.com\/avatar\/f70e7fa0cb9b29d4a7c5788d6eb2e9ab4d3135cbae1c9161810fdf77a8964699?s=96&d=mm&r=g","caption":"Vox Sahel"},"sameAs":["http:\/\/www.voxsahel.com"],"url":"https:\/\/voxsahel.com\/?author=2"}]}},"_links":{"self":[{"href":"https:\/\/voxsahel.com\/index.php?rest_route=\/wp\/v2\/posts\/3065","targetHints":{"allow":["GET"]}}],"collection":[{"href":"https:\/\/voxsahel.com\/index.php?rest_route=\/wp\/v2\/posts"}],"about":[{"href":"https:\/\/voxsahel.com\/index.php?rest_route=\/wp\/v2\/types\/post"}],"author":[{"embeddable":true,"href":"https:\/\/voxsahel.com\/index.php?rest_route=\/wp\/v2\/users\/2"}],"replies":[{"embeddable":true,"href":"https:\/\/voxsahel.com\/index.php?rest_route=%2Fwp%2Fv2%2Fcomments&post=3065"}],"version-history":[{"count":1,"href":"https:\/\/voxsahel.com\/index.php?rest_route=\/wp\/v2\/posts\/3065\/revisions"}],"predecessor-version":[{"id":3069,"href":"https:\/\/voxsahel.com\/index.php?rest_route=\/wp\/v2\/posts\/3065\/revisions\/3069"}],"wp:featuredmedia":[{"embeddable":true,"href":"https:\/\/voxsahel.com\/index.php?rest_route=\/wp\/v2\/media\/3066"}],"wp:attachment":[{"href":"https:\/\/voxsahel.com\/index.php?rest_route=%2Fwp%2Fv2%2Fmedia&parent=3065"}],"wp:term":[{"taxonomy":"category","embeddable":true,"href":"https:\/\/voxsahel.com\/index.php?rest_route=%2Fwp%2Fv2%2Fcategories&post=3065"},{"taxonomy":"post_tag","embeddable":true,"href":"https:\/\/voxsahel.com\/index.php?rest_route=%2Fwp%2Fv2%2Ftags&post=3065"}],"curies":[{"name":"wp","href":"https:\/\/api.w.org\/{rel}","templated":true}]}}