{"id":3046,"date":"2025-10-27T06:42:08","date_gmt":"2025-10-27T06:42:08","guid":{"rendered":"https:\/\/voxsahel.com\/?p=3046"},"modified":"2025-10-27T08:15:07","modified_gmt":"2025-10-27T08:15:07","slug":"edito-adoption-de-la-reforme-agraire-et-fonciere-une-reforme-fonciere-audacieuse-pour-un-burkina-faso-plus-stable-et-inclusif","status":"publish","type":"post","link":"https:\/\/voxsahel.com\/?p=3046","title":{"rendered":"\u00c9DITO | Adoption de la r\u00e9forme agraire et fonci\u00e8re : Une r\u00e9forme fonci\u00e8re audacieuse pour un Burkina Faso plus stable et inclusif"},"content":{"rendered":"<p class=\"p1\">La r\u00e9cente adoption unanime par les 71 d\u00e9put\u00e9s de l\u2019Assembl\u00e9e l\u00e9gislative Transition (ALT) de la r\u00e9forme fonci\u00e8re constitue un jalon historique pour le Burkina Faso. \u00ab Cela vient corriger cela et redonner \u00e0 l\u2019\u00c9tat son r\u00f4le central \u00bb, a soulign\u00e9 le gouvernement, traduisant ainsi une volont\u00e9 ferme de s\u00e9curiser le foncier et d\u2019accompagner le d\u00e9veloppement agricole.<\/p>\n<p class=\"p1\"><span class=\"s1\">Cette loi, une fois pleinement op\u00e9rationnelle gr\u00e2ce aux textes d\u2019application en cours de finalisation, ouvre la voie \u00e0 une gestion plus structur\u00e9e et \u00e9quitable des terres. Elle vise non seulement \u00e0 renforcer la stabilit\u00e9 sociale et \u00e9conomique, mais aussi \u00e0 prot\u00e9ger les droits des citoyens dans un domaine longtemps source de conflits. <\/span><\/p>\n<p class=\"p1\"><span class=\"s1\">La r\u00e9forme met l\u2019accent sur la s\u00e9curisation des exploitations agricoles et la clarification des titres fonciers, facteurs essentiels pour encourager les investissements et assurer la prosp\u00e9rit\u00e9 des communaut\u00e9s rurales.<\/span><\/p>\n<p class=\"p1\"><span class=\"s1\">Cependant, il serait r\u00e9ducteur de s\u2019arr\u00eater \u00e0 cette avanc\u00e9e l\u00e9gislative. Le v\u00e9ritable d\u00e9fi r\u00e9side d\u00e9sormais dans la prise en compte des non-lotis, ces populations souvent laiss\u00e9es en marge du foncier l\u00e9gal, dont la situation demeure fragile et expos\u00e9e \u00e0 des conflits ou expulsions. <\/span><\/p>\n<p class=\"p1\"><span class=\"s1\">Une r\u00e9forme ambitieuse ne peut r\u00e9ussir que si elle int\u00e8gre une restructuration profonde \u00e0 ce niveau, avec des m\u00e9canismes clairs pour r\u00e9gulariser ces situations, garantir l\u2019acc\u00e8s \u00e9quitable \u00e0 la terre et offrir une s\u00e9curit\u00e9 juridique \u00e0 tous les citoyens, sans distinction. <\/span><\/p>\n<p class=\"p1\"><span class=\"s1\">Le Burkina Faso a franchi une \u00e9tape d\u00e9cisive ; il reste \u00e0 transformer cette loi en r\u00e9el levier de d\u00e9veloppement inclusif. C\u2019est un signal fort : l\u2019\u00c9tat reprend sa place centrale, mais il doit continuer \u00e0 veiller \u00e0 ce que personne ne soit laiss\u00e9 pour compte, afin que la r\u00e9forme devienne un v\u00e9ritable moteur de stabilit\u00e9, de coh\u00e9sion sociale et de prosp\u00e9rit\u00e9 partag\u00e9e.<\/span><\/p>\n<p class=\"p1\" style=\"text-align: right;\"><strong><span class=\"s1\">La R\u00e9daction<\/span><\/strong><\/p>\n","protected":false},"excerpt":{"rendered":"<p>La r\u00e9cente adoption unanime par les 71 d\u00e9put\u00e9s de l\u2019Assembl\u00e9e l\u00e9gislative Transition (ALT) de la<\/p>\n","protected":false},"author":2,"featured_media":3047,"comment_status":"open","ping_status":"open","sticky":false,"template":"","format":"standard","meta":{"_et_pb_use_builder":"","_et_pb_old_content":"","_et_gb_content_width":"","footnotes":""},"categories":[5],"tags":[18,105,604],"class_list":["post-3046","post","type-post","status-publish","format-standard","has-post-thumbnail","hentry","category-societe","tag-burkina-faso","tag-foncier","tag-reforme-agraire-et-fonciere"],"yoast_head":"<!-- This site is optimized with the Yoast SEO plugin v27.5 - https:\/\/yoast.com\/product\/yoast-seo-wordpress\/ -->\n<title>\u00c9DITO | Adoption de la r\u00e9forme agraire et fonci\u00e8re : Une r\u00e9forme fonci\u00e8re audacieuse pour un Burkina Faso plus stable et inclusif - Vox Sahel<\/title>\n<meta name=\"robots\" content=\"index, follow, max-snippet:-1, max-image-preview:large, max-video-preview:-1\" \/>\n<link rel=\"canonical\" href=\"https:\/\/voxsahel.com\/?p=3046\" \/>\n<meta property=\"og:locale\" content=\"fr_FR\" \/>\n<meta property=\"og:type\" content=\"article\" \/>\n<meta property=\"og:title\" content=\"\u00c9DITO | Adoption de la r\u00e9forme agraire et fonci\u00e8re : Une r\u00e9forme fonci\u00e8re audacieuse pour un Burkina Faso plus stable et inclusif - Vox Sahel\" \/>\n<meta property=\"og:description\" content=\"La r\u00e9cente adoption unanime par les 71 d\u00e9put\u00e9s de l\u2019Assembl\u00e9e l\u00e9gislative Transition (ALT) de la\" \/>\n<meta property=\"og:url\" content=\"https:\/\/voxsahel.com\/?p=3046\" \/>\n<meta property=\"og:site_name\" content=\"Vox Sahel\" \/>\n<meta property=\"article:publisher\" content=\"https:\/\/www.facebook.com\/journal.voxsahel\" \/>\n<meta property=\"article:published_time\" content=\"2025-10-27T06:42:08+00:00\" \/>\n<meta property=\"article:modified_time\" content=\"2025-10-27T08:15:07+00:00\" \/>\n<meta property=\"og:image\" content=\"https:\/\/voxsahel.com\/wp-content\/uploads\/2025\/10\/IMG_1211.jpeg\" \/>\n\t<meta property=\"og:image:width\" content=\"430\" \/>\n\t<meta property=\"og:image:height\" content=\"305\" \/>\n\t<meta property=\"og:image:type\" content=\"image\/jpeg\" \/>\n<meta name=\"author\" content=\"Vox Sahel\" \/>\n<meta name=\"twitter:card\" content=\"summary_large_image\" \/>\n<meta name=\"twitter:label1\" content=\"\u00c9crit par\" \/>\n\t<meta name=\"twitter:data1\" content=\"Vox Sahel\" \/>\n\t<meta name=\"twitter:label2\" content=\"Dur\u00e9e de lecture estim\u00e9e\" \/>\n\t<meta name=\"twitter:data2\" content=\"2 minutes\" \/>\n<script type=\"application\/ld+json\" class=\"yoast-schema-graph\">{\"@context\":\"https:\\\/\\\/schema.org\",\"@graph\":[{\"@type\":\"Article\",\"@id\":\"https:\\\/\\\/voxsahel.com\\\/?p=3046#article\",\"isPartOf\":{\"@id\":\"https:\\\/\\\/voxsahel.com\\\/?p=3046\"},\"author\":{\"name\":\"Vox Sahel\",\"@id\":\"https:\\\/\\\/voxsahel.com\\\/#\\\/schema\\\/person\\\/b4043608248f8fa227cd760e7ff1e19e\"},\"headline\":\"\u00c9DITO | Adoption de la r\u00e9forme agraire et fonci\u00e8re : Une r\u00e9forme fonci\u00e8re audacieuse pour un Burkina Faso plus stable et inclusif\",\"datePublished\":\"2025-10-27T06:42:08+00:00\",\"dateModified\":\"2025-10-27T08:15:07+00:00\",\"mainEntityOfPage\":{\"@id\":\"https:\\\/\\\/voxsahel.com\\\/?p=3046\"},\"wordCount\":347,\"commentCount\":0,\"publisher\":{\"@id\":\"https:\\\/\\\/voxsahel.com\\\/#organization\"},\"image\":{\"@id\":\"https:\\\/\\\/voxsahel.com\\\/?p=3046#primaryimage\"},\"thumbnailUrl\":\"https:\\\/\\\/voxsahel.com\\\/wp-content\\\/uploads\\\/2025\\\/10\\\/IMG_1211.jpeg\",\"keywords\":[\"Burkina Faso\",\"Foncier\",\"R\u00e9forme agraire et fonci\u00e8re\"],\"articleSection\":[\"SOCIETE\"],\"inLanguage\":\"fr-FR\",\"potentialAction\":[{\"@type\":\"CommentAction\",\"name\":\"Comment\",\"target\":[\"https:\\\/\\\/voxsahel.com\\\/?p=3046#respond\"]}]},{\"@type\":\"WebPage\",\"@id\":\"https:\\\/\\\/voxsahel.com\\\/?p=3046\",\"url\":\"https:\\\/\\\/voxsahel.com\\\/?p=3046\",\"name\":\"\u00c9DITO | Adoption de la r\u00e9forme agraire et fonci\u00e8re : Une r\u00e9forme fonci\u00e8re audacieuse pour un Burkina Faso plus stable et inclusif - Vox Sahel\",\"isPartOf\":{\"@id\":\"https:\\\/\\\/voxsahel.com\\\/#website\"},\"primaryImageOfPage\":{\"@id\":\"https:\\\/\\\/voxsahel.com\\\/?p=3046#primaryimage\"},\"image\":{\"@id\":\"https:\\\/\\\/voxsahel.com\\\/?p=3046#primaryimage\"},\"thumbnailUrl\":\"https:\\\/\\\/voxsahel.com\\\/wp-content\\\/uploads\\\/2025\\\/10\\\/IMG_1211.jpeg\",\"datePublished\":\"2025-10-27T06:42:08+00:00\",\"dateModified\":\"2025-10-27T08:15:07+00:00\",\"breadcrumb\":{\"@id\":\"https:\\\/\\\/voxsahel.com\\\/?p=3046#breadcrumb\"},\"inLanguage\":\"fr-FR\",\"potentialAction\":[{\"@type\":\"ReadAction\",\"target\":[\"https:\\\/\\\/voxsahel.com\\\/?p=3046\"]}]},{\"@type\":\"ImageObject\",\"inLanguage\":\"fr-FR\",\"@id\":\"https:\\\/\\\/voxsahel.com\\\/?p=3046#primaryimage\",\"url\":\"https:\\\/\\\/voxsahel.com\\\/wp-content\\\/uploads\\\/2025\\\/10\\\/IMG_1211.jpeg\",\"contentUrl\":\"https:\\\/\\\/voxsahel.com\\\/wp-content\\\/uploads\\\/2025\\\/10\\\/IMG_1211.jpeg\",\"width\":430,\"height\":305},{\"@type\":\"BreadcrumbList\",\"@id\":\"https:\\\/\\\/voxsahel.com\\\/?p=3046#breadcrumb\",\"itemListElement\":[{\"@type\":\"ListItem\",\"position\":1,\"name\":\"Home\",\"item\":\"https:\\\/\\\/voxsahel.com\\\/\"},{\"@type\":\"ListItem\",\"position\":2,\"name\":\"\u00c9DITO | Adoption de la r\u00e9forme agraire et fonci\u00e8re : Une r\u00e9forme fonci\u00e8re audacieuse pour un Burkina Faso plus stable et inclusif\"}]},{\"@type\":\"WebSite\",\"@id\":\"https:\\\/\\\/voxsahel.com\\\/#website\",\"url\":\"https:\\\/\\\/voxsahel.com\\\/\",\"name\":\"Vox Sahel\",\"description\":\"Informez-vous sur le Sahel en un clic\",\"publisher\":{\"@id\":\"https:\\\/\\\/voxsahel.com\\\/#organization\"},\"potentialAction\":[{\"@type\":\"SearchAction\",\"target\":{\"@type\":\"EntryPoint\",\"urlTemplate\":\"https:\\\/\\\/voxsahel.com\\\/?s={search_term_string}\"},\"query-input\":{\"@type\":\"PropertyValueSpecification\",\"valueRequired\":true,\"valueName\":\"search_term_string\"}}],\"inLanguage\":\"fr-FR\"},{\"@type\":\"Organization\",\"@id\":\"https:\\\/\\\/voxsahel.com\\\/#organization\",\"name\":\"Vox Sahel\",\"url\":\"https:\\\/\\\/voxsahel.com\\\/\",\"logo\":{\"@type\":\"ImageObject\",\"inLanguage\":\"fr-FR\",\"@id\":\"https:\\\/\\\/voxsahel.com\\\/#\\\/schema\\\/logo\\\/image\\\/\",\"url\":\"https:\\\/\\\/voxsahel.com\\\/wp-content\\\/uploads\\\/2024\\\/09\\\/Logo-Vox-Sahel.jpg\",\"contentUrl\":\"https:\\\/\\\/voxsahel.com\\\/wp-content\\\/uploads\\\/2024\\\/09\\\/Logo-Vox-Sahel.jpg\",\"width\":1181,\"height\":848,\"caption\":\"Vox Sahel\"},\"image\":{\"@id\":\"https:\\\/\\\/voxsahel.com\\\/#\\\/schema\\\/logo\\\/image\\\/\"},\"sameAs\":[\"https:\\\/\\\/www.facebook.com\\\/journal.voxsahel\"]},{\"@type\":\"Person\",\"@id\":\"https:\\\/\\\/voxsahel.com\\\/#\\\/schema\\\/person\\\/b4043608248f8fa227cd760e7ff1e19e\",\"name\":\"Vox Sahel\",\"image\":{\"@type\":\"ImageObject\",\"inLanguage\":\"fr-FR\",\"@id\":\"https:\\\/\\\/secure.gravatar.com\\\/avatar\\\/f70e7fa0cb9b29d4a7c5788d6eb2e9ab4d3135cbae1c9161810fdf77a8964699?s=96&d=mm&r=g\",\"url\":\"https:\\\/\\\/secure.gravatar.com\\\/avatar\\\/f70e7fa0cb9b29d4a7c5788d6eb2e9ab4d3135cbae1c9161810fdf77a8964699?s=96&d=mm&r=g\",\"contentUrl\":\"https:\\\/\\\/secure.gravatar.com\\\/avatar\\\/f70e7fa0cb9b29d4a7c5788d6eb2e9ab4d3135cbae1c9161810fdf77a8964699?s=96&d=mm&r=g\",\"caption\":\"Vox Sahel\"},\"sameAs\":[\"http:\\\/\\\/www.voxsahel.com\"],\"url\":\"https:\\\/\\\/voxsahel.com\\\/?author=2\"}]}<\/script>\n<!-- \/ Yoast SEO plugin. -->","yoast_head_json":{"title":"\u00c9DITO | Adoption de la r\u00e9forme agraire et fonci\u00e8re : Une r\u00e9forme fonci\u00e8re audacieuse pour un Burkina Faso plus stable et inclusif - Vox Sahel","robots":{"index":"index","follow":"follow","max-snippet":"max-snippet:-1","max-image-preview":"max-image-preview:large","max-video-preview":"max-video-preview:-1"},"canonical":"https:\/\/voxsahel.com\/?p=3046","og_locale":"fr_FR","og_type":"article","og_title":"\u00c9DITO | Adoption de la r\u00e9forme agraire et fonci\u00e8re : Une r\u00e9forme fonci\u00e8re audacieuse pour un Burkina Faso plus stable et inclusif - Vox Sahel","og_description":"La r\u00e9cente adoption unanime par les 71 d\u00e9put\u00e9s de l\u2019Assembl\u00e9e l\u00e9gislative Transition (ALT) de la","og_url":"https:\/\/voxsahel.com\/?p=3046","og_site_name":"Vox Sahel","article_publisher":"https:\/\/www.facebook.com\/journal.voxsahel","article_published_time":"2025-10-27T06:42:08+00:00","article_modified_time":"2025-10-27T08:15:07+00:00","og_image":[{"width":430,"height":305,"url":"https:\/\/voxsahel.com\/wp-content\/uploads\/2025\/10\/IMG_1211.jpeg","type":"image\/jpeg"}],"author":"Vox Sahel","twitter_card":"summary_large_image","twitter_misc":{"\u00c9crit par":"Vox Sahel","Dur\u00e9e de lecture estim\u00e9e":"2 minutes"},"schema":{"@context":"https:\/\/schema.org","@graph":[{"@type":"Article","@id":"https:\/\/voxsahel.com\/?p=3046#article","isPartOf":{"@id":"https:\/\/voxsahel.com\/?p=3046"},"author":{"name":"Vox Sahel","@id":"https:\/\/voxsahel.com\/#\/schema\/person\/b4043608248f8fa227cd760e7ff1e19e"},"headline":"\u00c9DITO | Adoption de la r\u00e9forme agraire et fonci\u00e8re : Une r\u00e9forme fonci\u00e8re audacieuse pour un Burkina Faso plus stable et inclusif","datePublished":"2025-10-27T06:42:08+00:00","dateModified":"2025-10-27T08:15:07+00:00","mainEntityOfPage":{"@id":"https:\/\/voxsahel.com\/?p=3046"},"wordCount":347,"commentCount":0,"publisher":{"@id":"https:\/\/voxsahel.com\/#organization"},"image":{"@id":"https:\/\/voxsahel.com\/?p=3046#primaryimage"},"thumbnailUrl":"https:\/\/voxsahel.com\/wp-content\/uploads\/2025\/10\/IMG_1211.jpeg","keywords":["Burkina Faso","Foncier","R\u00e9forme agraire et fonci\u00e8re"],"articleSection":["SOCIETE"],"inLanguage":"fr-FR","potentialAction":[{"@type":"CommentAction","name":"Comment","target":["https:\/\/voxsahel.com\/?p=3046#respond"]}]},{"@type":"WebPage","@id":"https:\/\/voxsahel.com\/?p=3046","url":"https:\/\/voxsahel.com\/?p=3046","name":"\u00c9DITO | Adoption de la r\u00e9forme agraire et fonci\u00e8re : Une r\u00e9forme fonci\u00e8re audacieuse pour un Burkina Faso plus stable et inclusif - Vox Sahel","isPartOf":{"@id":"https:\/\/voxsahel.com\/#website"},"primaryImageOfPage":{"@id":"https:\/\/voxsahel.com\/?p=3046#primaryimage"},"image":{"@id":"https:\/\/voxsahel.com\/?p=3046#primaryimage"},"thumbnailUrl":"https:\/\/voxsahel.com\/wp-content\/uploads\/2025\/10\/IMG_1211.jpeg","datePublished":"2025-10-27T06:42:08+00:00","dateModified":"2025-10-27T08:15:07+00:00","breadcrumb":{"@id":"https:\/\/voxsahel.com\/?p=3046#breadcrumb"},"inLanguage":"fr-FR","potentialAction":[{"@type":"ReadAction","target":["https:\/\/voxsahel.com\/?p=3046"]}]},{"@type":"ImageObject","inLanguage":"fr-FR","@id":"https:\/\/voxsahel.com\/?p=3046#primaryimage","url":"https:\/\/voxsahel.com\/wp-content\/uploads\/2025\/10\/IMG_1211.jpeg","contentUrl":"https:\/\/voxsahel.com\/wp-content\/uploads\/2025\/10\/IMG_1211.jpeg","width":430,"height":305},{"@type":"BreadcrumbList","@id":"https:\/\/voxsahel.com\/?p=3046#breadcrumb","itemListElement":[{"@type":"ListItem","position":1,"name":"Home","item":"https:\/\/voxsahel.com\/"},{"@type":"ListItem","position":2,"name":"\u00c9DITO | Adoption de la r\u00e9forme agraire et fonci\u00e8re : Une r\u00e9forme fonci\u00e8re audacieuse pour un Burkina Faso plus stable et inclusif"}]},{"@type":"WebSite","@id":"https:\/\/voxsahel.com\/#website","url":"https:\/\/voxsahel.com\/","name":"Vox Sahel","description":"Informez-vous sur le Sahel en un clic","publisher":{"@id":"https:\/\/voxsahel.com\/#organization"},"potentialAction":[{"@type":"SearchAction","target":{"@type":"EntryPoint","urlTemplate":"https:\/\/voxsahel.com\/?s={search_term_string}"},"query-input":{"@type":"PropertyValueSpecification","valueRequired":true,"valueName":"search_term_string"}}],"inLanguage":"fr-FR"},{"@type":"Organization","@id":"https:\/\/voxsahel.com\/#organization","name":"Vox Sahel","url":"https:\/\/voxsahel.com\/","logo":{"@type":"ImageObject","inLanguage":"fr-FR","@id":"https:\/\/voxsahel.com\/#\/schema\/logo\/image\/","url":"https:\/\/voxsahel.com\/wp-content\/uploads\/2024\/09\/Logo-Vox-Sahel.jpg","contentUrl":"https:\/\/voxsahel.com\/wp-content\/uploads\/2024\/09\/Logo-Vox-Sahel.jpg","width":1181,"height":848,"caption":"Vox Sahel"},"image":{"@id":"https:\/\/voxsahel.com\/#\/schema\/logo\/image\/"},"sameAs":["https:\/\/www.facebook.com\/journal.voxsahel"]},{"@type":"Person","@id":"https:\/\/voxsahel.com\/#\/schema\/person\/b4043608248f8fa227cd760e7ff1e19e","name":"Vox Sahel","image":{"@type":"ImageObject","inLanguage":"fr-FR","@id":"https:\/\/secure.gravatar.com\/avatar\/f70e7fa0cb9b29d4a7c5788d6eb2e9ab4d3135cbae1c9161810fdf77a8964699?s=96&d=mm&r=g","url":"https:\/\/secure.gravatar.com\/avatar\/f70e7fa0cb9b29d4a7c5788d6eb2e9ab4d3135cbae1c9161810fdf77a8964699?s=96&d=mm&r=g","contentUrl":"https:\/\/secure.gravatar.com\/avatar\/f70e7fa0cb9b29d4a7c5788d6eb2e9ab4d3135cbae1c9161810fdf77a8964699?s=96&d=mm&r=g","caption":"Vox Sahel"},"sameAs":["http:\/\/www.voxsahel.com"],"url":"https:\/\/voxsahel.com\/?author=2"}]}},"_links":{"self":[{"href":"https:\/\/voxsahel.com\/index.php?rest_route=\/wp\/v2\/posts\/3046","targetHints":{"allow":["GET"]}}],"collection":[{"href":"https:\/\/voxsahel.com\/index.php?rest_route=\/wp\/v2\/posts"}],"about":[{"href":"https:\/\/voxsahel.com\/index.php?rest_route=\/wp\/v2\/types\/post"}],"author":[{"embeddable":true,"href":"https:\/\/voxsahel.com\/index.php?rest_route=\/wp\/v2\/users\/2"}],"replies":[{"embeddable":true,"href":"https:\/\/voxsahel.com\/index.php?rest_route=%2Fwp%2Fv2%2Fcomments&post=3046"}],"version-history":[{"count":3,"href":"https:\/\/voxsahel.com\/index.php?rest_route=\/wp\/v2\/posts\/3046\/revisions"}],"predecessor-version":[{"id":3050,"href":"https:\/\/voxsahel.com\/index.php?rest_route=\/wp\/v2\/posts\/3046\/revisions\/3050"}],"wp:featuredmedia":[{"embeddable":true,"href":"https:\/\/voxsahel.com\/index.php?rest_route=\/wp\/v2\/media\/3047"}],"wp:attachment":[{"href":"https:\/\/voxsahel.com\/index.php?rest_route=%2Fwp%2Fv2%2Fmedia&parent=3046"}],"wp:term":[{"taxonomy":"category","embeddable":true,"href":"https:\/\/voxsahel.com\/index.php?rest_route=%2Fwp%2Fv2%2Fcategories&post=3046"},{"taxonomy":"post_tag","embeddable":true,"href":"https:\/\/voxsahel.com\/index.php?rest_route=%2Fwp%2Fv2%2Ftags&post=3046"}],"curies":[{"name":"wp","href":"https:\/\/api.w.org\/{rel}","templated":true}]}}