{"id":304,"date":"2024-09-22T09:29:31","date_gmt":"2024-09-22T09:29:31","guid":{"rendered":"https:\/\/voxsahel.com\/?p=304"},"modified":"2024-09-22T09:29:31","modified_gmt":"2024-09-22T09:29:31","slug":"portrait-de-talle-ibrahim-papa","status":"publish","type":"post","link":"https:\/\/voxsahel.com\/?p=304","title":{"rendered":"Portrait de Tall\u00e9 Ibrahim \u00ab\u00a0Papa\u00a0\u00bb"},"content":{"rendered":"<p class=\"p1\"><strong>N\u00e9 le 31 mars 1968, Tall\u00e9 Ibrahim est un joueur embl\u00e9matique du football ouest-africain, ayant marqu\u00e9 de son empreinte aussi bien le championnat ivoirien que la sc\u00e8ne internationale avec le Burkina Faso. Issu de l\u2019\u00e9curie des Magnans d&rsquo;Adjam\u00e9, quartier populaire d&rsquo;Abidjan en C\u00f4te d\u2019Ivoire, il incarne une g\u00e9n\u00e9ration de footballeurs caract\u00e9ris\u00e9s par la discipline, l&rsquo;endurance et la polyvalence. Sa carri\u00e8re d\u00e9bute au Stella Club d&rsquo;Abidjan, o\u00f9 il se fait rapidement remarquer pour ses qualit\u00e9s athl\u00e9tiques et techniques<\/strong>.<\/p>\n<p class=\"p1\"><span class=\"s2\">Joueur axial, capable d&rsquo;\u00e9voluer au poste de d\u00e9fenseur central (4-5), Tall\u00e9 Ibrahim est reconnu pour sa robustesse physique et son excellent sens du placement. Il est \u00e9galement un r\u00e9cup\u00e9rateur infatigable, dot\u00e9 d&rsquo;une capacit\u00e9 impressionnante \u00e0 relancer proprement le jeu. Sa lecture du jeu, combin\u00e9e \u00e0 son intelligence tactique, lui permet d&rsquo;anticiper les mouvements adverses avec une grande efficacit\u00e9. Ces qualit\u00e9s, associ\u00e9es \u00e0 une frappe de balle pr\u00e9cise, en font un atout de taille dans les phases d\u00e9fensives et offensives.<\/span><\/p>\n<p class=\"p1\"><span class=\"s2\">Sa polyvalence lui permet de jouer aussi bien en d\u00e9fense qu&rsquo;au milieu de terrain, o\u00f9 il brille par sa g\u00e9n\u00e9rosit\u00e9 dans l&rsquo;effort et sa capacit\u00e9 \u00e0 distribuer les ballons. Il est souvent d\u00e9crit comme un joueur complet, r\u00e9actif, et capable d&rsquo;\u00e9voluer dans diverses positions en fonction des besoins de l&rsquo;\u00e9quipe.<\/span><\/p>\n<p class=\"p1\"><span class=\"s2\">C&rsquo;est cette polyvalence et ce talent naturel qui attirent l&rsquo;attention de l&rsquo;Asec Mimosas, alors sous la direction de l&rsquo;entra\u00eeneur Philippe Troussier. Au sein de cette \u00e9quipe mythique, il devient rapidement un pilier du dispositif d\u00e9fensif et contribue au succ\u00e8s de l&rsquo;Asec, consolidant sa r\u00e9putation de joueur de haut niveau.<\/span><\/p>\n<p class=\"p1\"><span class=\"s2\">Sa carri\u00e8re internationale prend un tournant majeur lorsqu&rsquo;il est appel\u00e9 en s\u00e9lection nationale par le Burkina Faso pour la Coupe d&rsquo;Afrique des Nations (CAN) 1998. Lors de cette comp\u00e9tition, il s&rsquo;impose comme l&rsquo;un des \u00e9l\u00e9ments cl\u00e9s de la d\u00e9fense des \u00c9talons, apportant sa solidit\u00e9 \u00e0 la charni\u00e8re centrale. Il se distingue notamment par son r\u00f4le d\u00e9cisif dans la qualification du Burkina Faso pour le carr\u00e9 d&rsquo;as, confirmant ainsi sa stature de joueur incontournable.<\/span><\/p>\n<p class=\"p1\"><span class=\"s2\">Avec 12 s\u00e9lections et un but marqu\u00e9 lors de sa premi\u00e8re CAN face \u00e0 la RD Congo, Tall\u00e9 Ibrahim \u00ab\u00a0Papa\u00a0\u00bb laisse l&rsquo;image d&rsquo;un joueur talentueux, intelligent et altruiste. Sa carri\u00e8re est un mod\u00e8le de constance et de d\u00e9termination, symbolisant l&rsquo;excellence du football ouest-africain des ann\u00e9es 90.<\/span><\/p>\n<p class=\"p1\" style=\"text-align: right;\"><span class=\"s1\"><b>Par Vox Sahel<\/b><\/span><\/p>\n","protected":false},"excerpt":{"rendered":"<p>N\u00e9 le 31 mars 1968, Tall\u00e9 Ibrahim est un joueur embl\u00e9matique du football ouest-africain, ayant<\/p>\n","protected":false},"author":2,"featured_media":305,"comment_status":"open","ping_status":"open","sticky":false,"template":"","format":"standard","meta":{"_et_pb_use_builder":"","_et_pb_old_content":"","_et_gb_content_width":"","footnotes":""},"categories":[12],"tags":[18,40,35,159,34],"class_list":["post-304","post","type-post","status-publish","format-standard","has-post-thumbnail","hentry","category-sports","tag-burkina-faso","tag-federation-burkinabe-de-football","tag-football","tag-ibrahim-talle","tag-sport"],"yoast_head":"<!-- This site is optimized with the Yoast SEO plugin v27.5 - https:\/\/yoast.com\/product\/yoast-seo-wordpress\/ -->\n<title>Portrait de Tall\u00e9 Ibrahim &quot;Papa&quot; - Vox Sahel<\/title>\n<meta name=\"robots\" content=\"index, follow, max-snippet:-1, max-image-preview:large, max-video-preview:-1\" \/>\n<link rel=\"canonical\" href=\"https:\/\/voxsahel.com\/?p=304\" \/>\n<meta property=\"og:locale\" content=\"fr_FR\" \/>\n<meta property=\"og:type\" content=\"article\" \/>\n<meta property=\"og:title\" content=\"Portrait de Tall\u00e9 Ibrahim &quot;Papa&quot; - Vox Sahel\" \/>\n<meta property=\"og:description\" content=\"N\u00e9 le 31 mars 1968, Tall\u00e9 Ibrahim est un joueur embl\u00e9matique du football ouest-africain, ayant\" \/>\n<meta property=\"og:url\" content=\"https:\/\/voxsahel.com\/?p=304\" \/>\n<meta property=\"og:site_name\" content=\"Vox Sahel\" \/>\n<meta property=\"article:publisher\" content=\"https:\/\/www.facebook.com\/journal.voxsahel\" \/>\n<meta property=\"article:published_time\" content=\"2024-09-22T09:29:31+00:00\" \/>\n<meta property=\"og:image\" content=\"https:\/\/voxsahel.com\/wp-content\/uploads\/2024\/09\/IMG_0509.jpeg\" \/>\n\t<meta property=\"og:image:width\" content=\"2048\" \/>\n\t<meta property=\"og:image:height\" content=\"1638\" \/>\n\t<meta property=\"og:image:type\" content=\"image\/jpeg\" \/>\n<meta name=\"author\" content=\"Vox Sahel\" \/>\n<meta name=\"twitter:card\" content=\"summary_large_image\" \/>\n<meta name=\"twitter:label1\" content=\"\u00c9crit par\" \/>\n\t<meta name=\"twitter:data1\" content=\"Vox Sahel\" \/>\n\t<meta name=\"twitter:label2\" content=\"Dur\u00e9e de lecture estim\u00e9e\" \/>\n\t<meta name=\"twitter:data2\" content=\"3 minutes\" \/>\n<script type=\"application\/ld+json\" class=\"yoast-schema-graph\">{\"@context\":\"https:\\\/\\\/schema.org\",\"@graph\":[{\"@type\":\"Article\",\"@id\":\"https:\\\/\\\/voxsahel.com\\\/?p=304#article\",\"isPartOf\":{\"@id\":\"https:\\\/\\\/voxsahel.com\\\/?p=304\"},\"author\":{\"name\":\"Vox Sahel\",\"@id\":\"https:\\\/\\\/voxsahel.com\\\/#\\\/schema\\\/person\\\/b4043608248f8fa227cd760e7ff1e19e\"},\"headline\":\"Portrait de Tall\u00e9 Ibrahim \u00ab\u00a0Papa\u00a0\u00bb\",\"datePublished\":\"2024-09-22T09:29:31+00:00\",\"mainEntityOfPage\":{\"@id\":\"https:\\\/\\\/voxsahel.com\\\/?p=304\"},\"wordCount\":440,\"commentCount\":0,\"publisher\":{\"@id\":\"https:\\\/\\\/voxsahel.com\\\/#organization\"},\"image\":{\"@id\":\"https:\\\/\\\/voxsahel.com\\\/?p=304#primaryimage\"},\"thumbnailUrl\":\"https:\\\/\\\/voxsahel.com\\\/wp-content\\\/uploads\\\/2024\\\/09\\\/IMG_0509.jpeg\",\"keywords\":[\"Burkina Faso\",\"F\u00e9d\u00e9ration Burkinab\u00e8 de Football\",\"Football\",\"Ibrahim Talle\",\"Sport\"],\"articleSection\":[\"SPORTS\"],\"inLanguage\":\"fr-FR\",\"potentialAction\":[{\"@type\":\"CommentAction\",\"name\":\"Comment\",\"target\":[\"https:\\\/\\\/voxsahel.com\\\/?p=304#respond\"]}]},{\"@type\":\"WebPage\",\"@id\":\"https:\\\/\\\/voxsahel.com\\\/?p=304\",\"url\":\"https:\\\/\\\/voxsahel.com\\\/?p=304\",\"name\":\"Portrait de Tall\u00e9 Ibrahim \\\"Papa\\\" - Vox Sahel\",\"isPartOf\":{\"@id\":\"https:\\\/\\\/voxsahel.com\\\/#website\"},\"primaryImageOfPage\":{\"@id\":\"https:\\\/\\\/voxsahel.com\\\/?p=304#primaryimage\"},\"image\":{\"@id\":\"https:\\\/\\\/voxsahel.com\\\/?p=304#primaryimage\"},\"thumbnailUrl\":\"https:\\\/\\\/voxsahel.com\\\/wp-content\\\/uploads\\\/2024\\\/09\\\/IMG_0509.jpeg\",\"datePublished\":\"2024-09-22T09:29:31+00:00\",\"breadcrumb\":{\"@id\":\"https:\\\/\\\/voxsahel.com\\\/?p=304#breadcrumb\"},\"inLanguage\":\"fr-FR\",\"potentialAction\":[{\"@type\":\"ReadAction\",\"target\":[\"https:\\\/\\\/voxsahel.com\\\/?p=304\"]}]},{\"@type\":\"ImageObject\",\"inLanguage\":\"fr-FR\",\"@id\":\"https:\\\/\\\/voxsahel.com\\\/?p=304#primaryimage\",\"url\":\"https:\\\/\\\/voxsahel.com\\\/wp-content\\\/uploads\\\/2024\\\/09\\\/IMG_0509.jpeg\",\"contentUrl\":\"https:\\\/\\\/voxsahel.com\\\/wp-content\\\/uploads\\\/2024\\\/09\\\/IMG_0509.jpeg\",\"width\":2048,\"height\":1638},{\"@type\":\"BreadcrumbList\",\"@id\":\"https:\\\/\\\/voxsahel.com\\\/?p=304#breadcrumb\",\"itemListElement\":[{\"@type\":\"ListItem\",\"position\":1,\"name\":\"Home\",\"item\":\"https:\\\/\\\/voxsahel.com\\\/\"},{\"@type\":\"ListItem\",\"position\":2,\"name\":\"Portrait de Tall\u00e9 Ibrahim \u00ab\u00a0Papa\u00a0\u00bb\"}]},{\"@type\":\"WebSite\",\"@id\":\"https:\\\/\\\/voxsahel.com\\\/#website\",\"url\":\"https:\\\/\\\/voxsahel.com\\\/\",\"name\":\"Vox Sahel\",\"description\":\"Informez-vous sur le Sahel en un clic\",\"publisher\":{\"@id\":\"https:\\\/\\\/voxsahel.com\\\/#organization\"},\"potentialAction\":[{\"@type\":\"SearchAction\",\"target\":{\"@type\":\"EntryPoint\",\"urlTemplate\":\"https:\\\/\\\/voxsahel.com\\\/?s={search_term_string}\"},\"query-input\":{\"@type\":\"PropertyValueSpecification\",\"valueRequired\":true,\"valueName\":\"search_term_string\"}}],\"inLanguage\":\"fr-FR\"},{\"@type\":\"Organization\",\"@id\":\"https:\\\/\\\/voxsahel.com\\\/#organization\",\"name\":\"Vox Sahel\",\"url\":\"https:\\\/\\\/voxsahel.com\\\/\",\"logo\":{\"@type\":\"ImageObject\",\"inLanguage\":\"fr-FR\",\"@id\":\"https:\\\/\\\/voxsahel.com\\\/#\\\/schema\\\/logo\\\/image\\\/\",\"url\":\"https:\\\/\\\/voxsahel.com\\\/wp-content\\\/uploads\\\/2024\\\/09\\\/Logo-Vox-Sahel.jpg\",\"contentUrl\":\"https:\\\/\\\/voxsahel.com\\\/wp-content\\\/uploads\\\/2024\\\/09\\\/Logo-Vox-Sahel.jpg\",\"width\":1181,\"height\":848,\"caption\":\"Vox Sahel\"},\"image\":{\"@id\":\"https:\\\/\\\/voxsahel.com\\\/#\\\/schema\\\/logo\\\/image\\\/\"},\"sameAs\":[\"https:\\\/\\\/www.facebook.com\\\/journal.voxsahel\"]},{\"@type\":\"Person\",\"@id\":\"https:\\\/\\\/voxsahel.com\\\/#\\\/schema\\\/person\\\/b4043608248f8fa227cd760e7ff1e19e\",\"name\":\"Vox Sahel\",\"image\":{\"@type\":\"ImageObject\",\"inLanguage\":\"fr-FR\",\"@id\":\"https:\\\/\\\/secure.gravatar.com\\\/avatar\\\/f70e7fa0cb9b29d4a7c5788d6eb2e9ab4d3135cbae1c9161810fdf77a8964699?s=96&d=mm&r=g\",\"url\":\"https:\\\/\\\/secure.gravatar.com\\\/avatar\\\/f70e7fa0cb9b29d4a7c5788d6eb2e9ab4d3135cbae1c9161810fdf77a8964699?s=96&d=mm&r=g\",\"contentUrl\":\"https:\\\/\\\/secure.gravatar.com\\\/avatar\\\/f70e7fa0cb9b29d4a7c5788d6eb2e9ab4d3135cbae1c9161810fdf77a8964699?s=96&d=mm&r=g\",\"caption\":\"Vox Sahel\"},\"sameAs\":[\"http:\\\/\\\/www.voxsahel.com\"],\"url\":\"https:\\\/\\\/voxsahel.com\\\/?author=2\"}]}<\/script>\n<!-- \/ Yoast SEO plugin. -->","yoast_head_json":{"title":"Portrait de Tall\u00e9 Ibrahim \"Papa\" - Vox Sahel","robots":{"index":"index","follow":"follow","max-snippet":"max-snippet:-1","max-image-preview":"max-image-preview:large","max-video-preview":"max-video-preview:-1"},"canonical":"https:\/\/voxsahel.com\/?p=304","og_locale":"fr_FR","og_type":"article","og_title":"Portrait de Tall\u00e9 Ibrahim \"Papa\" - Vox Sahel","og_description":"N\u00e9 le 31 mars 1968, Tall\u00e9 Ibrahim est un joueur embl\u00e9matique du football ouest-africain, ayant","og_url":"https:\/\/voxsahel.com\/?p=304","og_site_name":"Vox Sahel","article_publisher":"https:\/\/www.facebook.com\/journal.voxsahel","article_published_time":"2024-09-22T09:29:31+00:00","og_image":[{"width":2048,"height":1638,"url":"https:\/\/voxsahel.com\/wp-content\/uploads\/2024\/09\/IMG_0509.jpeg","type":"image\/jpeg"}],"author":"Vox Sahel","twitter_card":"summary_large_image","twitter_misc":{"\u00c9crit par":"Vox Sahel","Dur\u00e9e de lecture estim\u00e9e":"3 minutes"},"schema":{"@context":"https:\/\/schema.org","@graph":[{"@type":"Article","@id":"https:\/\/voxsahel.com\/?p=304#article","isPartOf":{"@id":"https:\/\/voxsahel.com\/?p=304"},"author":{"name":"Vox Sahel","@id":"https:\/\/voxsahel.com\/#\/schema\/person\/b4043608248f8fa227cd760e7ff1e19e"},"headline":"Portrait de Tall\u00e9 Ibrahim \u00ab\u00a0Papa\u00a0\u00bb","datePublished":"2024-09-22T09:29:31+00:00","mainEntityOfPage":{"@id":"https:\/\/voxsahel.com\/?p=304"},"wordCount":440,"commentCount":0,"publisher":{"@id":"https:\/\/voxsahel.com\/#organization"},"image":{"@id":"https:\/\/voxsahel.com\/?p=304#primaryimage"},"thumbnailUrl":"https:\/\/voxsahel.com\/wp-content\/uploads\/2024\/09\/IMG_0509.jpeg","keywords":["Burkina Faso","F\u00e9d\u00e9ration Burkinab\u00e8 de Football","Football","Ibrahim Talle","Sport"],"articleSection":["SPORTS"],"inLanguage":"fr-FR","potentialAction":[{"@type":"CommentAction","name":"Comment","target":["https:\/\/voxsahel.com\/?p=304#respond"]}]},{"@type":"WebPage","@id":"https:\/\/voxsahel.com\/?p=304","url":"https:\/\/voxsahel.com\/?p=304","name":"Portrait de Tall\u00e9 Ibrahim \"Papa\" - Vox Sahel","isPartOf":{"@id":"https:\/\/voxsahel.com\/#website"},"primaryImageOfPage":{"@id":"https:\/\/voxsahel.com\/?p=304#primaryimage"},"image":{"@id":"https:\/\/voxsahel.com\/?p=304#primaryimage"},"thumbnailUrl":"https:\/\/voxsahel.com\/wp-content\/uploads\/2024\/09\/IMG_0509.jpeg","datePublished":"2024-09-22T09:29:31+00:00","breadcrumb":{"@id":"https:\/\/voxsahel.com\/?p=304#breadcrumb"},"inLanguage":"fr-FR","potentialAction":[{"@type":"ReadAction","target":["https:\/\/voxsahel.com\/?p=304"]}]},{"@type":"ImageObject","inLanguage":"fr-FR","@id":"https:\/\/voxsahel.com\/?p=304#primaryimage","url":"https:\/\/voxsahel.com\/wp-content\/uploads\/2024\/09\/IMG_0509.jpeg","contentUrl":"https:\/\/voxsahel.com\/wp-content\/uploads\/2024\/09\/IMG_0509.jpeg","width":2048,"height":1638},{"@type":"BreadcrumbList","@id":"https:\/\/voxsahel.com\/?p=304#breadcrumb","itemListElement":[{"@type":"ListItem","position":1,"name":"Home","item":"https:\/\/voxsahel.com\/"},{"@type":"ListItem","position":2,"name":"Portrait de Tall\u00e9 Ibrahim \u00ab\u00a0Papa\u00a0\u00bb"}]},{"@type":"WebSite","@id":"https:\/\/voxsahel.com\/#website","url":"https:\/\/voxsahel.com\/","name":"Vox Sahel","description":"Informez-vous sur le Sahel en un clic","publisher":{"@id":"https:\/\/voxsahel.com\/#organization"},"potentialAction":[{"@type":"SearchAction","target":{"@type":"EntryPoint","urlTemplate":"https:\/\/voxsahel.com\/?s={search_term_string}"},"query-input":{"@type":"PropertyValueSpecification","valueRequired":true,"valueName":"search_term_string"}}],"inLanguage":"fr-FR"},{"@type":"Organization","@id":"https:\/\/voxsahel.com\/#organization","name":"Vox Sahel","url":"https:\/\/voxsahel.com\/","logo":{"@type":"ImageObject","inLanguage":"fr-FR","@id":"https:\/\/voxsahel.com\/#\/schema\/logo\/image\/","url":"https:\/\/voxsahel.com\/wp-content\/uploads\/2024\/09\/Logo-Vox-Sahel.jpg","contentUrl":"https:\/\/voxsahel.com\/wp-content\/uploads\/2024\/09\/Logo-Vox-Sahel.jpg","width":1181,"height":848,"caption":"Vox Sahel"},"image":{"@id":"https:\/\/voxsahel.com\/#\/schema\/logo\/image\/"},"sameAs":["https:\/\/www.facebook.com\/journal.voxsahel"]},{"@type":"Person","@id":"https:\/\/voxsahel.com\/#\/schema\/person\/b4043608248f8fa227cd760e7ff1e19e","name":"Vox Sahel","image":{"@type":"ImageObject","inLanguage":"fr-FR","@id":"https:\/\/secure.gravatar.com\/avatar\/f70e7fa0cb9b29d4a7c5788d6eb2e9ab4d3135cbae1c9161810fdf77a8964699?s=96&d=mm&r=g","url":"https:\/\/secure.gravatar.com\/avatar\/f70e7fa0cb9b29d4a7c5788d6eb2e9ab4d3135cbae1c9161810fdf77a8964699?s=96&d=mm&r=g","contentUrl":"https:\/\/secure.gravatar.com\/avatar\/f70e7fa0cb9b29d4a7c5788d6eb2e9ab4d3135cbae1c9161810fdf77a8964699?s=96&d=mm&r=g","caption":"Vox Sahel"},"sameAs":["http:\/\/www.voxsahel.com"],"url":"https:\/\/voxsahel.com\/?author=2"}]}},"_links":{"self":[{"href":"https:\/\/voxsahel.com\/index.php?rest_route=\/wp\/v2\/posts\/304","targetHints":{"allow":["GET"]}}],"collection":[{"href":"https:\/\/voxsahel.com\/index.php?rest_route=\/wp\/v2\/posts"}],"about":[{"href":"https:\/\/voxsahel.com\/index.php?rest_route=\/wp\/v2\/types\/post"}],"author":[{"embeddable":true,"href":"https:\/\/voxsahel.com\/index.php?rest_route=\/wp\/v2\/users\/2"}],"replies":[{"embeddable":true,"href":"https:\/\/voxsahel.com\/index.php?rest_route=%2Fwp%2Fv2%2Fcomments&post=304"}],"version-history":[{"count":1,"href":"https:\/\/voxsahel.com\/index.php?rest_route=\/wp\/v2\/posts\/304\/revisions"}],"predecessor-version":[{"id":306,"href":"https:\/\/voxsahel.com\/index.php?rest_route=\/wp\/v2\/posts\/304\/revisions\/306"}],"wp:featuredmedia":[{"embeddable":true,"href":"https:\/\/voxsahel.com\/index.php?rest_route=\/wp\/v2\/media\/305"}],"wp:attachment":[{"href":"https:\/\/voxsahel.com\/index.php?rest_route=%2Fwp%2Fv2%2Fmedia&parent=304"}],"wp:term":[{"taxonomy":"category","embeddable":true,"href":"https:\/\/voxsahel.com\/index.php?rest_route=%2Fwp%2Fv2%2Fcategories&post=304"},{"taxonomy":"post_tag","embeddable":true,"href":"https:\/\/voxsahel.com\/index.php?rest_route=%2Fwp%2Fv2%2Ftags&post=304"}],"curies":[{"name":"wp","href":"https:\/\/api.w.org\/{rel}","templated":true}]}}