{"id":3038,"date":"2025-10-26T21:11:23","date_gmt":"2025-10-26T21:11:23","guid":{"rendered":"https:\/\/voxsahel.com\/?p=3038"},"modified":"2025-10-26T21:19:06","modified_gmt":"2025-10-26T21:19:06","slug":"djibo-lafep-soutient-les-forces-combattantes-avec-un-don-de-plus-de-3-millions-de-f-cfa","status":"publish","type":"post","link":"https:\/\/voxsahel.com\/?p=3038","title":{"rendered":"Djibo : L\u2019AFEP soutient les forces combattantes avec un don de plus de 3 millions de F CFA"},"content":{"rendered":"<p class=\"p1\">Dans un \u00e9lan de solidarit\u00e9 patriotique et de reconnaissance envers les Forces de d\u00e9fense et de s\u00e9curit\u00e9 (FDS) ainsi que les Volontaires pour la d\u00e9fense de la patrie (VDP), l\u2019Alliance des femmes engag\u00e9es pour la patrie (AFEP) a pos\u00e9 un acte fort en faveur de ces acteurs du front. Le 25 octobre dernier, l\u2019organisation a remis \u00e0 Djibo un important lot de vivres, de carburant et de mat\u00e9riel de communication, d\u2019une valeur estim\u00e9e \u00e0 plus de 3 millions de F CFA, en pr\u00e9sence des autorit\u00e9s administratives et militaires locales.<\/p>\n<figure id=\"attachment_3042\" aria-describedby=\"caption-attachment-3042\" style=\"width: 640px\" class=\"wp-caption aligncenter\"><img loading=\"lazy\" decoding=\"async\" class=\"size-large wp-image-3042\" src=\"https:\/\/voxsahel.com\/wp-content\/uploads\/2025\/10\/d32415a3-c58e-4768-aa27-b72824d49d91-1024x768.jpeg\" alt=\"Le don offert par l\u2019AFEP aux forces combattantes \" width=\"640\" height=\"480\" srcset=\"https:\/\/voxsahel.com\/wp-content\/uploads\/2025\/10\/d32415a3-c58e-4768-aa27-b72824d49d91-1024x768.jpeg 1024w, https:\/\/voxsahel.com\/wp-content\/uploads\/2025\/10\/d32415a3-c58e-4768-aa27-b72824d49d91-300x225.jpeg 300w, https:\/\/voxsahel.com\/wp-content\/uploads\/2025\/10\/d32415a3-c58e-4768-aa27-b72824d49d91-768x576.jpeg 768w, https:\/\/voxsahel.com\/wp-content\/uploads\/2025\/10\/d32415a3-c58e-4768-aa27-b72824d49d91-510x382.jpeg 510w, https:\/\/voxsahel.com\/wp-content\/uploads\/2025\/10\/d32415a3-c58e-4768-aa27-b72824d49d91-1080x810.jpeg 1080w, https:\/\/voxsahel.com\/wp-content\/uploads\/2025\/10\/d32415a3-c58e-4768-aa27-b72824d49d91-610x458.jpeg 610w, https:\/\/voxsahel.com\/wp-content\/uploads\/2025\/10\/d32415a3-c58e-4768-aa27-b72824d49d91-720x540.jpeg 720w, https:\/\/voxsahel.com\/wp-content\/uploads\/2025\/10\/d32415a3-c58e-4768-aa27-b72824d49d91.jpeg 1152w\" sizes=\"(max-width: 640px) 100vw, 640px\" \/><figcaption id=\"caption-attachment-3042\" class=\"wp-caption-text\">Le don offert par l\u2019AFEP aux forces combattantes<\/figcaption><\/figure>\n<p class=\"p1\"><span class=\"s1\">\u00a0<\/span>Malgr\u00e9 les assauts terroristes r\u00e9p\u00e9t\u00e9s dans la province du Soum, particuli\u00e8rement \u00e0 Djibo, la cit\u00e9 reste debout, anim\u00e9e par un courage collectif sans faille. Les bonnes volont\u00e9s, quant \u00e0 elles, ne cessent de se manifester pour soutenir aussi bien les populations que les forces de d\u00e9fense engag\u00e9es sur le front.<\/p>\n<p class=\"p1\"><span class=\"s1\">C\u2019est dans cet \u00e9lan de solidarit\u00e9 que l\u2019AFEP a apport\u00e9 sa contribution, \u00e9valu\u00e9e \u00e0 3 135 000 F CFA, pour appuyer les d\u00e9fenseurs de la Nation. Le don, remis par Fatimata Tamboura, coordonnatrice r\u00e9gionale de l\u2019AFEP pour le Soum, au nom de la coordonnatrice nationale A\u00efsseta Ilboudo\/Ciss\u00e9, s\u2019inscrit dans la droite ligne de la mobilisation citoyenne autour des valeurs patriotiques. Fatimata Tamboura a rappel\u00e9 que le Burkina Faso traverse une crise s\u00e9curitaire sans pr\u00e9c\u00e9dent, marqu\u00e9e par des violences extr\u00eames et des id\u00e9ologies obscurantistes. <\/span><\/p>\n<figure id=\"attachment_3043\" aria-describedby=\"caption-attachment-3043\" style=\"width: 640px\" class=\"wp-caption aligncenter\"><img loading=\"lazy\" decoding=\"async\" class=\"size-large wp-image-3043\" src=\"https:\/\/voxsahel.com\/wp-content\/uploads\/2025\/10\/81d083f7-fa49-4705-ab8c-5ec8c2ee7b7c-1024x768.jpeg\" alt=\"Fatimata Tamboura, coordonnatrice r\u00e9gionale de l\u2019AFEP du Soum, remettant symboliquement un don \u00e0 une force combattante\" width=\"640\" height=\"480\" srcset=\"https:\/\/voxsahel.com\/wp-content\/uploads\/2025\/10\/81d083f7-fa49-4705-ab8c-5ec8c2ee7b7c-1024x768.jpeg 1024w, https:\/\/voxsahel.com\/wp-content\/uploads\/2025\/10\/81d083f7-fa49-4705-ab8c-5ec8c2ee7b7c-300x225.jpeg 300w, https:\/\/voxsahel.com\/wp-content\/uploads\/2025\/10\/81d083f7-fa49-4705-ab8c-5ec8c2ee7b7c-768x576.jpeg 768w, https:\/\/voxsahel.com\/wp-content\/uploads\/2025\/10\/81d083f7-fa49-4705-ab8c-5ec8c2ee7b7c-510x382.jpeg 510w, https:\/\/voxsahel.com\/wp-content\/uploads\/2025\/10\/81d083f7-fa49-4705-ab8c-5ec8c2ee7b7c-1080x810.jpeg 1080w, https:\/\/voxsahel.com\/wp-content\/uploads\/2025\/10\/81d083f7-fa49-4705-ab8c-5ec8c2ee7b7c-610x458.jpeg 610w, https:\/\/voxsahel.com\/wp-content\/uploads\/2025\/10\/81d083f7-fa49-4705-ab8c-5ec8c2ee7b7c-720x540.jpeg 720w, https:\/\/voxsahel.com\/wp-content\/uploads\/2025\/10\/81d083f7-fa49-4705-ab8c-5ec8c2ee7b7c.jpeg 1152w\" sizes=\"(max-width: 640px) 100vw, 640px\" \/><figcaption id=\"caption-attachment-3043\" class=\"wp-caption-text\">Fatimata Tamboura, coordonnatrice r\u00e9gionale de l\u2019AFEP du Soum, remettant symboliquement un don \u00e0 une force combattante<\/figcaption><\/figure>\n<p class=\"p1\"><span class=\"s1\">Cependant, a-t-elle soulign\u00e9, <\/span><span class=\"s2\">\u00ab malgr\u00e9 les souffrances inflig\u00e9es \u00e0 nos populations, notamment dans les zones les plus expos\u00e9es comme Djibo, notre peuple reste debout, digne et r\u00e9silient <\/span><span class=\"s1\">\u00bb. <\/span><\/p>\n<p class=\"p1\"><span class=\"s1\">Elle a salu\u00e9 la bravoure et le courage des FDS et des VDP, dont la d\u00e9termination, selon elle, permet \u00e0 la nation burkinab\u00e8 de tenir t\u00eate aux forces du mal. Citant le pr\u00e9sident du Faso, le capitaine Ibrahim Traor\u00e9, Mme Tamboura a rappel\u00e9 que <\/span><span class=\"s2\">\u00ab partout o\u00f9 le devoir va nous appeler, nous irons<\/span><span class=\"s1\"> \u00bb, une phrase qui, \u00e0 ses yeux, r\u00e9sume parfaitement l\u2019esprit de sacrifice et de patriotisme qui anime les d\u00e9fenseurs de la patrie.<\/span><\/p>\n<figure id=\"attachment_3044\" aria-describedby=\"caption-attachment-3044\" style=\"width: 640px\" class=\"wp-caption aligncenter\"><img loading=\"lazy\" decoding=\"async\" class=\"size-large wp-image-3044\" src=\"https:\/\/voxsahel.com\/wp-content\/uploads\/2025\/10\/9adf00b7-e9db-4aac-9e63-0a9ae4c0eee9-1024x768.jpeg\" alt=\"Les autorit\u00e9s militaires et administratives \u00e0 la c\u00e9r\u00e9monie du don\" width=\"640\" height=\"480\" srcset=\"https:\/\/voxsahel.com\/wp-content\/uploads\/2025\/10\/9adf00b7-e9db-4aac-9e63-0a9ae4c0eee9-1024x768.jpeg 1024w, https:\/\/voxsahel.com\/wp-content\/uploads\/2025\/10\/9adf00b7-e9db-4aac-9e63-0a9ae4c0eee9-300x225.jpeg 300w, https:\/\/voxsahel.com\/wp-content\/uploads\/2025\/10\/9adf00b7-e9db-4aac-9e63-0a9ae4c0eee9-768x576.jpeg 768w, https:\/\/voxsahel.com\/wp-content\/uploads\/2025\/10\/9adf00b7-e9db-4aac-9e63-0a9ae4c0eee9-510x382.jpeg 510w, https:\/\/voxsahel.com\/wp-content\/uploads\/2025\/10\/9adf00b7-e9db-4aac-9e63-0a9ae4c0eee9-1080x810.jpeg 1080w, https:\/\/voxsahel.com\/wp-content\/uploads\/2025\/10\/9adf00b7-e9db-4aac-9e63-0a9ae4c0eee9-610x458.jpeg 610w, https:\/\/voxsahel.com\/wp-content\/uploads\/2025\/10\/9adf00b7-e9db-4aac-9e63-0a9ae4c0eee9-720x540.jpeg 720w, https:\/\/voxsahel.com\/wp-content\/uploads\/2025\/10\/9adf00b7-e9db-4aac-9e63-0a9ae4c0eee9.jpeg 1152w\" sizes=\"(max-width: 640px) 100vw, 640px\" \/><figcaption id=\"caption-attachment-3044\" class=\"wp-caption-text\">Les autorit\u00e9s militaires et administratives \u00e0 la c\u00e9r\u00e9monie du don<\/figcaption><\/figure>\n<p class=\"p1\"><span class=\"s1\">L\u2019AFEP, a-t-elle ajout\u00e9, s\u2019inscrit pleinement dans cette dynamique nationale. \u00ab <\/span><span class=\"s2\">En tant que femmes, m\u00e8res, \u00e9pouses et patriotes, nous avons le devoir d\u2019agir concr\u00e8tement<\/span><span class=\"s1\"> \u00bb, a-t-elle d\u00e9clar\u00e9, avant de pr\u00e9ciser que ce don constitue la modeste contribution de l\u2019organisation \u00e0 la construction de l\u2019\u00e9difice national et au renforcement du moral des troupes.<\/span><\/p>\n<p class=\"p1\"><span class=\"s1\"> Les autorit\u00e9s administratives et militaires pr\u00e9sentes ont salu\u00e9 \u00e0 l\u2019unanimit\u00e9 ce geste de solidarit\u00e9, le qualifiant de preuve tangible du soutien des populations \u00e0 leurs forces combattantes.<\/span><\/p>\n<p class=\"p1\" style=\"text-align: right;\"><span class=\"s1\"><b>Par Amir BAKIO<\/b><\/span><\/p>\n","protected":false},"excerpt":{"rendered":"<p>Dans un \u00e9lan de solidarit\u00e9 patriotique et de reconnaissance envers les Forces de d\u00e9fense et<\/p>\n","protected":false},"author":2,"featured_media":3039,"comment_status":"open","ping_status":"open","sticky":false,"template":"","format":"standard","meta":{"_et_pb_use_builder":"","_et_pb_old_content":"","_et_gb_content_width":"","footnotes":""},"categories":[5],"tags":[],"class_list":["post-3038","post","type-post","status-publish","format-standard","has-post-thumbnail","hentry","category-societe"],"yoast_head":"<!-- This site is optimized with the Yoast SEO plugin v27.5 - https:\/\/yoast.com\/product\/yoast-seo-wordpress\/ -->\n<title>Djibo : L\u2019AFEP soutient les forces combattantes avec un don de plus de 3 millions de F CFA - Vox Sahel<\/title>\n<meta name=\"robots\" content=\"index, follow, max-snippet:-1, max-image-preview:large, max-video-preview:-1\" \/>\n<link rel=\"canonical\" href=\"https:\/\/voxsahel.com\/?p=3038\" \/>\n<meta property=\"og:locale\" content=\"fr_FR\" \/>\n<meta property=\"og:type\" content=\"article\" \/>\n<meta property=\"og:title\" content=\"Djibo : L\u2019AFEP soutient les forces combattantes avec un don de plus de 3 millions de F CFA - Vox Sahel\" \/>\n<meta property=\"og:description\" content=\"Dans un \u00e9lan de solidarit\u00e9 patriotique et de reconnaissance envers les Forces de d\u00e9fense et\" \/>\n<meta property=\"og:url\" content=\"https:\/\/voxsahel.com\/?p=3038\" \/>\n<meta property=\"og:site_name\" content=\"Vox Sahel\" \/>\n<meta property=\"article:publisher\" content=\"https:\/\/www.facebook.com\/journal.voxsahel\" \/>\n<meta property=\"article:published_time\" content=\"2025-10-26T21:11:23+00:00\" \/>\n<meta property=\"article:modified_time\" content=\"2025-10-26T21:19:06+00:00\" \/>\n<meta property=\"og:image\" content=\"https:\/\/voxsahel.com\/wp-content\/uploads\/2025\/10\/e3f668a7-678b-4c98-8c32-f26b41884a47.jpeg\" \/>\n\t<meta property=\"og:image:width\" content=\"1152\" \/>\n\t<meta property=\"og:image:height\" content=\"864\" \/>\n\t<meta property=\"og:image:type\" content=\"image\/jpeg\" \/>\n<meta name=\"author\" content=\"Vox Sahel\" \/>\n<meta name=\"twitter:card\" content=\"summary_large_image\" \/>\n<meta name=\"twitter:label1\" content=\"\u00c9crit par\" \/>\n\t<meta name=\"twitter:data1\" content=\"Vox Sahel\" \/>\n\t<meta name=\"twitter:label2\" content=\"Dur\u00e9e de lecture estim\u00e9e\" \/>\n\t<meta name=\"twitter:data2\" content=\"4 minutes\" \/>\n<script type=\"application\/ld+json\" class=\"yoast-schema-graph\">{\"@context\":\"https:\\\/\\\/schema.org\",\"@graph\":[{\"@type\":\"Article\",\"@id\":\"https:\\\/\\\/voxsahel.com\\\/?p=3038#article\",\"isPartOf\":{\"@id\":\"https:\\\/\\\/voxsahel.com\\\/?p=3038\"},\"author\":{\"name\":\"Vox Sahel\",\"@id\":\"https:\\\/\\\/voxsahel.com\\\/#\\\/schema\\\/person\\\/b4043608248f8fa227cd760e7ff1e19e\"},\"headline\":\"Djibo : L\u2019AFEP soutient les forces combattantes avec un don de plus de 3 millions de F CFA\",\"datePublished\":\"2025-10-26T21:11:23+00:00\",\"dateModified\":\"2025-10-26T21:19:06+00:00\",\"mainEntityOfPage\":{\"@id\":\"https:\\\/\\\/voxsahel.com\\\/?p=3038\"},\"wordCount\":517,\"commentCount\":0,\"publisher\":{\"@id\":\"https:\\\/\\\/voxsahel.com\\\/#organization\"},\"image\":{\"@id\":\"https:\\\/\\\/voxsahel.com\\\/?p=3038#primaryimage\"},\"thumbnailUrl\":\"https:\\\/\\\/voxsahel.com\\\/wp-content\\\/uploads\\\/2025\\\/10\\\/e3f668a7-678b-4c98-8c32-f26b41884a47.jpeg\",\"articleSection\":[\"SOCIETE\"],\"inLanguage\":\"fr-FR\",\"potentialAction\":[{\"@type\":\"CommentAction\",\"name\":\"Comment\",\"target\":[\"https:\\\/\\\/voxsahel.com\\\/?p=3038#respond\"]}]},{\"@type\":\"WebPage\",\"@id\":\"https:\\\/\\\/voxsahel.com\\\/?p=3038\",\"url\":\"https:\\\/\\\/voxsahel.com\\\/?p=3038\",\"name\":\"Djibo : L\u2019AFEP soutient les forces combattantes avec un don de plus de 3 millions de F CFA - Vox Sahel\",\"isPartOf\":{\"@id\":\"https:\\\/\\\/voxsahel.com\\\/#website\"},\"primaryImageOfPage\":{\"@id\":\"https:\\\/\\\/voxsahel.com\\\/?p=3038#primaryimage\"},\"image\":{\"@id\":\"https:\\\/\\\/voxsahel.com\\\/?p=3038#primaryimage\"},\"thumbnailUrl\":\"https:\\\/\\\/voxsahel.com\\\/wp-content\\\/uploads\\\/2025\\\/10\\\/e3f668a7-678b-4c98-8c32-f26b41884a47.jpeg\",\"datePublished\":\"2025-10-26T21:11:23+00:00\",\"dateModified\":\"2025-10-26T21:19:06+00:00\",\"breadcrumb\":{\"@id\":\"https:\\\/\\\/voxsahel.com\\\/?p=3038#breadcrumb\"},\"inLanguage\":\"fr-FR\",\"potentialAction\":[{\"@type\":\"ReadAction\",\"target\":[\"https:\\\/\\\/voxsahel.com\\\/?p=3038\"]}]},{\"@type\":\"ImageObject\",\"inLanguage\":\"fr-FR\",\"@id\":\"https:\\\/\\\/voxsahel.com\\\/?p=3038#primaryimage\",\"url\":\"https:\\\/\\\/voxsahel.com\\\/wp-content\\\/uploads\\\/2025\\\/10\\\/e3f668a7-678b-4c98-8c32-f26b41884a47.jpeg\",\"contentUrl\":\"https:\\\/\\\/voxsahel.com\\\/wp-content\\\/uploads\\\/2025\\\/10\\\/e3f668a7-678b-4c98-8c32-f26b41884a47.jpeg\",\"width\":1152,\"height\":864},{\"@type\":\"BreadcrumbList\",\"@id\":\"https:\\\/\\\/voxsahel.com\\\/?p=3038#breadcrumb\",\"itemListElement\":[{\"@type\":\"ListItem\",\"position\":1,\"name\":\"Home\",\"item\":\"https:\\\/\\\/voxsahel.com\\\/\"},{\"@type\":\"ListItem\",\"position\":2,\"name\":\"Djibo : L\u2019AFEP soutient les forces combattantes avec un don de plus de 3 millions de F CFA\"}]},{\"@type\":\"WebSite\",\"@id\":\"https:\\\/\\\/voxsahel.com\\\/#website\",\"url\":\"https:\\\/\\\/voxsahel.com\\\/\",\"name\":\"Vox Sahel\",\"description\":\"Informez-vous sur le Sahel en un clic\",\"publisher\":{\"@id\":\"https:\\\/\\\/voxsahel.com\\\/#organization\"},\"potentialAction\":[{\"@type\":\"SearchAction\",\"target\":{\"@type\":\"EntryPoint\",\"urlTemplate\":\"https:\\\/\\\/voxsahel.com\\\/?s={search_term_string}\"},\"query-input\":{\"@type\":\"PropertyValueSpecification\",\"valueRequired\":true,\"valueName\":\"search_term_string\"}}],\"inLanguage\":\"fr-FR\"},{\"@type\":\"Organization\",\"@id\":\"https:\\\/\\\/voxsahel.com\\\/#organization\",\"name\":\"Vox Sahel\",\"url\":\"https:\\\/\\\/voxsahel.com\\\/\",\"logo\":{\"@type\":\"ImageObject\",\"inLanguage\":\"fr-FR\",\"@id\":\"https:\\\/\\\/voxsahel.com\\\/#\\\/schema\\\/logo\\\/image\\\/\",\"url\":\"https:\\\/\\\/voxsahel.com\\\/wp-content\\\/uploads\\\/2024\\\/09\\\/Logo-Vox-Sahel.jpg\",\"contentUrl\":\"https:\\\/\\\/voxsahel.com\\\/wp-content\\\/uploads\\\/2024\\\/09\\\/Logo-Vox-Sahel.jpg\",\"width\":1181,\"height\":848,\"caption\":\"Vox Sahel\"},\"image\":{\"@id\":\"https:\\\/\\\/voxsahel.com\\\/#\\\/schema\\\/logo\\\/image\\\/\"},\"sameAs\":[\"https:\\\/\\\/www.facebook.com\\\/journal.voxsahel\"]},{\"@type\":\"Person\",\"@id\":\"https:\\\/\\\/voxsahel.com\\\/#\\\/schema\\\/person\\\/b4043608248f8fa227cd760e7ff1e19e\",\"name\":\"Vox Sahel\",\"image\":{\"@type\":\"ImageObject\",\"inLanguage\":\"fr-FR\",\"@id\":\"https:\\\/\\\/secure.gravatar.com\\\/avatar\\\/f70e7fa0cb9b29d4a7c5788d6eb2e9ab4d3135cbae1c9161810fdf77a8964699?s=96&d=mm&r=g\",\"url\":\"https:\\\/\\\/secure.gravatar.com\\\/avatar\\\/f70e7fa0cb9b29d4a7c5788d6eb2e9ab4d3135cbae1c9161810fdf77a8964699?s=96&d=mm&r=g\",\"contentUrl\":\"https:\\\/\\\/secure.gravatar.com\\\/avatar\\\/f70e7fa0cb9b29d4a7c5788d6eb2e9ab4d3135cbae1c9161810fdf77a8964699?s=96&d=mm&r=g\",\"caption\":\"Vox Sahel\"},\"sameAs\":[\"http:\\\/\\\/www.voxsahel.com\"],\"url\":\"https:\\\/\\\/voxsahel.com\\\/?author=2\"}]}<\/script>\n<!-- \/ Yoast SEO plugin. -->","yoast_head_json":{"title":"Djibo : L\u2019AFEP soutient les forces combattantes avec un don de plus de 3 millions de F CFA - Vox Sahel","robots":{"index":"index","follow":"follow","max-snippet":"max-snippet:-1","max-image-preview":"max-image-preview:large","max-video-preview":"max-video-preview:-1"},"canonical":"https:\/\/voxsahel.com\/?p=3038","og_locale":"fr_FR","og_type":"article","og_title":"Djibo : L\u2019AFEP soutient les forces combattantes avec un don de plus de 3 millions de F CFA - Vox Sahel","og_description":"Dans un \u00e9lan de solidarit\u00e9 patriotique et de reconnaissance envers les Forces de d\u00e9fense et","og_url":"https:\/\/voxsahel.com\/?p=3038","og_site_name":"Vox Sahel","article_publisher":"https:\/\/www.facebook.com\/journal.voxsahel","article_published_time":"2025-10-26T21:11:23+00:00","article_modified_time":"2025-10-26T21:19:06+00:00","og_image":[{"width":1152,"height":864,"url":"https:\/\/voxsahel.com\/wp-content\/uploads\/2025\/10\/e3f668a7-678b-4c98-8c32-f26b41884a47.jpeg","type":"image\/jpeg"}],"author":"Vox Sahel","twitter_card":"summary_large_image","twitter_misc":{"\u00c9crit par":"Vox Sahel","Dur\u00e9e de lecture estim\u00e9e":"4 minutes"},"schema":{"@context":"https:\/\/schema.org","@graph":[{"@type":"Article","@id":"https:\/\/voxsahel.com\/?p=3038#article","isPartOf":{"@id":"https:\/\/voxsahel.com\/?p=3038"},"author":{"name":"Vox Sahel","@id":"https:\/\/voxsahel.com\/#\/schema\/person\/b4043608248f8fa227cd760e7ff1e19e"},"headline":"Djibo : L\u2019AFEP soutient les forces combattantes avec un don de plus de 3 millions de F CFA","datePublished":"2025-10-26T21:11:23+00:00","dateModified":"2025-10-26T21:19:06+00:00","mainEntityOfPage":{"@id":"https:\/\/voxsahel.com\/?p=3038"},"wordCount":517,"commentCount":0,"publisher":{"@id":"https:\/\/voxsahel.com\/#organization"},"image":{"@id":"https:\/\/voxsahel.com\/?p=3038#primaryimage"},"thumbnailUrl":"https:\/\/voxsahel.com\/wp-content\/uploads\/2025\/10\/e3f668a7-678b-4c98-8c32-f26b41884a47.jpeg","articleSection":["SOCIETE"],"inLanguage":"fr-FR","potentialAction":[{"@type":"CommentAction","name":"Comment","target":["https:\/\/voxsahel.com\/?p=3038#respond"]}]},{"@type":"WebPage","@id":"https:\/\/voxsahel.com\/?p=3038","url":"https:\/\/voxsahel.com\/?p=3038","name":"Djibo : L\u2019AFEP soutient les forces combattantes avec un don de plus de 3 millions de F CFA - Vox Sahel","isPartOf":{"@id":"https:\/\/voxsahel.com\/#website"},"primaryImageOfPage":{"@id":"https:\/\/voxsahel.com\/?p=3038#primaryimage"},"image":{"@id":"https:\/\/voxsahel.com\/?p=3038#primaryimage"},"thumbnailUrl":"https:\/\/voxsahel.com\/wp-content\/uploads\/2025\/10\/e3f668a7-678b-4c98-8c32-f26b41884a47.jpeg","datePublished":"2025-10-26T21:11:23+00:00","dateModified":"2025-10-26T21:19:06+00:00","breadcrumb":{"@id":"https:\/\/voxsahel.com\/?p=3038#breadcrumb"},"inLanguage":"fr-FR","potentialAction":[{"@type":"ReadAction","target":["https:\/\/voxsahel.com\/?p=3038"]}]},{"@type":"ImageObject","inLanguage":"fr-FR","@id":"https:\/\/voxsahel.com\/?p=3038#primaryimage","url":"https:\/\/voxsahel.com\/wp-content\/uploads\/2025\/10\/e3f668a7-678b-4c98-8c32-f26b41884a47.jpeg","contentUrl":"https:\/\/voxsahel.com\/wp-content\/uploads\/2025\/10\/e3f668a7-678b-4c98-8c32-f26b41884a47.jpeg","width":1152,"height":864},{"@type":"BreadcrumbList","@id":"https:\/\/voxsahel.com\/?p=3038#breadcrumb","itemListElement":[{"@type":"ListItem","position":1,"name":"Home","item":"https:\/\/voxsahel.com\/"},{"@type":"ListItem","position":2,"name":"Djibo : L\u2019AFEP soutient les forces combattantes avec un don de plus de 3 millions de F CFA"}]},{"@type":"WebSite","@id":"https:\/\/voxsahel.com\/#website","url":"https:\/\/voxsahel.com\/","name":"Vox Sahel","description":"Informez-vous sur le Sahel en un clic","publisher":{"@id":"https:\/\/voxsahel.com\/#organization"},"potentialAction":[{"@type":"SearchAction","target":{"@type":"EntryPoint","urlTemplate":"https:\/\/voxsahel.com\/?s={search_term_string}"},"query-input":{"@type":"PropertyValueSpecification","valueRequired":true,"valueName":"search_term_string"}}],"inLanguage":"fr-FR"},{"@type":"Organization","@id":"https:\/\/voxsahel.com\/#organization","name":"Vox Sahel","url":"https:\/\/voxsahel.com\/","logo":{"@type":"ImageObject","inLanguage":"fr-FR","@id":"https:\/\/voxsahel.com\/#\/schema\/logo\/image\/","url":"https:\/\/voxsahel.com\/wp-content\/uploads\/2024\/09\/Logo-Vox-Sahel.jpg","contentUrl":"https:\/\/voxsahel.com\/wp-content\/uploads\/2024\/09\/Logo-Vox-Sahel.jpg","width":1181,"height":848,"caption":"Vox Sahel"},"image":{"@id":"https:\/\/voxsahel.com\/#\/schema\/logo\/image\/"},"sameAs":["https:\/\/www.facebook.com\/journal.voxsahel"]},{"@type":"Person","@id":"https:\/\/voxsahel.com\/#\/schema\/person\/b4043608248f8fa227cd760e7ff1e19e","name":"Vox Sahel","image":{"@type":"ImageObject","inLanguage":"fr-FR","@id":"https:\/\/secure.gravatar.com\/avatar\/f70e7fa0cb9b29d4a7c5788d6eb2e9ab4d3135cbae1c9161810fdf77a8964699?s=96&d=mm&r=g","url":"https:\/\/secure.gravatar.com\/avatar\/f70e7fa0cb9b29d4a7c5788d6eb2e9ab4d3135cbae1c9161810fdf77a8964699?s=96&d=mm&r=g","contentUrl":"https:\/\/secure.gravatar.com\/avatar\/f70e7fa0cb9b29d4a7c5788d6eb2e9ab4d3135cbae1c9161810fdf77a8964699?s=96&d=mm&r=g","caption":"Vox Sahel"},"sameAs":["http:\/\/www.voxsahel.com"],"url":"https:\/\/voxsahel.com\/?author=2"}]}},"_links":{"self":[{"href":"https:\/\/voxsahel.com\/index.php?rest_route=\/wp\/v2\/posts\/3038","targetHints":{"allow":["GET"]}}],"collection":[{"href":"https:\/\/voxsahel.com\/index.php?rest_route=\/wp\/v2\/posts"}],"about":[{"href":"https:\/\/voxsahel.com\/index.php?rest_route=\/wp\/v2\/types\/post"}],"author":[{"embeddable":true,"href":"https:\/\/voxsahel.com\/index.php?rest_route=\/wp\/v2\/users\/2"}],"replies":[{"embeddable":true,"href":"https:\/\/voxsahel.com\/index.php?rest_route=%2Fwp%2Fv2%2Fcomments&post=3038"}],"version-history":[{"count":3,"href":"https:\/\/voxsahel.com\/index.php?rest_route=\/wp\/v2\/posts\/3038\/revisions"}],"predecessor-version":[{"id":3045,"href":"https:\/\/voxsahel.com\/index.php?rest_route=\/wp\/v2\/posts\/3038\/revisions\/3045"}],"wp:featuredmedia":[{"embeddable":true,"href":"https:\/\/voxsahel.com\/index.php?rest_route=\/wp\/v2\/media\/3039"}],"wp:attachment":[{"href":"https:\/\/voxsahel.com\/index.php?rest_route=%2Fwp%2Fv2%2Fmedia&parent=3038"}],"wp:term":[{"taxonomy":"category","embeddable":true,"href":"https:\/\/voxsahel.com\/index.php?rest_route=%2Fwp%2Fv2%2Fcategories&post=3038"},{"taxonomy":"post_tag","embeddable":true,"href":"https:\/\/voxsahel.com\/index.php?rest_route=%2Fwp%2Fv2%2Ftags&post=3038"}],"curies":[{"name":"wp","href":"https:\/\/api.w.org\/{rel}","templated":true}]}}