{"id":3031,"date":"2025-10-25T21:58:55","date_gmt":"2025-10-25T21:58:55","guid":{"rendered":"https:\/\/voxsahel.com\/?p=3031"},"modified":"2025-10-25T22:03:05","modified_gmt":"2025-10-25T22:03:05","slug":"prytanee-militaire-de-kadiogo-la-promotion-massadjami-symbole-de-resilience-et-dunite-africaine","status":"publish","type":"post","link":"https:\/\/voxsahel.com\/?p=3031","title":{"rendered":"Prytan\u00e9e Militaire de Kadiogo : La Promotion \u201cMASSADJAMI\u201d, symbole de r\u00e9silience et d\u2019unit\u00e9 africaine"},"content":{"rendered":"<p class=\"p1\"><b><span class=\"s1\">La nuit du 24 octobre 2025 restera grav\u00e9e dans les annales du Prytan\u00e9e Militaire de Kadiogo (PMK). En cette date solennelle, l\u2019\u00e9cole a consacr\u00e9 la 34<\/span><span class=\"s2\">\u1d49<\/span><span class=\"s1\"> promotion depuis sa r\u00e9ouverture en 1992 : la promotion \u201cMASSADJAMI\u201d, un nom fort, porteur de valeurs et d\u2019esp\u00e9rance.<\/span><\/b><\/p>\n<figure id=\"attachment_3035\" aria-describedby=\"caption-attachment-3035\" style=\"width: 640px\" class=\"wp-caption aligncenter\"><img loading=\"lazy\" decoding=\"async\" class=\"size-large wp-image-3035\" src=\"https:\/\/voxsahel.com\/wp-content\/uploads\/2025\/10\/ba3d513d-6bde-479e-af25-0d37c5e78cdf-1024x682.jpeg\" alt=\"Les 105 \u00e9l\u00e8ves de la Promotion MASSADJAMI \" width=\"640\" height=\"426\" srcset=\"https:\/\/voxsahel.com\/wp-content\/uploads\/2025\/10\/ba3d513d-6bde-479e-af25-0d37c5e78cdf-1024x682.jpeg 1024w, https:\/\/voxsahel.com\/wp-content\/uploads\/2025\/10\/ba3d513d-6bde-479e-af25-0d37c5e78cdf-300x200.jpeg 300w, https:\/\/voxsahel.com\/wp-content\/uploads\/2025\/10\/ba3d513d-6bde-479e-af25-0d37c5e78cdf-768x512.jpeg 768w, https:\/\/voxsahel.com\/wp-content\/uploads\/2025\/10\/ba3d513d-6bde-479e-af25-0d37c5e78cdf-1536x1023.jpeg 1536w, https:\/\/voxsahel.com\/wp-content\/uploads\/2025\/10\/ba3d513d-6bde-479e-af25-0d37c5e78cdf-1080x720.jpeg 1080w, https:\/\/voxsahel.com\/wp-content\/uploads\/2025\/10\/ba3d513d-6bde-479e-af25-0d37c5e78cdf-610x406.jpeg 610w, https:\/\/voxsahel.com\/wp-content\/uploads\/2025\/10\/ba3d513d-6bde-479e-af25-0d37c5e78cdf.jpeg 1600w\" sizes=\"(max-width: 640px) 100vw, 640px\" \/><figcaption id=\"caption-attachment-3035\" class=\"wp-caption-text\">Les 105 \u00e9l\u00e8ves de la Promotion MASSADJAMI<\/figcaption><\/figure>\n<p class=\"p1\"><span class=\"s1\">\u00a0<\/span><span class=\"s1\">Arriv\u00e9s au Prytan\u00e9e le 24 ao\u00fbt dernier, les jeunes de la promotion 2025 ont v\u00e9cu un mois d\u2019adaptation intense, ponctu\u00e9 d\u2019enseignements rigoureux sur l\u2019\u00e9thique et les traditions des Enfants de Troupe. Sous la conduite de leurs a\u00een\u00e9s, ils ont appris \u00e0 int\u00e9grer les valeurs fondamentales du PMK : discipline, respect, esprit de corps et sens du devoir. <\/span><\/p>\n<p class=\"p1\"><span class=\"s1\">D\u00e9sormais, ils se disent pr\u00eats \u00e0 les incarner avec fid\u00e9lit\u00e9 et honneur. Le bapt\u00eame de la promotion MASSADJAMI, qui signifie \u201cR\u00e9silience\u201d en langue gouin, parl\u00e9e dans le Sud-Ouest du Burkina Faso, rend hommage \u00e0 la force morale du peuple burkinab\u00e8 et des populations de l\u2019Alliance des \u00c9tats du Sahel (AES). Ce nom illustre la d\u00e9termination de ceux qui refusent de c\u00e9der face \u00e0 l\u2019adversit\u00e9, un \u00e9tat d\u2019esprit que le Prytan\u00e9e souhaite voir grav\u00e9 dans le c\u0153ur de ses \u00e9l\u00e8ves.<\/span><\/p>\n<figure id=\"attachment_3036\" aria-describedby=\"caption-attachment-3036\" style=\"width: 640px\" class=\"wp-caption aligncenter\"><img loading=\"lazy\" decoding=\"async\" class=\"size-large wp-image-3036\" src=\"https:\/\/voxsahel.com\/wp-content\/uploads\/2025\/10\/7afdbcc6-5b1e-443f-b59a-ea964ae3386a-1024x682.jpeg\" alt=\"Ils ont re\u00e7u leurs \u00e9paulettes au cours d\u2019une c\u00e9r\u00e9monie empreinte de solennit\u00e9\" width=\"640\" height=\"426\" srcset=\"https:\/\/voxsahel.com\/wp-content\/uploads\/2025\/10\/7afdbcc6-5b1e-443f-b59a-ea964ae3386a-1024x682.jpeg 1024w, https:\/\/voxsahel.com\/wp-content\/uploads\/2025\/10\/7afdbcc6-5b1e-443f-b59a-ea964ae3386a-300x200.jpeg 300w, https:\/\/voxsahel.com\/wp-content\/uploads\/2025\/10\/7afdbcc6-5b1e-443f-b59a-ea964ae3386a-768x512.jpeg 768w, https:\/\/voxsahel.com\/wp-content\/uploads\/2025\/10\/7afdbcc6-5b1e-443f-b59a-ea964ae3386a-1536x1023.jpeg 1536w, https:\/\/voxsahel.com\/wp-content\/uploads\/2025\/10\/7afdbcc6-5b1e-443f-b59a-ea964ae3386a-1080x720.jpeg 1080w, https:\/\/voxsahel.com\/wp-content\/uploads\/2025\/10\/7afdbcc6-5b1e-443f-b59a-ea964ae3386a-610x406.jpeg 610w, https:\/\/voxsahel.com\/wp-content\/uploads\/2025\/10\/7afdbcc6-5b1e-443f-b59a-ea964ae3386a.jpeg 1600w\" sizes=\"(max-width: 640px) 100vw, 640px\" \/><figcaption id=\"caption-attachment-3036\" class=\"wp-caption-text\">Ils ont re\u00e7u leurs \u00e9paulettes au cours d\u2019une c\u00e9r\u00e9monie empreinte de solennit\u00e9<\/figcaption><\/figure>\n<p class=\"p1\"><span class=\"s1\">Compos\u00e9e de 105 \u00e9l\u00e8ves, dont 70 gar\u00e7ons et 35 filles, la promotion r\u00e9unit des jeunes issus de 12 pays africains : le Burkina Faso, le B\u00e9nin, le Cameroun, la Centrafrique, le Congo Brazzaville, le Gabon, la Guin\u00e9e, le Mali, le Niger, le S\u00e9n\u00e9gal, le Tchad et le Togo. Une diversit\u00e9 qui t\u00e9moigne du rayonnement du Prytan\u00e9e Militaire de Kadiogo sur le continent, et de sa vocation panafricaine.<\/span><\/p>\n<p class=\"p1\"><span class=\"s1\">Devant leurs familles, leurs devanciers, le corps enseignant, l\u2019encadrement ainsi que leurs parrains de la promotion 2005 et leurs grands parrains de la promotion 1975, les nouveaux Enfants de Troupe ont re\u00e7u leurs \u00e9paulettes et autres attributs officiels. Ce moment symbolique, empreint d\u2019\u00e9motion et de fiert\u00e9, marque leur entr\u00e9e d\u00e9finitive dans la grande famille des Enfants de Troupe.<\/span><\/p>\n<figure id=\"attachment_3032\" aria-describedby=\"caption-attachment-3032\" style=\"width: 640px\" class=\"wp-caption aligncenter\"><img loading=\"lazy\" decoding=\"async\" class=\"size-large wp-image-3032\" src=\"https:\/\/voxsahel.com\/wp-content\/uploads\/2025\/10\/818aaa1f-a55f-47da-9641-d4df005635e3-1024x682.jpeg\" alt=\"Photo de famille avec la hi\u00e9rarchie militaire\" width=\"640\" height=\"426\" srcset=\"https:\/\/voxsahel.com\/wp-content\/uploads\/2025\/10\/818aaa1f-a55f-47da-9641-d4df005635e3-1024x682.jpeg 1024w, https:\/\/voxsahel.com\/wp-content\/uploads\/2025\/10\/818aaa1f-a55f-47da-9641-d4df005635e3-300x200.jpeg 300w, https:\/\/voxsahel.com\/wp-content\/uploads\/2025\/10\/818aaa1f-a55f-47da-9641-d4df005635e3-768x512.jpeg 768w, https:\/\/voxsahel.com\/wp-content\/uploads\/2025\/10\/818aaa1f-a55f-47da-9641-d4df005635e3-1536x1023.jpeg 1536w, https:\/\/voxsahel.com\/wp-content\/uploads\/2025\/10\/818aaa1f-a55f-47da-9641-d4df005635e3-1080x720.jpeg 1080w, https:\/\/voxsahel.com\/wp-content\/uploads\/2025\/10\/818aaa1f-a55f-47da-9641-d4df005635e3-610x406.jpeg 610w, https:\/\/voxsahel.com\/wp-content\/uploads\/2025\/10\/818aaa1f-a55f-47da-9641-d4df005635e3.jpeg 1600w\" sizes=\"(max-width: 640px) 100vw, 640px\" \/><figcaption id=\"caption-attachment-3032\" class=\"wp-caption-text\">Photo de famille avec la hi\u00e9rarchie militaire<\/figcaption><\/figure>\n<p class=\"p1\"><span class=\"s1\">En pr\u00eatant serment, les jeunes prytanes ont jur\u00e9 de pr\u00e9server l\u2019h\u00e9ritage de leurs anciens, de maintenir haut le flambeau allum\u00e9 depuis 1951 et de transmettre, \u00e0 leur tour, les valeurs d\u2019excellence et de service qui font la renomm\u00e9e du PMK. D\u00e9sormais int\u00e9gr\u00e9s \u00e0 part enti\u00e8re, ils s\u2019engagent sur la voie de l\u2019effort, de la rigueur et du savoir, conform\u00e9ment \u00e0 la devise de l\u2019\u00e9cole : \u201cS\u2019instruire pour mieux servir.\u201d<\/span><\/p>\n<p class=\"p1\" style=\"text-align: right;\"><strong><span class=\"s1\">Par Amir BAKO <\/span><\/strong><\/p>\n","protected":false},"excerpt":{"rendered":"<p>La nuit du 24 octobre 2025 restera grav\u00e9e dans les annales du Prytan\u00e9e Militaire de<\/p>\n","protected":false},"author":2,"featured_media":3032,"comment_status":"open","ping_status":"open","sticky":false,"template":"","format":"standard","meta":{"_et_pb_use_builder":"","_et_pb_old_content":"","_et_gb_content_width":"","footnotes":""},"categories":[9],"tags":[18,54,305,451,948],"class_list":["post-3031","post","type-post","status-publish","format-standard","has-post-thumbnail","hentry","category-education","tag-burkina-faso","tag-education","tag-forces-armees-nationales-du-burkina-faso","tag-militaire","tag-prytanee-militaire-de-kadiogo"],"yoast_head":"<!-- This site is optimized with the Yoast SEO plugin v27.5 - https:\/\/yoast.com\/product\/yoast-seo-wordpress\/ -->\n<title>Prytan\u00e9e Militaire de Kadiogo : La Promotion \u201cMASSADJAMI\u201d, symbole de r\u00e9silience et d\u2019unit\u00e9 africaine - Vox Sahel<\/title>\n<meta name=\"robots\" content=\"index, follow, max-snippet:-1, max-image-preview:large, max-video-preview:-1\" \/>\n<link rel=\"canonical\" href=\"https:\/\/voxsahel.com\/?p=3031\" \/>\n<meta property=\"og:locale\" content=\"fr_FR\" \/>\n<meta property=\"og:type\" content=\"article\" \/>\n<meta property=\"og:title\" content=\"Prytan\u00e9e Militaire de Kadiogo : La Promotion \u201cMASSADJAMI\u201d, symbole de r\u00e9silience et d\u2019unit\u00e9 africaine - Vox Sahel\" \/>\n<meta property=\"og:description\" content=\"La nuit du 24 octobre 2025 restera grav\u00e9e dans les annales du Prytan\u00e9e Militaire de\" \/>\n<meta property=\"og:url\" content=\"https:\/\/voxsahel.com\/?p=3031\" \/>\n<meta property=\"og:site_name\" content=\"Vox Sahel\" \/>\n<meta property=\"article:publisher\" content=\"https:\/\/www.facebook.com\/journal.voxsahel\" \/>\n<meta property=\"article:published_time\" content=\"2025-10-25T21:58:55+00:00\" \/>\n<meta property=\"article:modified_time\" content=\"2025-10-25T22:03:05+00:00\" \/>\n<meta property=\"og:image\" content=\"https:\/\/voxsahel.com\/wp-content\/uploads\/2025\/10\/818aaa1f-a55f-47da-9641-d4df005635e3.jpeg\" \/>\n\t<meta property=\"og:image:width\" content=\"1600\" \/>\n\t<meta property=\"og:image:height\" content=\"1066\" \/>\n\t<meta property=\"og:image:type\" content=\"image\/jpeg\" \/>\n<meta name=\"author\" content=\"Vox Sahel\" \/>\n<meta name=\"twitter:card\" content=\"summary_large_image\" \/>\n<meta name=\"twitter:label1\" content=\"\u00c9crit par\" \/>\n\t<meta name=\"twitter:data1\" content=\"Vox Sahel\" \/>\n\t<meta name=\"twitter:label2\" content=\"Dur\u00e9e de lecture estim\u00e9e\" \/>\n\t<meta name=\"twitter:data2\" content=\"3 minutes\" \/>\n<script type=\"application\/ld+json\" class=\"yoast-schema-graph\">{\"@context\":\"https:\\\/\\\/schema.org\",\"@graph\":[{\"@type\":\"Article\",\"@id\":\"https:\\\/\\\/voxsahel.com\\\/?p=3031#article\",\"isPartOf\":{\"@id\":\"https:\\\/\\\/voxsahel.com\\\/?p=3031\"},\"author\":{\"name\":\"Vox Sahel\",\"@id\":\"https:\\\/\\\/voxsahel.com\\\/#\\\/schema\\\/person\\\/b4043608248f8fa227cd760e7ff1e19e\"},\"headline\":\"Prytan\u00e9e Militaire de Kadiogo : La Promotion \u201cMASSADJAMI\u201d, symbole de r\u00e9silience et d\u2019unit\u00e9 africaine\",\"datePublished\":\"2025-10-25T21:58:55+00:00\",\"dateModified\":\"2025-10-25T22:03:05+00:00\",\"mainEntityOfPage\":{\"@id\":\"https:\\\/\\\/voxsahel.com\\\/?p=3031\"},\"wordCount\":481,\"commentCount\":0,\"publisher\":{\"@id\":\"https:\\\/\\\/voxsahel.com\\\/#organization\"},\"image\":{\"@id\":\"https:\\\/\\\/voxsahel.com\\\/?p=3031#primaryimage\"},\"thumbnailUrl\":\"https:\\\/\\\/voxsahel.com\\\/wp-content\\\/uploads\\\/2025\\\/10\\\/818aaa1f-a55f-47da-9641-d4df005635e3.jpeg\",\"keywords\":[\"Burkina Faso\",\"Education\",\"Forces arm\u00e9es nationales du Burkina Faso\",\"Militaire\",\"Prytan\u00e9e militaire de Kadiogo\"],\"articleSection\":[\"EDUCATION\"],\"inLanguage\":\"fr-FR\",\"potentialAction\":[{\"@type\":\"CommentAction\",\"name\":\"Comment\",\"target\":[\"https:\\\/\\\/voxsahel.com\\\/?p=3031#respond\"]}]},{\"@type\":\"WebPage\",\"@id\":\"https:\\\/\\\/voxsahel.com\\\/?p=3031\",\"url\":\"https:\\\/\\\/voxsahel.com\\\/?p=3031\",\"name\":\"Prytan\u00e9e Militaire de Kadiogo : La Promotion \u201cMASSADJAMI\u201d, symbole de r\u00e9silience et d\u2019unit\u00e9 africaine - Vox Sahel\",\"isPartOf\":{\"@id\":\"https:\\\/\\\/voxsahel.com\\\/#website\"},\"primaryImageOfPage\":{\"@id\":\"https:\\\/\\\/voxsahel.com\\\/?p=3031#primaryimage\"},\"image\":{\"@id\":\"https:\\\/\\\/voxsahel.com\\\/?p=3031#primaryimage\"},\"thumbnailUrl\":\"https:\\\/\\\/voxsahel.com\\\/wp-content\\\/uploads\\\/2025\\\/10\\\/818aaa1f-a55f-47da-9641-d4df005635e3.jpeg\",\"datePublished\":\"2025-10-25T21:58:55+00:00\",\"dateModified\":\"2025-10-25T22:03:05+00:00\",\"breadcrumb\":{\"@id\":\"https:\\\/\\\/voxsahel.com\\\/?p=3031#breadcrumb\"},\"inLanguage\":\"fr-FR\",\"potentialAction\":[{\"@type\":\"ReadAction\",\"target\":[\"https:\\\/\\\/voxsahel.com\\\/?p=3031\"]}]},{\"@type\":\"ImageObject\",\"inLanguage\":\"fr-FR\",\"@id\":\"https:\\\/\\\/voxsahel.com\\\/?p=3031#primaryimage\",\"url\":\"https:\\\/\\\/voxsahel.com\\\/wp-content\\\/uploads\\\/2025\\\/10\\\/818aaa1f-a55f-47da-9641-d4df005635e3.jpeg\",\"contentUrl\":\"https:\\\/\\\/voxsahel.com\\\/wp-content\\\/uploads\\\/2025\\\/10\\\/818aaa1f-a55f-47da-9641-d4df005635e3.jpeg\",\"width\":1600,\"height\":1066,\"caption\":\"Photo de famille avec la hi\u00e9rarchie militaire\"},{\"@type\":\"BreadcrumbList\",\"@id\":\"https:\\\/\\\/voxsahel.com\\\/?p=3031#breadcrumb\",\"itemListElement\":[{\"@type\":\"ListItem\",\"position\":1,\"name\":\"Home\",\"item\":\"https:\\\/\\\/voxsahel.com\\\/\"},{\"@type\":\"ListItem\",\"position\":2,\"name\":\"Prytan\u00e9e Militaire de Kadiogo : La Promotion \u201cMASSADJAMI\u201d, symbole de r\u00e9silience et d\u2019unit\u00e9 africaine\"}]},{\"@type\":\"WebSite\",\"@id\":\"https:\\\/\\\/voxsahel.com\\\/#website\",\"url\":\"https:\\\/\\\/voxsahel.com\\\/\",\"name\":\"Vox Sahel\",\"description\":\"Informez-vous sur le Sahel en un clic\",\"publisher\":{\"@id\":\"https:\\\/\\\/voxsahel.com\\\/#organization\"},\"potentialAction\":[{\"@type\":\"SearchAction\",\"target\":{\"@type\":\"EntryPoint\",\"urlTemplate\":\"https:\\\/\\\/voxsahel.com\\\/?s={search_term_string}\"},\"query-input\":{\"@type\":\"PropertyValueSpecification\",\"valueRequired\":true,\"valueName\":\"search_term_string\"}}],\"inLanguage\":\"fr-FR\"},{\"@type\":\"Organization\",\"@id\":\"https:\\\/\\\/voxsahel.com\\\/#organization\",\"name\":\"Vox Sahel\",\"url\":\"https:\\\/\\\/voxsahel.com\\\/\",\"logo\":{\"@type\":\"ImageObject\",\"inLanguage\":\"fr-FR\",\"@id\":\"https:\\\/\\\/voxsahel.com\\\/#\\\/schema\\\/logo\\\/image\\\/\",\"url\":\"https:\\\/\\\/voxsahel.com\\\/wp-content\\\/uploads\\\/2024\\\/09\\\/Logo-Vox-Sahel.jpg\",\"contentUrl\":\"https:\\\/\\\/voxsahel.com\\\/wp-content\\\/uploads\\\/2024\\\/09\\\/Logo-Vox-Sahel.jpg\",\"width\":1181,\"height\":848,\"caption\":\"Vox Sahel\"},\"image\":{\"@id\":\"https:\\\/\\\/voxsahel.com\\\/#\\\/schema\\\/logo\\\/image\\\/\"},\"sameAs\":[\"https:\\\/\\\/www.facebook.com\\\/journal.voxsahel\"]},{\"@type\":\"Person\",\"@id\":\"https:\\\/\\\/voxsahel.com\\\/#\\\/schema\\\/person\\\/b4043608248f8fa227cd760e7ff1e19e\",\"name\":\"Vox Sahel\",\"image\":{\"@type\":\"ImageObject\",\"inLanguage\":\"fr-FR\",\"@id\":\"https:\\\/\\\/secure.gravatar.com\\\/avatar\\\/f70e7fa0cb9b29d4a7c5788d6eb2e9ab4d3135cbae1c9161810fdf77a8964699?s=96&d=mm&r=g\",\"url\":\"https:\\\/\\\/secure.gravatar.com\\\/avatar\\\/f70e7fa0cb9b29d4a7c5788d6eb2e9ab4d3135cbae1c9161810fdf77a8964699?s=96&d=mm&r=g\",\"contentUrl\":\"https:\\\/\\\/secure.gravatar.com\\\/avatar\\\/f70e7fa0cb9b29d4a7c5788d6eb2e9ab4d3135cbae1c9161810fdf77a8964699?s=96&d=mm&r=g\",\"caption\":\"Vox Sahel\"},\"sameAs\":[\"http:\\\/\\\/www.voxsahel.com\"],\"url\":\"https:\\\/\\\/voxsahel.com\\\/?author=2\"}]}<\/script>\n<!-- \/ Yoast SEO plugin. -->","yoast_head_json":{"title":"Prytan\u00e9e Militaire de Kadiogo : La Promotion \u201cMASSADJAMI\u201d, symbole de r\u00e9silience et d\u2019unit\u00e9 africaine - Vox Sahel","robots":{"index":"index","follow":"follow","max-snippet":"max-snippet:-1","max-image-preview":"max-image-preview:large","max-video-preview":"max-video-preview:-1"},"canonical":"https:\/\/voxsahel.com\/?p=3031","og_locale":"fr_FR","og_type":"article","og_title":"Prytan\u00e9e Militaire de Kadiogo : La Promotion \u201cMASSADJAMI\u201d, symbole de r\u00e9silience et d\u2019unit\u00e9 africaine - Vox Sahel","og_description":"La nuit du 24 octobre 2025 restera grav\u00e9e dans les annales du Prytan\u00e9e Militaire de","og_url":"https:\/\/voxsahel.com\/?p=3031","og_site_name":"Vox Sahel","article_publisher":"https:\/\/www.facebook.com\/journal.voxsahel","article_published_time":"2025-10-25T21:58:55+00:00","article_modified_time":"2025-10-25T22:03:05+00:00","og_image":[{"width":1600,"height":1066,"url":"https:\/\/voxsahel.com\/wp-content\/uploads\/2025\/10\/818aaa1f-a55f-47da-9641-d4df005635e3.jpeg","type":"image\/jpeg"}],"author":"Vox Sahel","twitter_card":"summary_large_image","twitter_misc":{"\u00c9crit par":"Vox Sahel","Dur\u00e9e de lecture estim\u00e9e":"3 minutes"},"schema":{"@context":"https:\/\/schema.org","@graph":[{"@type":"Article","@id":"https:\/\/voxsahel.com\/?p=3031#article","isPartOf":{"@id":"https:\/\/voxsahel.com\/?p=3031"},"author":{"name":"Vox Sahel","@id":"https:\/\/voxsahel.com\/#\/schema\/person\/b4043608248f8fa227cd760e7ff1e19e"},"headline":"Prytan\u00e9e Militaire de Kadiogo : La Promotion \u201cMASSADJAMI\u201d, symbole de r\u00e9silience et d\u2019unit\u00e9 africaine","datePublished":"2025-10-25T21:58:55+00:00","dateModified":"2025-10-25T22:03:05+00:00","mainEntityOfPage":{"@id":"https:\/\/voxsahel.com\/?p=3031"},"wordCount":481,"commentCount":0,"publisher":{"@id":"https:\/\/voxsahel.com\/#organization"},"image":{"@id":"https:\/\/voxsahel.com\/?p=3031#primaryimage"},"thumbnailUrl":"https:\/\/voxsahel.com\/wp-content\/uploads\/2025\/10\/818aaa1f-a55f-47da-9641-d4df005635e3.jpeg","keywords":["Burkina Faso","Education","Forces arm\u00e9es nationales du Burkina Faso","Militaire","Prytan\u00e9e militaire de Kadiogo"],"articleSection":["EDUCATION"],"inLanguage":"fr-FR","potentialAction":[{"@type":"CommentAction","name":"Comment","target":["https:\/\/voxsahel.com\/?p=3031#respond"]}]},{"@type":"WebPage","@id":"https:\/\/voxsahel.com\/?p=3031","url":"https:\/\/voxsahel.com\/?p=3031","name":"Prytan\u00e9e Militaire de Kadiogo : La Promotion \u201cMASSADJAMI\u201d, symbole de r\u00e9silience et d\u2019unit\u00e9 africaine - Vox Sahel","isPartOf":{"@id":"https:\/\/voxsahel.com\/#website"},"primaryImageOfPage":{"@id":"https:\/\/voxsahel.com\/?p=3031#primaryimage"},"image":{"@id":"https:\/\/voxsahel.com\/?p=3031#primaryimage"},"thumbnailUrl":"https:\/\/voxsahel.com\/wp-content\/uploads\/2025\/10\/818aaa1f-a55f-47da-9641-d4df005635e3.jpeg","datePublished":"2025-10-25T21:58:55+00:00","dateModified":"2025-10-25T22:03:05+00:00","breadcrumb":{"@id":"https:\/\/voxsahel.com\/?p=3031#breadcrumb"},"inLanguage":"fr-FR","potentialAction":[{"@type":"ReadAction","target":["https:\/\/voxsahel.com\/?p=3031"]}]},{"@type":"ImageObject","inLanguage":"fr-FR","@id":"https:\/\/voxsahel.com\/?p=3031#primaryimage","url":"https:\/\/voxsahel.com\/wp-content\/uploads\/2025\/10\/818aaa1f-a55f-47da-9641-d4df005635e3.jpeg","contentUrl":"https:\/\/voxsahel.com\/wp-content\/uploads\/2025\/10\/818aaa1f-a55f-47da-9641-d4df005635e3.jpeg","width":1600,"height":1066,"caption":"Photo de famille avec la hi\u00e9rarchie militaire"},{"@type":"BreadcrumbList","@id":"https:\/\/voxsahel.com\/?p=3031#breadcrumb","itemListElement":[{"@type":"ListItem","position":1,"name":"Home","item":"https:\/\/voxsahel.com\/"},{"@type":"ListItem","position":2,"name":"Prytan\u00e9e Militaire de Kadiogo : La Promotion \u201cMASSADJAMI\u201d, symbole de r\u00e9silience et d\u2019unit\u00e9 africaine"}]},{"@type":"WebSite","@id":"https:\/\/voxsahel.com\/#website","url":"https:\/\/voxsahel.com\/","name":"Vox Sahel","description":"Informez-vous sur le Sahel en un clic","publisher":{"@id":"https:\/\/voxsahel.com\/#organization"},"potentialAction":[{"@type":"SearchAction","target":{"@type":"EntryPoint","urlTemplate":"https:\/\/voxsahel.com\/?s={search_term_string}"},"query-input":{"@type":"PropertyValueSpecification","valueRequired":true,"valueName":"search_term_string"}}],"inLanguage":"fr-FR"},{"@type":"Organization","@id":"https:\/\/voxsahel.com\/#organization","name":"Vox Sahel","url":"https:\/\/voxsahel.com\/","logo":{"@type":"ImageObject","inLanguage":"fr-FR","@id":"https:\/\/voxsahel.com\/#\/schema\/logo\/image\/","url":"https:\/\/voxsahel.com\/wp-content\/uploads\/2024\/09\/Logo-Vox-Sahel.jpg","contentUrl":"https:\/\/voxsahel.com\/wp-content\/uploads\/2024\/09\/Logo-Vox-Sahel.jpg","width":1181,"height":848,"caption":"Vox Sahel"},"image":{"@id":"https:\/\/voxsahel.com\/#\/schema\/logo\/image\/"},"sameAs":["https:\/\/www.facebook.com\/journal.voxsahel"]},{"@type":"Person","@id":"https:\/\/voxsahel.com\/#\/schema\/person\/b4043608248f8fa227cd760e7ff1e19e","name":"Vox Sahel","image":{"@type":"ImageObject","inLanguage":"fr-FR","@id":"https:\/\/secure.gravatar.com\/avatar\/f70e7fa0cb9b29d4a7c5788d6eb2e9ab4d3135cbae1c9161810fdf77a8964699?s=96&d=mm&r=g","url":"https:\/\/secure.gravatar.com\/avatar\/f70e7fa0cb9b29d4a7c5788d6eb2e9ab4d3135cbae1c9161810fdf77a8964699?s=96&d=mm&r=g","contentUrl":"https:\/\/secure.gravatar.com\/avatar\/f70e7fa0cb9b29d4a7c5788d6eb2e9ab4d3135cbae1c9161810fdf77a8964699?s=96&d=mm&r=g","caption":"Vox Sahel"},"sameAs":["http:\/\/www.voxsahel.com"],"url":"https:\/\/voxsahel.com\/?author=2"}]}},"_links":{"self":[{"href":"https:\/\/voxsahel.com\/index.php?rest_route=\/wp\/v2\/posts\/3031","targetHints":{"allow":["GET"]}}],"collection":[{"href":"https:\/\/voxsahel.com\/index.php?rest_route=\/wp\/v2\/posts"}],"about":[{"href":"https:\/\/voxsahel.com\/index.php?rest_route=\/wp\/v2\/types\/post"}],"author":[{"embeddable":true,"href":"https:\/\/voxsahel.com\/index.php?rest_route=\/wp\/v2\/users\/2"}],"replies":[{"embeddable":true,"href":"https:\/\/voxsahel.com\/index.php?rest_route=%2Fwp%2Fv2%2Fcomments&post=3031"}],"version-history":[{"count":3,"href":"https:\/\/voxsahel.com\/index.php?rest_route=\/wp\/v2\/posts\/3031\/revisions"}],"predecessor-version":[{"id":3037,"href":"https:\/\/voxsahel.com\/index.php?rest_route=\/wp\/v2\/posts\/3031\/revisions\/3037"}],"wp:featuredmedia":[{"embeddable":true,"href":"https:\/\/voxsahel.com\/index.php?rest_route=\/wp\/v2\/media\/3032"}],"wp:attachment":[{"href":"https:\/\/voxsahel.com\/index.php?rest_route=%2Fwp%2Fv2%2Fmedia&parent=3031"}],"wp:term":[{"taxonomy":"category","embeddable":true,"href":"https:\/\/voxsahel.com\/index.php?rest_route=%2Fwp%2Fv2%2Fcategories&post=3031"},{"taxonomy":"post_tag","embeddable":true,"href":"https:\/\/voxsahel.com\/index.php?rest_route=%2Fwp%2Fv2%2Ftags&post=3031"}],"curies":[{"name":"wp","href":"https:\/\/api.w.org\/{rel}","templated":true}]}}