{"id":3025,"date":"2025-10-25T11:31:48","date_gmt":"2025-10-25T11:31:48","guid":{"rendered":"https:\/\/voxsahel.com\/?p=3025"},"modified":"2025-10-25T13:49:08","modified_gmt":"2025-10-25T13:49:08","slug":"depart-de-kamou-malo-les-dessous-de-la-fin-dune-ere-a-la-tete-des-etalons","status":"publish","type":"post","link":"https:\/\/voxsahel.com\/?p=3025","title":{"rendered":"D\u00e9part de Kamou Malo\u00a0: Les Dessous de la fin d\u2019une \u00e8re \u00e0 la t\u00eate des \u00c9talons"},"content":{"rendered":"<p>Le dernier match de classement des\u00a0\u00c9talons\u00a0\u00e0 la\u00a0CAN 2021\u00a0au\u00a0Cameroun\u00a0\u00e9tait\u00a0la petite finale pour la troisi\u00e8me place, qui s&rsquo;est d\u00e9roul\u00e9e le 5 f\u00e9vrier 2022 contre le Cameroun. Le Cameroun a remport\u00e9 le match aux tirs au but apr\u00e8s un match nul 3-3, rel\u00e9guant le Burkina Faso \u00e0 la quatri\u00e8me place du tournoi.\u00a0Un match qui semblablement va \u00e0 jamais tracer le sort du s\u00e9lectionneur Kamou Malo.<\/p>\n<p>C\u2019est dans une atmosph\u00e8re \u00e0 la fois lourde et empreinte d\u2019\u00e9motion que Kamou Malo, s\u00e9lectionneur national des \u00c9talons du Burkina Faso, est revenu sur les circonstances de son d\u00e9part de la t\u00eate de l\u2019\u00e9quipe nationale. L\u2019homme, reconnu pour son calme et son franc-parler, a lev\u00e9 le voile sur les dessous d\u2019une s\u00e9paration qui, selon lui, a \u00e9t\u00e9 pr\u00e9cipit\u00e9e par des facteurs extra-sportifs autant que par le poids de l\u2019\u00e9motion populaire.<\/p>\n<p>Lors d\u2019un entretien empreint de sinc\u00e9rit\u00e9, Kamou Malo est revenu sur le match qui, selon beaucoup, aurait \u00ab scell\u00e9 son sort \u00bb. \u00ab C\u2019est ce match-l\u00e0 que les gens ont pris pour en faire un pr\u00e9texte, \u00bb confie-t-il, avant d\u2019ajouter qu\u2019il avait d\u00e9j\u00e0 d\u00fb faire face \u00e0 de nombreuses man\u0153uvres destin\u00e9es \u00e0 fragiliser son poste. \u00ab Tout ce qui avait \u00e9t\u00e9 organis\u00e9 comme cabale, j\u2019ai eu la chance de pouvoir contourner ces obstacles. Mais cette fois, le contexte \u00e9motionnel a jou\u00e9 contre moi. \u00bb<\/p>\n<p>Le technicien burkinab\u00e8, qui avait pourtant conduit les \u00c9talons \u00e0 une campagne salu\u00e9e au plan continental, affirme avoir \u00e9t\u00e9 surpris par la tournure des \u00e9v\u00e9nements. \u00ab Pour moi, si je revenais avec une m\u00e9daille, il serait difficile qu\u2019on ne me reconduise pas. Mais comme le match a vir\u00e9 au cauchemar, certains en ont profit\u00e9. \u00bb<\/p>\n<p>Selon Kamou Malo, le peuple burkinab\u00e8, passionn\u00e9 de football, a laiss\u00e9 parler son c\u0153ur plus que la raison. \u00ab Le Burkina Faso est tr\u00e8s \u00e9motif. On s\u2019est appuy\u00e9 sur cette \u00e9motion n\u00e9gative pour sceller mon sort, \u00bb raconte-t-il, avant de revenir sur la sc\u00e8ne qui a marqu\u00e9 son d\u00e9part. Trois jours apr\u00e8s la rencontre, il re\u00e7oit un appel du directeur de cabinet du minist\u00e8re des Sports, M. Sori, lui demandant de se rendre \u00e0 la F\u00e9d\u00e9ration. \u00ab Le pr\u00e9sident tentait de te joindre, m\u2019a-t-il dit. J\u2019ai r\u00e9pondu que je n\u2019\u00e9tais pas au courant. \u00bb<\/p>\n<p>\u00c0 son arriv\u00e9e \u00e0 la F\u00e9d\u00e9ration, Kamou Malo d\u00e9couvre un dispositif qui le laisse perplexe. \u00ab On m\u2019a r\u00e9cup\u00e9r\u00e9 mon portable \u00e0 l\u2019entr\u00e9e. J\u2019ai trouv\u00e9 cela \u00e9trange, mais je suis rest\u00e9 calme. \u00bb Face au pr\u00e9sident de la F\u00e9d\u00e9ration burkinab\u00e8 de football, il entend un discours de reconnaissance teint\u00e9 de rupture : \u00ab Coach, tu as fait une belle campagne, le boulot est bien fait, mais j\u2019ai d\u2019autres ambitions pour le football burkinab\u00e8. \u00bb<\/p>\n<p>Le message est clair : malgr\u00e9 les bons r\u00e9sultats, le technicien ne sera pas reconduit. \u00ab Le Dircab m\u2019a dit alors : \u201c\u00c7a veut dire qu\u2019on ne va pas te renouveler ?\u201d J\u2019ai simplement pris ma bouteille d\u2019eau et je suis parti. \u00bb<\/p>\n<p>Ce que Kamou Malo regrette avant tout, ce n\u2019est pas la d\u00e9cision elle-m\u00eame, mais la mani\u00e8re dont elle a \u00e9t\u00e9 orchestr\u00e9e. \u00ab Ce qui m\u2019a fait mal, c\u2019est que, \u00e0 peine j\u2019ai quitt\u00e9 la F\u00e9d\u00e9ration, les r\u00e9seaux sociaux \u00e9taient d\u00e9j\u00e0 inond\u00e9s de la nouvelle. \u00bb Une fuite pr\u00e9matur\u00e9e qui, selon lui, traduit un manque de respect pour l\u2019homme et pour le travail accompli.<\/p>\n<p>Sous la houlette de Kamou Malo, les \u00c9talons avaient retrouv\u00e9 une identit\u00e9 de jeu et un esprit de combativit\u00e9 qui avaient s\u00e9duit les supporters. Son d\u00e9part marque donc la fin d\u2019un cycle, mais aussi la page d\u2019une aventure humaine forte, v\u00e9cue entre doutes, espoirs et fiert\u00e9 nationale.<\/p>\n<p>Aujourd\u2019hui, l\u2019ancien s\u00e9lectionneur pr\u00e9f\u00e8re retenir le positif : \u00ab J\u2019ai servi mon pays avec honneur. Le football burkinab\u00e8 a de l\u2019avenir, et si ma modeste contribution a permis de le faire grandir, alors je pars en paix. \u00bb<\/p>\n<p>Une sortie digne, \u00e0 l\u2019image de l\u2019homme qu\u2019il a toujours \u00e9t\u00e9 : sobre, d\u00e9termin\u00e9 et profond\u00e9ment attach\u00e9 \u00e0 son drapeau.<\/p>\n<p style=\"text-align: right;\"><strong>Par Vox Sahel<\/strong><\/p>\n","protected":false},"excerpt":{"rendered":"<p>Le dernier match de classement des\u00a0\u00c9talons\u00a0\u00e0 la\u00a0CAN 2021\u00a0au\u00a0Cameroun\u00a0\u00e9tait\u00a0la petite finale pour la troisi\u00e8me place, qui<\/p>\n","protected":false},"author":2,"featured_media":3027,"comment_status":"open","ping_status":"open","sticky":false,"template":"","format":"standard","meta":{"_et_pb_use_builder":"","_et_pb_old_content":"","_et_gb_content_width":"","footnotes":""},"categories":[12],"tags":[18,660,35,952,34],"class_list":["post-3025","post","type-post","status-publish","format-standard","has-post-thumbnail","hentry","category-sports","tag-burkina-faso","tag-confederation-africaine-de-football","tag-football","tag-kambou-malo","tag-sport"],"yoast_head":"<!-- This site is optimized with the Yoast SEO plugin v27.5 - https:\/\/yoast.com\/product\/yoast-seo-wordpress\/ -->\n<title>D\u00e9part de Kamou Malo\u00a0: Les Dessous de la fin d\u2019une \u00e8re \u00e0 la t\u00eate des \u00c9talons - Vox Sahel<\/title>\n<meta name=\"robots\" content=\"index, follow, max-snippet:-1, max-image-preview:large, max-video-preview:-1\" \/>\n<link rel=\"canonical\" href=\"https:\/\/voxsahel.com\/?p=3025\" \/>\n<meta property=\"og:locale\" content=\"fr_FR\" \/>\n<meta property=\"og:type\" content=\"article\" \/>\n<meta property=\"og:title\" content=\"D\u00e9part de Kamou Malo\u00a0: Les Dessous de la fin d\u2019une \u00e8re \u00e0 la t\u00eate des \u00c9talons - Vox Sahel\" \/>\n<meta property=\"og:description\" content=\"Le dernier match de classement des\u00a0\u00c9talons\u00a0\u00e0 la\u00a0CAN 2021\u00a0au\u00a0Cameroun\u00a0\u00e9tait\u00a0la petite finale pour la troisi\u00e8me place, qui\" \/>\n<meta property=\"og:url\" content=\"https:\/\/voxsahel.com\/?p=3025\" \/>\n<meta property=\"og:site_name\" content=\"Vox Sahel\" \/>\n<meta property=\"article:publisher\" content=\"https:\/\/www.facebook.com\/journal.voxsahel\" \/>\n<meta property=\"article:published_time\" content=\"2025-10-25T11:31:48+00:00\" \/>\n<meta property=\"article:modified_time\" content=\"2025-10-25T13:49:08+00:00\" \/>\n<meta property=\"og:image\" content=\"https:\/\/voxsahel.com\/wp-content\/uploads\/2025\/10\/IMG_0907.webp\" \/>\n\t<meta property=\"og:image:width\" content=\"554\" \/>\n\t<meta property=\"og:image:height\" content=\"554\" \/>\n\t<meta property=\"og:image:type\" content=\"image\/webp\" \/>\n<meta name=\"author\" content=\"Vox Sahel\" \/>\n<meta name=\"twitter:card\" content=\"summary_large_image\" \/>\n<meta name=\"twitter:label1\" content=\"\u00c9crit par\" \/>\n\t<meta name=\"twitter:data1\" content=\"Vox Sahel\" \/>\n\t<meta name=\"twitter:label2\" content=\"Dur\u00e9e de lecture estim\u00e9e\" \/>\n\t<meta name=\"twitter:data2\" content=\"4 minutes\" \/>\n<script type=\"application\/ld+json\" class=\"yoast-schema-graph\">{\"@context\":\"https:\\\/\\\/schema.org\",\"@graph\":[{\"@type\":\"Article\",\"@id\":\"https:\\\/\\\/voxsahel.com\\\/?p=3025#article\",\"isPartOf\":{\"@id\":\"https:\\\/\\\/voxsahel.com\\\/?p=3025\"},\"author\":{\"name\":\"Vox Sahel\",\"@id\":\"https:\\\/\\\/voxsahel.com\\\/#\\\/schema\\\/person\\\/b4043608248f8fa227cd760e7ff1e19e\"},\"headline\":\"D\u00e9part de Kamou Malo\u00a0: Les Dessous de la fin d\u2019une \u00e8re \u00e0 la t\u00eate des \u00c9talons\",\"datePublished\":\"2025-10-25T11:31:48+00:00\",\"dateModified\":\"2025-10-25T13:49:08+00:00\",\"mainEntityOfPage\":{\"@id\":\"https:\\\/\\\/voxsahel.com\\\/?p=3025\"},\"wordCount\":739,\"commentCount\":0,\"publisher\":{\"@id\":\"https:\\\/\\\/voxsahel.com\\\/#organization\"},\"image\":{\"@id\":\"https:\\\/\\\/voxsahel.com\\\/?p=3025#primaryimage\"},\"thumbnailUrl\":\"https:\\\/\\\/voxsahel.com\\\/wp-content\\\/uploads\\\/2025\\\/10\\\/IMG_0907.webp\",\"keywords\":[\"Burkina Faso\",\"Conf\u00e9d\u00e9ration Africaine de Football\",\"Football\",\"Kambou Malo\",\"Sport\"],\"articleSection\":[\"SPORTS\"],\"inLanguage\":\"fr-FR\",\"potentialAction\":[{\"@type\":\"CommentAction\",\"name\":\"Comment\",\"target\":[\"https:\\\/\\\/voxsahel.com\\\/?p=3025#respond\"]}]},{\"@type\":\"WebPage\",\"@id\":\"https:\\\/\\\/voxsahel.com\\\/?p=3025\",\"url\":\"https:\\\/\\\/voxsahel.com\\\/?p=3025\",\"name\":\"D\u00e9part de Kamou Malo\u00a0: Les Dessous de la fin d\u2019une \u00e8re \u00e0 la t\u00eate des \u00c9talons - Vox Sahel\",\"isPartOf\":{\"@id\":\"https:\\\/\\\/voxsahel.com\\\/#website\"},\"primaryImageOfPage\":{\"@id\":\"https:\\\/\\\/voxsahel.com\\\/?p=3025#primaryimage\"},\"image\":{\"@id\":\"https:\\\/\\\/voxsahel.com\\\/?p=3025#primaryimage\"},\"thumbnailUrl\":\"https:\\\/\\\/voxsahel.com\\\/wp-content\\\/uploads\\\/2025\\\/10\\\/IMG_0907.webp\",\"datePublished\":\"2025-10-25T11:31:48+00:00\",\"dateModified\":\"2025-10-25T13:49:08+00:00\",\"breadcrumb\":{\"@id\":\"https:\\\/\\\/voxsahel.com\\\/?p=3025#breadcrumb\"},\"inLanguage\":\"fr-FR\",\"potentialAction\":[{\"@type\":\"ReadAction\",\"target\":[\"https:\\\/\\\/voxsahel.com\\\/?p=3025\"]}]},{\"@type\":\"ImageObject\",\"inLanguage\":\"fr-FR\",\"@id\":\"https:\\\/\\\/voxsahel.com\\\/?p=3025#primaryimage\",\"url\":\"https:\\\/\\\/voxsahel.com\\\/wp-content\\\/uploads\\\/2025\\\/10\\\/IMG_0907.webp\",\"contentUrl\":\"https:\\\/\\\/voxsahel.com\\\/wp-content\\\/uploads\\\/2025\\\/10\\\/IMG_0907.webp\",\"width\":554,\"height\":554},{\"@type\":\"BreadcrumbList\",\"@id\":\"https:\\\/\\\/voxsahel.com\\\/?p=3025#breadcrumb\",\"itemListElement\":[{\"@type\":\"ListItem\",\"position\":1,\"name\":\"Home\",\"item\":\"https:\\\/\\\/voxsahel.com\\\/\"},{\"@type\":\"ListItem\",\"position\":2,\"name\":\"D\u00e9part de Kamou Malo\u00a0: Les Dessous de la fin d\u2019une \u00e8re \u00e0 la t\u00eate des \u00c9talons\"}]},{\"@type\":\"WebSite\",\"@id\":\"https:\\\/\\\/voxsahel.com\\\/#website\",\"url\":\"https:\\\/\\\/voxsahel.com\\\/\",\"name\":\"Vox Sahel\",\"description\":\"Informez-vous sur le Sahel en un clic\",\"publisher\":{\"@id\":\"https:\\\/\\\/voxsahel.com\\\/#organization\"},\"potentialAction\":[{\"@type\":\"SearchAction\",\"target\":{\"@type\":\"EntryPoint\",\"urlTemplate\":\"https:\\\/\\\/voxsahel.com\\\/?s={search_term_string}\"},\"query-input\":{\"@type\":\"PropertyValueSpecification\",\"valueRequired\":true,\"valueName\":\"search_term_string\"}}],\"inLanguage\":\"fr-FR\"},{\"@type\":\"Organization\",\"@id\":\"https:\\\/\\\/voxsahel.com\\\/#organization\",\"name\":\"Vox Sahel\",\"url\":\"https:\\\/\\\/voxsahel.com\\\/\",\"logo\":{\"@type\":\"ImageObject\",\"inLanguage\":\"fr-FR\",\"@id\":\"https:\\\/\\\/voxsahel.com\\\/#\\\/schema\\\/logo\\\/image\\\/\",\"url\":\"https:\\\/\\\/voxsahel.com\\\/wp-content\\\/uploads\\\/2024\\\/09\\\/Logo-Vox-Sahel.jpg\",\"contentUrl\":\"https:\\\/\\\/voxsahel.com\\\/wp-content\\\/uploads\\\/2024\\\/09\\\/Logo-Vox-Sahel.jpg\",\"width\":1181,\"height\":848,\"caption\":\"Vox Sahel\"},\"image\":{\"@id\":\"https:\\\/\\\/voxsahel.com\\\/#\\\/schema\\\/logo\\\/image\\\/\"},\"sameAs\":[\"https:\\\/\\\/www.facebook.com\\\/journal.voxsahel\"]},{\"@type\":\"Person\",\"@id\":\"https:\\\/\\\/voxsahel.com\\\/#\\\/schema\\\/person\\\/b4043608248f8fa227cd760e7ff1e19e\",\"name\":\"Vox Sahel\",\"image\":{\"@type\":\"ImageObject\",\"inLanguage\":\"fr-FR\",\"@id\":\"https:\\\/\\\/secure.gravatar.com\\\/avatar\\\/f70e7fa0cb9b29d4a7c5788d6eb2e9ab4d3135cbae1c9161810fdf77a8964699?s=96&d=mm&r=g\",\"url\":\"https:\\\/\\\/secure.gravatar.com\\\/avatar\\\/f70e7fa0cb9b29d4a7c5788d6eb2e9ab4d3135cbae1c9161810fdf77a8964699?s=96&d=mm&r=g\",\"contentUrl\":\"https:\\\/\\\/secure.gravatar.com\\\/avatar\\\/f70e7fa0cb9b29d4a7c5788d6eb2e9ab4d3135cbae1c9161810fdf77a8964699?s=96&d=mm&r=g\",\"caption\":\"Vox Sahel\"},\"sameAs\":[\"http:\\\/\\\/www.voxsahel.com\"],\"url\":\"https:\\\/\\\/voxsahel.com\\\/?author=2\"}]}<\/script>\n<!-- \/ Yoast SEO plugin. -->","yoast_head_json":{"title":"D\u00e9part de Kamou Malo\u00a0: Les Dessous de la fin d\u2019une \u00e8re \u00e0 la t\u00eate des \u00c9talons - Vox Sahel","robots":{"index":"index","follow":"follow","max-snippet":"max-snippet:-1","max-image-preview":"max-image-preview:large","max-video-preview":"max-video-preview:-1"},"canonical":"https:\/\/voxsahel.com\/?p=3025","og_locale":"fr_FR","og_type":"article","og_title":"D\u00e9part de Kamou Malo\u00a0: Les Dessous de la fin d\u2019une \u00e8re \u00e0 la t\u00eate des \u00c9talons - Vox Sahel","og_description":"Le dernier match de classement des\u00a0\u00c9talons\u00a0\u00e0 la\u00a0CAN 2021\u00a0au\u00a0Cameroun\u00a0\u00e9tait\u00a0la petite finale pour la troisi\u00e8me place, qui","og_url":"https:\/\/voxsahel.com\/?p=3025","og_site_name":"Vox Sahel","article_publisher":"https:\/\/www.facebook.com\/journal.voxsahel","article_published_time":"2025-10-25T11:31:48+00:00","article_modified_time":"2025-10-25T13:49:08+00:00","og_image":[{"width":554,"height":554,"url":"https:\/\/voxsahel.com\/wp-content\/uploads\/2025\/10\/IMG_0907.webp","type":"image\/webp"}],"author":"Vox Sahel","twitter_card":"summary_large_image","twitter_misc":{"\u00c9crit par":"Vox Sahel","Dur\u00e9e de lecture estim\u00e9e":"4 minutes"},"schema":{"@context":"https:\/\/schema.org","@graph":[{"@type":"Article","@id":"https:\/\/voxsahel.com\/?p=3025#article","isPartOf":{"@id":"https:\/\/voxsahel.com\/?p=3025"},"author":{"name":"Vox Sahel","@id":"https:\/\/voxsahel.com\/#\/schema\/person\/b4043608248f8fa227cd760e7ff1e19e"},"headline":"D\u00e9part de Kamou Malo\u00a0: Les Dessous de la fin d\u2019une \u00e8re \u00e0 la t\u00eate des \u00c9talons","datePublished":"2025-10-25T11:31:48+00:00","dateModified":"2025-10-25T13:49:08+00:00","mainEntityOfPage":{"@id":"https:\/\/voxsahel.com\/?p=3025"},"wordCount":739,"commentCount":0,"publisher":{"@id":"https:\/\/voxsahel.com\/#organization"},"image":{"@id":"https:\/\/voxsahel.com\/?p=3025#primaryimage"},"thumbnailUrl":"https:\/\/voxsahel.com\/wp-content\/uploads\/2025\/10\/IMG_0907.webp","keywords":["Burkina Faso","Conf\u00e9d\u00e9ration Africaine de Football","Football","Kambou Malo","Sport"],"articleSection":["SPORTS"],"inLanguage":"fr-FR","potentialAction":[{"@type":"CommentAction","name":"Comment","target":["https:\/\/voxsahel.com\/?p=3025#respond"]}]},{"@type":"WebPage","@id":"https:\/\/voxsahel.com\/?p=3025","url":"https:\/\/voxsahel.com\/?p=3025","name":"D\u00e9part de Kamou Malo\u00a0: Les Dessous de la fin d\u2019une \u00e8re \u00e0 la t\u00eate des \u00c9talons - Vox Sahel","isPartOf":{"@id":"https:\/\/voxsahel.com\/#website"},"primaryImageOfPage":{"@id":"https:\/\/voxsahel.com\/?p=3025#primaryimage"},"image":{"@id":"https:\/\/voxsahel.com\/?p=3025#primaryimage"},"thumbnailUrl":"https:\/\/voxsahel.com\/wp-content\/uploads\/2025\/10\/IMG_0907.webp","datePublished":"2025-10-25T11:31:48+00:00","dateModified":"2025-10-25T13:49:08+00:00","breadcrumb":{"@id":"https:\/\/voxsahel.com\/?p=3025#breadcrumb"},"inLanguage":"fr-FR","potentialAction":[{"@type":"ReadAction","target":["https:\/\/voxsahel.com\/?p=3025"]}]},{"@type":"ImageObject","inLanguage":"fr-FR","@id":"https:\/\/voxsahel.com\/?p=3025#primaryimage","url":"https:\/\/voxsahel.com\/wp-content\/uploads\/2025\/10\/IMG_0907.webp","contentUrl":"https:\/\/voxsahel.com\/wp-content\/uploads\/2025\/10\/IMG_0907.webp","width":554,"height":554},{"@type":"BreadcrumbList","@id":"https:\/\/voxsahel.com\/?p=3025#breadcrumb","itemListElement":[{"@type":"ListItem","position":1,"name":"Home","item":"https:\/\/voxsahel.com\/"},{"@type":"ListItem","position":2,"name":"D\u00e9part de Kamou Malo\u00a0: Les Dessous de la fin d\u2019une \u00e8re \u00e0 la t\u00eate des \u00c9talons"}]},{"@type":"WebSite","@id":"https:\/\/voxsahel.com\/#website","url":"https:\/\/voxsahel.com\/","name":"Vox Sahel","description":"Informez-vous sur le Sahel en un clic","publisher":{"@id":"https:\/\/voxsahel.com\/#organization"},"potentialAction":[{"@type":"SearchAction","target":{"@type":"EntryPoint","urlTemplate":"https:\/\/voxsahel.com\/?s={search_term_string}"},"query-input":{"@type":"PropertyValueSpecification","valueRequired":true,"valueName":"search_term_string"}}],"inLanguage":"fr-FR"},{"@type":"Organization","@id":"https:\/\/voxsahel.com\/#organization","name":"Vox Sahel","url":"https:\/\/voxsahel.com\/","logo":{"@type":"ImageObject","inLanguage":"fr-FR","@id":"https:\/\/voxsahel.com\/#\/schema\/logo\/image\/","url":"https:\/\/voxsahel.com\/wp-content\/uploads\/2024\/09\/Logo-Vox-Sahel.jpg","contentUrl":"https:\/\/voxsahel.com\/wp-content\/uploads\/2024\/09\/Logo-Vox-Sahel.jpg","width":1181,"height":848,"caption":"Vox Sahel"},"image":{"@id":"https:\/\/voxsahel.com\/#\/schema\/logo\/image\/"},"sameAs":["https:\/\/www.facebook.com\/journal.voxsahel"]},{"@type":"Person","@id":"https:\/\/voxsahel.com\/#\/schema\/person\/b4043608248f8fa227cd760e7ff1e19e","name":"Vox Sahel","image":{"@type":"ImageObject","inLanguage":"fr-FR","@id":"https:\/\/secure.gravatar.com\/avatar\/f70e7fa0cb9b29d4a7c5788d6eb2e9ab4d3135cbae1c9161810fdf77a8964699?s=96&d=mm&r=g","url":"https:\/\/secure.gravatar.com\/avatar\/f70e7fa0cb9b29d4a7c5788d6eb2e9ab4d3135cbae1c9161810fdf77a8964699?s=96&d=mm&r=g","contentUrl":"https:\/\/secure.gravatar.com\/avatar\/f70e7fa0cb9b29d4a7c5788d6eb2e9ab4d3135cbae1c9161810fdf77a8964699?s=96&d=mm&r=g","caption":"Vox Sahel"},"sameAs":["http:\/\/www.voxsahel.com"],"url":"https:\/\/voxsahel.com\/?author=2"}]}},"_links":{"self":[{"href":"https:\/\/voxsahel.com\/index.php?rest_route=\/wp\/v2\/posts\/3025","targetHints":{"allow":["GET"]}}],"collection":[{"href":"https:\/\/voxsahel.com\/index.php?rest_route=\/wp\/v2\/posts"}],"about":[{"href":"https:\/\/voxsahel.com\/index.php?rest_route=\/wp\/v2\/types\/post"}],"author":[{"embeddable":true,"href":"https:\/\/voxsahel.com\/index.php?rest_route=\/wp\/v2\/users\/2"}],"replies":[{"embeddable":true,"href":"https:\/\/voxsahel.com\/index.php?rest_route=%2Fwp%2Fv2%2Fcomments&post=3025"}],"version-history":[{"count":4,"href":"https:\/\/voxsahel.com\/index.php?rest_route=\/wp\/v2\/posts\/3025\/revisions"}],"predecessor-version":[{"id":3030,"href":"https:\/\/voxsahel.com\/index.php?rest_route=\/wp\/v2\/posts\/3025\/revisions\/3030"}],"wp:featuredmedia":[{"embeddable":true,"href":"https:\/\/voxsahel.com\/index.php?rest_route=\/wp\/v2\/media\/3027"}],"wp:attachment":[{"href":"https:\/\/voxsahel.com\/index.php?rest_route=%2Fwp%2Fv2%2Fmedia&parent=3025"}],"wp:term":[{"taxonomy":"category","embeddable":true,"href":"https:\/\/voxsahel.com\/index.php?rest_route=%2Fwp%2Fv2%2Fcategories&post=3025"},{"taxonomy":"post_tag","embeddable":true,"href":"https:\/\/voxsahel.com\/index.php?rest_route=%2Fwp%2Fv2%2Ftags&post=3025"}],"curies":[{"name":"wp","href":"https:\/\/api.w.org\/{rel}","templated":true}]}}