{"id":3018,"date":"2025-10-24T17:32:31","date_gmt":"2025-10-24T17:32:31","guid":{"rendered":"https:\/\/voxsahel.com\/?p=3018"},"modified":"2025-10-24T17:33:34","modified_gmt":"2025-10-24T17:33:34","slug":"lutte-contre-le-blanchiment-des-capitaux-et-le-financement-du-terrorisme-le-burkina-faso-officiellement-retire-de-la-liste-grise-du-gafi","status":"publish","type":"post","link":"https:\/\/voxsahel.com\/?p=3018","title":{"rendered":"Lutte contre le blanchiment des capitaux et le financement du terrorisme : Le Burkina Faso officiellement retir\u00e9 de la liste grise du GAFI"},"content":{"rendered":"<p class=\"p1\"><span class=\"s1\">Le Burkina Faso n\u2019est plus sur la liste grise du Groupe d\u2019action financi\u00e8re (GAFI). L\u2019annonce a \u00e9t\u00e9 faite ce vendredi \u00e0 Ouagadougou par le ministre de l\u2019\u00c9conomie et des Finances, Dr Aboubakar Nacanabo, devant la presse nationale et internationale. Cette d\u00e9cision marque une \u00e9tape majeure dans les efforts du pays pour renforcer son dispositif de lutte contre le blanchiment des capitaux et le financement du terrorisme.<\/span><\/p>\n<p class=\"p1\"><span class=\"s1\">\u00ab Le Burkina Faso a \u00e9t\u00e9 officiellement retir\u00e9 de la liste grise du GAFI, preuve de l\u2019engagement politique fort de nos autorit\u00e9s et du travail collectif des diff\u00e9rents d\u00e9partements minist\u00e9riels \u00bb, a d\u00e9clar\u00e9 le ministre.<\/span><\/p>\n<p class=\"p1\"><span class=\"s1\">Inscrit sur cette liste depuis 2021 pour des \u00ab d\u00e9faillances strat\u00e9giques \u00bb dans son syst\u00e8me de lutte, le Burkina Faso s\u2019\u00e9tait engag\u00e9 dans un vaste plan d\u2019action comprenant <\/span><span class=\"s2\">40 mesures<\/span><span class=\"s1\"> \u00e0 mettre en \u0153uvre avant sa sortie. Ce plan, coordonn\u00e9 par la <\/span><span class=\"s2\">Cellule nationale de traitement de l\u2019information financi\u00e8re (CENTIF)<\/span><span class=\"s1\">, a permis des avanc\u00e9es significatives sur les plans <\/span><span class=\"s2\">l\u00e9gislatif, technique et institutionnel<\/span><span class=\"s1\">.<\/span><\/p>\n<p class=\"p1\"><span class=\"s1\">Parmi les r\u00e9formes majeures figurent l\u2019adoption de la <\/span><span class=\"s2\">nouvelle loi sur la lutte contre le blanchiment des capitaux, le financement du terrorisme et la prolif\u00e9ration des armes de destruction massive<\/span><span class=\"s1\">, vot\u00e9e par l\u2019Assembl\u00e9e l\u00e9gislative de Transition (ALT), ainsi que la <\/span><span class=\"s2\">cr\u00e9ation d\u2019un registre \u00e9lectronique des b\u00e9n\u00e9ficiaires effectifs<\/span><span class=\"s1\">, outil essentiel pour la transparence financi\u00e8re.<\/span><\/p>\n<p class=\"p1\"><span class=\"s1\">En ao\u00fbt 2025, une mission du GAFI s\u2019est rendue \u00e0 Ouagadougou pour \u00e9valuer la mise en \u0153uvre des engagements pris. Selon Dr Nacanabo, \u00ab le GAFI est reparti tr\u00e8s satisfait des actions concr\u00e8tes et de la volont\u00e9 politique d\u00e9montr\u00e9e par le Burkina Faso \u00bb.<\/span><\/p>\n<p class=\"p1\"><span class=\"s1\">\u00c0 l\u2019issue de la pl\u00e9ni\u00e8re du <\/span><span class=\"s2\">24 octobre 2025<\/span><span class=\"s1\">, le GAFI a officiellement <\/span><span class=\"s2\">act\u00e9 la sortie du Burkina Faso de la liste grise<\/span><span class=\"s1\">, saluant les progr\u00e8s remarquables accomplis par le pays dans la consolidation de son dispositif national de lutte contre le blanchiment et le financement du terrorisme.<\/span><\/p>\n<p class=\"p1\"><span class=\"s1\">Cette d\u00e9cision, souligne le ministre, <\/span><span class=\"s2\">renforce la cr\u00e9dibilit\u00e9 internationale du Burkina Faso<\/span><span class=\"s1\"> et ouvre la voie \u00e0 une <\/span><span class=\"s2\">meilleure attractivit\u00e9 \u00e9conomique et financi\u00e8re<\/span><span class=\"s1\">. \u00ab C\u2019est une victoire collective qui t\u00e9moigne du s\u00e9rieux et de la d\u00e9termination de notre pays \u00e0 respecter les standards internationaux \u00bb, s\u2019est f\u00e9licit\u00e9 Dr Nacanabo.<\/span><\/p>\n<p class=\"p1\" style=\"text-align: right;\"><strong><span class=\"s1\">Par Vox Sahel <\/span><\/strong><\/p>\n","protected":false},"excerpt":{"rendered":"<p>Le Burkina Faso n\u2019est plus sur la liste grise du Groupe d\u2019action financi\u00e8re (GAFI). L\u2019annonce<\/p>\n","protected":false},"author":2,"featured_media":3020,"comment_status":"open","ping_status":"open","sticky":false,"template":"","format":"standard","meta":{"_et_pb_use_builder":"","_et_pb_old_content":"","_et_gb_content_width":"","footnotes":""},"categories":[6],"tags":[951,18,20],"class_list":["post-3018","post","type-post","status-publish","format-standard","has-post-thumbnail","hentry","category-politique","tag-blanchiment-de-capitaux","tag-burkina-faso","tag-terrorisme"],"yoast_head":"<!-- This site is optimized with the Yoast SEO plugin v27.5 - https:\/\/yoast.com\/product\/yoast-seo-wordpress\/ -->\n<title>Lutte contre le blanchiment des capitaux et le financement du terrorisme : Le Burkina Faso officiellement retir\u00e9 de la liste grise du GAFI - Vox Sahel<\/title>\n<meta name=\"robots\" content=\"index, follow, max-snippet:-1, max-image-preview:large, max-video-preview:-1\" \/>\n<link rel=\"canonical\" href=\"https:\/\/voxsahel.com\/?p=3018\" \/>\n<meta property=\"og:locale\" content=\"fr_FR\" \/>\n<meta property=\"og:type\" content=\"article\" \/>\n<meta property=\"og:title\" content=\"Lutte contre le blanchiment des capitaux et le financement du terrorisme : Le Burkina Faso officiellement retir\u00e9 de la liste grise du GAFI - Vox Sahel\" \/>\n<meta property=\"og:description\" content=\"Le Burkina Faso n\u2019est plus sur la liste grise du Groupe d\u2019action financi\u00e8re (GAFI). L\u2019annonce\" \/>\n<meta property=\"og:url\" content=\"https:\/\/voxsahel.com\/?p=3018\" \/>\n<meta property=\"og:site_name\" content=\"Vox Sahel\" \/>\n<meta property=\"article:publisher\" content=\"https:\/\/www.facebook.com\/journal.voxsahel\" \/>\n<meta property=\"article:published_time\" content=\"2025-10-24T17:32:31+00:00\" \/>\n<meta property=\"article:modified_time\" content=\"2025-10-24T17:33:34+00:00\" \/>\n<meta property=\"og:image\" content=\"https:\/\/voxsahel.com\/wp-content\/uploads\/2025\/10\/IMG_0675.jpeg\" \/>\n\t<meta property=\"og:image:width\" content=\"1600\" \/>\n\t<meta property=\"og:image:height\" content=\"900\" \/>\n\t<meta property=\"og:image:type\" content=\"image\/jpeg\" \/>\n<meta name=\"author\" content=\"Vox Sahel\" \/>\n<meta name=\"twitter:card\" content=\"summary_large_image\" \/>\n<meta name=\"twitter:label1\" content=\"\u00c9crit par\" \/>\n\t<meta name=\"twitter:data1\" content=\"Vox Sahel\" \/>\n\t<meta name=\"twitter:label2\" content=\"Dur\u00e9e de lecture estim\u00e9e\" \/>\n\t<meta name=\"twitter:data2\" content=\"3 minutes\" \/>\n<script type=\"application\/ld+json\" class=\"yoast-schema-graph\">{\"@context\":\"https:\\\/\\\/schema.org\",\"@graph\":[{\"@type\":\"Article\",\"@id\":\"https:\\\/\\\/voxsahel.com\\\/?p=3018#article\",\"isPartOf\":{\"@id\":\"https:\\\/\\\/voxsahel.com\\\/?p=3018\"},\"author\":{\"name\":\"Vox Sahel\",\"@id\":\"https:\\\/\\\/voxsahel.com\\\/#\\\/schema\\\/person\\\/b4043608248f8fa227cd760e7ff1e19e\"},\"headline\":\"Lutte contre le blanchiment des capitaux et le financement du terrorisme : Le Burkina Faso officiellement retir\u00e9 de la liste grise du GAFI\",\"datePublished\":\"2025-10-24T17:32:31+00:00\",\"dateModified\":\"2025-10-24T17:33:34+00:00\",\"mainEntityOfPage\":{\"@id\":\"https:\\\/\\\/voxsahel.com\\\/?p=3018\"},\"wordCount\":415,\"commentCount\":0,\"publisher\":{\"@id\":\"https:\\\/\\\/voxsahel.com\\\/#organization\"},\"image\":{\"@id\":\"https:\\\/\\\/voxsahel.com\\\/?p=3018#primaryimage\"},\"thumbnailUrl\":\"https:\\\/\\\/voxsahel.com\\\/wp-content\\\/uploads\\\/2025\\\/10\\\/IMG_0675.jpeg\",\"keywords\":[\"Blanchiment de capitaux\",\"Burkina Faso\",\"Terrorisme\"],\"articleSection\":[\"POLITIQUE\"],\"inLanguage\":\"fr-FR\",\"potentialAction\":[{\"@type\":\"CommentAction\",\"name\":\"Comment\",\"target\":[\"https:\\\/\\\/voxsahel.com\\\/?p=3018#respond\"]}]},{\"@type\":\"WebPage\",\"@id\":\"https:\\\/\\\/voxsahel.com\\\/?p=3018\",\"url\":\"https:\\\/\\\/voxsahel.com\\\/?p=3018\",\"name\":\"Lutte contre le blanchiment des capitaux et le financement du terrorisme : Le Burkina Faso officiellement retir\u00e9 de la liste grise du GAFI - Vox Sahel\",\"isPartOf\":{\"@id\":\"https:\\\/\\\/voxsahel.com\\\/#website\"},\"primaryImageOfPage\":{\"@id\":\"https:\\\/\\\/voxsahel.com\\\/?p=3018#primaryimage\"},\"image\":{\"@id\":\"https:\\\/\\\/voxsahel.com\\\/?p=3018#primaryimage\"},\"thumbnailUrl\":\"https:\\\/\\\/voxsahel.com\\\/wp-content\\\/uploads\\\/2025\\\/10\\\/IMG_0675.jpeg\",\"datePublished\":\"2025-10-24T17:32:31+00:00\",\"dateModified\":\"2025-10-24T17:33:34+00:00\",\"breadcrumb\":{\"@id\":\"https:\\\/\\\/voxsahel.com\\\/?p=3018#breadcrumb\"},\"inLanguage\":\"fr-FR\",\"potentialAction\":[{\"@type\":\"ReadAction\",\"target\":[\"https:\\\/\\\/voxsahel.com\\\/?p=3018\"]}]},{\"@type\":\"ImageObject\",\"inLanguage\":\"fr-FR\",\"@id\":\"https:\\\/\\\/voxsahel.com\\\/?p=3018#primaryimage\",\"url\":\"https:\\\/\\\/voxsahel.com\\\/wp-content\\\/uploads\\\/2025\\\/10\\\/IMG_0675.jpeg\",\"contentUrl\":\"https:\\\/\\\/voxsahel.com\\\/wp-content\\\/uploads\\\/2025\\\/10\\\/IMG_0675.jpeg\",\"width\":1600,\"height\":900},{\"@type\":\"BreadcrumbList\",\"@id\":\"https:\\\/\\\/voxsahel.com\\\/?p=3018#breadcrumb\",\"itemListElement\":[{\"@type\":\"ListItem\",\"position\":1,\"name\":\"Home\",\"item\":\"https:\\\/\\\/voxsahel.com\\\/\"},{\"@type\":\"ListItem\",\"position\":2,\"name\":\"Lutte contre le blanchiment des capitaux et le financement du terrorisme : Le Burkina Faso officiellement retir\u00e9 de la liste grise du GAFI\"}]},{\"@type\":\"WebSite\",\"@id\":\"https:\\\/\\\/voxsahel.com\\\/#website\",\"url\":\"https:\\\/\\\/voxsahel.com\\\/\",\"name\":\"Vox Sahel\",\"description\":\"Informez-vous sur le Sahel en un clic\",\"publisher\":{\"@id\":\"https:\\\/\\\/voxsahel.com\\\/#organization\"},\"potentialAction\":[{\"@type\":\"SearchAction\",\"target\":{\"@type\":\"EntryPoint\",\"urlTemplate\":\"https:\\\/\\\/voxsahel.com\\\/?s={search_term_string}\"},\"query-input\":{\"@type\":\"PropertyValueSpecification\",\"valueRequired\":true,\"valueName\":\"search_term_string\"}}],\"inLanguage\":\"fr-FR\"},{\"@type\":\"Organization\",\"@id\":\"https:\\\/\\\/voxsahel.com\\\/#organization\",\"name\":\"Vox Sahel\",\"url\":\"https:\\\/\\\/voxsahel.com\\\/\",\"logo\":{\"@type\":\"ImageObject\",\"inLanguage\":\"fr-FR\",\"@id\":\"https:\\\/\\\/voxsahel.com\\\/#\\\/schema\\\/logo\\\/image\\\/\",\"url\":\"https:\\\/\\\/voxsahel.com\\\/wp-content\\\/uploads\\\/2024\\\/09\\\/Logo-Vox-Sahel.jpg\",\"contentUrl\":\"https:\\\/\\\/voxsahel.com\\\/wp-content\\\/uploads\\\/2024\\\/09\\\/Logo-Vox-Sahel.jpg\",\"width\":1181,\"height\":848,\"caption\":\"Vox Sahel\"},\"image\":{\"@id\":\"https:\\\/\\\/voxsahel.com\\\/#\\\/schema\\\/logo\\\/image\\\/\"},\"sameAs\":[\"https:\\\/\\\/www.facebook.com\\\/journal.voxsahel\"]},{\"@type\":\"Person\",\"@id\":\"https:\\\/\\\/voxsahel.com\\\/#\\\/schema\\\/person\\\/b4043608248f8fa227cd760e7ff1e19e\",\"name\":\"Vox Sahel\",\"image\":{\"@type\":\"ImageObject\",\"inLanguage\":\"fr-FR\",\"@id\":\"https:\\\/\\\/secure.gravatar.com\\\/avatar\\\/f70e7fa0cb9b29d4a7c5788d6eb2e9ab4d3135cbae1c9161810fdf77a8964699?s=96&d=mm&r=g\",\"url\":\"https:\\\/\\\/secure.gravatar.com\\\/avatar\\\/f70e7fa0cb9b29d4a7c5788d6eb2e9ab4d3135cbae1c9161810fdf77a8964699?s=96&d=mm&r=g\",\"contentUrl\":\"https:\\\/\\\/secure.gravatar.com\\\/avatar\\\/f70e7fa0cb9b29d4a7c5788d6eb2e9ab4d3135cbae1c9161810fdf77a8964699?s=96&d=mm&r=g\",\"caption\":\"Vox Sahel\"},\"sameAs\":[\"http:\\\/\\\/www.voxsahel.com\"],\"url\":\"https:\\\/\\\/voxsahel.com\\\/?author=2\"}]}<\/script>\n<!-- \/ Yoast SEO plugin. -->","yoast_head_json":{"title":"Lutte contre le blanchiment des capitaux et le financement du terrorisme : Le Burkina Faso officiellement retir\u00e9 de la liste grise du GAFI - Vox Sahel","robots":{"index":"index","follow":"follow","max-snippet":"max-snippet:-1","max-image-preview":"max-image-preview:large","max-video-preview":"max-video-preview:-1"},"canonical":"https:\/\/voxsahel.com\/?p=3018","og_locale":"fr_FR","og_type":"article","og_title":"Lutte contre le blanchiment des capitaux et le financement du terrorisme : Le Burkina Faso officiellement retir\u00e9 de la liste grise du GAFI - Vox Sahel","og_description":"Le Burkina Faso n\u2019est plus sur la liste grise du Groupe d\u2019action financi\u00e8re (GAFI). L\u2019annonce","og_url":"https:\/\/voxsahel.com\/?p=3018","og_site_name":"Vox Sahel","article_publisher":"https:\/\/www.facebook.com\/journal.voxsahel","article_published_time":"2025-10-24T17:32:31+00:00","article_modified_time":"2025-10-24T17:33:34+00:00","og_image":[{"width":1600,"height":900,"url":"https:\/\/voxsahel.com\/wp-content\/uploads\/2025\/10\/IMG_0675.jpeg","type":"image\/jpeg"}],"author":"Vox Sahel","twitter_card":"summary_large_image","twitter_misc":{"\u00c9crit par":"Vox Sahel","Dur\u00e9e de lecture estim\u00e9e":"3 minutes"},"schema":{"@context":"https:\/\/schema.org","@graph":[{"@type":"Article","@id":"https:\/\/voxsahel.com\/?p=3018#article","isPartOf":{"@id":"https:\/\/voxsahel.com\/?p=3018"},"author":{"name":"Vox Sahel","@id":"https:\/\/voxsahel.com\/#\/schema\/person\/b4043608248f8fa227cd760e7ff1e19e"},"headline":"Lutte contre le blanchiment des capitaux et le financement du terrorisme : Le Burkina Faso officiellement retir\u00e9 de la liste grise du GAFI","datePublished":"2025-10-24T17:32:31+00:00","dateModified":"2025-10-24T17:33:34+00:00","mainEntityOfPage":{"@id":"https:\/\/voxsahel.com\/?p=3018"},"wordCount":415,"commentCount":0,"publisher":{"@id":"https:\/\/voxsahel.com\/#organization"},"image":{"@id":"https:\/\/voxsahel.com\/?p=3018#primaryimage"},"thumbnailUrl":"https:\/\/voxsahel.com\/wp-content\/uploads\/2025\/10\/IMG_0675.jpeg","keywords":["Blanchiment de capitaux","Burkina Faso","Terrorisme"],"articleSection":["POLITIQUE"],"inLanguage":"fr-FR","potentialAction":[{"@type":"CommentAction","name":"Comment","target":["https:\/\/voxsahel.com\/?p=3018#respond"]}]},{"@type":"WebPage","@id":"https:\/\/voxsahel.com\/?p=3018","url":"https:\/\/voxsahel.com\/?p=3018","name":"Lutte contre le blanchiment des capitaux et le financement du terrorisme : Le Burkina Faso officiellement retir\u00e9 de la liste grise du GAFI - Vox Sahel","isPartOf":{"@id":"https:\/\/voxsahel.com\/#website"},"primaryImageOfPage":{"@id":"https:\/\/voxsahel.com\/?p=3018#primaryimage"},"image":{"@id":"https:\/\/voxsahel.com\/?p=3018#primaryimage"},"thumbnailUrl":"https:\/\/voxsahel.com\/wp-content\/uploads\/2025\/10\/IMG_0675.jpeg","datePublished":"2025-10-24T17:32:31+00:00","dateModified":"2025-10-24T17:33:34+00:00","breadcrumb":{"@id":"https:\/\/voxsahel.com\/?p=3018#breadcrumb"},"inLanguage":"fr-FR","potentialAction":[{"@type":"ReadAction","target":["https:\/\/voxsahel.com\/?p=3018"]}]},{"@type":"ImageObject","inLanguage":"fr-FR","@id":"https:\/\/voxsahel.com\/?p=3018#primaryimage","url":"https:\/\/voxsahel.com\/wp-content\/uploads\/2025\/10\/IMG_0675.jpeg","contentUrl":"https:\/\/voxsahel.com\/wp-content\/uploads\/2025\/10\/IMG_0675.jpeg","width":1600,"height":900},{"@type":"BreadcrumbList","@id":"https:\/\/voxsahel.com\/?p=3018#breadcrumb","itemListElement":[{"@type":"ListItem","position":1,"name":"Home","item":"https:\/\/voxsahel.com\/"},{"@type":"ListItem","position":2,"name":"Lutte contre le blanchiment des capitaux et le financement du terrorisme : Le Burkina Faso officiellement retir\u00e9 de la liste grise du GAFI"}]},{"@type":"WebSite","@id":"https:\/\/voxsahel.com\/#website","url":"https:\/\/voxsahel.com\/","name":"Vox Sahel","description":"Informez-vous sur le Sahel en un clic","publisher":{"@id":"https:\/\/voxsahel.com\/#organization"},"potentialAction":[{"@type":"SearchAction","target":{"@type":"EntryPoint","urlTemplate":"https:\/\/voxsahel.com\/?s={search_term_string}"},"query-input":{"@type":"PropertyValueSpecification","valueRequired":true,"valueName":"search_term_string"}}],"inLanguage":"fr-FR"},{"@type":"Organization","@id":"https:\/\/voxsahel.com\/#organization","name":"Vox Sahel","url":"https:\/\/voxsahel.com\/","logo":{"@type":"ImageObject","inLanguage":"fr-FR","@id":"https:\/\/voxsahel.com\/#\/schema\/logo\/image\/","url":"https:\/\/voxsahel.com\/wp-content\/uploads\/2024\/09\/Logo-Vox-Sahel.jpg","contentUrl":"https:\/\/voxsahel.com\/wp-content\/uploads\/2024\/09\/Logo-Vox-Sahel.jpg","width":1181,"height":848,"caption":"Vox Sahel"},"image":{"@id":"https:\/\/voxsahel.com\/#\/schema\/logo\/image\/"},"sameAs":["https:\/\/www.facebook.com\/journal.voxsahel"]},{"@type":"Person","@id":"https:\/\/voxsahel.com\/#\/schema\/person\/b4043608248f8fa227cd760e7ff1e19e","name":"Vox Sahel","image":{"@type":"ImageObject","inLanguage":"fr-FR","@id":"https:\/\/secure.gravatar.com\/avatar\/f70e7fa0cb9b29d4a7c5788d6eb2e9ab4d3135cbae1c9161810fdf77a8964699?s=96&d=mm&r=g","url":"https:\/\/secure.gravatar.com\/avatar\/f70e7fa0cb9b29d4a7c5788d6eb2e9ab4d3135cbae1c9161810fdf77a8964699?s=96&d=mm&r=g","contentUrl":"https:\/\/secure.gravatar.com\/avatar\/f70e7fa0cb9b29d4a7c5788d6eb2e9ab4d3135cbae1c9161810fdf77a8964699?s=96&d=mm&r=g","caption":"Vox Sahel"},"sameAs":["http:\/\/www.voxsahel.com"],"url":"https:\/\/voxsahel.com\/?author=2"}]}},"_links":{"self":[{"href":"https:\/\/voxsahel.com\/index.php?rest_route=\/wp\/v2\/posts\/3018","targetHints":{"allow":["GET"]}}],"collection":[{"href":"https:\/\/voxsahel.com\/index.php?rest_route=\/wp\/v2\/posts"}],"about":[{"href":"https:\/\/voxsahel.com\/index.php?rest_route=\/wp\/v2\/types\/post"}],"author":[{"embeddable":true,"href":"https:\/\/voxsahel.com\/index.php?rest_route=\/wp\/v2\/users\/2"}],"replies":[{"embeddable":true,"href":"https:\/\/voxsahel.com\/index.php?rest_route=%2Fwp%2Fv2%2Fcomments&post=3018"}],"version-history":[{"count":1,"href":"https:\/\/voxsahel.com\/index.php?rest_route=\/wp\/v2\/posts\/3018\/revisions"}],"predecessor-version":[{"id":3021,"href":"https:\/\/voxsahel.com\/index.php?rest_route=\/wp\/v2\/posts\/3018\/revisions\/3021"}],"wp:featuredmedia":[{"embeddable":true,"href":"https:\/\/voxsahel.com\/index.php?rest_route=\/wp\/v2\/media\/3020"}],"wp:attachment":[{"href":"https:\/\/voxsahel.com\/index.php?rest_route=%2Fwp%2Fv2%2Fmedia&parent=3018"}],"wp:term":[{"taxonomy":"category","embeddable":true,"href":"https:\/\/voxsahel.com\/index.php?rest_route=%2Fwp%2Fv2%2Fcategories&post=3018"},{"taxonomy":"post_tag","embeddable":true,"href":"https:\/\/voxsahel.com\/index.php?rest_route=%2Fwp%2Fv2%2Ftags&post=3018"}],"curies":[{"name":"wp","href":"https:\/\/api.w.org\/{rel}","templated":true}]}}