{"id":301,"date":"2024-09-22T08:53:19","date_gmt":"2024-09-22T08:53:19","guid":{"rendered":"https:\/\/voxsahel.com\/?p=301"},"modified":"2024-09-22T08:53:19","modified_gmt":"2024-09-22T08:53:19","slug":"cote-divoire-le-ministre-adama-luc-sorgho-visite-le-chantier-de-la-maison-du-burkina","status":"publish","type":"post","link":"https:\/\/voxsahel.com\/?p=301","title":{"rendered":"C\u00f4te d&rsquo;Ivoire : Le ministre Adama Luc   Sorgho visite le chantier de la Maison du Burkina"},"content":{"rendered":"<p class=\"p1\"><strong><span class=\"s2\">Le vendredi 20 septembre 2024, \u00e0 l&rsquo;occasion de la deuxi\u00e8me \u00e9dition du forum des transports de la Banque Africaine de D\u00e9veloppement (BAD) \u00e0 Abidjan, le ministre des Infrastructures du Burkina Faso, Adama Luc SORGHO, s&rsquo;est rendu sur le site de la Maison du Burkina en C\u00f4te d&rsquo;Ivoire. Ce projet embl\u00e9matique, lanc\u00e9 en 2014, vise \u00e0 renforcer la pr\u00e9sence diplomatique du Burkina Faso tout en servant de vitrine pour le pays.<\/span><\/strong><\/p>\n<p class=\"p1\"><span class=\"s2\">Accompagn\u00e9 du Charg\u00e9 d&rsquo;affaires par int\u00e9rim de l&rsquo;ambassade du Burkina Faso en C\u00f4te d&rsquo;Ivoire ainsi que de ses collaborateurs, le ministre SORGHO a exprim\u00e9 son d\u00e9sir de s&rsquo;impr\u00e9gner de l&rsquo;\u00e9tat d&rsquo;avancement des travaux. Lors de cette visite, il s&rsquo;est montr\u00e9 globalement satisfait des progr\u00e8s r\u00e9alis\u00e9s, tout en \u00e9mettant le souhait que le chantier soit achev\u00e9 dans les d\u00e9lais les plus brefs.<\/span><\/p>\n<p class=\"p1\"><span class=\"s2\">La future Maison du Burkina, une fois termin\u00e9e, abritera l&rsquo;ambassade, le consulat g\u00e9n\u00e9ral d&rsquo;Abidjan, ainsi qu&rsquo;une salle de conf\u00e9rence d&rsquo;une capacit\u00e9 de 700 places. En outre, elle comprendra des bureaux, des boutiques modernes et des appartements, en faisant un espace multifonctionnel d&rsquo;envergure. Ce projet, qui transcende la simple construction d&rsquo;une mission diplomatique, refl\u00e8te une volont\u00e9 de renforcement du rayonnement du Burkina Faso en C\u00f4te d&rsquo;Ivoire et au-del\u00e0.<\/span><\/p>\n<p class=\"p1\"><span class=\"s2\">L&rsquo;ach\u00e8vement de la Maison du Burkina est attendu avec impatience, tant pour sa contribution au d\u00e9veloppement des relations bilat\u00e9rales entre les deux pays que pour son r\u00f4le dans la promotion de l&rsquo;image du Burkina Faso sur la sc\u00e8ne internationale.<\/span><\/p>\n<p class=\"p1\" style=\"text-align: left;\"><span class=\"s2\">Le ministre SORGHO a soulign\u00e9 l&rsquo;importance de ce projet pour les relations diplomatiques, tout en encourageant les \u00e9quipes en charge \u00e0 maintenir le cap pour finaliser rapidement cet ouvrage crucial.<\/span><\/p>\n<p><strong>Par Vox Sahel<\/strong><\/p>\n","protected":false},"excerpt":{"rendered":"<p>Le vendredi 20 septembre 2024, \u00e0 l&rsquo;occasion de la deuxi\u00e8me \u00e9dition du forum des transports<\/p>\n","protected":false},"author":2,"featured_media":302,"comment_status":"open","ping_status":"open","sticky":false,"template":"","format":"standard","meta":{"_et_pb_use_builder":"","_et_pb_old_content":"","_et_gb_content_width":"","footnotes":""},"categories":[8],"tags":[158,18,80,87,49],"class_list":["post-301","post","type-post","status-publish","format-standard","has-post-thumbnail","hentry","category-developpement","tag-ambassade","tag-burkina-faso","tag-cote-divoire","tag-diplomatie","tag-geopolitique"],"yoast_head":"<!-- This site is optimized with the Yoast SEO plugin v27.5 - https:\/\/yoast.com\/product\/yoast-seo-wordpress\/ -->\n<title>C\u00f4te d&#039;Ivoire : Le ministre Adama Luc  Sorgho visite le chantier de la Maison du Burkina - Vox Sahel<\/title>\n<meta name=\"robots\" content=\"index, follow, max-snippet:-1, max-image-preview:large, max-video-preview:-1\" \/>\n<link rel=\"canonical\" href=\"https:\/\/voxsahel.com\/?p=301\" \/>\n<meta property=\"og:locale\" content=\"fr_FR\" \/>\n<meta property=\"og:type\" content=\"article\" \/>\n<meta property=\"og:title\" content=\"C\u00f4te d&#039;Ivoire : Le ministre Adama Luc  Sorgho visite le chantier de la Maison du Burkina - Vox Sahel\" \/>\n<meta property=\"og:description\" content=\"Le vendredi 20 septembre 2024, \u00e0 l&rsquo;occasion de la deuxi\u00e8me \u00e9dition du forum des transports\" \/>\n<meta property=\"og:url\" content=\"https:\/\/voxsahel.com\/?p=301\" \/>\n<meta property=\"og:site_name\" content=\"Vox Sahel\" \/>\n<meta property=\"article:publisher\" content=\"https:\/\/www.facebook.com\/journal.voxsahel\" \/>\n<meta property=\"article:published_time\" content=\"2024-09-22T08:53:19+00:00\" \/>\n<meta property=\"og:image\" content=\"https:\/\/voxsahel.com\/wp-content\/uploads\/2024\/09\/IMG_0507.jpeg\" \/>\n\t<meta property=\"og:image:width\" content=\"1080\" \/>\n\t<meta property=\"og:image:height\" content=\"809\" \/>\n\t<meta property=\"og:image:type\" content=\"image\/jpeg\" \/>\n<meta name=\"author\" content=\"Vox Sahel\" \/>\n<meta name=\"twitter:card\" content=\"summary_large_image\" \/>\n<meta name=\"twitter:label1\" content=\"\u00c9crit par\" \/>\n\t<meta name=\"twitter:data1\" content=\"Vox Sahel\" \/>\n\t<meta name=\"twitter:label2\" content=\"Dur\u00e9e de lecture estim\u00e9e\" \/>\n\t<meta name=\"twitter:data2\" content=\"2 minutes\" \/>\n<script type=\"application\/ld+json\" class=\"yoast-schema-graph\">{\"@context\":\"https:\\\/\\\/schema.org\",\"@graph\":[{\"@type\":\"Article\",\"@id\":\"https:\\\/\\\/voxsahel.com\\\/?p=301#article\",\"isPartOf\":{\"@id\":\"https:\\\/\\\/voxsahel.com\\\/?p=301\"},\"author\":{\"name\":\"Vox Sahel\",\"@id\":\"https:\\\/\\\/voxsahel.com\\\/#\\\/schema\\\/person\\\/b4043608248f8fa227cd760e7ff1e19e\"},\"headline\":\"C\u00f4te d&rsquo;Ivoire : Le ministre Adama Luc Sorgho visite le chantier de la Maison du Burkina\",\"datePublished\":\"2024-09-22T08:53:19+00:00\",\"mainEntityOfPage\":{\"@id\":\"https:\\\/\\\/voxsahel.com\\\/?p=301\"},\"wordCount\":323,\"commentCount\":0,\"publisher\":{\"@id\":\"https:\\\/\\\/voxsahel.com\\\/#organization\"},\"image\":{\"@id\":\"https:\\\/\\\/voxsahel.com\\\/?p=301#primaryimage\"},\"thumbnailUrl\":\"https:\\\/\\\/voxsahel.com\\\/wp-content\\\/uploads\\\/2024\\\/09\\\/IMG_0507.jpeg\",\"keywords\":[\"Ambassade\",\"Burkina Faso\",\"C\u00f4te d\u2019Ivoire\",\"Diplomatie\",\"G\u00e9opolitique\"],\"articleSection\":[\"DEVELOPPEMENT\"],\"inLanguage\":\"fr-FR\",\"potentialAction\":[{\"@type\":\"CommentAction\",\"name\":\"Comment\",\"target\":[\"https:\\\/\\\/voxsahel.com\\\/?p=301#respond\"]}]},{\"@type\":\"WebPage\",\"@id\":\"https:\\\/\\\/voxsahel.com\\\/?p=301\",\"url\":\"https:\\\/\\\/voxsahel.com\\\/?p=301\",\"name\":\"C\u00f4te d'Ivoire : Le ministre Adama Luc Sorgho visite le chantier de la Maison du Burkina - Vox Sahel\",\"isPartOf\":{\"@id\":\"https:\\\/\\\/voxsahel.com\\\/#website\"},\"primaryImageOfPage\":{\"@id\":\"https:\\\/\\\/voxsahel.com\\\/?p=301#primaryimage\"},\"image\":{\"@id\":\"https:\\\/\\\/voxsahel.com\\\/?p=301#primaryimage\"},\"thumbnailUrl\":\"https:\\\/\\\/voxsahel.com\\\/wp-content\\\/uploads\\\/2024\\\/09\\\/IMG_0507.jpeg\",\"datePublished\":\"2024-09-22T08:53:19+00:00\",\"breadcrumb\":{\"@id\":\"https:\\\/\\\/voxsahel.com\\\/?p=301#breadcrumb\"},\"inLanguage\":\"fr-FR\",\"potentialAction\":[{\"@type\":\"ReadAction\",\"target\":[\"https:\\\/\\\/voxsahel.com\\\/?p=301\"]}]},{\"@type\":\"ImageObject\",\"inLanguage\":\"fr-FR\",\"@id\":\"https:\\\/\\\/voxsahel.com\\\/?p=301#primaryimage\",\"url\":\"https:\\\/\\\/voxsahel.com\\\/wp-content\\\/uploads\\\/2024\\\/09\\\/IMG_0507.jpeg\",\"contentUrl\":\"https:\\\/\\\/voxsahel.com\\\/wp-content\\\/uploads\\\/2024\\\/09\\\/IMG_0507.jpeg\",\"width\":1080,\"height\":809},{\"@type\":\"BreadcrumbList\",\"@id\":\"https:\\\/\\\/voxsahel.com\\\/?p=301#breadcrumb\",\"itemListElement\":[{\"@type\":\"ListItem\",\"position\":1,\"name\":\"Home\",\"item\":\"https:\\\/\\\/voxsahel.com\\\/\"},{\"@type\":\"ListItem\",\"position\":2,\"name\":\"C\u00f4te d&rsquo;Ivoire : Le ministre Adama Luc Sorgho visite le chantier de la Maison du Burkina\"}]},{\"@type\":\"WebSite\",\"@id\":\"https:\\\/\\\/voxsahel.com\\\/#website\",\"url\":\"https:\\\/\\\/voxsahel.com\\\/\",\"name\":\"Vox Sahel\",\"description\":\"Informez-vous sur le Sahel en un clic\",\"publisher\":{\"@id\":\"https:\\\/\\\/voxsahel.com\\\/#organization\"},\"potentialAction\":[{\"@type\":\"SearchAction\",\"target\":{\"@type\":\"EntryPoint\",\"urlTemplate\":\"https:\\\/\\\/voxsahel.com\\\/?s={search_term_string}\"},\"query-input\":{\"@type\":\"PropertyValueSpecification\",\"valueRequired\":true,\"valueName\":\"search_term_string\"}}],\"inLanguage\":\"fr-FR\"},{\"@type\":\"Organization\",\"@id\":\"https:\\\/\\\/voxsahel.com\\\/#organization\",\"name\":\"Vox Sahel\",\"url\":\"https:\\\/\\\/voxsahel.com\\\/\",\"logo\":{\"@type\":\"ImageObject\",\"inLanguage\":\"fr-FR\",\"@id\":\"https:\\\/\\\/voxsahel.com\\\/#\\\/schema\\\/logo\\\/image\\\/\",\"url\":\"https:\\\/\\\/voxsahel.com\\\/wp-content\\\/uploads\\\/2024\\\/09\\\/Logo-Vox-Sahel.jpg\",\"contentUrl\":\"https:\\\/\\\/voxsahel.com\\\/wp-content\\\/uploads\\\/2024\\\/09\\\/Logo-Vox-Sahel.jpg\",\"width\":1181,\"height\":848,\"caption\":\"Vox Sahel\"},\"image\":{\"@id\":\"https:\\\/\\\/voxsahel.com\\\/#\\\/schema\\\/logo\\\/image\\\/\"},\"sameAs\":[\"https:\\\/\\\/www.facebook.com\\\/journal.voxsahel\"]},{\"@type\":\"Person\",\"@id\":\"https:\\\/\\\/voxsahel.com\\\/#\\\/schema\\\/person\\\/b4043608248f8fa227cd760e7ff1e19e\",\"name\":\"Vox Sahel\",\"image\":{\"@type\":\"ImageObject\",\"inLanguage\":\"fr-FR\",\"@id\":\"https:\\\/\\\/secure.gravatar.com\\\/avatar\\\/f70e7fa0cb9b29d4a7c5788d6eb2e9ab4d3135cbae1c9161810fdf77a8964699?s=96&d=mm&r=g\",\"url\":\"https:\\\/\\\/secure.gravatar.com\\\/avatar\\\/f70e7fa0cb9b29d4a7c5788d6eb2e9ab4d3135cbae1c9161810fdf77a8964699?s=96&d=mm&r=g\",\"contentUrl\":\"https:\\\/\\\/secure.gravatar.com\\\/avatar\\\/f70e7fa0cb9b29d4a7c5788d6eb2e9ab4d3135cbae1c9161810fdf77a8964699?s=96&d=mm&r=g\",\"caption\":\"Vox Sahel\"},\"sameAs\":[\"http:\\\/\\\/www.voxsahel.com\"],\"url\":\"https:\\\/\\\/voxsahel.com\\\/?author=2\"}]}<\/script>\n<!-- \/ Yoast SEO plugin. -->","yoast_head_json":{"title":"C\u00f4te d'Ivoire : Le ministre Adama Luc  Sorgho visite le chantier de la Maison du Burkina - Vox Sahel","robots":{"index":"index","follow":"follow","max-snippet":"max-snippet:-1","max-image-preview":"max-image-preview:large","max-video-preview":"max-video-preview:-1"},"canonical":"https:\/\/voxsahel.com\/?p=301","og_locale":"fr_FR","og_type":"article","og_title":"C\u00f4te d'Ivoire : Le ministre Adama Luc  Sorgho visite le chantier de la Maison du Burkina - Vox Sahel","og_description":"Le vendredi 20 septembre 2024, \u00e0 l&rsquo;occasion de la deuxi\u00e8me \u00e9dition du forum des transports","og_url":"https:\/\/voxsahel.com\/?p=301","og_site_name":"Vox Sahel","article_publisher":"https:\/\/www.facebook.com\/journal.voxsahel","article_published_time":"2024-09-22T08:53:19+00:00","og_image":[{"width":1080,"height":809,"url":"https:\/\/voxsahel.com\/wp-content\/uploads\/2024\/09\/IMG_0507.jpeg","type":"image\/jpeg"}],"author":"Vox Sahel","twitter_card":"summary_large_image","twitter_misc":{"\u00c9crit par":"Vox Sahel","Dur\u00e9e de lecture estim\u00e9e":"2 minutes"},"schema":{"@context":"https:\/\/schema.org","@graph":[{"@type":"Article","@id":"https:\/\/voxsahel.com\/?p=301#article","isPartOf":{"@id":"https:\/\/voxsahel.com\/?p=301"},"author":{"name":"Vox Sahel","@id":"https:\/\/voxsahel.com\/#\/schema\/person\/b4043608248f8fa227cd760e7ff1e19e"},"headline":"C\u00f4te d&rsquo;Ivoire : Le ministre Adama Luc Sorgho visite le chantier de la Maison du Burkina","datePublished":"2024-09-22T08:53:19+00:00","mainEntityOfPage":{"@id":"https:\/\/voxsahel.com\/?p=301"},"wordCount":323,"commentCount":0,"publisher":{"@id":"https:\/\/voxsahel.com\/#organization"},"image":{"@id":"https:\/\/voxsahel.com\/?p=301#primaryimage"},"thumbnailUrl":"https:\/\/voxsahel.com\/wp-content\/uploads\/2024\/09\/IMG_0507.jpeg","keywords":["Ambassade","Burkina Faso","C\u00f4te d\u2019Ivoire","Diplomatie","G\u00e9opolitique"],"articleSection":["DEVELOPPEMENT"],"inLanguage":"fr-FR","potentialAction":[{"@type":"CommentAction","name":"Comment","target":["https:\/\/voxsahel.com\/?p=301#respond"]}]},{"@type":"WebPage","@id":"https:\/\/voxsahel.com\/?p=301","url":"https:\/\/voxsahel.com\/?p=301","name":"C\u00f4te d'Ivoire : Le ministre Adama Luc Sorgho visite le chantier de la Maison du Burkina - Vox Sahel","isPartOf":{"@id":"https:\/\/voxsahel.com\/#website"},"primaryImageOfPage":{"@id":"https:\/\/voxsahel.com\/?p=301#primaryimage"},"image":{"@id":"https:\/\/voxsahel.com\/?p=301#primaryimage"},"thumbnailUrl":"https:\/\/voxsahel.com\/wp-content\/uploads\/2024\/09\/IMG_0507.jpeg","datePublished":"2024-09-22T08:53:19+00:00","breadcrumb":{"@id":"https:\/\/voxsahel.com\/?p=301#breadcrumb"},"inLanguage":"fr-FR","potentialAction":[{"@type":"ReadAction","target":["https:\/\/voxsahel.com\/?p=301"]}]},{"@type":"ImageObject","inLanguage":"fr-FR","@id":"https:\/\/voxsahel.com\/?p=301#primaryimage","url":"https:\/\/voxsahel.com\/wp-content\/uploads\/2024\/09\/IMG_0507.jpeg","contentUrl":"https:\/\/voxsahel.com\/wp-content\/uploads\/2024\/09\/IMG_0507.jpeg","width":1080,"height":809},{"@type":"BreadcrumbList","@id":"https:\/\/voxsahel.com\/?p=301#breadcrumb","itemListElement":[{"@type":"ListItem","position":1,"name":"Home","item":"https:\/\/voxsahel.com\/"},{"@type":"ListItem","position":2,"name":"C\u00f4te d&rsquo;Ivoire : Le ministre Adama Luc Sorgho visite le chantier de la Maison du Burkina"}]},{"@type":"WebSite","@id":"https:\/\/voxsahel.com\/#website","url":"https:\/\/voxsahel.com\/","name":"Vox Sahel","description":"Informez-vous sur le Sahel en un clic","publisher":{"@id":"https:\/\/voxsahel.com\/#organization"},"potentialAction":[{"@type":"SearchAction","target":{"@type":"EntryPoint","urlTemplate":"https:\/\/voxsahel.com\/?s={search_term_string}"},"query-input":{"@type":"PropertyValueSpecification","valueRequired":true,"valueName":"search_term_string"}}],"inLanguage":"fr-FR"},{"@type":"Organization","@id":"https:\/\/voxsahel.com\/#organization","name":"Vox Sahel","url":"https:\/\/voxsahel.com\/","logo":{"@type":"ImageObject","inLanguage":"fr-FR","@id":"https:\/\/voxsahel.com\/#\/schema\/logo\/image\/","url":"https:\/\/voxsahel.com\/wp-content\/uploads\/2024\/09\/Logo-Vox-Sahel.jpg","contentUrl":"https:\/\/voxsahel.com\/wp-content\/uploads\/2024\/09\/Logo-Vox-Sahel.jpg","width":1181,"height":848,"caption":"Vox Sahel"},"image":{"@id":"https:\/\/voxsahel.com\/#\/schema\/logo\/image\/"},"sameAs":["https:\/\/www.facebook.com\/journal.voxsahel"]},{"@type":"Person","@id":"https:\/\/voxsahel.com\/#\/schema\/person\/b4043608248f8fa227cd760e7ff1e19e","name":"Vox Sahel","image":{"@type":"ImageObject","inLanguage":"fr-FR","@id":"https:\/\/secure.gravatar.com\/avatar\/f70e7fa0cb9b29d4a7c5788d6eb2e9ab4d3135cbae1c9161810fdf77a8964699?s=96&d=mm&r=g","url":"https:\/\/secure.gravatar.com\/avatar\/f70e7fa0cb9b29d4a7c5788d6eb2e9ab4d3135cbae1c9161810fdf77a8964699?s=96&d=mm&r=g","contentUrl":"https:\/\/secure.gravatar.com\/avatar\/f70e7fa0cb9b29d4a7c5788d6eb2e9ab4d3135cbae1c9161810fdf77a8964699?s=96&d=mm&r=g","caption":"Vox Sahel"},"sameAs":["http:\/\/www.voxsahel.com"],"url":"https:\/\/voxsahel.com\/?author=2"}]}},"_links":{"self":[{"href":"https:\/\/voxsahel.com\/index.php?rest_route=\/wp\/v2\/posts\/301","targetHints":{"allow":["GET"]}}],"collection":[{"href":"https:\/\/voxsahel.com\/index.php?rest_route=\/wp\/v2\/posts"}],"about":[{"href":"https:\/\/voxsahel.com\/index.php?rest_route=\/wp\/v2\/types\/post"}],"author":[{"embeddable":true,"href":"https:\/\/voxsahel.com\/index.php?rest_route=\/wp\/v2\/users\/2"}],"replies":[{"embeddable":true,"href":"https:\/\/voxsahel.com\/index.php?rest_route=%2Fwp%2Fv2%2Fcomments&post=301"}],"version-history":[{"count":1,"href":"https:\/\/voxsahel.com\/index.php?rest_route=\/wp\/v2\/posts\/301\/revisions"}],"predecessor-version":[{"id":303,"href":"https:\/\/voxsahel.com\/index.php?rest_route=\/wp\/v2\/posts\/301\/revisions\/303"}],"wp:featuredmedia":[{"embeddable":true,"href":"https:\/\/voxsahel.com\/index.php?rest_route=\/wp\/v2\/media\/302"}],"wp:attachment":[{"href":"https:\/\/voxsahel.com\/index.php?rest_route=%2Fwp%2Fv2%2Fmedia&parent=301"}],"wp:term":[{"taxonomy":"category","embeddable":true,"href":"https:\/\/voxsahel.com\/index.php?rest_route=%2Fwp%2Fv2%2Fcategories&post=301"},{"taxonomy":"post_tag","embeddable":true,"href":"https:\/\/voxsahel.com\/index.php?rest_route=%2Fwp%2Fv2%2Ftags&post=301"}],"curies":[{"name":"wp","href":"https:\/\/api.w.org\/{rel}","templated":true}]}}