{"id":3002,"date":"2025-10-21T18:43:24","date_gmt":"2025-10-21T18:43:24","guid":{"rendered":"https:\/\/voxsahel.com\/?p=3002"},"modified":"2025-10-21T18:43:24","modified_gmt":"2025-10-21T18:43:24","slug":"reorganisation-agraire-et-fonciere-au-burkina-faso-letat-replace-au-coeur-de-la-gouvernance-des-terres","status":"publish","type":"post","link":"https:\/\/voxsahel.com\/?p=3002","title":{"rendered":"R\u00e9organisation agraire et fonci\u00e8re au Burkina Faso : L\u2019\u00c9tat replac\u00e9 au c\u0153ur de la gouvernance des terres"},"content":{"rendered":"<p class=\"p1\"><span class=\"s2\">Les d\u00e9put\u00e9s de l\u2019Assembl\u00e9e l\u00e9gislative de transition (ALT) ont adopt\u00e9, ce mardi, \u00e0 l\u2019unanimit\u00e9, la nouvelle loi portant <\/span><span class=\"s1\">R\u00e9organisation agraire et fonci\u00e8re (RAF)<\/span><span class=\"s2\"> du Burkina Faso. Ce texte majeur, compos\u00e9 de <\/span><span class=\"s1\">214 articles<\/span><span class=\"s2\">, introduit d\u2019importantes r\u00e9formes dans la gestion du foncier national, avec une vision claire : replacer l\u2019\u00c9tat au c\u0153ur de la gouvernance des terres.<\/span><\/p>\n<p class=\"p1\"><strong><span class=\"s1\">La terre appartient d\u00e9sormais \u00e0 l\u2019\u00c9tat<\/span><\/strong><\/p>\n<p class=\"p1\"><span class=\"s2\">La principale innovation de cette r\u00e9forme consacre la <\/span><span class=\"s1\">propri\u00e9t\u00e9 pleine et enti\u00e8re de l\u2019\u00c9tat sur le domaine foncier national<\/span><span class=\"s2\">. Autrement dit, la terre du Burkina Faso appartient d\u00e9sormais \u00e0 l\u2019\u00c9tat, qui peut en confier la gestion, en tout ou en partie, aux collectivit\u00e9s territoriales selon les besoins et r\u00e9alit\u00e9s locales.<\/span><\/p>\n<p class=\"p1\"><span class=\"s2\">Cette disposition, selon le gouvernement, vise \u00e0 mettre fin \u00e0 la sp\u00e9culation fonci\u00e8re et \u00e0 garantir une utilisation plus rationnelle et \u00e9quitable des terres au profit de l\u2019int\u00e9r\u00eat g\u00e9n\u00e9ral.<\/span><\/p>\n<p class=\"p1\"><strong><span class=\"s1\">Reconnaissance des droits coutumiers et baux de longue dur\u00e9e<\/span><\/strong><\/p>\n<p class=\"p1\"><span class=\"s2\">Autre nouveaut\u00e9, la loi reconna\u00eet d\u00e9sormais les <\/span><span class=\"s1\">droits coutumiers<\/span><span class=\"s2\"> \u00e0 travers la <\/span><span class=\"s1\">d\u00e9livrance d\u2019attestations de possession fonci\u00e8re rurale<\/span><span class=\"s2\">, un m\u00e9canisme destin\u00e9 \u00e0 s\u00e9curiser les exploitants traditionnels.<br \/>\nLe texte introduit \u00e9galement des <\/span><span class=\"s1\">baux de longue dur\u00e9e<\/span><span class=\"s2\">, allant de <\/span><span class=\"s1\">18 \u00e0 99 ans<\/span><span class=\"s2\">, pour favoriser les investissements agricoles tout en pr\u00e9servant la souverainet\u00e9 nationale sur les terres.<\/span><\/p>\n<p class=\"p1\"><span class=\"s2\">Par ailleurs, <\/span><span class=\"s1\">les \u00e9trangers ne pourront plus d\u00e9tenir de titre de propri\u00e9t\u00e9<\/span><span class=\"s2\"> sur des terres rurales, une mesure pr\u00e9sent\u00e9e comme un gage de protection du patrimoine foncier national.<\/span><\/p>\n<p class=\"p1\"><strong><span class=\"s1\">Expropriations d\u2019urgence et abrogation d\u2019anciennes lois<\/span><\/strong><\/p>\n<p class=\"p1\"><span class=\"s2\">La nouvelle RAF <\/span><span class=\"s1\">abroge la loi sur les proc\u00e9dures d\u2019expropriation<\/span><span class=\"s2\">, dont les dispositions ont \u00e9t\u00e9 int\u00e9gr\u00e9es dans le nouveau texte. Elle pr\u00e9voit d\u00e9sormais la possibilit\u00e9 pour l\u2019\u00c9tat de proc\u00e9der \u00e0 des <\/span><span class=\"s1\">expropriations d\u2019urgence<\/span><span class=\"s2\">, notamment dans le cadre de projets strat\u00e9giques n\u00e9cessitant une mise en \u0153uvre rapide.<\/span><\/p>\n<blockquote>\n<p class=\"p1\"><em><strong><span class=\"s2\">\u00ab Il y a des projets importants pour lesquels, si l\u2019on veut suivre les proc\u00e9dures ordinaires d\u2019expropriation, cela peut prendre trop de temps et compromettre leur efficacit\u00e9 \u00bb, a expliqu\u00e9 le ministre de l\u2019\u00c9conomie et des Finances, <\/span><span class=\"s1\">Dr Aboubakar Nacanabo<\/span><span class=\"s2\">, \u00e0 l\u2019issue du vote.<\/span><\/strong><\/em><\/p>\n<\/blockquote>\n<p class=\"p1\"><strong><span class=\"s1\">Une r\u00e9forme pour corriger les insuffisances de la loi de 2012<\/span><\/strong><\/p>\n<p class=\"p1\"><span class=\"s2\">Le ministre a rappel\u00e9 que cette r\u00e9vision faisait suite \u00e0 un <\/span><span class=\"s1\">diagnostic men\u00e9 en 2021<\/span><span class=\"s2\"> sur la loi RAF de 2012, lequel avait mis en lumi\u00e8re plusieurs limites : faible implication de l\u2019\u00c9tat, accaparement des terres, lenteur des proc\u00e9dures et difficult\u00e9s \u00e0 mobiliser le foncier pour des projets strat\u00e9giques.<\/span><\/p>\n<blockquote>\n<p class=\"p1\"><em><strong><span class=\"s2\">\u00ab Les r\u00e9formes engag\u00e9es apr\u00e8s la RAF de 1984 ont entra\u00een\u00e9 une perte de contr\u00f4le de l\u2019\u00c9tat sur les terres. Cette nouvelle loi vient corriger cela et redonner \u00e0 l\u2019\u00c9tat son r\u00f4le central \u00bb, a-t-il pr\u00e9cis\u00e9.<\/span><\/strong><\/em><\/p>\n<\/blockquote>\n<p class=\"p1\"><span class=\"s2\">Apr\u00e8s l\u2019adoption unanime des <\/span><span class=\"s1\">71 d\u00e9put\u00e9s de l\u2019ALT<\/span><span class=\"s2\">, le gouvernement entend d\u00e9sormais s\u2019atteler \u00e0 la <\/span><span class=\"s1\">finalisation des textes d\u2019application<\/span><span class=\"s2\"> afin de rendre la loi pleinement op\u00e9rationnelle.<\/span><\/p>\n<p class=\"p1\"><span class=\"s2\">Cette \u00e9tape sera d\u00e9terminante pour traduire, sur le terrain, les ambitions de cette r\u00e9forme fonci\u00e8re, jug\u00e9e structurante pour le d\u00e9veloppement agricole, la s\u00e9curisation du foncier et la stabilit\u00e9 sociale au Burkina Faso.<\/span><\/p>\n<p style=\"text-align: right;\"><strong>Par Vox Sahel<\/strong><\/p>\n","protected":false},"excerpt":{"rendered":"<p>Les d\u00e9put\u00e9s de l\u2019Assembl\u00e9e l\u00e9gislative de transition (ALT) ont adopt\u00e9, ce mardi, \u00e0 l\u2019unanimit\u00e9, la<\/p>\n","protected":false},"author":2,"featured_media":3004,"comment_status":"open","ping_status":"open","sticky":false,"template":"","format":"standard","meta":{"_et_pb_use_builder":"","_et_pb_old_content":"","_et_gb_content_width":"","footnotes":""},"categories":[1,10],"tags":[],"class_list":["post-3002","post","type-post","status-publish","format-standard","has-post-thumbnail","hentry","category-faits-divers","category-foncier"],"yoast_head":"<!-- This site is optimized with the Yoast SEO plugin v27.5 - https:\/\/yoast.com\/product\/yoast-seo-wordpress\/ -->\n<title>R\u00e9organisation agraire et fonci\u00e8re au Burkina Faso : L\u2019\u00c9tat replac\u00e9 au c\u0153ur de la gouvernance des terres - Vox Sahel<\/title>\n<meta name=\"robots\" content=\"index, follow, max-snippet:-1, max-image-preview:large, max-video-preview:-1\" \/>\n<link rel=\"canonical\" href=\"https:\/\/voxsahel.com\/?p=3002\" \/>\n<meta property=\"og:locale\" content=\"fr_FR\" \/>\n<meta property=\"og:type\" content=\"article\" \/>\n<meta property=\"og:title\" content=\"R\u00e9organisation agraire et fonci\u00e8re au Burkina Faso : L\u2019\u00c9tat replac\u00e9 au c\u0153ur de la gouvernance des terres - Vox Sahel\" \/>\n<meta property=\"og:description\" content=\"Les d\u00e9put\u00e9s de l\u2019Assembl\u00e9e l\u00e9gislative de transition (ALT) ont adopt\u00e9, ce mardi, \u00e0 l\u2019unanimit\u00e9, la\" \/>\n<meta property=\"og:url\" content=\"https:\/\/voxsahel.com\/?p=3002\" \/>\n<meta property=\"og:site_name\" content=\"Vox Sahel\" \/>\n<meta property=\"article:publisher\" content=\"https:\/\/www.facebook.com\/journal.voxsahel\" \/>\n<meta property=\"article:published_time\" content=\"2025-10-21T18:43:24+00:00\" \/>\n<meta property=\"og:image\" content=\"https:\/\/voxsahel.com\/wp-content\/uploads\/2025\/10\/e4d10020-fad6-432c-9f63-753a8f2050da.jpeg\" \/>\n\t<meta property=\"og:image:width\" content=\"2560\" \/>\n\t<meta property=\"og:image:height\" content=\"1706\" \/>\n\t<meta property=\"og:image:type\" content=\"image\/jpeg\" \/>\n<meta name=\"author\" content=\"Vox Sahel\" \/>\n<meta name=\"twitter:card\" content=\"summary_large_image\" \/>\n<meta name=\"twitter:label1\" content=\"\u00c9crit par\" \/>\n\t<meta name=\"twitter:data1\" content=\"Vox Sahel\" \/>\n\t<meta name=\"twitter:label2\" content=\"Dur\u00e9e de lecture estim\u00e9e\" \/>\n\t<meta name=\"twitter:data2\" content=\"3 minutes\" \/>\n<script type=\"application\/ld+json\" class=\"yoast-schema-graph\">{\"@context\":\"https:\\\/\\\/schema.org\",\"@graph\":[{\"@type\":\"Article\",\"@id\":\"https:\\\/\\\/voxsahel.com\\\/?p=3002#article\",\"isPartOf\":{\"@id\":\"https:\\\/\\\/voxsahel.com\\\/?p=3002\"},\"author\":{\"name\":\"Vox Sahel\",\"@id\":\"https:\\\/\\\/voxsahel.com\\\/#\\\/schema\\\/person\\\/b4043608248f8fa227cd760e7ff1e19e\"},\"headline\":\"R\u00e9organisation agraire et fonci\u00e8re au Burkina Faso : L\u2019\u00c9tat replac\u00e9 au c\u0153ur de la gouvernance des terres\",\"datePublished\":\"2025-10-21T18:43:24+00:00\",\"mainEntityOfPage\":{\"@id\":\"https:\\\/\\\/voxsahel.com\\\/?p=3002\"},\"wordCount\":570,\"commentCount\":0,\"publisher\":{\"@id\":\"https:\\\/\\\/voxsahel.com\\\/#organization\"},\"image\":{\"@id\":\"https:\\\/\\\/voxsahel.com\\\/?p=3002#primaryimage\"},\"thumbnailUrl\":\"https:\\\/\\\/voxsahel.com\\\/wp-content\\\/uploads\\\/2025\\\/10\\\/e4d10020-fad6-432c-9f63-753a8f2050da.jpeg\",\"articleSection\":[\"FAITS DIVERS\",\"FONCIER\"],\"inLanguage\":\"fr-FR\",\"potentialAction\":[{\"@type\":\"CommentAction\",\"name\":\"Comment\",\"target\":[\"https:\\\/\\\/voxsahel.com\\\/?p=3002#respond\"]}]},{\"@type\":\"WebPage\",\"@id\":\"https:\\\/\\\/voxsahel.com\\\/?p=3002\",\"url\":\"https:\\\/\\\/voxsahel.com\\\/?p=3002\",\"name\":\"R\u00e9organisation agraire et fonci\u00e8re au Burkina Faso : L\u2019\u00c9tat replac\u00e9 au c\u0153ur de la gouvernance des terres - Vox Sahel\",\"isPartOf\":{\"@id\":\"https:\\\/\\\/voxsahel.com\\\/#website\"},\"primaryImageOfPage\":{\"@id\":\"https:\\\/\\\/voxsahel.com\\\/?p=3002#primaryimage\"},\"image\":{\"@id\":\"https:\\\/\\\/voxsahel.com\\\/?p=3002#primaryimage\"},\"thumbnailUrl\":\"https:\\\/\\\/voxsahel.com\\\/wp-content\\\/uploads\\\/2025\\\/10\\\/e4d10020-fad6-432c-9f63-753a8f2050da.jpeg\",\"datePublished\":\"2025-10-21T18:43:24+00:00\",\"breadcrumb\":{\"@id\":\"https:\\\/\\\/voxsahel.com\\\/?p=3002#breadcrumb\"},\"inLanguage\":\"fr-FR\",\"potentialAction\":[{\"@type\":\"ReadAction\",\"target\":[\"https:\\\/\\\/voxsahel.com\\\/?p=3002\"]}]},{\"@type\":\"ImageObject\",\"inLanguage\":\"fr-FR\",\"@id\":\"https:\\\/\\\/voxsahel.com\\\/?p=3002#primaryimage\",\"url\":\"https:\\\/\\\/voxsahel.com\\\/wp-content\\\/uploads\\\/2025\\\/10\\\/e4d10020-fad6-432c-9f63-753a8f2050da.jpeg\",\"contentUrl\":\"https:\\\/\\\/voxsahel.com\\\/wp-content\\\/uploads\\\/2025\\\/10\\\/e4d10020-fad6-432c-9f63-753a8f2050da.jpeg\",\"width\":2560,\"height\":1706},{\"@type\":\"BreadcrumbList\",\"@id\":\"https:\\\/\\\/voxsahel.com\\\/?p=3002#breadcrumb\",\"itemListElement\":[{\"@type\":\"ListItem\",\"position\":1,\"name\":\"Home\",\"item\":\"https:\\\/\\\/voxsahel.com\\\/\"},{\"@type\":\"ListItem\",\"position\":2,\"name\":\"R\u00e9organisation agraire et fonci\u00e8re au Burkina Faso : L\u2019\u00c9tat replac\u00e9 au c\u0153ur de la gouvernance des terres\"}]},{\"@type\":\"WebSite\",\"@id\":\"https:\\\/\\\/voxsahel.com\\\/#website\",\"url\":\"https:\\\/\\\/voxsahel.com\\\/\",\"name\":\"Vox Sahel\",\"description\":\"Informez-vous sur le Sahel en un clic\",\"publisher\":{\"@id\":\"https:\\\/\\\/voxsahel.com\\\/#organization\"},\"potentialAction\":[{\"@type\":\"SearchAction\",\"target\":{\"@type\":\"EntryPoint\",\"urlTemplate\":\"https:\\\/\\\/voxsahel.com\\\/?s={search_term_string}\"},\"query-input\":{\"@type\":\"PropertyValueSpecification\",\"valueRequired\":true,\"valueName\":\"search_term_string\"}}],\"inLanguage\":\"fr-FR\"},{\"@type\":\"Organization\",\"@id\":\"https:\\\/\\\/voxsahel.com\\\/#organization\",\"name\":\"Vox Sahel\",\"url\":\"https:\\\/\\\/voxsahel.com\\\/\",\"logo\":{\"@type\":\"ImageObject\",\"inLanguage\":\"fr-FR\",\"@id\":\"https:\\\/\\\/voxsahel.com\\\/#\\\/schema\\\/logo\\\/image\\\/\",\"url\":\"https:\\\/\\\/voxsahel.com\\\/wp-content\\\/uploads\\\/2024\\\/09\\\/Logo-Vox-Sahel.jpg\",\"contentUrl\":\"https:\\\/\\\/voxsahel.com\\\/wp-content\\\/uploads\\\/2024\\\/09\\\/Logo-Vox-Sahel.jpg\",\"width\":1181,\"height\":848,\"caption\":\"Vox Sahel\"},\"image\":{\"@id\":\"https:\\\/\\\/voxsahel.com\\\/#\\\/schema\\\/logo\\\/image\\\/\"},\"sameAs\":[\"https:\\\/\\\/www.facebook.com\\\/journal.voxsahel\"]},{\"@type\":\"Person\",\"@id\":\"https:\\\/\\\/voxsahel.com\\\/#\\\/schema\\\/person\\\/b4043608248f8fa227cd760e7ff1e19e\",\"name\":\"Vox Sahel\",\"image\":{\"@type\":\"ImageObject\",\"inLanguage\":\"fr-FR\",\"@id\":\"https:\\\/\\\/secure.gravatar.com\\\/avatar\\\/f70e7fa0cb9b29d4a7c5788d6eb2e9ab4d3135cbae1c9161810fdf77a8964699?s=96&d=mm&r=g\",\"url\":\"https:\\\/\\\/secure.gravatar.com\\\/avatar\\\/f70e7fa0cb9b29d4a7c5788d6eb2e9ab4d3135cbae1c9161810fdf77a8964699?s=96&d=mm&r=g\",\"contentUrl\":\"https:\\\/\\\/secure.gravatar.com\\\/avatar\\\/f70e7fa0cb9b29d4a7c5788d6eb2e9ab4d3135cbae1c9161810fdf77a8964699?s=96&d=mm&r=g\",\"caption\":\"Vox Sahel\"},\"sameAs\":[\"http:\\\/\\\/www.voxsahel.com\"],\"url\":\"https:\\\/\\\/voxsahel.com\\\/?author=2\"}]}<\/script>\n<!-- \/ Yoast SEO plugin. -->","yoast_head_json":{"title":"R\u00e9organisation agraire et fonci\u00e8re au Burkina Faso : L\u2019\u00c9tat replac\u00e9 au c\u0153ur de la gouvernance des terres - Vox Sahel","robots":{"index":"index","follow":"follow","max-snippet":"max-snippet:-1","max-image-preview":"max-image-preview:large","max-video-preview":"max-video-preview:-1"},"canonical":"https:\/\/voxsahel.com\/?p=3002","og_locale":"fr_FR","og_type":"article","og_title":"R\u00e9organisation agraire et fonci\u00e8re au Burkina Faso : L\u2019\u00c9tat replac\u00e9 au c\u0153ur de la gouvernance des terres - Vox Sahel","og_description":"Les d\u00e9put\u00e9s de l\u2019Assembl\u00e9e l\u00e9gislative de transition (ALT) ont adopt\u00e9, ce mardi, \u00e0 l\u2019unanimit\u00e9, la","og_url":"https:\/\/voxsahel.com\/?p=3002","og_site_name":"Vox Sahel","article_publisher":"https:\/\/www.facebook.com\/journal.voxsahel","article_published_time":"2025-10-21T18:43:24+00:00","og_image":[{"width":2560,"height":1706,"url":"https:\/\/voxsahel.com\/wp-content\/uploads\/2025\/10\/e4d10020-fad6-432c-9f63-753a8f2050da.jpeg","type":"image\/jpeg"}],"author":"Vox Sahel","twitter_card":"summary_large_image","twitter_misc":{"\u00c9crit par":"Vox Sahel","Dur\u00e9e de lecture estim\u00e9e":"3 minutes"},"schema":{"@context":"https:\/\/schema.org","@graph":[{"@type":"Article","@id":"https:\/\/voxsahel.com\/?p=3002#article","isPartOf":{"@id":"https:\/\/voxsahel.com\/?p=3002"},"author":{"name":"Vox Sahel","@id":"https:\/\/voxsahel.com\/#\/schema\/person\/b4043608248f8fa227cd760e7ff1e19e"},"headline":"R\u00e9organisation agraire et fonci\u00e8re au Burkina Faso : L\u2019\u00c9tat replac\u00e9 au c\u0153ur de la gouvernance des terres","datePublished":"2025-10-21T18:43:24+00:00","mainEntityOfPage":{"@id":"https:\/\/voxsahel.com\/?p=3002"},"wordCount":570,"commentCount":0,"publisher":{"@id":"https:\/\/voxsahel.com\/#organization"},"image":{"@id":"https:\/\/voxsahel.com\/?p=3002#primaryimage"},"thumbnailUrl":"https:\/\/voxsahel.com\/wp-content\/uploads\/2025\/10\/e4d10020-fad6-432c-9f63-753a8f2050da.jpeg","articleSection":["FAITS DIVERS","FONCIER"],"inLanguage":"fr-FR","potentialAction":[{"@type":"CommentAction","name":"Comment","target":["https:\/\/voxsahel.com\/?p=3002#respond"]}]},{"@type":"WebPage","@id":"https:\/\/voxsahel.com\/?p=3002","url":"https:\/\/voxsahel.com\/?p=3002","name":"R\u00e9organisation agraire et fonci\u00e8re au Burkina Faso : L\u2019\u00c9tat replac\u00e9 au c\u0153ur de la gouvernance des terres - Vox Sahel","isPartOf":{"@id":"https:\/\/voxsahel.com\/#website"},"primaryImageOfPage":{"@id":"https:\/\/voxsahel.com\/?p=3002#primaryimage"},"image":{"@id":"https:\/\/voxsahel.com\/?p=3002#primaryimage"},"thumbnailUrl":"https:\/\/voxsahel.com\/wp-content\/uploads\/2025\/10\/e4d10020-fad6-432c-9f63-753a8f2050da.jpeg","datePublished":"2025-10-21T18:43:24+00:00","breadcrumb":{"@id":"https:\/\/voxsahel.com\/?p=3002#breadcrumb"},"inLanguage":"fr-FR","potentialAction":[{"@type":"ReadAction","target":["https:\/\/voxsahel.com\/?p=3002"]}]},{"@type":"ImageObject","inLanguage":"fr-FR","@id":"https:\/\/voxsahel.com\/?p=3002#primaryimage","url":"https:\/\/voxsahel.com\/wp-content\/uploads\/2025\/10\/e4d10020-fad6-432c-9f63-753a8f2050da.jpeg","contentUrl":"https:\/\/voxsahel.com\/wp-content\/uploads\/2025\/10\/e4d10020-fad6-432c-9f63-753a8f2050da.jpeg","width":2560,"height":1706},{"@type":"BreadcrumbList","@id":"https:\/\/voxsahel.com\/?p=3002#breadcrumb","itemListElement":[{"@type":"ListItem","position":1,"name":"Home","item":"https:\/\/voxsahel.com\/"},{"@type":"ListItem","position":2,"name":"R\u00e9organisation agraire et fonci\u00e8re au Burkina Faso : L\u2019\u00c9tat replac\u00e9 au c\u0153ur de la gouvernance des terres"}]},{"@type":"WebSite","@id":"https:\/\/voxsahel.com\/#website","url":"https:\/\/voxsahel.com\/","name":"Vox Sahel","description":"Informez-vous sur le Sahel en un clic","publisher":{"@id":"https:\/\/voxsahel.com\/#organization"},"potentialAction":[{"@type":"SearchAction","target":{"@type":"EntryPoint","urlTemplate":"https:\/\/voxsahel.com\/?s={search_term_string}"},"query-input":{"@type":"PropertyValueSpecification","valueRequired":true,"valueName":"search_term_string"}}],"inLanguage":"fr-FR"},{"@type":"Organization","@id":"https:\/\/voxsahel.com\/#organization","name":"Vox Sahel","url":"https:\/\/voxsahel.com\/","logo":{"@type":"ImageObject","inLanguage":"fr-FR","@id":"https:\/\/voxsahel.com\/#\/schema\/logo\/image\/","url":"https:\/\/voxsahel.com\/wp-content\/uploads\/2024\/09\/Logo-Vox-Sahel.jpg","contentUrl":"https:\/\/voxsahel.com\/wp-content\/uploads\/2024\/09\/Logo-Vox-Sahel.jpg","width":1181,"height":848,"caption":"Vox Sahel"},"image":{"@id":"https:\/\/voxsahel.com\/#\/schema\/logo\/image\/"},"sameAs":["https:\/\/www.facebook.com\/journal.voxsahel"]},{"@type":"Person","@id":"https:\/\/voxsahel.com\/#\/schema\/person\/b4043608248f8fa227cd760e7ff1e19e","name":"Vox Sahel","image":{"@type":"ImageObject","inLanguage":"fr-FR","@id":"https:\/\/secure.gravatar.com\/avatar\/f70e7fa0cb9b29d4a7c5788d6eb2e9ab4d3135cbae1c9161810fdf77a8964699?s=96&d=mm&r=g","url":"https:\/\/secure.gravatar.com\/avatar\/f70e7fa0cb9b29d4a7c5788d6eb2e9ab4d3135cbae1c9161810fdf77a8964699?s=96&d=mm&r=g","contentUrl":"https:\/\/secure.gravatar.com\/avatar\/f70e7fa0cb9b29d4a7c5788d6eb2e9ab4d3135cbae1c9161810fdf77a8964699?s=96&d=mm&r=g","caption":"Vox Sahel"},"sameAs":["http:\/\/www.voxsahel.com"],"url":"https:\/\/voxsahel.com\/?author=2"}]}},"_links":{"self":[{"href":"https:\/\/voxsahel.com\/index.php?rest_route=\/wp\/v2\/posts\/3002","targetHints":{"allow":["GET"]}}],"collection":[{"href":"https:\/\/voxsahel.com\/index.php?rest_route=\/wp\/v2\/posts"}],"about":[{"href":"https:\/\/voxsahel.com\/index.php?rest_route=\/wp\/v2\/types\/post"}],"author":[{"embeddable":true,"href":"https:\/\/voxsahel.com\/index.php?rest_route=\/wp\/v2\/users\/2"}],"replies":[{"embeddable":true,"href":"https:\/\/voxsahel.com\/index.php?rest_route=%2Fwp%2Fv2%2Fcomments&post=3002"}],"version-history":[{"count":1,"href":"https:\/\/voxsahel.com\/index.php?rest_route=\/wp\/v2\/posts\/3002\/revisions"}],"predecessor-version":[{"id":3005,"href":"https:\/\/voxsahel.com\/index.php?rest_route=\/wp\/v2\/posts\/3002\/revisions\/3005"}],"wp:featuredmedia":[{"embeddable":true,"href":"https:\/\/voxsahel.com\/index.php?rest_route=\/wp\/v2\/media\/3004"}],"wp:attachment":[{"href":"https:\/\/voxsahel.com\/index.php?rest_route=%2Fwp%2Fv2%2Fmedia&parent=3002"}],"wp:term":[{"taxonomy":"category","embeddable":true,"href":"https:\/\/voxsahel.com\/index.php?rest_route=%2Fwp%2Fv2%2Fcategories&post=3002"},{"taxonomy":"post_tag","embeddable":true,"href":"https:\/\/voxsahel.com\/index.php?rest_route=%2Fwp%2Fv2%2Ftags&post=3002"}],"curies":[{"name":"wp","href":"https:\/\/api.w.org\/{rel}","templated":true}]}}