{"id":2976,"date":"2025-10-19T00:44:01","date_gmt":"2025-10-19T00:44:01","guid":{"rendered":"https:\/\/voxsahel.com\/?p=2976"},"modified":"2025-10-19T08:06:50","modified_gmt":"2025-10-19T08:06:50","slug":"sosuco-un-nouveau-depart-pour-le-sucre-burkinabe","status":"publish","type":"post","link":"https:\/\/voxsahel.com\/?p=2976","title":{"rendered":"SOSUCO : un nouveau d\u00e9part pour le sucre burkinab\u00e8"},"content":{"rendered":"<p data-start=\"221\" data-end=\"586\">Longtemps symbole de l\u2019industrie sucri\u00e8re burkinab\u00e8, la Soci\u00e9t\u00e9 sucri\u00e8re de la Como\u00e9 (SOSUCO) entame une nouvelle \u00e8re. Le gouvernement, r\u00e9uni en Conseil des ministres le jeudi 16 octobre 2025, a adopt\u00e9 une s\u00e9rie de d\u00e9crets marquant le retour \u00e0 son identit\u00e9 d\u2019origine et une restructuration profonde de son capital.<\/p>\n<p data-start=\"588\" data-end=\"930\">Fini l\u2019appellation \u00ab Soci\u00e9t\u00e9 nouvelle Soci\u00e9t\u00e9 sucri\u00e8re de la Como\u00e9 (SN SOSUCO) \u00bb. L\u2019entreprise retrouve d\u00e9sormais son nom historique : <strong data-start=\"723\" data-end=\"733\">SOSUCO<\/strong>. Mais au-del\u00e0 du symbole, c\u2019est une <strong data-start=\"770\" data-end=\"800\">r<\/strong>\u00e9organisation strat\u00e9gique que le gouvernement engage pour relancer la production nationale de sucre, un secteur vital pour l\u2019\u00e9conomie du sud-ouest du pays.<\/p>\n<p data-start=\"932\" data-end=\"1481\">Selon le d\u00e9cret adopt\u00e9, le <strong data-start=\"959\" data-end=\"977\">c<\/strong>apital social de la SOSUCO est port\u00e9 \u00e0 11,633 milliards de francs CFA, gr\u00e2ce \u00e0 la cr\u00e9ation de 349 011 nouvelles actions d\u2019une valeur de 10 000 F CFA chacune.<br data-start=\"1133\" data-end=\"1136\" \/>L\u2019\u00c9tat burkinab\u00e8 conserve la majorit\u00e9 du capital, soit <strong data-start=\"1195\" data-end=\"1203\">70 %<\/strong> (8,143 milliards F CFA), tandis que <strong data-start=\"1240\" data-end=\"1273\">le <\/strong>secteur priv\u00e9 d\u00e9tient 30 % (3,490 milliards F CFA). Ce nouvel \u00e9quilibre confirme le statut de soci\u00e9t\u00e9 d\u2019\u00e9conomie mixte \u00e0 participation publique majoritaire, gage d\u2019un partenariat renouvel\u00e9 entre l\u2019\u00c9tat et les investisseurs priv\u00e9s.<\/p>\n<p data-start=\"1483\" data-end=\"1740\">\u00ab Cette d\u00e9cision s\u2019inscrit dans la volont\u00e9 du gouvernement de redynamiser les fili\u00e8res industrielles strat\u00e9giques, tout en assurant une gouvernance plus efficace \u00bb, a expliqu\u00e9 une source proche du minist\u00e8re de l\u2019Industrie, du Commerce et de l\u2019Artisanat.<\/p>\n<p data-start=\"1742\" data-end=\"2189\">Un deuxi\u00e8me d\u00e9cret vient compl\u00e9ter la r\u00e9forme : il approuve les nouveaux statuts de la SOSUCO, align\u00e9s sur les exigences de la loi N\u00b0025\/99\/AN du 16 novembre 1999 relative aux soci\u00e9t\u00e9s \u00e0 capitaux publics, ainsi que sur la loi PP-G N\u00b0031-2025 du 16 octobre 2025. Ces textes dotent l\u2019entreprise d\u2019un cadre juridique solide pour lui permettre d\u2019accomplir ses missions de production, de transformation et de commercialisation du sucre.<\/p>\n<p data-start=\"2191\" data-end=\"2525\">Install\u00e9e \u00e0 Banfora, dans la r\u00e9gion des Cascades, la SOSUCO emploie des centaines de travailleurs et joue un r\u00f4le majeur dans l\u2019\u00e9conomie locale. Sa relance, esp\u00e8rent les autorit\u00e9s, permettra de renforcer la production nationale, de r\u00e9duire les importations et de cr\u00e9er de nouveaux emplois dans la cha\u00eene agro-industrielle.<\/p>\n<p style=\"text-align: right;\" data-start=\"2527\" data-end=\"2801\"><strong>Par Vox Sahel<\/strong><\/p>\n","protected":false},"excerpt":{"rendered":"<p>Longtemps symbole de l\u2019industrie sucri\u00e8re burkinab\u00e8, la Soci\u00e9t\u00e9 sucri\u00e8re de la Como\u00e9 (SOSUCO) entame une<\/p>\n","protected":false},"author":2,"featured_media":2977,"comment_status":"open","ping_status":"open","sticky":false,"template":"","format":"standard","meta":{"_et_pb_use_builder":"","_et_pb_old_content":"","_et_gb_content_width":"","footnotes":""},"categories":[1],"tags":[18,385,70,189,425,946],"class_list":["post-2976","post","type-post","status-publish","format-standard","has-post-thumbnail","hentry","category-faits-divers","tag-burkina-faso","tag-groupement-professionnel-des-industriels","tag-industrie","tag-organisation-des-nations-unies-pour-le-developpement-industriel","tag-sn-sosuco","tag-sosuco"],"yoast_head":"<!-- This site is optimized with the Yoast SEO plugin v27.5 - https:\/\/yoast.com\/product\/yoast-seo-wordpress\/ -->\n<title>SOSUCO : un nouveau d\u00e9part pour le sucre burkinab\u00e8 - Vox Sahel<\/title>\n<meta name=\"robots\" content=\"index, follow, max-snippet:-1, max-image-preview:large, max-video-preview:-1\" \/>\n<link rel=\"canonical\" href=\"https:\/\/voxsahel.com\/?p=2976\" \/>\n<meta property=\"og:locale\" content=\"fr_FR\" \/>\n<meta property=\"og:type\" content=\"article\" \/>\n<meta property=\"og:title\" content=\"SOSUCO : un nouveau d\u00e9part pour le sucre burkinab\u00e8 - Vox Sahel\" \/>\n<meta property=\"og:description\" content=\"Longtemps symbole de l\u2019industrie sucri\u00e8re burkinab\u00e8, la Soci\u00e9t\u00e9 sucri\u00e8re de la Como\u00e9 (SOSUCO) entame une\" \/>\n<meta property=\"og:url\" content=\"https:\/\/voxsahel.com\/?p=2976\" \/>\n<meta property=\"og:site_name\" content=\"Vox Sahel\" \/>\n<meta property=\"article:publisher\" content=\"https:\/\/www.facebook.com\/journal.voxsahel\" \/>\n<meta property=\"article:published_time\" content=\"2025-10-19T00:44:01+00:00\" \/>\n<meta property=\"article:modified_time\" content=\"2025-10-19T08:06:50+00:00\" \/>\n<meta property=\"og:image\" content=\"https:\/\/voxsahel.com\/wp-content\/uploads\/2025\/10\/SOSUCO.jpg\" \/>\n\t<meta property=\"og:image:width\" content=\"1920\" \/>\n\t<meta property=\"og:image:height\" content=\"735\" \/>\n\t<meta property=\"og:image:type\" content=\"image\/jpeg\" \/>\n<meta name=\"author\" content=\"Vox Sahel\" \/>\n<meta name=\"twitter:card\" content=\"summary_large_image\" \/>\n<meta name=\"twitter:label1\" content=\"\u00c9crit par\" \/>\n\t<meta name=\"twitter:data1\" content=\"Vox Sahel\" \/>\n\t<meta name=\"twitter:label2\" content=\"Dur\u00e9e de lecture estim\u00e9e\" \/>\n\t<meta name=\"twitter:data2\" content=\"2 minutes\" \/>\n<script type=\"application\/ld+json\" class=\"yoast-schema-graph\">{\"@context\":\"https:\\\/\\\/schema.org\",\"@graph\":[{\"@type\":\"Article\",\"@id\":\"https:\\\/\\\/voxsahel.com\\\/?p=2976#article\",\"isPartOf\":{\"@id\":\"https:\\\/\\\/voxsahel.com\\\/?p=2976\"},\"author\":{\"name\":\"Vox Sahel\",\"@id\":\"https:\\\/\\\/voxsahel.com\\\/#\\\/schema\\\/person\\\/b4043608248f8fa227cd760e7ff1e19e\"},\"headline\":\"SOSUCO : un nouveau d\u00e9part pour le sucre burkinab\u00e8\",\"datePublished\":\"2025-10-19T00:44:01+00:00\",\"dateModified\":\"2025-10-19T08:06:50+00:00\",\"mainEntityOfPage\":{\"@id\":\"https:\\\/\\\/voxsahel.com\\\/?p=2976\"},\"wordCount\":376,\"commentCount\":0,\"publisher\":{\"@id\":\"https:\\\/\\\/voxsahel.com\\\/#organization\"},\"image\":{\"@id\":\"https:\\\/\\\/voxsahel.com\\\/?p=2976#primaryimage\"},\"thumbnailUrl\":\"https:\\\/\\\/voxsahel.com\\\/wp-content\\\/uploads\\\/2025\\\/10\\\/SOSUCO.jpg\",\"keywords\":[\"Burkina Faso\",\"Groupement professionnel des industriels\",\"Industrie\",\"Organisation des Nations unies pour le D\u00e9veloppement Industriel\",\"SN-SOSUCO\",\"SOSUCO\"],\"articleSection\":[\"FAITS DIVERS\"],\"inLanguage\":\"fr-FR\",\"potentialAction\":[{\"@type\":\"CommentAction\",\"name\":\"Comment\",\"target\":[\"https:\\\/\\\/voxsahel.com\\\/?p=2976#respond\"]}]},{\"@type\":\"WebPage\",\"@id\":\"https:\\\/\\\/voxsahel.com\\\/?p=2976\",\"url\":\"https:\\\/\\\/voxsahel.com\\\/?p=2976\",\"name\":\"SOSUCO : un nouveau d\u00e9part pour le sucre burkinab\u00e8 - Vox Sahel\",\"isPartOf\":{\"@id\":\"https:\\\/\\\/voxsahel.com\\\/#website\"},\"primaryImageOfPage\":{\"@id\":\"https:\\\/\\\/voxsahel.com\\\/?p=2976#primaryimage\"},\"image\":{\"@id\":\"https:\\\/\\\/voxsahel.com\\\/?p=2976#primaryimage\"},\"thumbnailUrl\":\"https:\\\/\\\/voxsahel.com\\\/wp-content\\\/uploads\\\/2025\\\/10\\\/SOSUCO.jpg\",\"datePublished\":\"2025-10-19T00:44:01+00:00\",\"dateModified\":\"2025-10-19T08:06:50+00:00\",\"breadcrumb\":{\"@id\":\"https:\\\/\\\/voxsahel.com\\\/?p=2976#breadcrumb\"},\"inLanguage\":\"fr-FR\",\"potentialAction\":[{\"@type\":\"ReadAction\",\"target\":[\"https:\\\/\\\/voxsahel.com\\\/?p=2976\"]}]},{\"@type\":\"ImageObject\",\"inLanguage\":\"fr-FR\",\"@id\":\"https:\\\/\\\/voxsahel.com\\\/?p=2976#primaryimage\",\"url\":\"https:\\\/\\\/voxsahel.com\\\/wp-content\\\/uploads\\\/2025\\\/10\\\/SOSUCO.jpg\",\"contentUrl\":\"https:\\\/\\\/voxsahel.com\\\/wp-content\\\/uploads\\\/2025\\\/10\\\/SOSUCO.jpg\",\"width\":1920,\"height\":735},{\"@type\":\"BreadcrumbList\",\"@id\":\"https:\\\/\\\/voxsahel.com\\\/?p=2976#breadcrumb\",\"itemListElement\":[{\"@type\":\"ListItem\",\"position\":1,\"name\":\"Home\",\"item\":\"https:\\\/\\\/voxsahel.com\\\/\"},{\"@type\":\"ListItem\",\"position\":2,\"name\":\"SOSUCO : un nouveau d\u00e9part pour le sucre burkinab\u00e8\"}]},{\"@type\":\"WebSite\",\"@id\":\"https:\\\/\\\/voxsahel.com\\\/#website\",\"url\":\"https:\\\/\\\/voxsahel.com\\\/\",\"name\":\"Vox Sahel\",\"description\":\"Informez-vous sur le Sahel en un clic\",\"publisher\":{\"@id\":\"https:\\\/\\\/voxsahel.com\\\/#organization\"},\"potentialAction\":[{\"@type\":\"SearchAction\",\"target\":{\"@type\":\"EntryPoint\",\"urlTemplate\":\"https:\\\/\\\/voxsahel.com\\\/?s={search_term_string}\"},\"query-input\":{\"@type\":\"PropertyValueSpecification\",\"valueRequired\":true,\"valueName\":\"search_term_string\"}}],\"inLanguage\":\"fr-FR\"},{\"@type\":\"Organization\",\"@id\":\"https:\\\/\\\/voxsahel.com\\\/#organization\",\"name\":\"Vox Sahel\",\"url\":\"https:\\\/\\\/voxsahel.com\\\/\",\"logo\":{\"@type\":\"ImageObject\",\"inLanguage\":\"fr-FR\",\"@id\":\"https:\\\/\\\/voxsahel.com\\\/#\\\/schema\\\/logo\\\/image\\\/\",\"url\":\"https:\\\/\\\/voxsahel.com\\\/wp-content\\\/uploads\\\/2024\\\/09\\\/Logo-Vox-Sahel.jpg\",\"contentUrl\":\"https:\\\/\\\/voxsahel.com\\\/wp-content\\\/uploads\\\/2024\\\/09\\\/Logo-Vox-Sahel.jpg\",\"width\":1181,\"height\":848,\"caption\":\"Vox Sahel\"},\"image\":{\"@id\":\"https:\\\/\\\/voxsahel.com\\\/#\\\/schema\\\/logo\\\/image\\\/\"},\"sameAs\":[\"https:\\\/\\\/www.facebook.com\\\/journal.voxsahel\"]},{\"@type\":\"Person\",\"@id\":\"https:\\\/\\\/voxsahel.com\\\/#\\\/schema\\\/person\\\/b4043608248f8fa227cd760e7ff1e19e\",\"name\":\"Vox Sahel\",\"image\":{\"@type\":\"ImageObject\",\"inLanguage\":\"fr-FR\",\"@id\":\"https:\\\/\\\/secure.gravatar.com\\\/avatar\\\/f70e7fa0cb9b29d4a7c5788d6eb2e9ab4d3135cbae1c9161810fdf77a8964699?s=96&d=mm&r=g\",\"url\":\"https:\\\/\\\/secure.gravatar.com\\\/avatar\\\/f70e7fa0cb9b29d4a7c5788d6eb2e9ab4d3135cbae1c9161810fdf77a8964699?s=96&d=mm&r=g\",\"contentUrl\":\"https:\\\/\\\/secure.gravatar.com\\\/avatar\\\/f70e7fa0cb9b29d4a7c5788d6eb2e9ab4d3135cbae1c9161810fdf77a8964699?s=96&d=mm&r=g\",\"caption\":\"Vox Sahel\"},\"sameAs\":[\"http:\\\/\\\/www.voxsahel.com\"],\"url\":\"https:\\\/\\\/voxsahel.com\\\/?author=2\"}]}<\/script>\n<!-- \/ Yoast SEO plugin. -->","yoast_head_json":{"title":"SOSUCO : un nouveau d\u00e9part pour le sucre burkinab\u00e8 - Vox Sahel","robots":{"index":"index","follow":"follow","max-snippet":"max-snippet:-1","max-image-preview":"max-image-preview:large","max-video-preview":"max-video-preview:-1"},"canonical":"https:\/\/voxsahel.com\/?p=2976","og_locale":"fr_FR","og_type":"article","og_title":"SOSUCO : un nouveau d\u00e9part pour le sucre burkinab\u00e8 - Vox Sahel","og_description":"Longtemps symbole de l\u2019industrie sucri\u00e8re burkinab\u00e8, la Soci\u00e9t\u00e9 sucri\u00e8re de la Como\u00e9 (SOSUCO) entame une","og_url":"https:\/\/voxsahel.com\/?p=2976","og_site_name":"Vox Sahel","article_publisher":"https:\/\/www.facebook.com\/journal.voxsahel","article_published_time":"2025-10-19T00:44:01+00:00","article_modified_time":"2025-10-19T08:06:50+00:00","og_image":[{"width":1920,"height":735,"url":"https:\/\/voxsahel.com\/wp-content\/uploads\/2025\/10\/SOSUCO.jpg","type":"image\/jpeg"}],"author":"Vox Sahel","twitter_card":"summary_large_image","twitter_misc":{"\u00c9crit par":"Vox Sahel","Dur\u00e9e de lecture estim\u00e9e":"2 minutes"},"schema":{"@context":"https:\/\/schema.org","@graph":[{"@type":"Article","@id":"https:\/\/voxsahel.com\/?p=2976#article","isPartOf":{"@id":"https:\/\/voxsahel.com\/?p=2976"},"author":{"name":"Vox Sahel","@id":"https:\/\/voxsahel.com\/#\/schema\/person\/b4043608248f8fa227cd760e7ff1e19e"},"headline":"SOSUCO : un nouveau d\u00e9part pour le sucre burkinab\u00e8","datePublished":"2025-10-19T00:44:01+00:00","dateModified":"2025-10-19T08:06:50+00:00","mainEntityOfPage":{"@id":"https:\/\/voxsahel.com\/?p=2976"},"wordCount":376,"commentCount":0,"publisher":{"@id":"https:\/\/voxsahel.com\/#organization"},"image":{"@id":"https:\/\/voxsahel.com\/?p=2976#primaryimage"},"thumbnailUrl":"https:\/\/voxsahel.com\/wp-content\/uploads\/2025\/10\/SOSUCO.jpg","keywords":["Burkina Faso","Groupement professionnel des industriels","Industrie","Organisation des Nations unies pour le D\u00e9veloppement Industriel","SN-SOSUCO","SOSUCO"],"articleSection":["FAITS DIVERS"],"inLanguage":"fr-FR","potentialAction":[{"@type":"CommentAction","name":"Comment","target":["https:\/\/voxsahel.com\/?p=2976#respond"]}]},{"@type":"WebPage","@id":"https:\/\/voxsahel.com\/?p=2976","url":"https:\/\/voxsahel.com\/?p=2976","name":"SOSUCO : un nouveau d\u00e9part pour le sucre burkinab\u00e8 - Vox Sahel","isPartOf":{"@id":"https:\/\/voxsahel.com\/#website"},"primaryImageOfPage":{"@id":"https:\/\/voxsahel.com\/?p=2976#primaryimage"},"image":{"@id":"https:\/\/voxsahel.com\/?p=2976#primaryimage"},"thumbnailUrl":"https:\/\/voxsahel.com\/wp-content\/uploads\/2025\/10\/SOSUCO.jpg","datePublished":"2025-10-19T00:44:01+00:00","dateModified":"2025-10-19T08:06:50+00:00","breadcrumb":{"@id":"https:\/\/voxsahel.com\/?p=2976#breadcrumb"},"inLanguage":"fr-FR","potentialAction":[{"@type":"ReadAction","target":["https:\/\/voxsahel.com\/?p=2976"]}]},{"@type":"ImageObject","inLanguage":"fr-FR","@id":"https:\/\/voxsahel.com\/?p=2976#primaryimage","url":"https:\/\/voxsahel.com\/wp-content\/uploads\/2025\/10\/SOSUCO.jpg","contentUrl":"https:\/\/voxsahel.com\/wp-content\/uploads\/2025\/10\/SOSUCO.jpg","width":1920,"height":735},{"@type":"BreadcrumbList","@id":"https:\/\/voxsahel.com\/?p=2976#breadcrumb","itemListElement":[{"@type":"ListItem","position":1,"name":"Home","item":"https:\/\/voxsahel.com\/"},{"@type":"ListItem","position":2,"name":"SOSUCO : un nouveau d\u00e9part pour le sucre burkinab\u00e8"}]},{"@type":"WebSite","@id":"https:\/\/voxsahel.com\/#website","url":"https:\/\/voxsahel.com\/","name":"Vox Sahel","description":"Informez-vous sur le Sahel en un clic","publisher":{"@id":"https:\/\/voxsahel.com\/#organization"},"potentialAction":[{"@type":"SearchAction","target":{"@type":"EntryPoint","urlTemplate":"https:\/\/voxsahel.com\/?s={search_term_string}"},"query-input":{"@type":"PropertyValueSpecification","valueRequired":true,"valueName":"search_term_string"}}],"inLanguage":"fr-FR"},{"@type":"Organization","@id":"https:\/\/voxsahel.com\/#organization","name":"Vox Sahel","url":"https:\/\/voxsahel.com\/","logo":{"@type":"ImageObject","inLanguage":"fr-FR","@id":"https:\/\/voxsahel.com\/#\/schema\/logo\/image\/","url":"https:\/\/voxsahel.com\/wp-content\/uploads\/2024\/09\/Logo-Vox-Sahel.jpg","contentUrl":"https:\/\/voxsahel.com\/wp-content\/uploads\/2024\/09\/Logo-Vox-Sahel.jpg","width":1181,"height":848,"caption":"Vox Sahel"},"image":{"@id":"https:\/\/voxsahel.com\/#\/schema\/logo\/image\/"},"sameAs":["https:\/\/www.facebook.com\/journal.voxsahel"]},{"@type":"Person","@id":"https:\/\/voxsahel.com\/#\/schema\/person\/b4043608248f8fa227cd760e7ff1e19e","name":"Vox Sahel","image":{"@type":"ImageObject","inLanguage":"fr-FR","@id":"https:\/\/secure.gravatar.com\/avatar\/f70e7fa0cb9b29d4a7c5788d6eb2e9ab4d3135cbae1c9161810fdf77a8964699?s=96&d=mm&r=g","url":"https:\/\/secure.gravatar.com\/avatar\/f70e7fa0cb9b29d4a7c5788d6eb2e9ab4d3135cbae1c9161810fdf77a8964699?s=96&d=mm&r=g","contentUrl":"https:\/\/secure.gravatar.com\/avatar\/f70e7fa0cb9b29d4a7c5788d6eb2e9ab4d3135cbae1c9161810fdf77a8964699?s=96&d=mm&r=g","caption":"Vox Sahel"},"sameAs":["http:\/\/www.voxsahel.com"],"url":"https:\/\/voxsahel.com\/?author=2"}]}},"_links":{"self":[{"href":"https:\/\/voxsahel.com\/index.php?rest_route=\/wp\/v2\/posts\/2976","targetHints":{"allow":["GET"]}}],"collection":[{"href":"https:\/\/voxsahel.com\/index.php?rest_route=\/wp\/v2\/posts"}],"about":[{"href":"https:\/\/voxsahel.com\/index.php?rest_route=\/wp\/v2\/types\/post"}],"author":[{"embeddable":true,"href":"https:\/\/voxsahel.com\/index.php?rest_route=\/wp\/v2\/users\/2"}],"replies":[{"embeddable":true,"href":"https:\/\/voxsahel.com\/index.php?rest_route=%2Fwp%2Fv2%2Fcomments&post=2976"}],"version-history":[{"count":2,"href":"https:\/\/voxsahel.com\/index.php?rest_route=\/wp\/v2\/posts\/2976\/revisions"}],"predecessor-version":[{"id":2985,"href":"https:\/\/voxsahel.com\/index.php?rest_route=\/wp\/v2\/posts\/2976\/revisions\/2985"}],"wp:featuredmedia":[{"embeddable":true,"href":"https:\/\/voxsahel.com\/index.php?rest_route=\/wp\/v2\/media\/2977"}],"wp:attachment":[{"href":"https:\/\/voxsahel.com\/index.php?rest_route=%2Fwp%2Fv2%2Fmedia&parent=2976"}],"wp:term":[{"taxonomy":"category","embeddable":true,"href":"https:\/\/voxsahel.com\/index.php?rest_route=%2Fwp%2Fv2%2Fcategories&post=2976"},{"taxonomy":"post_tag","embeddable":true,"href":"https:\/\/voxsahel.com\/index.php?rest_route=%2Fwp%2Fv2%2Ftags&post=2976"}],"curies":[{"name":"wp","href":"https:\/\/api.w.org\/{rel}","templated":true}]}}