{"id":2973,"date":"2025-10-14T22:30:17","date_gmt":"2025-10-14T22:30:17","guid":{"rendered":"https:\/\/voxsahel.com\/?p=2973"},"modified":"2025-10-14T22:30:17","modified_gmt":"2025-10-14T22:30:17","slug":"bassolma-bazie-commission-nationale-de-la-confederation-des-etats-du-sahel-on-ne-peut-avoir-des-hommes-qui-puissent-servir-un-pays-de-facon-patriotique-exemplaire-avec-dignite-honneur-et","status":"publish","type":"post","link":"https:\/\/voxsahel.com\/?p=2973","title":{"rendered":"Bassolma Bazi\u00e9, commission nationale de la conf\u00e9d\u00e9ration des Etats du Sahel : \u00ab On ne peut avoir des hommes qui puissent servir un pays de fa\u00e7on patriotique, exemplaire, avec dignit\u00e9, honneur et int\u00e9grit\u00e9 sans mettre l\u2019accent sur l\u2019\u00e9ducation \u00bb"},"content":{"rendered":"<p class=\"p1\"><span class=\"s1\">La commune de Sabou a vibr\u00e9 le week-end pass\u00e9 au rythme de l\u2019excellence scolaire le 4 octobre pass\u00e9. Sous le leadership de Tiegawind\u00e9 D\u00e9sir\u00e9 Kabor\u00e9, les filles et fils de la localit\u00e9 se sont unis pour honorer le travail des enseignants, des \u00e9l\u00e8ves et de l\u2019ensemble des acteurs de la communaut\u00e9 \u00e9ducative. Plac\u00e9e sous le th\u00e8me \u00ab <\/span><span class=\"s2\">L\u2019excellence scolaire, facteur de r\u00e9silience, de coh\u00e9sion sociale et de d\u00e9veloppement endog\u00e8ne<\/span><span class=\"s1\"> \u00bb, la c\u00e9r\u00e9monie a rassembl\u00e9 autorit\u00e9s administratives, coutumi\u00e8res et invit\u00e9es venues de divers horizons, parmi lesquelles le pr\u00e9sident de la Commission nationale de la Conf\u00e9d\u00e9ration des \u00c9tats du Sahel (CES), Bassolma Bazi\u00e9.<\/span><\/p>\n<p class=\"p1\"><span class=\"s1\">\u00a0<\/span>Pour Tiegawind\u00e9 D\u00e9sir\u00e9 Kabor\u00e9, cette initiative s\u2019inscrit dans une dynamique d\u2019espoir et de construction nationale. \u00ab Nous organisons r\u00e9guli\u00e8rement l\u2019excellence scolaire pour r\u00e9compenser le m\u00e9rite des enseignants, des \u00e9l\u00e8ves, tous les acteurs du syst\u00e8me \u00e9ducatif. C\u2019est pour non seulement encourager les acteurs \u00e0 plus d\u2019ardeur au travail \u00bb, a-t-il d\u00e9clar\u00e9, avant d\u2019ajouter que les r\u00e9compenses, bien que modestes, traduisent une profonde reconnaissance envers ceux qui b\u00e2tissent l\u2019avenir du pays.<\/p>\n<p class=\"p1\"><span class=\"s1\">Au total, 23 enseignants du primaire, 25 \u00e9tablissements du primaire et 3 du secondaire ont \u00e9t\u00e9 distingu\u00e9s. Onze \u00e9l\u00e8ves du primaire ont re\u00e7u des v\u00e9los, huit bacheliers des tablettes, tandis que le meilleur enseignant est reparti avec une moto et les deux suivants avec des ordinateurs portables. Patron de la c\u00e9r\u00e9monie, Bassolma Bazi\u00e9 a salu\u00e9 cette initiative citoyenne et patriotique qui, selon lui, participe \u00e0 la renaissance d\u2019un Burkina int\u00e8gre et souverain. <\/span><\/p>\n<p class=\"p1\"><span class=\"s2\">\u00ab On ne peut avoir des hommes qui puissent servir un pays de fa\u00e7on patriotique, exemplaire, avec dignit\u00e9, honneur et int\u00e9grit\u00e9 sans mettre l\u2019accent sur l\u2019\u00e9ducation <\/span><span class=\"s1\">\u00bb, a-t-il affirm\u00e9, avant de f\u00e9liciter le promoteur et de l\u2019inviter \u00e0 poursuivre son engagement tout en renfor\u00e7ant la collaboration avec les autorit\u00e9s locales. <\/span><\/p>\n<p class=\"p1\"><span class=\"s1\">Poursuivant son intervention, le pr\u00e9sident de la Commission nationale de la CES a \u00e9largi sa r\u00e9flexion \u00e0 la question de la souverainet\u00e9 nationale et du renouveau moral. Il a rappel\u00e9 que la crise s\u00e9curitaire et les d\u00e9fis actuels trouvent leurs racines dans <\/span><span class=\"s2\">\u00ab nos manquements<\/span><span class=\"s1\"> \u00bb et a appel\u00e9 \u00e0 un sursaut collectif fond\u00e9 sur la v\u00e9rit\u00e9, la dignit\u00e9 et l\u2019int\u00e9grit\u00e9. \u00ab <\/span><span class=\"s2\">Le seul gros cadeau qu\u2019on puisse faire \u00e0 quelqu\u2019un, c\u2019est le cadeau de la v\u00e9rit\u00e9, de la transparence, de la dignit\u00e9, du patriotisme et de l\u2019honneur <\/span><span class=\"s1\">\u00bb, a-t-il martel\u00e9, invitant chaque citoyen \u00e0 bannir l\u2019hypocrisie et \u00e0 \u0153uvrer sinc\u00e8rement pour l\u2019int\u00e9r\u00eat sup\u00e9rieur de la Nation. <\/span><\/p>\n<p class=\"p1\"><span class=\"s1\">Bassolma Bazi\u00e9 a \u00e9galement insist\u00e9 sur la n\u00e9cessit\u00e9 d\u2019un \u00c9tat fort et exemplaire. Selon lui, \u00ab <\/span><span class=\"s2\">un repr\u00e9sentant de l\u2019\u00c9tat, quel que soit son niveau administratif, doit avoir un comportement d\u2019honneur, de sinc\u00e9rit\u00e9 et de m\u00e9rite<\/span><span class=\"s1\"> \u00bb. Il a d\u00e9nonc\u00e9 les d\u00e9rives qui minent la confiance entre les gouvernants et le peuple, appelant \u00e0 une gouvernance fond\u00e9e sur la probit\u00e9 et la justice sociale. <\/span><\/p>\n<p class=\"p1\"><span class=\"s1\">S\u2019adressant ensuite aux responsables coutumiers et religieux, il les a exhort\u00e9s \u00e0 la coh\u00e9rence et \u00e0 la fid\u00e9lit\u00e9 aux valeurs ancestrales. \u00ab <\/span><span class=\"s2\">Notre comportement doit \u00eatre un comportement de v\u00e9rit\u00e9, de transparence, d\u2019unit\u00e9 et d\u2019exemplarit\u00e9 \u00bb<\/span><span class=\"s1\">, a-t-il rappel\u00e9. <\/span><\/p>\n<p class=\"p1\"><span class=\"s1\">Pour lui, la souverainet\u00e9 culturelle et \u00e9ducative demeure le socle d\u2019un Burkina fier, debout et respect\u00e9. \u00c9voquant les orientations du Chef de l\u2019\u00c9tat, il a pr\u00e9cis\u00e9 que les moyens mis \u00e0 disposition, tels que les cliniques mobiles et les tracteurs, doivent profiter \u00e0 l\u2019ensemble des populations : <\/span><span class=\"s2\">\u00ab Le tracteur n\u2019est pas pour un individu, c\u2019est pour l\u2019\u00c9tat<\/span><span class=\"s1\"> \u00bb. <\/span><\/p>\n<p class=\"p1\"><span class=\"s1\">Il a par ailleurs invit\u00e9 les communaut\u00e9s \u00e0 d\u00e9noncer tout comportement contraire \u00e0 l\u2019\u00e9thique r\u00e9publicaine afin de pr\u00e9server la confiance du peuple et de renforcer la justice dans la gestion publique. En f\u00e9licitant une fois de plus Tiegawind\u00e9 D\u00e9sir\u00e9 Kabor\u00e9 pour son engagement, Bassolma Bazi\u00e9 a conclu sur un appel vibrant \u00e0 la sinc\u00e9rit\u00e9 et \u00e0 l\u2019unit\u00e9 : \u00ab <\/span><span class=\"s2\">Il faudrait qu\u2019on soit sinc\u00e8re, qu\u2019on soit correct<\/span><span class=\"s1\">\u00bb. <\/span><\/p>\n<p class=\"p1\"><span class=\"s1\">Pour lui, la r\u00e9ussite du pays repose sur la solidarit\u00e9 entre l\u2019\u00c9tat, les communaut\u00e9s et les citoyens, unis autour des valeurs de v\u00e9rit\u00e9, d\u2019int\u00e9grit\u00e9, de m\u00e9rite et de patriotisme.<\/span><\/p>\n<p class=\"p1\" style=\"text-align: right;\"><span class=\"s1\"><b>Amir BAKO <\/b><\/span><\/p>\n","protected":false},"excerpt":{"rendered":"<p>La commune de Sabou a vibr\u00e9 le week-end pass\u00e9 au rythme de l\u2019excellence scolaire le<\/p>\n","protected":false},"author":2,"featured_media":2974,"comment_status":"open","ping_status":"open","sticky":false,"template":"","format":"standard","meta":{"_et_pb_use_builder":"","_et_pb_old_content":"","_et_gb_content_width":"","footnotes":""},"categories":[5],"tags":[61,62,945],"class_list":["post-2973","post","type-post","status-publish","format-standard","has-post-thumbnail","hentry","category-societe","tag-aes","tag-alliance-des-etats-du-sahel","tag-basolma-bazie"],"yoast_head":"<!-- This site is optimized with the Yoast SEO plugin v27.5 - https:\/\/yoast.com\/product\/yoast-seo-wordpress\/ -->\n<title>Bassolma Bazi\u00e9, commission nationale de la conf\u00e9d\u00e9ration des Etats du Sahel : \u00ab On ne peut avoir des hommes qui puissent servir un pays de fa\u00e7on patriotique, exemplaire, avec dignit\u00e9, honneur et int\u00e9grit\u00e9 sans mettre l\u2019accent sur l\u2019\u00e9ducation \u00bb - Vox Sahel<\/title>\n<meta name=\"robots\" content=\"index, follow, max-snippet:-1, max-image-preview:large, max-video-preview:-1\" \/>\n<link rel=\"canonical\" href=\"https:\/\/voxsahel.com\/?p=2973\" \/>\n<meta property=\"og:locale\" content=\"fr_FR\" \/>\n<meta property=\"og:type\" content=\"article\" \/>\n<meta property=\"og:title\" content=\"Bassolma Bazi\u00e9, commission nationale de la conf\u00e9d\u00e9ration des Etats du Sahel : \u00ab On ne peut avoir des hommes qui puissent servir un pays de fa\u00e7on patriotique, exemplaire, avec dignit\u00e9, honneur et int\u00e9grit\u00e9 sans mettre l\u2019accent sur l\u2019\u00e9ducation \u00bb - Vox Sahel\" \/>\n<meta property=\"og:description\" content=\"La commune de Sabou a vibr\u00e9 le week-end pass\u00e9 au rythme de l\u2019excellence scolaire le\" \/>\n<meta property=\"og:url\" content=\"https:\/\/voxsahel.com\/?p=2973\" \/>\n<meta property=\"og:site_name\" content=\"Vox Sahel\" \/>\n<meta property=\"article:publisher\" content=\"https:\/\/www.facebook.com\/journal.voxsahel\" \/>\n<meta property=\"article:published_time\" content=\"2025-10-14T22:30:17+00:00\" \/>\n<meta property=\"og:image\" content=\"https:\/\/voxsahel.com\/wp-content\/uploads\/2025\/10\/edf95073-0c41-4e47-b875-e31d6952e807.jpeg\" \/>\n\t<meta property=\"og:image:width\" content=\"1024\" \/>\n\t<meta property=\"og:image:height\" content=\"768\" \/>\n\t<meta property=\"og:image:type\" content=\"image\/jpeg\" \/>\n<meta name=\"author\" content=\"Vox Sahel\" \/>\n<meta name=\"twitter:card\" content=\"summary_large_image\" \/>\n<meta name=\"twitter:label1\" content=\"\u00c9crit par\" \/>\n\t<meta name=\"twitter:data1\" content=\"Vox Sahel\" \/>\n\t<meta name=\"twitter:label2\" content=\"Dur\u00e9e de lecture estim\u00e9e\" \/>\n\t<meta name=\"twitter:data2\" content=\"4 minutes\" \/>\n<script type=\"application\/ld+json\" class=\"yoast-schema-graph\">{\"@context\":\"https:\\\/\\\/schema.org\",\"@graph\":[{\"@type\":\"Article\",\"@id\":\"https:\\\/\\\/voxsahel.com\\\/?p=2973#article\",\"isPartOf\":{\"@id\":\"https:\\\/\\\/voxsahel.com\\\/?p=2973\"},\"author\":{\"name\":\"Vox Sahel\",\"@id\":\"https:\\\/\\\/voxsahel.com\\\/#\\\/schema\\\/person\\\/b4043608248f8fa227cd760e7ff1e19e\"},\"headline\":\"Bassolma Bazi\u00e9, commission nationale de la conf\u00e9d\u00e9ration des Etats du Sahel : \u00ab On ne peut avoir des hommes qui puissent servir un pays de fa\u00e7on patriotique, exemplaire, avec dignit\u00e9, honneur et int\u00e9grit\u00e9 sans mettre l\u2019accent sur l\u2019\u00e9ducation \u00bb\",\"datePublished\":\"2025-10-14T22:30:17+00:00\",\"mainEntityOfPage\":{\"@id\":\"https:\\\/\\\/voxsahel.com\\\/?p=2973\"},\"wordCount\":773,\"commentCount\":0,\"publisher\":{\"@id\":\"https:\\\/\\\/voxsahel.com\\\/#organization\"},\"image\":{\"@id\":\"https:\\\/\\\/voxsahel.com\\\/?p=2973#primaryimage\"},\"thumbnailUrl\":\"https:\\\/\\\/voxsahel.com\\\/wp-content\\\/uploads\\\/2025\\\/10\\\/edf95073-0c41-4e47-b875-e31d6952e807.jpeg\",\"keywords\":[\"AES\",\"Alliance des \u00c9tats du Sahel\",\"Basolma Bazi\u00e9\"],\"articleSection\":[\"SOCIETE\"],\"inLanguage\":\"fr-FR\",\"potentialAction\":[{\"@type\":\"CommentAction\",\"name\":\"Comment\",\"target\":[\"https:\\\/\\\/voxsahel.com\\\/?p=2973#respond\"]}]},{\"@type\":\"WebPage\",\"@id\":\"https:\\\/\\\/voxsahel.com\\\/?p=2973\",\"url\":\"https:\\\/\\\/voxsahel.com\\\/?p=2973\",\"name\":\"Bassolma Bazi\u00e9, commission nationale de la conf\u00e9d\u00e9ration des Etats du Sahel : \u00ab On ne peut avoir des hommes qui puissent servir un pays de fa\u00e7on patriotique, exemplaire, avec dignit\u00e9, honneur et int\u00e9grit\u00e9 sans mettre l\u2019accent sur l\u2019\u00e9ducation \u00bb - Vox Sahel\",\"isPartOf\":{\"@id\":\"https:\\\/\\\/voxsahel.com\\\/#website\"},\"primaryImageOfPage\":{\"@id\":\"https:\\\/\\\/voxsahel.com\\\/?p=2973#primaryimage\"},\"image\":{\"@id\":\"https:\\\/\\\/voxsahel.com\\\/?p=2973#primaryimage\"},\"thumbnailUrl\":\"https:\\\/\\\/voxsahel.com\\\/wp-content\\\/uploads\\\/2025\\\/10\\\/edf95073-0c41-4e47-b875-e31d6952e807.jpeg\",\"datePublished\":\"2025-10-14T22:30:17+00:00\",\"breadcrumb\":{\"@id\":\"https:\\\/\\\/voxsahel.com\\\/?p=2973#breadcrumb\"},\"inLanguage\":\"fr-FR\",\"potentialAction\":[{\"@type\":\"ReadAction\",\"target\":[\"https:\\\/\\\/voxsahel.com\\\/?p=2973\"]}]},{\"@type\":\"ImageObject\",\"inLanguage\":\"fr-FR\",\"@id\":\"https:\\\/\\\/voxsahel.com\\\/?p=2973#primaryimage\",\"url\":\"https:\\\/\\\/voxsahel.com\\\/wp-content\\\/uploads\\\/2025\\\/10\\\/edf95073-0c41-4e47-b875-e31d6952e807.jpeg\",\"contentUrl\":\"https:\\\/\\\/voxsahel.com\\\/wp-content\\\/uploads\\\/2025\\\/10\\\/edf95073-0c41-4e47-b875-e31d6952e807.jpeg\",\"width\":1024,\"height\":768},{\"@type\":\"BreadcrumbList\",\"@id\":\"https:\\\/\\\/voxsahel.com\\\/?p=2973#breadcrumb\",\"itemListElement\":[{\"@type\":\"ListItem\",\"position\":1,\"name\":\"Home\",\"item\":\"https:\\\/\\\/voxsahel.com\\\/\"},{\"@type\":\"ListItem\",\"position\":2,\"name\":\"Bassolma Bazi\u00e9, commission nationale de la conf\u00e9d\u00e9ration des Etats du Sahel : \u00ab On ne peut avoir des hommes qui puissent servir un pays de fa\u00e7on patriotique, exemplaire, avec dignit\u00e9, honneur et int\u00e9grit\u00e9 sans mettre l\u2019accent sur l\u2019\u00e9ducation \u00bb\"}]},{\"@type\":\"WebSite\",\"@id\":\"https:\\\/\\\/voxsahel.com\\\/#website\",\"url\":\"https:\\\/\\\/voxsahel.com\\\/\",\"name\":\"Vox Sahel\",\"description\":\"Informez-vous sur le Sahel en un clic\",\"publisher\":{\"@id\":\"https:\\\/\\\/voxsahel.com\\\/#organization\"},\"potentialAction\":[{\"@type\":\"SearchAction\",\"target\":{\"@type\":\"EntryPoint\",\"urlTemplate\":\"https:\\\/\\\/voxsahel.com\\\/?s={search_term_string}\"},\"query-input\":{\"@type\":\"PropertyValueSpecification\",\"valueRequired\":true,\"valueName\":\"search_term_string\"}}],\"inLanguage\":\"fr-FR\"},{\"@type\":\"Organization\",\"@id\":\"https:\\\/\\\/voxsahel.com\\\/#organization\",\"name\":\"Vox Sahel\",\"url\":\"https:\\\/\\\/voxsahel.com\\\/\",\"logo\":{\"@type\":\"ImageObject\",\"inLanguage\":\"fr-FR\",\"@id\":\"https:\\\/\\\/voxsahel.com\\\/#\\\/schema\\\/logo\\\/image\\\/\",\"url\":\"https:\\\/\\\/voxsahel.com\\\/wp-content\\\/uploads\\\/2024\\\/09\\\/Logo-Vox-Sahel.jpg\",\"contentUrl\":\"https:\\\/\\\/voxsahel.com\\\/wp-content\\\/uploads\\\/2024\\\/09\\\/Logo-Vox-Sahel.jpg\",\"width\":1181,\"height\":848,\"caption\":\"Vox Sahel\"},\"image\":{\"@id\":\"https:\\\/\\\/voxsahel.com\\\/#\\\/schema\\\/logo\\\/image\\\/\"},\"sameAs\":[\"https:\\\/\\\/www.facebook.com\\\/journal.voxsahel\"]},{\"@type\":\"Person\",\"@id\":\"https:\\\/\\\/voxsahel.com\\\/#\\\/schema\\\/person\\\/b4043608248f8fa227cd760e7ff1e19e\",\"name\":\"Vox Sahel\",\"image\":{\"@type\":\"ImageObject\",\"inLanguage\":\"fr-FR\",\"@id\":\"https:\\\/\\\/secure.gravatar.com\\\/avatar\\\/f70e7fa0cb9b29d4a7c5788d6eb2e9ab4d3135cbae1c9161810fdf77a8964699?s=96&d=mm&r=g\",\"url\":\"https:\\\/\\\/secure.gravatar.com\\\/avatar\\\/f70e7fa0cb9b29d4a7c5788d6eb2e9ab4d3135cbae1c9161810fdf77a8964699?s=96&d=mm&r=g\",\"contentUrl\":\"https:\\\/\\\/secure.gravatar.com\\\/avatar\\\/f70e7fa0cb9b29d4a7c5788d6eb2e9ab4d3135cbae1c9161810fdf77a8964699?s=96&d=mm&r=g\",\"caption\":\"Vox Sahel\"},\"sameAs\":[\"http:\\\/\\\/www.voxsahel.com\"],\"url\":\"https:\\\/\\\/voxsahel.com\\\/?author=2\"}]}<\/script>\n<!-- \/ Yoast SEO plugin. -->","yoast_head_json":{"title":"Bassolma Bazi\u00e9, commission nationale de la conf\u00e9d\u00e9ration des Etats du Sahel : \u00ab On ne peut avoir des hommes qui puissent servir un pays de fa\u00e7on patriotique, exemplaire, avec dignit\u00e9, honneur et int\u00e9grit\u00e9 sans mettre l\u2019accent sur l\u2019\u00e9ducation \u00bb - Vox Sahel","robots":{"index":"index","follow":"follow","max-snippet":"max-snippet:-1","max-image-preview":"max-image-preview:large","max-video-preview":"max-video-preview:-1"},"canonical":"https:\/\/voxsahel.com\/?p=2973","og_locale":"fr_FR","og_type":"article","og_title":"Bassolma Bazi\u00e9, commission nationale de la conf\u00e9d\u00e9ration des Etats du Sahel : \u00ab On ne peut avoir des hommes qui puissent servir un pays de fa\u00e7on patriotique, exemplaire, avec dignit\u00e9, honneur et int\u00e9grit\u00e9 sans mettre l\u2019accent sur l\u2019\u00e9ducation \u00bb - Vox Sahel","og_description":"La commune de Sabou a vibr\u00e9 le week-end pass\u00e9 au rythme de l\u2019excellence scolaire le","og_url":"https:\/\/voxsahel.com\/?p=2973","og_site_name":"Vox Sahel","article_publisher":"https:\/\/www.facebook.com\/journal.voxsahel","article_published_time":"2025-10-14T22:30:17+00:00","og_image":[{"width":1024,"height":768,"url":"https:\/\/voxsahel.com\/wp-content\/uploads\/2025\/10\/edf95073-0c41-4e47-b875-e31d6952e807.jpeg","type":"image\/jpeg"}],"author":"Vox Sahel","twitter_card":"summary_large_image","twitter_misc":{"\u00c9crit par":"Vox Sahel","Dur\u00e9e de lecture estim\u00e9e":"4 minutes"},"schema":{"@context":"https:\/\/schema.org","@graph":[{"@type":"Article","@id":"https:\/\/voxsahel.com\/?p=2973#article","isPartOf":{"@id":"https:\/\/voxsahel.com\/?p=2973"},"author":{"name":"Vox Sahel","@id":"https:\/\/voxsahel.com\/#\/schema\/person\/b4043608248f8fa227cd760e7ff1e19e"},"headline":"Bassolma Bazi\u00e9, commission nationale de la conf\u00e9d\u00e9ration des Etats du Sahel : \u00ab On ne peut avoir des hommes qui puissent servir un pays de fa\u00e7on patriotique, exemplaire, avec dignit\u00e9, honneur et int\u00e9grit\u00e9 sans mettre l\u2019accent sur l\u2019\u00e9ducation \u00bb","datePublished":"2025-10-14T22:30:17+00:00","mainEntityOfPage":{"@id":"https:\/\/voxsahel.com\/?p=2973"},"wordCount":773,"commentCount":0,"publisher":{"@id":"https:\/\/voxsahel.com\/#organization"},"image":{"@id":"https:\/\/voxsahel.com\/?p=2973#primaryimage"},"thumbnailUrl":"https:\/\/voxsahel.com\/wp-content\/uploads\/2025\/10\/edf95073-0c41-4e47-b875-e31d6952e807.jpeg","keywords":["AES","Alliance des \u00c9tats du Sahel","Basolma Bazi\u00e9"],"articleSection":["SOCIETE"],"inLanguage":"fr-FR","potentialAction":[{"@type":"CommentAction","name":"Comment","target":["https:\/\/voxsahel.com\/?p=2973#respond"]}]},{"@type":"WebPage","@id":"https:\/\/voxsahel.com\/?p=2973","url":"https:\/\/voxsahel.com\/?p=2973","name":"Bassolma Bazi\u00e9, commission nationale de la conf\u00e9d\u00e9ration des Etats du Sahel : \u00ab On ne peut avoir des hommes qui puissent servir un pays de fa\u00e7on patriotique, exemplaire, avec dignit\u00e9, honneur et int\u00e9grit\u00e9 sans mettre l\u2019accent sur l\u2019\u00e9ducation \u00bb - Vox Sahel","isPartOf":{"@id":"https:\/\/voxsahel.com\/#website"},"primaryImageOfPage":{"@id":"https:\/\/voxsahel.com\/?p=2973#primaryimage"},"image":{"@id":"https:\/\/voxsahel.com\/?p=2973#primaryimage"},"thumbnailUrl":"https:\/\/voxsahel.com\/wp-content\/uploads\/2025\/10\/edf95073-0c41-4e47-b875-e31d6952e807.jpeg","datePublished":"2025-10-14T22:30:17+00:00","breadcrumb":{"@id":"https:\/\/voxsahel.com\/?p=2973#breadcrumb"},"inLanguage":"fr-FR","potentialAction":[{"@type":"ReadAction","target":["https:\/\/voxsahel.com\/?p=2973"]}]},{"@type":"ImageObject","inLanguage":"fr-FR","@id":"https:\/\/voxsahel.com\/?p=2973#primaryimage","url":"https:\/\/voxsahel.com\/wp-content\/uploads\/2025\/10\/edf95073-0c41-4e47-b875-e31d6952e807.jpeg","contentUrl":"https:\/\/voxsahel.com\/wp-content\/uploads\/2025\/10\/edf95073-0c41-4e47-b875-e31d6952e807.jpeg","width":1024,"height":768},{"@type":"BreadcrumbList","@id":"https:\/\/voxsahel.com\/?p=2973#breadcrumb","itemListElement":[{"@type":"ListItem","position":1,"name":"Home","item":"https:\/\/voxsahel.com\/"},{"@type":"ListItem","position":2,"name":"Bassolma Bazi\u00e9, commission nationale de la conf\u00e9d\u00e9ration des Etats du Sahel : \u00ab On ne peut avoir des hommes qui puissent servir un pays de fa\u00e7on patriotique, exemplaire, avec dignit\u00e9, honneur et int\u00e9grit\u00e9 sans mettre l\u2019accent sur l\u2019\u00e9ducation \u00bb"}]},{"@type":"WebSite","@id":"https:\/\/voxsahel.com\/#website","url":"https:\/\/voxsahel.com\/","name":"Vox Sahel","description":"Informez-vous sur le Sahel en un clic","publisher":{"@id":"https:\/\/voxsahel.com\/#organization"},"potentialAction":[{"@type":"SearchAction","target":{"@type":"EntryPoint","urlTemplate":"https:\/\/voxsahel.com\/?s={search_term_string}"},"query-input":{"@type":"PropertyValueSpecification","valueRequired":true,"valueName":"search_term_string"}}],"inLanguage":"fr-FR"},{"@type":"Organization","@id":"https:\/\/voxsahel.com\/#organization","name":"Vox Sahel","url":"https:\/\/voxsahel.com\/","logo":{"@type":"ImageObject","inLanguage":"fr-FR","@id":"https:\/\/voxsahel.com\/#\/schema\/logo\/image\/","url":"https:\/\/voxsahel.com\/wp-content\/uploads\/2024\/09\/Logo-Vox-Sahel.jpg","contentUrl":"https:\/\/voxsahel.com\/wp-content\/uploads\/2024\/09\/Logo-Vox-Sahel.jpg","width":1181,"height":848,"caption":"Vox Sahel"},"image":{"@id":"https:\/\/voxsahel.com\/#\/schema\/logo\/image\/"},"sameAs":["https:\/\/www.facebook.com\/journal.voxsahel"]},{"@type":"Person","@id":"https:\/\/voxsahel.com\/#\/schema\/person\/b4043608248f8fa227cd760e7ff1e19e","name":"Vox Sahel","image":{"@type":"ImageObject","inLanguage":"fr-FR","@id":"https:\/\/secure.gravatar.com\/avatar\/f70e7fa0cb9b29d4a7c5788d6eb2e9ab4d3135cbae1c9161810fdf77a8964699?s=96&d=mm&r=g","url":"https:\/\/secure.gravatar.com\/avatar\/f70e7fa0cb9b29d4a7c5788d6eb2e9ab4d3135cbae1c9161810fdf77a8964699?s=96&d=mm&r=g","contentUrl":"https:\/\/secure.gravatar.com\/avatar\/f70e7fa0cb9b29d4a7c5788d6eb2e9ab4d3135cbae1c9161810fdf77a8964699?s=96&d=mm&r=g","caption":"Vox Sahel"},"sameAs":["http:\/\/www.voxsahel.com"],"url":"https:\/\/voxsahel.com\/?author=2"}]}},"_links":{"self":[{"href":"https:\/\/voxsahel.com\/index.php?rest_route=\/wp\/v2\/posts\/2973","targetHints":{"allow":["GET"]}}],"collection":[{"href":"https:\/\/voxsahel.com\/index.php?rest_route=\/wp\/v2\/posts"}],"about":[{"href":"https:\/\/voxsahel.com\/index.php?rest_route=\/wp\/v2\/types\/post"}],"author":[{"embeddable":true,"href":"https:\/\/voxsahel.com\/index.php?rest_route=\/wp\/v2\/users\/2"}],"replies":[{"embeddable":true,"href":"https:\/\/voxsahel.com\/index.php?rest_route=%2Fwp%2Fv2%2Fcomments&post=2973"}],"version-history":[{"count":1,"href":"https:\/\/voxsahel.com\/index.php?rest_route=\/wp\/v2\/posts\/2973\/revisions"}],"predecessor-version":[{"id":2975,"href":"https:\/\/voxsahel.com\/index.php?rest_route=\/wp\/v2\/posts\/2973\/revisions\/2975"}],"wp:featuredmedia":[{"embeddable":true,"href":"https:\/\/voxsahel.com\/index.php?rest_route=\/wp\/v2\/media\/2974"}],"wp:attachment":[{"href":"https:\/\/voxsahel.com\/index.php?rest_route=%2Fwp%2Fv2%2Fmedia&parent=2973"}],"wp:term":[{"taxonomy":"category","embeddable":true,"href":"https:\/\/voxsahel.com\/index.php?rest_route=%2Fwp%2Fv2%2Fcategories&post=2973"},{"taxonomy":"post_tag","embeddable":true,"href":"https:\/\/voxsahel.com\/index.php?rest_route=%2Fwp%2Fv2%2Ftags&post=2973"}],"curies":[{"name":"wp","href":"https:\/\/api.w.org\/{rel}","templated":true}]}}