{"id":2964,"date":"2025-10-12T21:18:26","date_gmt":"2025-10-12T21:18:26","guid":{"rendered":"https:\/\/voxsahel.com\/?p=2964"},"modified":"2025-10-12T21:20:17","modified_gmt":"2025-10-12T21:20:17","slug":"mondial-2026-voici-le-format-des-barrages-africains","status":"publish","type":"post","link":"https:\/\/voxsahel.com\/?p=2964","title":{"rendered":"Mondial 2026 : voici le format des barrages africains"},"content":{"rendered":"<p class=\"p3\"><span class=\"s3\">La FIFA et la Conf\u00e9d\u00e9ration africaine de football (CAF) ont d\u00e9voil\u00e9 le format du mini-tournoi qui servira \u00e0 d\u00e9partager les quatre meilleurs deuxi\u00e8mes des \u00e9liminatoires africains du Mondial 2026. Une \u00e9tape cruciale pour les nations encore en qu\u00eate du pr\u00e9cieux ticket.<\/span><\/p>\n<p class=\"p3\"><span class=\"s3\">Selon le calendrier officiel, ce tournoi de rep\u00eachage se tiendra <\/span><span class=\"s2\">du 13 au 16 novembre 2025 au Maroc<\/span><span class=\"s3\">. Il r\u00e9unira les <\/span><span class=\"s2\">quatre meilleures s\u00e9lections class\u00e9es deuxi\u00e8mes<\/span><span class=\"s3\"> de leur groupe \u00e0 l\u2019issue des qualifications. L\u2019objectif : d\u00e9signer le <\/span><span class=\"s2\">dixi\u00e8me et dernier repr\u00e9sentant africain<\/span><span class=\"s3\"> pour les barrages intercontinentaux.<\/span><\/p>\n<p class=\"p3\"><span class=\"s2\">Un format simple et exp\u00e9ditif<\/span><\/p>\n<p class=\"p3\"><span class=\"s3\">Le mini-tournoi se d\u00e9roulera \u00e0 <\/span><span class=\"s2\">\u00e9limination directe<\/span><span class=\"s3\">, avec deux demi-finales et une finale :<\/span><\/p>\n<ul class=\"ul1\">\n<li class=\"li3\"><span class=\"s2\">Demi-finales (13 novembre)<\/span>\n<ul class=\"ul1\">\n<li class=\"li3\"><span class=\"s3\">\u00c9quipe 1 (mieux class\u00e9e FIFA) \ud83c\udd9a \u00c9quipe 4<\/span><\/li>\n<li class=\"li3\"><span class=\"s3\">\u00c9quipe 2 \ud83c\udd9a \u00c9quipe 3<\/span><\/li>\n<\/ul>\n<\/li>\n<li class=\"li3\"><span class=\"s2\">Finale (16 novembre)<\/span><span class=\"s3\"> : les vainqueurs des demi-finales s\u2019affrontent pour d\u00e9crocher la derni\u00e8re place africaine.<\/span><\/li>\n<\/ul>\n<p class=\"p3\"><span class=\"s3\">En cas d\u2019\u00e9galit\u00e9, des <\/span><span class=\"s2\">prolongations<\/span><span class=\"s3\"> puis une <\/span><span class=\"s2\">s\u00e9ance de tirs au but<\/span><span class=\"s3\">d\u00e9partageront les \u00e9quipes. Le <\/span><span class=\"s2\">classement FIFA d\u2019octobre 2025<\/span><span class=\"s3\"> servira de base pour d\u00e9terminer les t\u00eates de s\u00e9rie et les affiches.<\/span><\/p>\n<p class=\"p3\"><span class=\"s3\">Le vainqueur de ce tournoi affrontera ensuite une nation issue d\u2019un autre continent lors des <\/span><span class=\"s2\">barrages intercontinentaux<\/span><span class=\"s3\">, pr\u00e9vus en <\/span><span class=\"s2\">mars 2026<\/span><span class=\"s3\">, pour tenter de rallier la Coupe du Monde qui se jouera aux <\/span><span class=\"s2\">\u00c9tats-Unis, au Canada et au Mexique<\/span><span class=\"s3\">.<\/span><\/p>\n","protected":false},"excerpt":{"rendered":"<p>La FIFA et la Conf\u00e9d\u00e9ration africaine de football (CAF) ont d\u00e9voil\u00e9 le format du mini-tournoi<\/p>\n","protected":false},"author":2,"featured_media":2965,"comment_status":"open","ping_status":"open","sticky":false,"template":"","format":"standard","meta":{"_et_pb_use_builder":"","_et_pb_old_content":"","_et_gb_content_width":"","footnotes":""},"categories":[12],"tags":[18,660,906,274,40,35,34],"class_list":["post-2964","post","type-post","status-publish","format-standard","has-post-thumbnail","hentry","category-sports","tag-burkina-faso","tag-confederation-africaine-de-football","tag-coupe-du-monde-2026","tag-etalons","tag-federation-burkinabe-de-football","tag-football","tag-sport"],"yoast_head":"<!-- This site is optimized with the Yoast SEO plugin v27.5 - https:\/\/yoast.com\/product\/yoast-seo-wordpress\/ -->\n<title>Mondial 2026 : voici le format des barrages africains - Vox Sahel<\/title>\n<meta name=\"robots\" content=\"index, follow, max-snippet:-1, max-image-preview:large, max-video-preview:-1\" \/>\n<link rel=\"canonical\" href=\"https:\/\/voxsahel.com\/?p=2964\" \/>\n<meta property=\"og:locale\" content=\"fr_FR\" \/>\n<meta property=\"og:type\" content=\"article\" \/>\n<meta property=\"og:title\" content=\"Mondial 2026 : voici le format des barrages africains - Vox Sahel\" \/>\n<meta property=\"og:description\" content=\"La FIFA et la Conf\u00e9d\u00e9ration africaine de football (CAF) ont d\u00e9voil\u00e9 le format du mini-tournoi\" \/>\n<meta property=\"og:url\" content=\"https:\/\/voxsahel.com\/?p=2964\" \/>\n<meta property=\"og:site_name\" content=\"Vox Sahel\" \/>\n<meta property=\"article:publisher\" content=\"https:\/\/www.facebook.com\/journal.voxsahel\" \/>\n<meta property=\"article:published_time\" content=\"2025-10-12T21:18:26+00:00\" \/>\n<meta property=\"article:modified_time\" content=\"2025-10-12T21:20:17+00:00\" \/>\n<meta property=\"og:image\" content=\"https:\/\/voxsahel.com\/wp-content\/uploads\/2025\/10\/IMG_7144.jpeg\" \/>\n\t<meta property=\"og:image:width\" content=\"2048\" \/>\n\t<meta property=\"og:image:height\" content=\"1366\" \/>\n\t<meta property=\"og:image:type\" content=\"image\/jpeg\" \/>\n<meta name=\"author\" content=\"Vox Sahel\" \/>\n<meta name=\"twitter:card\" content=\"summary_large_image\" \/>\n<meta name=\"twitter:label1\" content=\"\u00c9crit par\" \/>\n\t<meta name=\"twitter:data1\" content=\"Vox Sahel\" \/>\n\t<meta name=\"twitter:label2\" content=\"Dur\u00e9e de lecture estim\u00e9e\" \/>\n\t<meta name=\"twitter:data2\" content=\"2 minutes\" \/>\n<script type=\"application\/ld+json\" class=\"yoast-schema-graph\">{\"@context\":\"https:\\\/\\\/schema.org\",\"@graph\":[{\"@type\":\"Article\",\"@id\":\"https:\\\/\\\/voxsahel.com\\\/?p=2964#article\",\"isPartOf\":{\"@id\":\"https:\\\/\\\/voxsahel.com\\\/?p=2964\"},\"author\":{\"name\":\"Vox Sahel\",\"@id\":\"https:\\\/\\\/voxsahel.com\\\/#\\\/schema\\\/person\\\/b4043608248f8fa227cd760e7ff1e19e\"},\"headline\":\"Mondial 2026 : voici le format des barrages africains\",\"datePublished\":\"2025-10-12T21:18:26+00:00\",\"dateModified\":\"2025-10-12T21:20:17+00:00\",\"mainEntityOfPage\":{\"@id\":\"https:\\\/\\\/voxsahel.com\\\/?p=2964\"},\"wordCount\":227,\"commentCount\":0,\"publisher\":{\"@id\":\"https:\\\/\\\/voxsahel.com\\\/#organization\"},\"image\":{\"@id\":\"https:\\\/\\\/voxsahel.com\\\/?p=2964#primaryimage\"},\"thumbnailUrl\":\"https:\\\/\\\/voxsahel.com\\\/wp-content\\\/uploads\\\/2025\\\/10\\\/IMG_7144.jpeg\",\"keywords\":[\"Burkina Faso\",\"Conf\u00e9d\u00e9ration Africaine de Football\",\"Coupe du monde 2026\",\"Etalons\",\"F\u00e9d\u00e9ration Burkinab\u00e8 de Football\",\"Football\",\"Sport\"],\"articleSection\":[\"SPORTS\"],\"inLanguage\":\"fr-FR\",\"potentialAction\":[{\"@type\":\"CommentAction\",\"name\":\"Comment\",\"target\":[\"https:\\\/\\\/voxsahel.com\\\/?p=2964#respond\"]}]},{\"@type\":\"WebPage\",\"@id\":\"https:\\\/\\\/voxsahel.com\\\/?p=2964\",\"url\":\"https:\\\/\\\/voxsahel.com\\\/?p=2964\",\"name\":\"Mondial 2026 : voici le format des barrages africains - Vox Sahel\",\"isPartOf\":{\"@id\":\"https:\\\/\\\/voxsahel.com\\\/#website\"},\"primaryImageOfPage\":{\"@id\":\"https:\\\/\\\/voxsahel.com\\\/?p=2964#primaryimage\"},\"image\":{\"@id\":\"https:\\\/\\\/voxsahel.com\\\/?p=2964#primaryimage\"},\"thumbnailUrl\":\"https:\\\/\\\/voxsahel.com\\\/wp-content\\\/uploads\\\/2025\\\/10\\\/IMG_7144.jpeg\",\"datePublished\":\"2025-10-12T21:18:26+00:00\",\"dateModified\":\"2025-10-12T21:20:17+00:00\",\"breadcrumb\":{\"@id\":\"https:\\\/\\\/voxsahel.com\\\/?p=2964#breadcrumb\"},\"inLanguage\":\"fr-FR\",\"potentialAction\":[{\"@type\":\"ReadAction\",\"target\":[\"https:\\\/\\\/voxsahel.com\\\/?p=2964\"]}]},{\"@type\":\"ImageObject\",\"inLanguage\":\"fr-FR\",\"@id\":\"https:\\\/\\\/voxsahel.com\\\/?p=2964#primaryimage\",\"url\":\"https:\\\/\\\/voxsahel.com\\\/wp-content\\\/uploads\\\/2025\\\/10\\\/IMG_7144.jpeg\",\"contentUrl\":\"https:\\\/\\\/voxsahel.com\\\/wp-content\\\/uploads\\\/2025\\\/10\\\/IMG_7144.jpeg\",\"width\":2048,\"height\":1366},{\"@type\":\"BreadcrumbList\",\"@id\":\"https:\\\/\\\/voxsahel.com\\\/?p=2964#breadcrumb\",\"itemListElement\":[{\"@type\":\"ListItem\",\"position\":1,\"name\":\"Home\",\"item\":\"https:\\\/\\\/voxsahel.com\\\/\"},{\"@type\":\"ListItem\",\"position\":2,\"name\":\"Mondial 2026 : voici le format des barrages africains\"}]},{\"@type\":\"WebSite\",\"@id\":\"https:\\\/\\\/voxsahel.com\\\/#website\",\"url\":\"https:\\\/\\\/voxsahel.com\\\/\",\"name\":\"Vox Sahel\",\"description\":\"Informez-vous sur le Sahel en un clic\",\"publisher\":{\"@id\":\"https:\\\/\\\/voxsahel.com\\\/#organization\"},\"potentialAction\":[{\"@type\":\"SearchAction\",\"target\":{\"@type\":\"EntryPoint\",\"urlTemplate\":\"https:\\\/\\\/voxsahel.com\\\/?s={search_term_string}\"},\"query-input\":{\"@type\":\"PropertyValueSpecification\",\"valueRequired\":true,\"valueName\":\"search_term_string\"}}],\"inLanguage\":\"fr-FR\"},{\"@type\":\"Organization\",\"@id\":\"https:\\\/\\\/voxsahel.com\\\/#organization\",\"name\":\"Vox Sahel\",\"url\":\"https:\\\/\\\/voxsahel.com\\\/\",\"logo\":{\"@type\":\"ImageObject\",\"inLanguage\":\"fr-FR\",\"@id\":\"https:\\\/\\\/voxsahel.com\\\/#\\\/schema\\\/logo\\\/image\\\/\",\"url\":\"https:\\\/\\\/voxsahel.com\\\/wp-content\\\/uploads\\\/2024\\\/09\\\/Logo-Vox-Sahel.jpg\",\"contentUrl\":\"https:\\\/\\\/voxsahel.com\\\/wp-content\\\/uploads\\\/2024\\\/09\\\/Logo-Vox-Sahel.jpg\",\"width\":1181,\"height\":848,\"caption\":\"Vox Sahel\"},\"image\":{\"@id\":\"https:\\\/\\\/voxsahel.com\\\/#\\\/schema\\\/logo\\\/image\\\/\"},\"sameAs\":[\"https:\\\/\\\/www.facebook.com\\\/journal.voxsahel\"]},{\"@type\":\"Person\",\"@id\":\"https:\\\/\\\/voxsahel.com\\\/#\\\/schema\\\/person\\\/b4043608248f8fa227cd760e7ff1e19e\",\"name\":\"Vox Sahel\",\"image\":{\"@type\":\"ImageObject\",\"inLanguage\":\"fr-FR\",\"@id\":\"https:\\\/\\\/secure.gravatar.com\\\/avatar\\\/f70e7fa0cb9b29d4a7c5788d6eb2e9ab4d3135cbae1c9161810fdf77a8964699?s=96&d=mm&r=g\",\"url\":\"https:\\\/\\\/secure.gravatar.com\\\/avatar\\\/f70e7fa0cb9b29d4a7c5788d6eb2e9ab4d3135cbae1c9161810fdf77a8964699?s=96&d=mm&r=g\",\"contentUrl\":\"https:\\\/\\\/secure.gravatar.com\\\/avatar\\\/f70e7fa0cb9b29d4a7c5788d6eb2e9ab4d3135cbae1c9161810fdf77a8964699?s=96&d=mm&r=g\",\"caption\":\"Vox Sahel\"},\"sameAs\":[\"http:\\\/\\\/www.voxsahel.com\"],\"url\":\"https:\\\/\\\/voxsahel.com\\\/?author=2\"}]}<\/script>\n<!-- \/ Yoast SEO plugin. -->","yoast_head_json":{"title":"Mondial 2026 : voici le format des barrages africains - Vox Sahel","robots":{"index":"index","follow":"follow","max-snippet":"max-snippet:-1","max-image-preview":"max-image-preview:large","max-video-preview":"max-video-preview:-1"},"canonical":"https:\/\/voxsahel.com\/?p=2964","og_locale":"fr_FR","og_type":"article","og_title":"Mondial 2026 : voici le format des barrages africains - Vox Sahel","og_description":"La FIFA et la Conf\u00e9d\u00e9ration africaine de football (CAF) ont d\u00e9voil\u00e9 le format du mini-tournoi","og_url":"https:\/\/voxsahel.com\/?p=2964","og_site_name":"Vox Sahel","article_publisher":"https:\/\/www.facebook.com\/journal.voxsahel","article_published_time":"2025-10-12T21:18:26+00:00","article_modified_time":"2025-10-12T21:20:17+00:00","og_image":[{"width":2048,"height":1366,"url":"https:\/\/voxsahel.com\/wp-content\/uploads\/2025\/10\/IMG_7144.jpeg","type":"image\/jpeg"}],"author":"Vox Sahel","twitter_card":"summary_large_image","twitter_misc":{"\u00c9crit par":"Vox Sahel","Dur\u00e9e de lecture estim\u00e9e":"2 minutes"},"schema":{"@context":"https:\/\/schema.org","@graph":[{"@type":"Article","@id":"https:\/\/voxsahel.com\/?p=2964#article","isPartOf":{"@id":"https:\/\/voxsahel.com\/?p=2964"},"author":{"name":"Vox Sahel","@id":"https:\/\/voxsahel.com\/#\/schema\/person\/b4043608248f8fa227cd760e7ff1e19e"},"headline":"Mondial 2026 : voici le format des barrages africains","datePublished":"2025-10-12T21:18:26+00:00","dateModified":"2025-10-12T21:20:17+00:00","mainEntityOfPage":{"@id":"https:\/\/voxsahel.com\/?p=2964"},"wordCount":227,"commentCount":0,"publisher":{"@id":"https:\/\/voxsahel.com\/#organization"},"image":{"@id":"https:\/\/voxsahel.com\/?p=2964#primaryimage"},"thumbnailUrl":"https:\/\/voxsahel.com\/wp-content\/uploads\/2025\/10\/IMG_7144.jpeg","keywords":["Burkina Faso","Conf\u00e9d\u00e9ration Africaine de Football","Coupe du monde 2026","Etalons","F\u00e9d\u00e9ration Burkinab\u00e8 de Football","Football","Sport"],"articleSection":["SPORTS"],"inLanguage":"fr-FR","potentialAction":[{"@type":"CommentAction","name":"Comment","target":["https:\/\/voxsahel.com\/?p=2964#respond"]}]},{"@type":"WebPage","@id":"https:\/\/voxsahel.com\/?p=2964","url":"https:\/\/voxsahel.com\/?p=2964","name":"Mondial 2026 : voici le format des barrages africains - Vox Sahel","isPartOf":{"@id":"https:\/\/voxsahel.com\/#website"},"primaryImageOfPage":{"@id":"https:\/\/voxsahel.com\/?p=2964#primaryimage"},"image":{"@id":"https:\/\/voxsahel.com\/?p=2964#primaryimage"},"thumbnailUrl":"https:\/\/voxsahel.com\/wp-content\/uploads\/2025\/10\/IMG_7144.jpeg","datePublished":"2025-10-12T21:18:26+00:00","dateModified":"2025-10-12T21:20:17+00:00","breadcrumb":{"@id":"https:\/\/voxsahel.com\/?p=2964#breadcrumb"},"inLanguage":"fr-FR","potentialAction":[{"@type":"ReadAction","target":["https:\/\/voxsahel.com\/?p=2964"]}]},{"@type":"ImageObject","inLanguage":"fr-FR","@id":"https:\/\/voxsahel.com\/?p=2964#primaryimage","url":"https:\/\/voxsahel.com\/wp-content\/uploads\/2025\/10\/IMG_7144.jpeg","contentUrl":"https:\/\/voxsahel.com\/wp-content\/uploads\/2025\/10\/IMG_7144.jpeg","width":2048,"height":1366},{"@type":"BreadcrumbList","@id":"https:\/\/voxsahel.com\/?p=2964#breadcrumb","itemListElement":[{"@type":"ListItem","position":1,"name":"Home","item":"https:\/\/voxsahel.com\/"},{"@type":"ListItem","position":2,"name":"Mondial 2026 : voici le format des barrages africains"}]},{"@type":"WebSite","@id":"https:\/\/voxsahel.com\/#website","url":"https:\/\/voxsahel.com\/","name":"Vox Sahel","description":"Informez-vous sur le Sahel en un clic","publisher":{"@id":"https:\/\/voxsahel.com\/#organization"},"potentialAction":[{"@type":"SearchAction","target":{"@type":"EntryPoint","urlTemplate":"https:\/\/voxsahel.com\/?s={search_term_string}"},"query-input":{"@type":"PropertyValueSpecification","valueRequired":true,"valueName":"search_term_string"}}],"inLanguage":"fr-FR"},{"@type":"Organization","@id":"https:\/\/voxsahel.com\/#organization","name":"Vox Sahel","url":"https:\/\/voxsahel.com\/","logo":{"@type":"ImageObject","inLanguage":"fr-FR","@id":"https:\/\/voxsahel.com\/#\/schema\/logo\/image\/","url":"https:\/\/voxsahel.com\/wp-content\/uploads\/2024\/09\/Logo-Vox-Sahel.jpg","contentUrl":"https:\/\/voxsahel.com\/wp-content\/uploads\/2024\/09\/Logo-Vox-Sahel.jpg","width":1181,"height":848,"caption":"Vox Sahel"},"image":{"@id":"https:\/\/voxsahel.com\/#\/schema\/logo\/image\/"},"sameAs":["https:\/\/www.facebook.com\/journal.voxsahel"]},{"@type":"Person","@id":"https:\/\/voxsahel.com\/#\/schema\/person\/b4043608248f8fa227cd760e7ff1e19e","name":"Vox Sahel","image":{"@type":"ImageObject","inLanguage":"fr-FR","@id":"https:\/\/secure.gravatar.com\/avatar\/f70e7fa0cb9b29d4a7c5788d6eb2e9ab4d3135cbae1c9161810fdf77a8964699?s=96&d=mm&r=g","url":"https:\/\/secure.gravatar.com\/avatar\/f70e7fa0cb9b29d4a7c5788d6eb2e9ab4d3135cbae1c9161810fdf77a8964699?s=96&d=mm&r=g","contentUrl":"https:\/\/secure.gravatar.com\/avatar\/f70e7fa0cb9b29d4a7c5788d6eb2e9ab4d3135cbae1c9161810fdf77a8964699?s=96&d=mm&r=g","caption":"Vox Sahel"},"sameAs":["http:\/\/www.voxsahel.com"],"url":"https:\/\/voxsahel.com\/?author=2"}]}},"_links":{"self":[{"href":"https:\/\/voxsahel.com\/index.php?rest_route=\/wp\/v2\/posts\/2964","targetHints":{"allow":["GET"]}}],"collection":[{"href":"https:\/\/voxsahel.com\/index.php?rest_route=\/wp\/v2\/posts"}],"about":[{"href":"https:\/\/voxsahel.com\/index.php?rest_route=\/wp\/v2\/types\/post"}],"author":[{"embeddable":true,"href":"https:\/\/voxsahel.com\/index.php?rest_route=\/wp\/v2\/users\/2"}],"replies":[{"embeddable":true,"href":"https:\/\/voxsahel.com\/index.php?rest_route=%2Fwp%2Fv2%2Fcomments&post=2964"}],"version-history":[{"count":1,"href":"https:\/\/voxsahel.com\/index.php?rest_route=\/wp\/v2\/posts\/2964\/revisions"}],"predecessor-version":[{"id":2966,"href":"https:\/\/voxsahel.com\/index.php?rest_route=\/wp\/v2\/posts\/2964\/revisions\/2966"}],"wp:featuredmedia":[{"embeddable":true,"href":"https:\/\/voxsahel.com\/index.php?rest_route=\/wp\/v2\/media\/2965"}],"wp:attachment":[{"href":"https:\/\/voxsahel.com\/index.php?rest_route=%2Fwp%2Fv2%2Fmedia&parent=2964"}],"wp:term":[{"taxonomy":"category","embeddable":true,"href":"https:\/\/voxsahel.com\/index.php?rest_route=%2Fwp%2Fv2%2Fcategories&post=2964"},{"taxonomy":"post_tag","embeddable":true,"href":"https:\/\/voxsahel.com\/index.php?rest_route=%2Fwp%2Fv2%2Ftags&post=2964"}],"curies":[{"name":"wp","href":"https:\/\/api.w.org\/{rel}","templated":true}]}}