{"id":2947,"date":"2025-10-07T20:07:07","date_gmt":"2025-10-07T20:07:07","guid":{"rendered":"https:\/\/voxsahel.com\/?p=2947"},"modified":"2025-10-07T20:10:48","modified_gmt":"2025-10-07T20:10:48","slug":"uemoa-le-burkina-faso-retabli-dans-son-droit-symbole-dune-afrique-nouvelle-qui-refuse-la-soumission","status":"publish","type":"post","link":"https:\/\/voxsahel.com\/?p=2947","title":{"rendered":"UEMOA : Le Burkina Faso r\u00e9tabli dans son droit, symbole d\u2019une Afrique nouvelle qui refuse la soumission"},"content":{"rendered":"<p class=\"p1\"><strong>Refus\u00e9e en juillet dernier au m\u00e9pris des textes communautaires, la pr\u00e9sidence du Conseil des ministres de l\u2019UEMOA revient finalement au Burkina Faso. Pour Alexandre Le Grand Zango, ce revirement n\u2019est pas un simple geste diplomatique, mais le signe \u00e9clatant d\u2019un r\u00e9veil continental. \u00c0 travers la solidarit\u00e9 du Mali et du Niger et la r\u00e9silience des \u00c9tats du Sahel, l\u2019Afrique souveraine affirme sa dignit\u00e9 face aux ing\u00e9rences et aux diktats ext\u00e9rieurs.<\/strong><\/p>\n<p class=\"p1\"><strong><span class=\"s2\">Un vent s&rsquo;est lev\u00e9, l&rsquo;Afrique est debout, lisez les signes !<\/span><\/strong><\/p>\n<p class=\"p1\"><span class=\"s2\">Hier nous \u00e9tions le 11 juillet 2025, lorsque la pr\u00e9sidence du Conseil des ministres de l&rsquo;UEMOA (Union \u00c9conomique et Mon\u00e9taire Ouest Africaine) a \u00e9t\u00e9 refus\u00e9e au Burkina Faso, alors que le tour d\u2019assumer cette haute fonction \u00e9tait le sien, conform\u00e9ment \u00e0 l&rsquo;Article 11 du Trait\u00e9 de cette structure qui stipule que \u201cla pr\u00e9sidence du Conseil des ministres est assur\u00e9e, \u00e0 tour de r\u00f4le, par l&rsquo;un des ministres charg\u00e9s des Finances des Etats membres, pour un mandat de deux ans\u201d. <\/span><\/p>\n<p class=\"p1\"><span class=\"s2\">Et voici encore des enfants de m\u00e8re Afrique, victimes d\u2019une man\u0153uvre politique froide de certains des leurs, un camouflet, une violation flagrante des r\u00e8gles communes. <\/span><\/p>\n<p class=\"p1\"><span class=\"s2\">Face \u00e0 cette tentative de museler la voix de la souverainet\u00e9, le Mali et le Niger ont agi avec une solidarit\u00e9 historique. Ils ont claqu\u00e9 la porte, envoyant un message cristallin : l&rsquo;Alliance des \u00c9tats du Sahel (AES) est indivisible dans sa dignit\u00e9.<\/span><\/p>\n<p class=\"p1\"><span class=\"s2\">Cette man\u0153uvre, pour beaucoup d&rsquo;entre nous, n&rsquo;\u00e9tait pas l&rsquo;\u0153uvre d&rsquo;une simple querelle interne. Elle portait l&rsquo;odeur d&rsquo;une pression ext\u00e9rieure, d&rsquo;un diktat exerc\u00e9 par les puissances qui ne supportent pas l&rsquo;id\u00e9e de l&rsquo;autonomie africaine. On y voyait la main de ceux qui consid\u00e8rent toujours notre sous-r\u00e9gion comme leur chasse gard\u00e9e.<\/span><\/p>\n<p class=\"p1\"><span class=\"s2\">Mais depuis cette date du 06 octobre 2025, le coup de th\u00e9\u00e2tre est total : l&rsquo;injustice est r\u00e9par\u00e9e. L&rsquo;UEMOA a fait marche arri\u00e8re, le poste de Pr\u00e9sident du Conseil des ministres de l\u2019UEMOA est revenu enfin au Ministre en charge des Finances du Burkina Faso, Docteur Aboubacar Nacanabo.<\/span><\/p>\n<p class=\"p1\"><span class=\"s2\">Qu&rsquo;est-ce qui a milit\u00e9 \u00e0 ce spectaculaire retour \u00e0 la raison ? La co\u00efncidence avec l&rsquo;instabilit\u00e9 politique persistante chez l&rsquo;ancienne puissance coloniale est certes un facteur intrigant, mais le v\u00e9ritable moteur, dignes filles et fils d\u2019Afrique, est ailleurs.<\/span><\/p>\n<p class=\"p1\"><span class=\"s2\">Ce qui a chang\u00e9, c&rsquo;est que les autres pays de l&rsquo;UEMOA ont \u00e9t\u00e9 forc\u00e9s de lire les signes :<\/span><\/p>\n<p class=\"p1\"><span class=\"s2\">1. Le Mali, le Burkina Faso et le Niger ont d\u00e9montr\u00e9 que leur \u00e9lan souverainiste n&rsquo;est pas une simple r\u00e9bellion d&rsquo;adolescents, mais une mue profonde et structurelle. Ignorer l&rsquo;AES, c&rsquo;est ignorer une force politique, s\u00e9curitaire et \u00e9conomique majeure du continent.<\/span><\/p>\n<p class=\"p1\"><span class=\"s2\">2. Pendant trop longtemps, la peur du \u00ab\u00a0courroux\u00a0\u00bb d&rsquo;une ou de deux capitales r\u00e9gionales, align\u00e9es sur l&rsquo;imp\u00e9rialisme, a dict\u00e9 les relations africaines. Aujourd&rsquo;hui, les pays membres de l&rsquo;UEMOA ont commenc\u00e9 \u00e0 comprendre que le v\u00e9ritable risque n&rsquo;est pas de s&rsquo;affranchir, mais de rester encha\u00een\u00e9s. La solidarit\u00e9 au sein de l&rsquo;AES est une preuve de force qui a encourag\u00e9 les autres \u00e0 se dresser droits.<\/span><\/p>\n<p class=\"p1\"><span class=\"s2\">3. Malgr\u00e9 les sanctions et les tentatives de diabolisation, les pays de l&rsquo;AES affichent une r\u00e9silience \u00e9conomique et une d\u00e9termination qui interpellent. L&rsquo;autonomie, l&rsquo;exploitation souveraine de leurs ressources et la r\u00e9orientation des partenariats cr\u00e9ent une dynamique que l&rsquo;on ne peut plus ignorer.<\/span><\/p>\n<p class=\"p1\"><span class=\"s2\">Ce revirement de l&rsquo;UEMOA n&rsquo;est pas une simple victoire protocolaire. C&rsquo;est une victoire id\u00e9ologique pour tous les panafricanistes et les r\u00e9volutionnaires du monde entier. C&rsquo;est la preuve que la dignit\u00e9 paie.<\/span><\/p>\n<p class=\"p1\"><span class=\"s2\">L&rsquo;UEMOA a \u00e9vit\u00e9 la crise, mais elle doit maintenant op\u00e9rer une mue sinc\u00e8re. L&rsquo;Afrique de demain se construit avec une collaboration franche et sinc\u00e8re, respectueuse des peuples et de leurs choix. Le temps des arri\u00e8re-pens\u00e9es coloniales et des marionnettes r\u00e9gionales est r\u00e9volu.<\/span><\/p>\n<p class=\"p1\"><span class=\"s2\">Un vent s&rsquo;est lev\u00e9, l&rsquo;Afrique est debout, lisez les signes, c\u2019est \u00e9crit !<\/span><\/p>\n<p class=\"p1\" style=\"text-align: right;\"><strong><span class=\"s2\">Alexandre Le Grand Zango <\/span><\/strong><\/p>\n<p class=\"p1\" style=\"text-align: right;\"><strong><span class=\"s2\">Citoyen Burkinab\u00e8\u00a0<\/span><\/strong><\/p>\n","protected":false},"excerpt":{"rendered":"<p>Refus\u00e9e en juillet dernier au m\u00e9pris des textes communautaires, la pr\u00e9sidence du Conseil des ministres<\/p>\n","protected":false},"author":2,"featured_media":2949,"comment_status":"open","ping_status":"open","sticky":false,"template":"","format":"standard","meta":{"_et_pb_use_builder":"","_et_pb_old_content":"","_et_gb_content_width":"","footnotes":""},"categories":[5],"tags":[],"class_list":["post-2947","post","type-post","status-publish","format-standard","has-post-thumbnail","hentry","category-societe"],"yoast_head":"<!-- This site is optimized with the Yoast SEO plugin v27.5 - https:\/\/yoast.com\/product\/yoast-seo-wordpress\/ -->\n<title>UEMOA : Le Burkina Faso r\u00e9tabli dans son droit, symbole d\u2019une Afrique nouvelle qui refuse la soumission - Vox Sahel<\/title>\n<meta name=\"robots\" content=\"index, follow, max-snippet:-1, max-image-preview:large, max-video-preview:-1\" \/>\n<link rel=\"canonical\" href=\"https:\/\/voxsahel.com\/?p=2947\" \/>\n<meta property=\"og:locale\" content=\"fr_FR\" \/>\n<meta property=\"og:type\" content=\"article\" \/>\n<meta property=\"og:title\" content=\"UEMOA : Le Burkina Faso r\u00e9tabli dans son droit, symbole d\u2019une Afrique nouvelle qui refuse la soumission - Vox Sahel\" \/>\n<meta property=\"og:description\" content=\"Refus\u00e9e en juillet dernier au m\u00e9pris des textes communautaires, la pr\u00e9sidence du Conseil des ministres\" \/>\n<meta property=\"og:url\" content=\"https:\/\/voxsahel.com\/?p=2947\" \/>\n<meta property=\"og:site_name\" content=\"Vox Sahel\" \/>\n<meta property=\"article:publisher\" content=\"https:\/\/www.facebook.com\/journal.voxsahel\" \/>\n<meta property=\"article:published_time\" content=\"2025-10-07T20:07:07+00:00\" \/>\n<meta property=\"article:modified_time\" content=\"2025-10-07T20:10:48+00:00\" \/>\n<meta property=\"og:image\" content=\"https:\/\/voxsahel.com\/wp-content\/uploads\/2025\/10\/IMG_5628-1.jpeg\" \/>\n\t<meta property=\"og:image:width\" content=\"603\" \/>\n\t<meta property=\"og:image:height\" content=\"663\" \/>\n\t<meta property=\"og:image:type\" content=\"image\/jpeg\" \/>\n<meta name=\"author\" content=\"Vox Sahel\" \/>\n<meta name=\"twitter:card\" content=\"summary_large_image\" \/>\n<meta name=\"twitter:label1\" content=\"\u00c9crit par\" \/>\n\t<meta name=\"twitter:data1\" content=\"Vox Sahel\" \/>\n\t<meta name=\"twitter:label2\" content=\"Dur\u00e9e de lecture estim\u00e9e\" \/>\n\t<meta name=\"twitter:data2\" content=\"4 minutes\" \/>\n<script type=\"application\/ld+json\" class=\"yoast-schema-graph\">{\"@context\":\"https:\\\/\\\/schema.org\",\"@graph\":[{\"@type\":\"Article\",\"@id\":\"https:\\\/\\\/voxsahel.com\\\/?p=2947#article\",\"isPartOf\":{\"@id\":\"https:\\\/\\\/voxsahel.com\\\/?p=2947\"},\"author\":{\"name\":\"Vox Sahel\",\"@id\":\"https:\\\/\\\/voxsahel.com\\\/#\\\/schema\\\/person\\\/b4043608248f8fa227cd760e7ff1e19e\"},\"headline\":\"UEMOA : Le Burkina Faso r\u00e9tabli dans son droit, symbole d\u2019une Afrique nouvelle qui refuse la soumission\",\"datePublished\":\"2025-10-07T20:07:07+00:00\",\"dateModified\":\"2025-10-07T20:10:48+00:00\",\"mainEntityOfPage\":{\"@id\":\"https:\\\/\\\/voxsahel.com\\\/?p=2947\"},\"wordCount\":724,\"commentCount\":0,\"publisher\":{\"@id\":\"https:\\\/\\\/voxsahel.com\\\/#organization\"},\"image\":{\"@id\":\"https:\\\/\\\/voxsahel.com\\\/?p=2947#primaryimage\"},\"thumbnailUrl\":\"https:\\\/\\\/voxsahel.com\\\/wp-content\\\/uploads\\\/2025\\\/10\\\/IMG_5628-1.jpeg\",\"articleSection\":[\"SOCIETE\"],\"inLanguage\":\"fr-FR\",\"potentialAction\":[{\"@type\":\"CommentAction\",\"name\":\"Comment\",\"target\":[\"https:\\\/\\\/voxsahel.com\\\/?p=2947#respond\"]}]},{\"@type\":\"WebPage\",\"@id\":\"https:\\\/\\\/voxsahel.com\\\/?p=2947\",\"url\":\"https:\\\/\\\/voxsahel.com\\\/?p=2947\",\"name\":\"UEMOA : Le Burkina Faso r\u00e9tabli dans son droit, symbole d\u2019une Afrique nouvelle qui refuse la soumission - Vox Sahel\",\"isPartOf\":{\"@id\":\"https:\\\/\\\/voxsahel.com\\\/#website\"},\"primaryImageOfPage\":{\"@id\":\"https:\\\/\\\/voxsahel.com\\\/?p=2947#primaryimage\"},\"image\":{\"@id\":\"https:\\\/\\\/voxsahel.com\\\/?p=2947#primaryimage\"},\"thumbnailUrl\":\"https:\\\/\\\/voxsahel.com\\\/wp-content\\\/uploads\\\/2025\\\/10\\\/IMG_5628-1.jpeg\",\"datePublished\":\"2025-10-07T20:07:07+00:00\",\"dateModified\":\"2025-10-07T20:10:48+00:00\",\"breadcrumb\":{\"@id\":\"https:\\\/\\\/voxsahel.com\\\/?p=2947#breadcrumb\"},\"inLanguage\":\"fr-FR\",\"potentialAction\":[{\"@type\":\"ReadAction\",\"target\":[\"https:\\\/\\\/voxsahel.com\\\/?p=2947\"]}]},{\"@type\":\"ImageObject\",\"inLanguage\":\"fr-FR\",\"@id\":\"https:\\\/\\\/voxsahel.com\\\/?p=2947#primaryimage\",\"url\":\"https:\\\/\\\/voxsahel.com\\\/wp-content\\\/uploads\\\/2025\\\/10\\\/IMG_5628-1.jpeg\",\"contentUrl\":\"https:\\\/\\\/voxsahel.com\\\/wp-content\\\/uploads\\\/2025\\\/10\\\/IMG_5628-1.jpeg\",\"width\":603,\"height\":663},{\"@type\":\"BreadcrumbList\",\"@id\":\"https:\\\/\\\/voxsahel.com\\\/?p=2947#breadcrumb\",\"itemListElement\":[{\"@type\":\"ListItem\",\"position\":1,\"name\":\"Home\",\"item\":\"https:\\\/\\\/voxsahel.com\\\/\"},{\"@type\":\"ListItem\",\"position\":2,\"name\":\"UEMOA : Le Burkina Faso r\u00e9tabli dans son droit, symbole d\u2019une Afrique nouvelle qui refuse la soumission\"}]},{\"@type\":\"WebSite\",\"@id\":\"https:\\\/\\\/voxsahel.com\\\/#website\",\"url\":\"https:\\\/\\\/voxsahel.com\\\/\",\"name\":\"Vox Sahel\",\"description\":\"Informez-vous sur le Sahel en un clic\",\"publisher\":{\"@id\":\"https:\\\/\\\/voxsahel.com\\\/#organization\"},\"potentialAction\":[{\"@type\":\"SearchAction\",\"target\":{\"@type\":\"EntryPoint\",\"urlTemplate\":\"https:\\\/\\\/voxsahel.com\\\/?s={search_term_string}\"},\"query-input\":{\"@type\":\"PropertyValueSpecification\",\"valueRequired\":true,\"valueName\":\"search_term_string\"}}],\"inLanguage\":\"fr-FR\"},{\"@type\":\"Organization\",\"@id\":\"https:\\\/\\\/voxsahel.com\\\/#organization\",\"name\":\"Vox Sahel\",\"url\":\"https:\\\/\\\/voxsahel.com\\\/\",\"logo\":{\"@type\":\"ImageObject\",\"inLanguage\":\"fr-FR\",\"@id\":\"https:\\\/\\\/voxsahel.com\\\/#\\\/schema\\\/logo\\\/image\\\/\",\"url\":\"https:\\\/\\\/voxsahel.com\\\/wp-content\\\/uploads\\\/2024\\\/09\\\/Logo-Vox-Sahel.jpg\",\"contentUrl\":\"https:\\\/\\\/voxsahel.com\\\/wp-content\\\/uploads\\\/2024\\\/09\\\/Logo-Vox-Sahel.jpg\",\"width\":1181,\"height\":848,\"caption\":\"Vox Sahel\"},\"image\":{\"@id\":\"https:\\\/\\\/voxsahel.com\\\/#\\\/schema\\\/logo\\\/image\\\/\"},\"sameAs\":[\"https:\\\/\\\/www.facebook.com\\\/journal.voxsahel\"]},{\"@type\":\"Person\",\"@id\":\"https:\\\/\\\/voxsahel.com\\\/#\\\/schema\\\/person\\\/b4043608248f8fa227cd760e7ff1e19e\",\"name\":\"Vox Sahel\",\"image\":{\"@type\":\"ImageObject\",\"inLanguage\":\"fr-FR\",\"@id\":\"https:\\\/\\\/secure.gravatar.com\\\/avatar\\\/f70e7fa0cb9b29d4a7c5788d6eb2e9ab4d3135cbae1c9161810fdf77a8964699?s=96&d=mm&r=g\",\"url\":\"https:\\\/\\\/secure.gravatar.com\\\/avatar\\\/f70e7fa0cb9b29d4a7c5788d6eb2e9ab4d3135cbae1c9161810fdf77a8964699?s=96&d=mm&r=g\",\"contentUrl\":\"https:\\\/\\\/secure.gravatar.com\\\/avatar\\\/f70e7fa0cb9b29d4a7c5788d6eb2e9ab4d3135cbae1c9161810fdf77a8964699?s=96&d=mm&r=g\",\"caption\":\"Vox Sahel\"},\"sameAs\":[\"http:\\\/\\\/www.voxsahel.com\"],\"url\":\"https:\\\/\\\/voxsahel.com\\\/?author=2\"}]}<\/script>\n<!-- \/ Yoast SEO plugin. -->","yoast_head_json":{"title":"UEMOA : Le Burkina Faso r\u00e9tabli dans son droit, symbole d\u2019une Afrique nouvelle qui refuse la soumission - Vox Sahel","robots":{"index":"index","follow":"follow","max-snippet":"max-snippet:-1","max-image-preview":"max-image-preview:large","max-video-preview":"max-video-preview:-1"},"canonical":"https:\/\/voxsahel.com\/?p=2947","og_locale":"fr_FR","og_type":"article","og_title":"UEMOA : Le Burkina Faso r\u00e9tabli dans son droit, symbole d\u2019une Afrique nouvelle qui refuse la soumission - Vox Sahel","og_description":"Refus\u00e9e en juillet dernier au m\u00e9pris des textes communautaires, la pr\u00e9sidence du Conseil des ministres","og_url":"https:\/\/voxsahel.com\/?p=2947","og_site_name":"Vox Sahel","article_publisher":"https:\/\/www.facebook.com\/journal.voxsahel","article_published_time":"2025-10-07T20:07:07+00:00","article_modified_time":"2025-10-07T20:10:48+00:00","og_image":[{"width":603,"height":663,"url":"https:\/\/voxsahel.com\/wp-content\/uploads\/2025\/10\/IMG_5628-1.jpeg","type":"image\/jpeg"}],"author":"Vox Sahel","twitter_card":"summary_large_image","twitter_misc":{"\u00c9crit par":"Vox Sahel","Dur\u00e9e de lecture estim\u00e9e":"4 minutes"},"schema":{"@context":"https:\/\/schema.org","@graph":[{"@type":"Article","@id":"https:\/\/voxsahel.com\/?p=2947#article","isPartOf":{"@id":"https:\/\/voxsahel.com\/?p=2947"},"author":{"name":"Vox Sahel","@id":"https:\/\/voxsahel.com\/#\/schema\/person\/b4043608248f8fa227cd760e7ff1e19e"},"headline":"UEMOA : Le Burkina Faso r\u00e9tabli dans son droit, symbole d\u2019une Afrique nouvelle qui refuse la soumission","datePublished":"2025-10-07T20:07:07+00:00","dateModified":"2025-10-07T20:10:48+00:00","mainEntityOfPage":{"@id":"https:\/\/voxsahel.com\/?p=2947"},"wordCount":724,"commentCount":0,"publisher":{"@id":"https:\/\/voxsahel.com\/#organization"},"image":{"@id":"https:\/\/voxsahel.com\/?p=2947#primaryimage"},"thumbnailUrl":"https:\/\/voxsahel.com\/wp-content\/uploads\/2025\/10\/IMG_5628-1.jpeg","articleSection":["SOCIETE"],"inLanguage":"fr-FR","potentialAction":[{"@type":"CommentAction","name":"Comment","target":["https:\/\/voxsahel.com\/?p=2947#respond"]}]},{"@type":"WebPage","@id":"https:\/\/voxsahel.com\/?p=2947","url":"https:\/\/voxsahel.com\/?p=2947","name":"UEMOA : Le Burkina Faso r\u00e9tabli dans son droit, symbole d\u2019une Afrique nouvelle qui refuse la soumission - Vox Sahel","isPartOf":{"@id":"https:\/\/voxsahel.com\/#website"},"primaryImageOfPage":{"@id":"https:\/\/voxsahel.com\/?p=2947#primaryimage"},"image":{"@id":"https:\/\/voxsahel.com\/?p=2947#primaryimage"},"thumbnailUrl":"https:\/\/voxsahel.com\/wp-content\/uploads\/2025\/10\/IMG_5628-1.jpeg","datePublished":"2025-10-07T20:07:07+00:00","dateModified":"2025-10-07T20:10:48+00:00","breadcrumb":{"@id":"https:\/\/voxsahel.com\/?p=2947#breadcrumb"},"inLanguage":"fr-FR","potentialAction":[{"@type":"ReadAction","target":["https:\/\/voxsahel.com\/?p=2947"]}]},{"@type":"ImageObject","inLanguage":"fr-FR","@id":"https:\/\/voxsahel.com\/?p=2947#primaryimage","url":"https:\/\/voxsahel.com\/wp-content\/uploads\/2025\/10\/IMG_5628-1.jpeg","contentUrl":"https:\/\/voxsahel.com\/wp-content\/uploads\/2025\/10\/IMG_5628-1.jpeg","width":603,"height":663},{"@type":"BreadcrumbList","@id":"https:\/\/voxsahel.com\/?p=2947#breadcrumb","itemListElement":[{"@type":"ListItem","position":1,"name":"Home","item":"https:\/\/voxsahel.com\/"},{"@type":"ListItem","position":2,"name":"UEMOA : Le Burkina Faso r\u00e9tabli dans son droit, symbole d\u2019une Afrique nouvelle qui refuse la soumission"}]},{"@type":"WebSite","@id":"https:\/\/voxsahel.com\/#website","url":"https:\/\/voxsahel.com\/","name":"Vox Sahel","description":"Informez-vous sur le Sahel en un clic","publisher":{"@id":"https:\/\/voxsahel.com\/#organization"},"potentialAction":[{"@type":"SearchAction","target":{"@type":"EntryPoint","urlTemplate":"https:\/\/voxsahel.com\/?s={search_term_string}"},"query-input":{"@type":"PropertyValueSpecification","valueRequired":true,"valueName":"search_term_string"}}],"inLanguage":"fr-FR"},{"@type":"Organization","@id":"https:\/\/voxsahel.com\/#organization","name":"Vox Sahel","url":"https:\/\/voxsahel.com\/","logo":{"@type":"ImageObject","inLanguage":"fr-FR","@id":"https:\/\/voxsahel.com\/#\/schema\/logo\/image\/","url":"https:\/\/voxsahel.com\/wp-content\/uploads\/2024\/09\/Logo-Vox-Sahel.jpg","contentUrl":"https:\/\/voxsahel.com\/wp-content\/uploads\/2024\/09\/Logo-Vox-Sahel.jpg","width":1181,"height":848,"caption":"Vox Sahel"},"image":{"@id":"https:\/\/voxsahel.com\/#\/schema\/logo\/image\/"},"sameAs":["https:\/\/www.facebook.com\/journal.voxsahel"]},{"@type":"Person","@id":"https:\/\/voxsahel.com\/#\/schema\/person\/b4043608248f8fa227cd760e7ff1e19e","name":"Vox Sahel","image":{"@type":"ImageObject","inLanguage":"fr-FR","@id":"https:\/\/secure.gravatar.com\/avatar\/f70e7fa0cb9b29d4a7c5788d6eb2e9ab4d3135cbae1c9161810fdf77a8964699?s=96&d=mm&r=g","url":"https:\/\/secure.gravatar.com\/avatar\/f70e7fa0cb9b29d4a7c5788d6eb2e9ab4d3135cbae1c9161810fdf77a8964699?s=96&d=mm&r=g","contentUrl":"https:\/\/secure.gravatar.com\/avatar\/f70e7fa0cb9b29d4a7c5788d6eb2e9ab4d3135cbae1c9161810fdf77a8964699?s=96&d=mm&r=g","caption":"Vox Sahel"},"sameAs":["http:\/\/www.voxsahel.com"],"url":"https:\/\/voxsahel.com\/?author=2"}]}},"_links":{"self":[{"href":"https:\/\/voxsahel.com\/index.php?rest_route=\/wp\/v2\/posts\/2947","targetHints":{"allow":["GET"]}}],"collection":[{"href":"https:\/\/voxsahel.com\/index.php?rest_route=\/wp\/v2\/posts"}],"about":[{"href":"https:\/\/voxsahel.com\/index.php?rest_route=\/wp\/v2\/types\/post"}],"author":[{"embeddable":true,"href":"https:\/\/voxsahel.com\/index.php?rest_route=\/wp\/v2\/users\/2"}],"replies":[{"embeddable":true,"href":"https:\/\/voxsahel.com\/index.php?rest_route=%2Fwp%2Fv2%2Fcomments&post=2947"}],"version-history":[{"count":3,"href":"https:\/\/voxsahel.com\/index.php?rest_route=\/wp\/v2\/posts\/2947\/revisions"}],"predecessor-version":[{"id":2952,"href":"https:\/\/voxsahel.com\/index.php?rest_route=\/wp\/v2\/posts\/2947\/revisions\/2952"}],"wp:featuredmedia":[{"embeddable":true,"href":"https:\/\/voxsahel.com\/index.php?rest_route=\/wp\/v2\/media\/2949"}],"wp:attachment":[{"href":"https:\/\/voxsahel.com\/index.php?rest_route=%2Fwp%2Fv2%2Fmedia&parent=2947"}],"wp:term":[{"taxonomy":"category","embeddable":true,"href":"https:\/\/voxsahel.com\/index.php?rest_route=%2Fwp%2Fv2%2Fcategories&post=2947"},{"taxonomy":"post_tag","embeddable":true,"href":"https:\/\/voxsahel.com\/index.php?rest_route=%2Fwp%2Fv2%2Ftags&post=2947"}],"curies":[{"name":"wp","href":"https:\/\/api.w.org\/{rel}","templated":true}]}}