{"id":2944,"date":"2025-10-07T19:52:53","date_gmt":"2025-10-07T19:52:53","guid":{"rendered":"https:\/\/voxsahel.com\/?p=2944"},"modified":"2025-10-07T19:53:33","modified_gmt":"2025-10-07T19:53:33","slug":"elan-de-solidarite-feminine-a-la-douane-les-gabelles-saluent-la-vision-du-dg-yves-kafando","status":"publish","type":"post","link":"https:\/\/voxsahel.com\/?p=2944","title":{"rendered":"\u00c9lan de solidarit\u00e9 f\u00e9minine \u00e0 la Douane : Les Gabelles saluent la vision du DG Yves Kafando"},"content":{"rendered":"<p class=\"p1\"><span class=\"s2\">\ud835\udc02\ud835\udc1e \ud835\udc26\ud835\udc1a\ud835\udc2b\ud835\udc1d\ud835\udc22 \ud835\udfce\ud835\udfd5 \ud835\udc28\ud835\udc1c\ud835\udc2d\ud835\udc28\ud835\udc1b\ud835\udc2b\ud835\udc1e \ud835\udfd0\ud835\udfce\ud835\udfd0\ud835\udfd3, les couloirs de la Direction g\u00e9n\u00e9rale des Douanes ont vibr\u00e9 d\u2019une \u00e9nergie particuli\u00e8re. Conduite par leur pr\u00e9sidente, une d\u00e9l\u00e9gation des Gabelles, amicale des femmes douani\u00e8res du Burkina Faso, a rendu une visite de courtoisie au Directeur g\u00e9n\u00e9ral des Douanes.<\/span><\/p>\n<p class=\"p1\"><span class=\"s2\">Cette rencontre s\u2019inscrivait dans une d\u00e9marche de f\u00e9licitations et de soutien, visant \u00e0 honorer le \ud835\udc03\ud835\udc22\ud835\udc2b\ud835\udc1e\ud835\udc1c\ud835\udc2d\ud835\udc1e\ud835\udc2e\ud835\udc2b \ud835\udc20\ud835\udc1e\u0301\ud835\udc27\ud835\udc1e\u0301\ud835\udc2b\ud835\udc1a\ud835\udc25, \ud835\udc25&rsquo;\ud835\udc08\ud835\udc27\ud835\udc2c\ud835\udc29\ud835\udc1e\ud835\udc1c\ud835\udc2d\ud835\udc1e\ud835\udc2e\ud835\udc2b \ud835\udc1d\ud835\udc22\ud835\udc2f\ud835\udc22\ud835\udc2c\ud835\udc22\ud835\udc28\ud835\udc27\ud835\udc27\ud835\udc1a\ud835\udc22\ud835\udc2b\ud835\udc1e \ud835\udc18\ud835\udc2f\ud835\udc1e\ud835\udc2c \ud835\udc0a\ud835\udc00\ud835\udc05\ud835\udc00\ud835\udc0d\ud835\udc03\ud835\udc0e, pour sa nomination, \u00e0 lui souhaiter plein succ\u00e8s dans sa mission, et \u00e0 lui pr\u00e9senter l\u2019amicale ainsi que les ambitions des femmes douani\u00e8res pour le rayonnement du m\u00e9tier. <\/span><\/p>\n<p class=\"p1\"><span class=\"s2\">Prenant la parole au nom de toutes les Gabelles, la pr\u00e9sidente, l&rsquo;Inspectrice principale des Douanes KABORE BASSINGA Diane St\u00e9phanie, a salu\u00e9 le parcours exemplaire du Directeur g\u00e9n\u00e9ral, symbole d\u2019un leadership rassembleur et d\u2019une vision moderniste pour l\u2019institution douani\u00e8re. Elle a r\u00e9affirm\u00e9 la d\u00e9termination des douani\u00e8res \u00e0 soutenir la dynamique de r\u00e9forme engag\u00e9e et \u00e0 promouvoir l\u2019excellence professionnelle, tout en veillant \u00e0 renforcer la place du genre dans les m\u00e9tiers douaniers. <\/span><\/p>\n<blockquote>\n<p class=\"p1\"><span class=\"s2\">\u00ab\ud835\udc0d\ud835\udc28\ud835\udc2e\ud835\udc2c \ud835\udc2c\ud835\udc28\ud835\udc26\ud835\udc26\ud835\udc1e\ud835\udc2c \ud835\udc2f\ud835\udc1e\ud835\udc27\ud835\udc2e\ud835\udc1e\ud835\udc2c \ud835\udc1e\ud835\udc31\ud835\udc29\ud835\udc2b\ud835\udc22\ud835\udc26\ud835\udc1e\ud835\udc2b \ud835\udc27\ud835\udc28\ud835\udc2d\ud835\udc2b\ud835\udc1e \ud835\udc1f\ud835\udc22\ud835\udc1e\ud835\udc2b\ud835\udc2d\ud835\udc1e\u0301, \ud835\udc27\ud835\udc28\ud835\udc2d\ud835\udc2b\ud835\udc1e \ud835\udc2c\ud835\udc28\ud835\udc2e\ud835\udc2d\ud835\udc22\ud835\udc1e\ud835\udc27 \ud835\udc1e\ud835\udc2d \ud835\udc27\ud835\udc28\ud835\udc2d\ud835\udc2b\ud835\udc1e \ud835\udc1d\ud835\udc22\ud835\udc2c\ud835\udc29\ud835\udc28\ud835\udc27\ud835\udc22\ud835\udc1b\ud835\udc22\ud835\udc25\ud835\udc22\ud835\udc2d\ud835\udc1e\u0301 \ud835\udc1a\u0300 \ud835\udc1c\ud835\udc28\ud835\udc27\ud835\udc2d\ud835\udc2b\ud835\udc22\ud835\udc1b\ud835\udc2e\ud835\udc1e\ud835\udc2b \ud835\udc29\ud835\udc25\ud835\udc1e\ud835\udc22\ud835\udc27\ud835\udc1e\ud835\udc26\ud835\udc1e\ud835\udc27\ud835\udc2d \ud835\udc1a\u0300 \ud835\udc25\ud835\udc1a \ud835\udc2b\ud835\udc1e\u0301\ud835\udc2e\ud835\udc2c\ud835\udc2c\ud835\udc22\ud835\udc2d\ud835\udc1e \ud835\udc1d\ud835\udc1e \ud835\udc2f\ud835\udc28\ud835\udc2d\ud835\udc2b\ud835\udc1e \ud835\udc26\ud835\udc22\ud835\udc2c\ud835\udc2c\ud835\udc22\ud835\udc28\ud835\udc27 \u00bb, a-t-elle confi\u00e9 avec \u00e9motion. <\/span><\/p>\n<\/blockquote>\n<p class=\"p1\"><span class=\"s2\">Visiblement \u00e9mu par cette marque d\u2019estime, le Directeur g\u00e9n\u00e9ral s\u2019est dit profond\u00e9ment honor\u00e9 par la d\u00e9marche. Dans son intervention, il a salu\u00e9 le r\u00f4le inspirant des femmes douani\u00e8res et a promis de faire de la promotion du genre et de l\u2019\u00e9panouissement des Gabelles une priorit\u00e9 tout au long de sa fonction \u00e0 la t\u00eate de la DGD. <\/span><\/p>\n<blockquote>\n<p class=\"p1\"><span class=\"s2\">\u00ab \ud835\udc09\ud835\udc1e \ud835\udc26\ud835\udc1e\ud835\udc2c\ud835\udc2e\ud835\udc2b\ud835\udc1e \ud835\udc25\ud835\udc1a \ud835\udc2f\ud835\udc1a\ud835\udc25\ud835\udc1e\ud835\udc2e\ud835\udc2b \ud835\udc1d\ud835\udc1e \ud835\udc2f\ud835\udc28\ud835\udc2d\ud835\udc2b\ud835\udc1e \ud835\udc1e\ud835\udc27\ud835\udc20\ud835\udc1a\ud835\udc20\ud835\udc1e\ud835\udc26\ud835\udc1e\ud835\udc27\ud835\udc2d \ud835\udc1e\ud835\udc2d \ud835\udc25\ud835\udc1a \ud835\udc1f\ud835\udc28\ud835\udc2b\ud835\udc1c\ud835\udc1e \ud835\udc2a\ud835\udc2e\ud835\udc1e \ud835\udc2f\ud835\udc28\ud835\udc2e\ud835\udc2c \ud835\udc2b\ud835\udc1e\ud835\udc29\ud835\udc2b\ud835\udc1e\u0301\ud835\udc2c\ud835\udc1e\ud835\udc27\ud835\udc2d\ud835\udc1e\ud835\udc33 \ud835\udc29\ud835\udc28\ud835\udc2e\ud835\udc2b \ud835\udc27\ud835\udc28\ud835\udc2d\ud835\udc2b\ud835\udc1e \ud835\udc1a\ud835\udc1d\ud835\udc26\ud835\udc22\ud835\udc27\ud835\udc22\ud835\udc2c\ud835\udc2d\ud835\udc2b\ud835\udc1a\ud835\udc2d\ud835\udc22\ud835\udc28\ud835\udc27. \ud835\udc02\ud835\udc28\ud835\udc26\ud835\udc29\ud835\udc2d\ud835\udc1e\ud835\udc33 \ud835\udc2c\ud835\udc2e\ud835\udc2b \ud835\udc26\ud835\udc28\ud835\udc22 \ud835\udc29\ud835\udc28\ud835\udc2e\ud835\udc2b \ud835\udc1c\ud835\udc2b\ud835\udc1e\u0301\ud835\udc1e\ud835\udc2b \ud835\udc25\ud835\udc1e\ud835\udc2c \ud835\udc1c\ud835\udc28\ud835\udc27\ud835\udc1d\ud835\udc22\ud835\udc2d\ud835\udc22\ud835\udc28\ud835\udc27\ud835\udc2c \ud835\udc1d\ud835\udc1e \ud835\udc2f\ud835\udc28\ud835\udc2d\ud835\udc2b\ud835\udc1e \ud835\udc29\ud835\udc25\ud835\udc1e\ud835\udc22\ud835\udc27 \ud835\udc1e\u0301\ud835\udc29\ud835\udc1a\ud835\udc27\ud835\udc28\ud835\udc2e\ud835\udc22\ud835\udc2c\ud835\udc2c\ud835\udc1e\ud835\udc26\ud835\udc1e\ud835\udc27\ud835\udc2d \ud835\udc1a\ud835\udc2e \ud835\udc2c\ud835\udc1e\ud835\udc22\ud835\udc27 \ud835\udc1d\ud835\udc1e \ud835\udc25\ud835\udc1a \ud835\udc03\ud835\udc28\ud835\udc2e\ud835\udc1a\ud835\udc27\ud835\udc1e \u00bb, a-t-il d\u00e9clar\u00e9. <\/span><\/p>\n<\/blockquote>\n<p class=\"p1\"><span class=\"s2\">La rencontre s\u2019est achev\u00e9e dans une atmosph\u00e8re conviviale, faite de sourires, d\u2019\u00e9changes fraternels et d\u2019un engagement commun : faire rayonner la Douane burkinab\u00e8 \u00e0 travers le professionnalisme, la solidarit\u00e9 et l\u2019\u00e9galit\u00e9 des chances. Les Gabelles repartent revigor\u00e9es et confiantes, convaincues que sous cette nouvelle direction, la Douane \u00e9crira une page nouvelle, plus inclusive, plus forte et r\u00e9solument tourn\u00e9e vers l\u2019avenir.\u00a0<\/span><\/p>\n<p class=\"p1\" style=\"text-align: right;\"><span class=\"s2\">\ud835\udc0b\ud835\udc1a \ud835\udc03\ud835\udc28\ud835\udc2e\ud835\udc1a\ud835\udc27\ud835\udc1e : \ud835\udc07\ud835\udc28\ud835\udc27\ud835\udc27\ud835\udc1e\ud835\udc2e\ud835\udc2b-\ud835\udc03\ud835\udc1e\u0301\ud835\udc2f\ud835\udc28\ud835\udc2e\ud835\udc1e\ud835\udc26\ud835\udc1e\ud835\udc27\ud835\udc2d-\ud835\udc15\ud835\udc22\ud835\udc20\ud835\udc22\ud835\udc25\ud835\udc1a\ud835\udc27\ud835\udc1c\ud835\udc1e <\/span><\/p>\n<p class=\"p1\" style=\"text-align: right;\"><span class=\"s2\">\ud835\udc12\ud835\udc02\ud835\udc11\ud835\udc0f-\ud835\udc03\ud835\udc06\ud835\udc03<\/span><\/p>\n","protected":false},"excerpt":{"rendered":"<p>\ud835\udc02\ud835\udc1e \ud835\udc26\ud835\udc1a\ud835\udc2b\ud835\udc1d\ud835\udc22 \ud835\udfce\ud835\udfd5 \ud835\udc28\ud835\udc1c\ud835\udc2d\ud835\udc28\ud835\udc1b\ud835\udc2b\ud835\udc1e \ud835\udfd0\ud835\udfce\ud835\udfd0\ud835\udfd3, les couloirs de la Direction g\u00e9n\u00e9rale des Douanes ont vibr\u00e9<\/p>\n","protected":false},"author":2,"featured_media":2945,"comment_status":"open","ping_status":"open","sticky":false,"template":"","format":"standard","meta":{"_et_pb_use_builder":"","_et_pb_old_content":"","_et_gb_content_width":"","footnotes":""},"categories":[5],"tags":[18,746,142,146,370,310,678],"class_list":["post-2944","post","type-post","status-publish","format-standard","has-post-thumbnail","hentry","category-societe","tag-burkina-faso","tag-direction-generale-des-douanes","tag-douane","tag-douanes-du-burkina-faso","tag-observatoire-pour-la-celerite-des-operations-douanieres-au-burkina-faso","tag-organisation-mondiale-des-douanes","tag-taxes-douanieres"],"yoast_head":"<!-- This site is optimized with the Yoast SEO plugin v27.5 - https:\/\/yoast.com\/product\/yoast-seo-wordpress\/ -->\n<title>\u00c9lan de solidarit\u00e9 f\u00e9minine \u00e0 la Douane : Les Gabelles saluent la vision du DG Yves Kafando - Vox Sahel<\/title>\n<meta name=\"robots\" content=\"index, follow, max-snippet:-1, max-image-preview:large, max-video-preview:-1\" \/>\n<link rel=\"canonical\" href=\"https:\/\/voxsahel.com\/?p=2944\" \/>\n<meta property=\"og:locale\" content=\"fr_FR\" \/>\n<meta property=\"og:type\" content=\"article\" \/>\n<meta property=\"og:title\" content=\"\u00c9lan de solidarit\u00e9 f\u00e9minine \u00e0 la Douane : Les Gabelles saluent la vision du DG Yves Kafando - Vox Sahel\" \/>\n<meta property=\"og:description\" content=\"\ud835\udc02\ud835\udc1e \ud835\udc26\ud835\udc1a\ud835\udc2b\ud835\udc1d\ud835\udc22 \ud835\udfce\ud835\udfd5 \ud835\udc28\ud835\udc1c\ud835\udc2d\ud835\udc28\ud835\udc1b\ud835\udc2b\ud835\udc1e \ud835\udfd0\ud835\udfce\ud835\udfd0\ud835\udfd3, les couloirs de la Direction g\u00e9n\u00e9rale des Douanes ont vibr\u00e9\" \/>\n<meta property=\"og:url\" content=\"https:\/\/voxsahel.com\/?p=2944\" \/>\n<meta property=\"og:site_name\" content=\"Vox Sahel\" \/>\n<meta property=\"article:publisher\" content=\"https:\/\/www.facebook.com\/journal.voxsahel\" \/>\n<meta property=\"article:published_time\" content=\"2025-10-07T19:52:53+00:00\" \/>\n<meta property=\"article:modified_time\" content=\"2025-10-07T19:53:33+00:00\" \/>\n<meta property=\"og:image\" content=\"https:\/\/voxsahel.com\/wp-content\/uploads\/2025\/10\/IMG_5817.jpeg\" \/>\n\t<meta property=\"og:image:width\" content=\"1280\" \/>\n\t<meta property=\"og:image:height\" content=\"853\" \/>\n\t<meta property=\"og:image:type\" content=\"image\/jpeg\" \/>\n<meta name=\"author\" content=\"Vox Sahel\" \/>\n<meta name=\"twitter:card\" content=\"summary_large_image\" \/>\n<meta name=\"twitter:label1\" content=\"\u00c9crit par\" \/>\n\t<meta name=\"twitter:data1\" content=\"Vox Sahel\" \/>\n\t<meta name=\"twitter:label2\" content=\"Dur\u00e9e de lecture estim\u00e9e\" \/>\n\t<meta name=\"twitter:data2\" content=\"2 minutes\" \/>\n<script type=\"application\/ld+json\" class=\"yoast-schema-graph\">{\"@context\":\"https:\\\/\\\/schema.org\",\"@graph\":[{\"@type\":\"Article\",\"@id\":\"https:\\\/\\\/voxsahel.com\\\/?p=2944#article\",\"isPartOf\":{\"@id\":\"https:\\\/\\\/voxsahel.com\\\/?p=2944\"},\"author\":{\"name\":\"Vox Sahel\",\"@id\":\"https:\\\/\\\/voxsahel.com\\\/#\\\/schema\\\/person\\\/b4043608248f8fa227cd760e7ff1e19e\"},\"headline\":\"\u00c9lan de solidarit\u00e9 f\u00e9minine \u00e0 la Douane : Les Gabelles saluent la vision du DG Yves Kafando\",\"datePublished\":\"2025-10-07T19:52:53+00:00\",\"dateModified\":\"2025-10-07T19:53:33+00:00\",\"mainEntityOfPage\":{\"@id\":\"https:\\\/\\\/voxsahel.com\\\/?p=2944\"},\"wordCount\":340,\"commentCount\":0,\"publisher\":{\"@id\":\"https:\\\/\\\/voxsahel.com\\\/#organization\"},\"image\":{\"@id\":\"https:\\\/\\\/voxsahel.com\\\/?p=2944#primaryimage\"},\"thumbnailUrl\":\"https:\\\/\\\/voxsahel.com\\\/wp-content\\\/uploads\\\/2025\\\/10\\\/IMG_5817.jpeg\",\"keywords\":[\"Burkina Faso\",\"Direction g\u00e9n\u00e9rale des Douanes\",\"Douane\",\"Douanes du Burkina Faso\",\"Observatoire pour la c\u00e9l\u00e9rit\u00e9 des op\u00e9rations douani\u00e8res au Burkina Faso\",\"Organisation mondiale des Douanes\",\"Taxes douani\u00e8res\"],\"articleSection\":[\"SOCIETE\"],\"inLanguage\":\"fr-FR\",\"potentialAction\":[{\"@type\":\"CommentAction\",\"name\":\"Comment\",\"target\":[\"https:\\\/\\\/voxsahel.com\\\/?p=2944#respond\"]}]},{\"@type\":\"WebPage\",\"@id\":\"https:\\\/\\\/voxsahel.com\\\/?p=2944\",\"url\":\"https:\\\/\\\/voxsahel.com\\\/?p=2944\",\"name\":\"\u00c9lan de solidarit\u00e9 f\u00e9minine \u00e0 la Douane : Les Gabelles saluent la vision du DG Yves Kafando - Vox Sahel\",\"isPartOf\":{\"@id\":\"https:\\\/\\\/voxsahel.com\\\/#website\"},\"primaryImageOfPage\":{\"@id\":\"https:\\\/\\\/voxsahel.com\\\/?p=2944#primaryimage\"},\"image\":{\"@id\":\"https:\\\/\\\/voxsahel.com\\\/?p=2944#primaryimage\"},\"thumbnailUrl\":\"https:\\\/\\\/voxsahel.com\\\/wp-content\\\/uploads\\\/2025\\\/10\\\/IMG_5817.jpeg\",\"datePublished\":\"2025-10-07T19:52:53+00:00\",\"dateModified\":\"2025-10-07T19:53:33+00:00\",\"breadcrumb\":{\"@id\":\"https:\\\/\\\/voxsahel.com\\\/?p=2944#breadcrumb\"},\"inLanguage\":\"fr-FR\",\"potentialAction\":[{\"@type\":\"ReadAction\",\"target\":[\"https:\\\/\\\/voxsahel.com\\\/?p=2944\"]}]},{\"@type\":\"ImageObject\",\"inLanguage\":\"fr-FR\",\"@id\":\"https:\\\/\\\/voxsahel.com\\\/?p=2944#primaryimage\",\"url\":\"https:\\\/\\\/voxsahel.com\\\/wp-content\\\/uploads\\\/2025\\\/10\\\/IMG_5817.jpeg\",\"contentUrl\":\"https:\\\/\\\/voxsahel.com\\\/wp-content\\\/uploads\\\/2025\\\/10\\\/IMG_5817.jpeg\",\"width\":1280,\"height\":853},{\"@type\":\"BreadcrumbList\",\"@id\":\"https:\\\/\\\/voxsahel.com\\\/?p=2944#breadcrumb\",\"itemListElement\":[{\"@type\":\"ListItem\",\"position\":1,\"name\":\"Home\",\"item\":\"https:\\\/\\\/voxsahel.com\\\/\"},{\"@type\":\"ListItem\",\"position\":2,\"name\":\"\u00c9lan de solidarit\u00e9 f\u00e9minine \u00e0 la Douane : Les Gabelles saluent la vision du DG Yves Kafando\"}]},{\"@type\":\"WebSite\",\"@id\":\"https:\\\/\\\/voxsahel.com\\\/#website\",\"url\":\"https:\\\/\\\/voxsahel.com\\\/\",\"name\":\"Vox Sahel\",\"description\":\"Informez-vous sur le Sahel en un clic\",\"publisher\":{\"@id\":\"https:\\\/\\\/voxsahel.com\\\/#organization\"},\"potentialAction\":[{\"@type\":\"SearchAction\",\"target\":{\"@type\":\"EntryPoint\",\"urlTemplate\":\"https:\\\/\\\/voxsahel.com\\\/?s={search_term_string}\"},\"query-input\":{\"@type\":\"PropertyValueSpecification\",\"valueRequired\":true,\"valueName\":\"search_term_string\"}}],\"inLanguage\":\"fr-FR\"},{\"@type\":\"Organization\",\"@id\":\"https:\\\/\\\/voxsahel.com\\\/#organization\",\"name\":\"Vox Sahel\",\"url\":\"https:\\\/\\\/voxsahel.com\\\/\",\"logo\":{\"@type\":\"ImageObject\",\"inLanguage\":\"fr-FR\",\"@id\":\"https:\\\/\\\/voxsahel.com\\\/#\\\/schema\\\/logo\\\/image\\\/\",\"url\":\"https:\\\/\\\/voxsahel.com\\\/wp-content\\\/uploads\\\/2024\\\/09\\\/Logo-Vox-Sahel.jpg\",\"contentUrl\":\"https:\\\/\\\/voxsahel.com\\\/wp-content\\\/uploads\\\/2024\\\/09\\\/Logo-Vox-Sahel.jpg\",\"width\":1181,\"height\":848,\"caption\":\"Vox Sahel\"},\"image\":{\"@id\":\"https:\\\/\\\/voxsahel.com\\\/#\\\/schema\\\/logo\\\/image\\\/\"},\"sameAs\":[\"https:\\\/\\\/www.facebook.com\\\/journal.voxsahel\"]},{\"@type\":\"Person\",\"@id\":\"https:\\\/\\\/voxsahel.com\\\/#\\\/schema\\\/person\\\/b4043608248f8fa227cd760e7ff1e19e\",\"name\":\"Vox Sahel\",\"image\":{\"@type\":\"ImageObject\",\"inLanguage\":\"fr-FR\",\"@id\":\"https:\\\/\\\/secure.gravatar.com\\\/avatar\\\/f70e7fa0cb9b29d4a7c5788d6eb2e9ab4d3135cbae1c9161810fdf77a8964699?s=96&d=mm&r=g\",\"url\":\"https:\\\/\\\/secure.gravatar.com\\\/avatar\\\/f70e7fa0cb9b29d4a7c5788d6eb2e9ab4d3135cbae1c9161810fdf77a8964699?s=96&d=mm&r=g\",\"contentUrl\":\"https:\\\/\\\/secure.gravatar.com\\\/avatar\\\/f70e7fa0cb9b29d4a7c5788d6eb2e9ab4d3135cbae1c9161810fdf77a8964699?s=96&d=mm&r=g\",\"caption\":\"Vox Sahel\"},\"sameAs\":[\"http:\\\/\\\/www.voxsahel.com\"],\"url\":\"https:\\\/\\\/voxsahel.com\\\/?author=2\"}]}<\/script>\n<!-- \/ Yoast SEO plugin. -->","yoast_head_json":{"title":"\u00c9lan de solidarit\u00e9 f\u00e9minine \u00e0 la Douane : Les Gabelles saluent la vision du DG Yves Kafando - Vox Sahel","robots":{"index":"index","follow":"follow","max-snippet":"max-snippet:-1","max-image-preview":"max-image-preview:large","max-video-preview":"max-video-preview:-1"},"canonical":"https:\/\/voxsahel.com\/?p=2944","og_locale":"fr_FR","og_type":"article","og_title":"\u00c9lan de solidarit\u00e9 f\u00e9minine \u00e0 la Douane : Les Gabelles saluent la vision du DG Yves Kafando - Vox Sahel","og_description":"\ud835\udc02\ud835\udc1e \ud835\udc26\ud835\udc1a\ud835\udc2b\ud835\udc1d\ud835\udc22 \ud835\udfce\ud835\udfd5 \ud835\udc28\ud835\udc1c\ud835\udc2d\ud835\udc28\ud835\udc1b\ud835\udc2b\ud835\udc1e \ud835\udfd0\ud835\udfce\ud835\udfd0\ud835\udfd3, les couloirs de la Direction g\u00e9n\u00e9rale des Douanes ont vibr\u00e9","og_url":"https:\/\/voxsahel.com\/?p=2944","og_site_name":"Vox Sahel","article_publisher":"https:\/\/www.facebook.com\/journal.voxsahel","article_published_time":"2025-10-07T19:52:53+00:00","article_modified_time":"2025-10-07T19:53:33+00:00","og_image":[{"width":1280,"height":853,"url":"https:\/\/voxsahel.com\/wp-content\/uploads\/2025\/10\/IMG_5817.jpeg","type":"image\/jpeg"}],"author":"Vox Sahel","twitter_card":"summary_large_image","twitter_misc":{"\u00c9crit par":"Vox Sahel","Dur\u00e9e de lecture estim\u00e9e":"2 minutes"},"schema":{"@context":"https:\/\/schema.org","@graph":[{"@type":"Article","@id":"https:\/\/voxsahel.com\/?p=2944#article","isPartOf":{"@id":"https:\/\/voxsahel.com\/?p=2944"},"author":{"name":"Vox Sahel","@id":"https:\/\/voxsahel.com\/#\/schema\/person\/b4043608248f8fa227cd760e7ff1e19e"},"headline":"\u00c9lan de solidarit\u00e9 f\u00e9minine \u00e0 la Douane : Les Gabelles saluent la vision du DG Yves Kafando","datePublished":"2025-10-07T19:52:53+00:00","dateModified":"2025-10-07T19:53:33+00:00","mainEntityOfPage":{"@id":"https:\/\/voxsahel.com\/?p=2944"},"wordCount":340,"commentCount":0,"publisher":{"@id":"https:\/\/voxsahel.com\/#organization"},"image":{"@id":"https:\/\/voxsahel.com\/?p=2944#primaryimage"},"thumbnailUrl":"https:\/\/voxsahel.com\/wp-content\/uploads\/2025\/10\/IMG_5817.jpeg","keywords":["Burkina Faso","Direction g\u00e9n\u00e9rale des Douanes","Douane","Douanes du Burkina Faso","Observatoire pour la c\u00e9l\u00e9rit\u00e9 des op\u00e9rations douani\u00e8res au Burkina Faso","Organisation mondiale des Douanes","Taxes douani\u00e8res"],"articleSection":["SOCIETE"],"inLanguage":"fr-FR","potentialAction":[{"@type":"CommentAction","name":"Comment","target":["https:\/\/voxsahel.com\/?p=2944#respond"]}]},{"@type":"WebPage","@id":"https:\/\/voxsahel.com\/?p=2944","url":"https:\/\/voxsahel.com\/?p=2944","name":"\u00c9lan de solidarit\u00e9 f\u00e9minine \u00e0 la Douane : Les Gabelles saluent la vision du DG Yves Kafando - Vox Sahel","isPartOf":{"@id":"https:\/\/voxsahel.com\/#website"},"primaryImageOfPage":{"@id":"https:\/\/voxsahel.com\/?p=2944#primaryimage"},"image":{"@id":"https:\/\/voxsahel.com\/?p=2944#primaryimage"},"thumbnailUrl":"https:\/\/voxsahel.com\/wp-content\/uploads\/2025\/10\/IMG_5817.jpeg","datePublished":"2025-10-07T19:52:53+00:00","dateModified":"2025-10-07T19:53:33+00:00","breadcrumb":{"@id":"https:\/\/voxsahel.com\/?p=2944#breadcrumb"},"inLanguage":"fr-FR","potentialAction":[{"@type":"ReadAction","target":["https:\/\/voxsahel.com\/?p=2944"]}]},{"@type":"ImageObject","inLanguage":"fr-FR","@id":"https:\/\/voxsahel.com\/?p=2944#primaryimage","url":"https:\/\/voxsahel.com\/wp-content\/uploads\/2025\/10\/IMG_5817.jpeg","contentUrl":"https:\/\/voxsahel.com\/wp-content\/uploads\/2025\/10\/IMG_5817.jpeg","width":1280,"height":853},{"@type":"BreadcrumbList","@id":"https:\/\/voxsahel.com\/?p=2944#breadcrumb","itemListElement":[{"@type":"ListItem","position":1,"name":"Home","item":"https:\/\/voxsahel.com\/"},{"@type":"ListItem","position":2,"name":"\u00c9lan de solidarit\u00e9 f\u00e9minine \u00e0 la Douane : Les Gabelles saluent la vision du DG Yves Kafando"}]},{"@type":"WebSite","@id":"https:\/\/voxsahel.com\/#website","url":"https:\/\/voxsahel.com\/","name":"Vox Sahel","description":"Informez-vous sur le Sahel en un clic","publisher":{"@id":"https:\/\/voxsahel.com\/#organization"},"potentialAction":[{"@type":"SearchAction","target":{"@type":"EntryPoint","urlTemplate":"https:\/\/voxsahel.com\/?s={search_term_string}"},"query-input":{"@type":"PropertyValueSpecification","valueRequired":true,"valueName":"search_term_string"}}],"inLanguage":"fr-FR"},{"@type":"Organization","@id":"https:\/\/voxsahel.com\/#organization","name":"Vox Sahel","url":"https:\/\/voxsahel.com\/","logo":{"@type":"ImageObject","inLanguage":"fr-FR","@id":"https:\/\/voxsahel.com\/#\/schema\/logo\/image\/","url":"https:\/\/voxsahel.com\/wp-content\/uploads\/2024\/09\/Logo-Vox-Sahel.jpg","contentUrl":"https:\/\/voxsahel.com\/wp-content\/uploads\/2024\/09\/Logo-Vox-Sahel.jpg","width":1181,"height":848,"caption":"Vox Sahel"},"image":{"@id":"https:\/\/voxsahel.com\/#\/schema\/logo\/image\/"},"sameAs":["https:\/\/www.facebook.com\/journal.voxsahel"]},{"@type":"Person","@id":"https:\/\/voxsahel.com\/#\/schema\/person\/b4043608248f8fa227cd760e7ff1e19e","name":"Vox Sahel","image":{"@type":"ImageObject","inLanguage":"fr-FR","@id":"https:\/\/secure.gravatar.com\/avatar\/f70e7fa0cb9b29d4a7c5788d6eb2e9ab4d3135cbae1c9161810fdf77a8964699?s=96&d=mm&r=g","url":"https:\/\/secure.gravatar.com\/avatar\/f70e7fa0cb9b29d4a7c5788d6eb2e9ab4d3135cbae1c9161810fdf77a8964699?s=96&d=mm&r=g","contentUrl":"https:\/\/secure.gravatar.com\/avatar\/f70e7fa0cb9b29d4a7c5788d6eb2e9ab4d3135cbae1c9161810fdf77a8964699?s=96&d=mm&r=g","caption":"Vox Sahel"},"sameAs":["http:\/\/www.voxsahel.com"],"url":"https:\/\/voxsahel.com\/?author=2"}]}},"_links":{"self":[{"href":"https:\/\/voxsahel.com\/index.php?rest_route=\/wp\/v2\/posts\/2944","targetHints":{"allow":["GET"]}}],"collection":[{"href":"https:\/\/voxsahel.com\/index.php?rest_route=\/wp\/v2\/posts"}],"about":[{"href":"https:\/\/voxsahel.com\/index.php?rest_route=\/wp\/v2\/types\/post"}],"author":[{"embeddable":true,"href":"https:\/\/voxsahel.com\/index.php?rest_route=\/wp\/v2\/users\/2"}],"replies":[{"embeddable":true,"href":"https:\/\/voxsahel.com\/index.php?rest_route=%2Fwp%2Fv2%2Fcomments&post=2944"}],"version-history":[{"count":1,"href":"https:\/\/voxsahel.com\/index.php?rest_route=\/wp\/v2\/posts\/2944\/revisions"}],"predecessor-version":[{"id":2946,"href":"https:\/\/voxsahel.com\/index.php?rest_route=\/wp\/v2\/posts\/2944\/revisions\/2946"}],"wp:featuredmedia":[{"embeddable":true,"href":"https:\/\/voxsahel.com\/index.php?rest_route=\/wp\/v2\/media\/2945"}],"wp:attachment":[{"href":"https:\/\/voxsahel.com\/index.php?rest_route=%2Fwp%2Fv2%2Fmedia&parent=2944"}],"wp:term":[{"taxonomy":"category","embeddable":true,"href":"https:\/\/voxsahel.com\/index.php?rest_route=%2Fwp%2Fv2%2Fcategories&post=2944"},{"taxonomy":"post_tag","embeddable":true,"href":"https:\/\/voxsahel.com\/index.php?rest_route=%2Fwp%2Fv2%2Ftags&post=2944"}],"curies":[{"name":"wp","href":"https:\/\/api.w.org\/{rel}","templated":true}]}}