{"id":2934,"date":"2025-10-06T18:47:46","date_gmt":"2025-10-06T18:47:46","guid":{"rendered":"https:\/\/voxsahel.com\/?p=2934"},"modified":"2025-10-06T18:54:30","modified_gmt":"2025-10-06T18:54:30","slug":"au-coeur-des-champs-nutrifor-industrie-reaffirme-son-engagement-pour-la-production-locale","status":"publish","type":"post","link":"https:\/\/voxsahel.com\/?p=2934","title":{"rendered":"Au c\u0153ur des champs, Nutrifor Industrie r\u00e9affirme son engagement pour la production locale"},"content":{"rendered":"<p>Le Directeur g\u00e9n\u00e9ral de Nutrifor Industrie SA, Monsieur Hamadou Par\u00e9, a pass\u00e9 le week-end du 4 au 5 octobre sur le terrain, \u00e0 la rencontre des producteurs de mil, ma\u00efs et sorgho, principaux fournisseurs de mati\u00e8res premi\u00e8res de l\u2019entreprise. Cette visite, \u00e0 la fois symbolique et strat\u00e9gique, s\u2019inscrit dans la volont\u00e9 du nouveau dirigeant de renforcer les liens entre Nutrifor et les communaut\u00e9s rurales.<\/p>\n<p><img loading=\"lazy\" decoding=\"async\" class=\"aligncenter size-full wp-image-2937\" src=\"https:\/\/voxsahel.com\/wp-content\/uploads\/2025\/10\/01c2b2cd-68ec-4e13-a294-37ac2f181a3e.jpeg\" alt=\"\" width=\"640\" height=\"368\" srcset=\"https:\/\/voxsahel.com\/wp-content\/uploads\/2025\/10\/01c2b2cd-68ec-4e13-a294-37ac2f181a3e.jpeg 640w, https:\/\/voxsahel.com\/wp-content\/uploads\/2025\/10\/01c2b2cd-68ec-4e13-a294-37ac2f181a3e-300x173.jpeg 300w, https:\/\/voxsahel.com\/wp-content\/uploads\/2025\/10\/01c2b2cd-68ec-4e13-a294-37ac2f181a3e-610x351.jpeg 610w\" sizes=\"(max-width: 640px) 100vw, 640px\" \/><\/p>\n<p>\u00c0 travers cette immersion, M. Par\u00e9 poursuivait trois objectifs majeurs : f\u00e9liciter et encourager les producteurs pour la qualit\u00e9 de leur travail, rassurer les partenaires agricoles sur l\u2019engagement continu de Nutrifor \u00e0 valoriser la production locale, et solliciter les b\u00e9n\u00e9dictions des communaut\u00e9s pour la r\u00e9ussite de sa mission \u00e0 la t\u00eate de l\u2019entreprise.<\/p>\n<p><img loading=\"lazy\" decoding=\"async\" class=\"aligncenter size-full wp-image-2938\" src=\"https:\/\/voxsahel.com\/wp-content\/uploads\/2025\/10\/95bc2e95-39bd-477d-9c1c-70afd2889ab0.jpeg\" alt=\"\" width=\"640\" height=\"368\" srcset=\"https:\/\/voxsahel.com\/wp-content\/uploads\/2025\/10\/95bc2e95-39bd-477d-9c1c-70afd2889ab0.jpeg 640w, https:\/\/voxsahel.com\/wp-content\/uploads\/2025\/10\/95bc2e95-39bd-477d-9c1c-70afd2889ab0-300x173.jpeg 300w, https:\/\/voxsahel.com\/wp-content\/uploads\/2025\/10\/95bc2e95-39bd-477d-9c1c-70afd2889ab0-610x351.jpeg 610w\" sizes=\"(max-width: 640px) 100vw, 640px\" \/><\/p>\n<p>Sur le terrain, le Directeur g\u00e9n\u00e9ral n\u2019a pas cach\u00e9 sa satisfaction face au professionnalisme des producteurs : \u00ab Je f\u00e9licite nos partenaires fournisseurs de c\u00e9r\u00e9ales pour leur travail remarquable. Je suis tr\u00e8s satisfait de la qualit\u00e9 de la production \u00bb, a-t-il d\u00e9clar\u00e9, soulignant le r\u00f4le essentiel des fili\u00e8res locales dans la vision industrielle de Nutrifor.<\/p>\n<p><img loading=\"lazy\" decoding=\"async\" class=\"aligncenter size-large wp-image-2940\" src=\"https:\/\/voxsahel.com\/wp-content\/uploads\/2025\/10\/7873a2c5-efc5-4e0a-8ebb-12f74ad00f2d-1024x857.jpeg\" alt=\"\" width=\"640\" height=\"536\" srcset=\"https:\/\/voxsahel.com\/wp-content\/uploads\/2025\/10\/7873a2c5-efc5-4e0a-8ebb-12f74ad00f2d-1024x857.jpeg 1024w, https:\/\/voxsahel.com\/wp-content\/uploads\/2025\/10\/7873a2c5-efc5-4e0a-8ebb-12f74ad00f2d-300x251.jpeg 300w, https:\/\/voxsahel.com\/wp-content\/uploads\/2025\/10\/7873a2c5-efc5-4e0a-8ebb-12f74ad00f2d-768x643.jpeg 768w, https:\/\/voxsahel.com\/wp-content\/uploads\/2025\/10\/7873a2c5-efc5-4e0a-8ebb-12f74ad00f2d-610x511.jpeg 610w, https:\/\/voxsahel.com\/wp-content\/uploads\/2025\/10\/7873a2c5-efc5-4e0a-8ebb-12f74ad00f2d.jpeg 1080w\" sizes=\"(max-width: 640px) 100vw, 640px\" \/><\/p>\n<p><strong>Entre engagement \u00e9conomique et ancrage communautaire<\/strong><\/p>\n<p>Au-del\u00e0 des \u00e9changes avec les producteurs, M. Par\u00e9 a profit\u00e9 de son passage \u00e0 Tougan pour participer aux pr\u00e9paratifs des Journ\u00e9es culturelles et sportives pr\u00e9vues du 25 au 26 octobre 2025. L\u2019\u00e9v\u00e9nement, port\u00e9 par le champion du monde de Powerlifting, ZAN Bady Alfred, vise \u00e0 promouvoir la coh\u00e9sion sociale et la valorisation des talents locaux.<\/p>\n<p>Le Directeur g\u00e9n\u00e9ral a \u00e9galement rendu une visite de courtoisie aux autorit\u00e9s coutumi\u00e8res et religieuses de la localit\u00e9, Chef de village, Chef de terre, Pasteur, Cur\u00e9 et Imam \u00a0\u00e0 qui il a exprim\u00e9 sa profonde gratitude pour leur accueil chaleureux et leurs b\u00e9n\u00e9dictions.<\/p>\n<p><img loading=\"lazy\" decoding=\"async\" class=\"aligncenter size-full wp-image-2941\" src=\"https:\/\/voxsahel.com\/wp-content\/uploads\/2025\/10\/fade72bd-d902-4eb6-82bd-3362f01ecbce.jpeg\" alt=\"\" width=\"786\" height=\"743\" srcset=\"https:\/\/voxsahel.com\/wp-content\/uploads\/2025\/10\/fade72bd-d902-4eb6-82bd-3362f01ecbce.jpeg 786w, https:\/\/voxsahel.com\/wp-content\/uploads\/2025\/10\/fade72bd-d902-4eb6-82bd-3362f01ecbce-300x284.jpeg 300w, https:\/\/voxsahel.com\/wp-content\/uploads\/2025\/10\/fade72bd-d902-4eb6-82bd-3362f01ecbce-768x726.jpeg 768w, https:\/\/voxsahel.com\/wp-content\/uploads\/2025\/10\/fade72bd-d902-4eb6-82bd-3362f01ecbce-610x577.jpeg 610w\" sizes=\"(max-width: 786px) 100vw, 786px\" \/><\/p>\n<p>Cette immersion sur le terrain illustre la volont\u00e9 du DG de Nutrifor Industrie d\u2019asseoir une relation de confiance durable avec les acteurs de la cha\u00eene de valeur agricole. \u00c0 travers des partenariats solides et \u00e9quitables, Nutrifor ambitionne de stimuler la production locale, cr\u00e9er de la valeur ajout\u00e9e et contribuer \u00e0 la souverainet\u00e9 alimentaire du pays.<\/p>\n<p style=\"text-align: right;\"><strong>Par Vox Sahel\u00a0<\/strong><\/p>\n","protected":false},"excerpt":{"rendered":"<p>Le Directeur g\u00e9n\u00e9ral de Nutrifor Industrie SA, Monsieur Hamadou Par\u00e9, a pass\u00e9 le week-end du<\/p>\n","protected":false},"author":2,"featured_media":2943,"comment_status":"open","ping_status":"open","sticky":false,"template":"","format":"standard","meta":{"_et_pb_use_builder":"","_et_pb_old_content":"","_et_gb_content_width":"","footnotes":""},"categories":[8],"tags":[],"class_list":["post-2934","post","type-post","status-publish","format-standard","has-post-thumbnail","hentry","category-developpement"],"yoast_head":"<!-- This site is optimized with the Yoast SEO plugin v27.5 - https:\/\/yoast.com\/product\/yoast-seo-wordpress\/ -->\n<title>Au c\u0153ur des champs, Nutrifor Industrie r\u00e9affirme son engagement pour la production locale - Vox Sahel<\/title>\n<meta name=\"robots\" content=\"index, follow, max-snippet:-1, max-image-preview:large, max-video-preview:-1\" \/>\n<link rel=\"canonical\" href=\"https:\/\/voxsahel.com\/?p=2934\" \/>\n<meta property=\"og:locale\" content=\"fr_FR\" \/>\n<meta property=\"og:type\" content=\"article\" \/>\n<meta property=\"og:title\" content=\"Au c\u0153ur des champs, Nutrifor Industrie r\u00e9affirme son engagement pour la production locale - Vox Sahel\" \/>\n<meta property=\"og:description\" content=\"Le Directeur g\u00e9n\u00e9ral de Nutrifor Industrie SA, Monsieur Hamadou Par\u00e9, a pass\u00e9 le week-end du\" \/>\n<meta property=\"og:url\" content=\"https:\/\/voxsahel.com\/?p=2934\" \/>\n<meta property=\"og:site_name\" content=\"Vox Sahel\" \/>\n<meta property=\"article:publisher\" content=\"https:\/\/www.facebook.com\/journal.voxsahel\" \/>\n<meta property=\"article:published_time\" content=\"2025-10-06T18:47:46+00:00\" \/>\n<meta property=\"article:modified_time\" content=\"2025-10-06T18:54:30+00:00\" \/>\n<meta property=\"og:image\" content=\"https:\/\/voxsahel.com\/wp-content\/uploads\/2025\/10\/1232d7e9-43bc-47d0-8a97-29405b41205e.jpeg\" \/>\n\t<meta property=\"og:image:width\" content=\"368\" \/>\n\t<meta property=\"og:image:height\" content=\"368\" \/>\n\t<meta property=\"og:image:type\" content=\"image\/jpeg\" \/>\n<meta name=\"author\" content=\"Vox Sahel\" \/>\n<meta name=\"twitter:card\" content=\"summary_large_image\" \/>\n<meta name=\"twitter:label1\" content=\"\u00c9crit par\" \/>\n\t<meta name=\"twitter:data1\" content=\"Vox Sahel\" \/>\n\t<meta name=\"twitter:label2\" content=\"Dur\u00e9e de lecture estim\u00e9e\" \/>\n\t<meta name=\"twitter:data2\" content=\"3 minutes\" \/>\n<script type=\"application\/ld+json\" class=\"yoast-schema-graph\">{\"@context\":\"https:\\\/\\\/schema.org\",\"@graph\":[{\"@type\":\"Article\",\"@id\":\"https:\\\/\\\/voxsahel.com\\\/?p=2934#article\",\"isPartOf\":{\"@id\":\"https:\\\/\\\/voxsahel.com\\\/?p=2934\"},\"author\":{\"name\":\"Vox Sahel\",\"@id\":\"https:\\\/\\\/voxsahel.com\\\/#\\\/schema\\\/person\\\/b4043608248f8fa227cd760e7ff1e19e\"},\"headline\":\"Au c\u0153ur des champs, Nutrifor Industrie r\u00e9affirme son engagement pour la production locale\",\"datePublished\":\"2025-10-06T18:47:46+00:00\",\"dateModified\":\"2025-10-06T18:54:30+00:00\",\"mainEntityOfPage\":{\"@id\":\"https:\\\/\\\/voxsahel.com\\\/?p=2934\"},\"wordCount\":373,\"commentCount\":0,\"publisher\":{\"@id\":\"https:\\\/\\\/voxsahel.com\\\/#organization\"},\"image\":{\"@id\":\"https:\\\/\\\/voxsahel.com\\\/?p=2934#primaryimage\"},\"thumbnailUrl\":\"https:\\\/\\\/voxsahel.com\\\/wp-content\\\/uploads\\\/2025\\\/10\\\/1232d7e9-43bc-47d0-8a97-29405b41205e.jpeg\",\"articleSection\":[\"DEVELOPPEMENT\"],\"inLanguage\":\"fr-FR\",\"potentialAction\":[{\"@type\":\"CommentAction\",\"name\":\"Comment\",\"target\":[\"https:\\\/\\\/voxsahel.com\\\/?p=2934#respond\"]}]},{\"@type\":\"WebPage\",\"@id\":\"https:\\\/\\\/voxsahel.com\\\/?p=2934\",\"url\":\"https:\\\/\\\/voxsahel.com\\\/?p=2934\",\"name\":\"Au c\u0153ur des champs, Nutrifor Industrie r\u00e9affirme son engagement pour la production locale - Vox Sahel\",\"isPartOf\":{\"@id\":\"https:\\\/\\\/voxsahel.com\\\/#website\"},\"primaryImageOfPage\":{\"@id\":\"https:\\\/\\\/voxsahel.com\\\/?p=2934#primaryimage\"},\"image\":{\"@id\":\"https:\\\/\\\/voxsahel.com\\\/?p=2934#primaryimage\"},\"thumbnailUrl\":\"https:\\\/\\\/voxsahel.com\\\/wp-content\\\/uploads\\\/2025\\\/10\\\/1232d7e9-43bc-47d0-8a97-29405b41205e.jpeg\",\"datePublished\":\"2025-10-06T18:47:46+00:00\",\"dateModified\":\"2025-10-06T18:54:30+00:00\",\"breadcrumb\":{\"@id\":\"https:\\\/\\\/voxsahel.com\\\/?p=2934#breadcrumb\"},\"inLanguage\":\"fr-FR\",\"potentialAction\":[{\"@type\":\"ReadAction\",\"target\":[\"https:\\\/\\\/voxsahel.com\\\/?p=2934\"]}]},{\"@type\":\"ImageObject\",\"inLanguage\":\"fr-FR\",\"@id\":\"https:\\\/\\\/voxsahel.com\\\/?p=2934#primaryimage\",\"url\":\"https:\\\/\\\/voxsahel.com\\\/wp-content\\\/uploads\\\/2025\\\/10\\\/1232d7e9-43bc-47d0-8a97-29405b41205e.jpeg\",\"contentUrl\":\"https:\\\/\\\/voxsahel.com\\\/wp-content\\\/uploads\\\/2025\\\/10\\\/1232d7e9-43bc-47d0-8a97-29405b41205e.jpeg\",\"width\":368,\"height\":368},{\"@type\":\"BreadcrumbList\",\"@id\":\"https:\\\/\\\/voxsahel.com\\\/?p=2934#breadcrumb\",\"itemListElement\":[{\"@type\":\"ListItem\",\"position\":1,\"name\":\"Home\",\"item\":\"https:\\\/\\\/voxsahel.com\\\/\"},{\"@type\":\"ListItem\",\"position\":2,\"name\":\"Au c\u0153ur des champs, Nutrifor Industrie r\u00e9affirme son engagement pour la production locale\"}]},{\"@type\":\"WebSite\",\"@id\":\"https:\\\/\\\/voxsahel.com\\\/#website\",\"url\":\"https:\\\/\\\/voxsahel.com\\\/\",\"name\":\"Vox Sahel\",\"description\":\"Informez-vous sur le Sahel en un clic\",\"publisher\":{\"@id\":\"https:\\\/\\\/voxsahel.com\\\/#organization\"},\"potentialAction\":[{\"@type\":\"SearchAction\",\"target\":{\"@type\":\"EntryPoint\",\"urlTemplate\":\"https:\\\/\\\/voxsahel.com\\\/?s={search_term_string}\"},\"query-input\":{\"@type\":\"PropertyValueSpecification\",\"valueRequired\":true,\"valueName\":\"search_term_string\"}}],\"inLanguage\":\"fr-FR\"},{\"@type\":\"Organization\",\"@id\":\"https:\\\/\\\/voxsahel.com\\\/#organization\",\"name\":\"Vox Sahel\",\"url\":\"https:\\\/\\\/voxsahel.com\\\/\",\"logo\":{\"@type\":\"ImageObject\",\"inLanguage\":\"fr-FR\",\"@id\":\"https:\\\/\\\/voxsahel.com\\\/#\\\/schema\\\/logo\\\/image\\\/\",\"url\":\"https:\\\/\\\/voxsahel.com\\\/wp-content\\\/uploads\\\/2024\\\/09\\\/Logo-Vox-Sahel.jpg\",\"contentUrl\":\"https:\\\/\\\/voxsahel.com\\\/wp-content\\\/uploads\\\/2024\\\/09\\\/Logo-Vox-Sahel.jpg\",\"width\":1181,\"height\":848,\"caption\":\"Vox Sahel\"},\"image\":{\"@id\":\"https:\\\/\\\/voxsahel.com\\\/#\\\/schema\\\/logo\\\/image\\\/\"},\"sameAs\":[\"https:\\\/\\\/www.facebook.com\\\/journal.voxsahel\"]},{\"@type\":\"Person\",\"@id\":\"https:\\\/\\\/voxsahel.com\\\/#\\\/schema\\\/person\\\/b4043608248f8fa227cd760e7ff1e19e\",\"name\":\"Vox Sahel\",\"image\":{\"@type\":\"ImageObject\",\"inLanguage\":\"fr-FR\",\"@id\":\"https:\\\/\\\/secure.gravatar.com\\\/avatar\\\/f70e7fa0cb9b29d4a7c5788d6eb2e9ab4d3135cbae1c9161810fdf77a8964699?s=96&d=mm&r=g\",\"url\":\"https:\\\/\\\/secure.gravatar.com\\\/avatar\\\/f70e7fa0cb9b29d4a7c5788d6eb2e9ab4d3135cbae1c9161810fdf77a8964699?s=96&d=mm&r=g\",\"contentUrl\":\"https:\\\/\\\/secure.gravatar.com\\\/avatar\\\/f70e7fa0cb9b29d4a7c5788d6eb2e9ab4d3135cbae1c9161810fdf77a8964699?s=96&d=mm&r=g\",\"caption\":\"Vox Sahel\"},\"sameAs\":[\"http:\\\/\\\/www.voxsahel.com\"],\"url\":\"https:\\\/\\\/voxsahel.com\\\/?author=2\"}]}<\/script>\n<!-- \/ Yoast SEO plugin. -->","yoast_head_json":{"title":"Au c\u0153ur des champs, Nutrifor Industrie r\u00e9affirme son engagement pour la production locale - Vox Sahel","robots":{"index":"index","follow":"follow","max-snippet":"max-snippet:-1","max-image-preview":"max-image-preview:large","max-video-preview":"max-video-preview:-1"},"canonical":"https:\/\/voxsahel.com\/?p=2934","og_locale":"fr_FR","og_type":"article","og_title":"Au c\u0153ur des champs, Nutrifor Industrie r\u00e9affirme son engagement pour la production locale - Vox Sahel","og_description":"Le Directeur g\u00e9n\u00e9ral de Nutrifor Industrie SA, Monsieur Hamadou Par\u00e9, a pass\u00e9 le week-end du","og_url":"https:\/\/voxsahel.com\/?p=2934","og_site_name":"Vox Sahel","article_publisher":"https:\/\/www.facebook.com\/journal.voxsahel","article_published_time":"2025-10-06T18:47:46+00:00","article_modified_time":"2025-10-06T18:54:30+00:00","og_image":[{"width":368,"height":368,"url":"https:\/\/voxsahel.com\/wp-content\/uploads\/2025\/10\/1232d7e9-43bc-47d0-8a97-29405b41205e.jpeg","type":"image\/jpeg"}],"author":"Vox Sahel","twitter_card":"summary_large_image","twitter_misc":{"\u00c9crit par":"Vox Sahel","Dur\u00e9e de lecture estim\u00e9e":"3 minutes"},"schema":{"@context":"https:\/\/schema.org","@graph":[{"@type":"Article","@id":"https:\/\/voxsahel.com\/?p=2934#article","isPartOf":{"@id":"https:\/\/voxsahel.com\/?p=2934"},"author":{"name":"Vox Sahel","@id":"https:\/\/voxsahel.com\/#\/schema\/person\/b4043608248f8fa227cd760e7ff1e19e"},"headline":"Au c\u0153ur des champs, Nutrifor Industrie r\u00e9affirme son engagement pour la production locale","datePublished":"2025-10-06T18:47:46+00:00","dateModified":"2025-10-06T18:54:30+00:00","mainEntityOfPage":{"@id":"https:\/\/voxsahel.com\/?p=2934"},"wordCount":373,"commentCount":0,"publisher":{"@id":"https:\/\/voxsahel.com\/#organization"},"image":{"@id":"https:\/\/voxsahel.com\/?p=2934#primaryimage"},"thumbnailUrl":"https:\/\/voxsahel.com\/wp-content\/uploads\/2025\/10\/1232d7e9-43bc-47d0-8a97-29405b41205e.jpeg","articleSection":["DEVELOPPEMENT"],"inLanguage":"fr-FR","potentialAction":[{"@type":"CommentAction","name":"Comment","target":["https:\/\/voxsahel.com\/?p=2934#respond"]}]},{"@type":"WebPage","@id":"https:\/\/voxsahel.com\/?p=2934","url":"https:\/\/voxsahel.com\/?p=2934","name":"Au c\u0153ur des champs, Nutrifor Industrie r\u00e9affirme son engagement pour la production locale - Vox Sahel","isPartOf":{"@id":"https:\/\/voxsahel.com\/#website"},"primaryImageOfPage":{"@id":"https:\/\/voxsahel.com\/?p=2934#primaryimage"},"image":{"@id":"https:\/\/voxsahel.com\/?p=2934#primaryimage"},"thumbnailUrl":"https:\/\/voxsahel.com\/wp-content\/uploads\/2025\/10\/1232d7e9-43bc-47d0-8a97-29405b41205e.jpeg","datePublished":"2025-10-06T18:47:46+00:00","dateModified":"2025-10-06T18:54:30+00:00","breadcrumb":{"@id":"https:\/\/voxsahel.com\/?p=2934#breadcrumb"},"inLanguage":"fr-FR","potentialAction":[{"@type":"ReadAction","target":["https:\/\/voxsahel.com\/?p=2934"]}]},{"@type":"ImageObject","inLanguage":"fr-FR","@id":"https:\/\/voxsahel.com\/?p=2934#primaryimage","url":"https:\/\/voxsahel.com\/wp-content\/uploads\/2025\/10\/1232d7e9-43bc-47d0-8a97-29405b41205e.jpeg","contentUrl":"https:\/\/voxsahel.com\/wp-content\/uploads\/2025\/10\/1232d7e9-43bc-47d0-8a97-29405b41205e.jpeg","width":368,"height":368},{"@type":"BreadcrumbList","@id":"https:\/\/voxsahel.com\/?p=2934#breadcrumb","itemListElement":[{"@type":"ListItem","position":1,"name":"Home","item":"https:\/\/voxsahel.com\/"},{"@type":"ListItem","position":2,"name":"Au c\u0153ur des champs, Nutrifor Industrie r\u00e9affirme son engagement pour la production locale"}]},{"@type":"WebSite","@id":"https:\/\/voxsahel.com\/#website","url":"https:\/\/voxsahel.com\/","name":"Vox Sahel","description":"Informez-vous sur le Sahel en un clic","publisher":{"@id":"https:\/\/voxsahel.com\/#organization"},"potentialAction":[{"@type":"SearchAction","target":{"@type":"EntryPoint","urlTemplate":"https:\/\/voxsahel.com\/?s={search_term_string}"},"query-input":{"@type":"PropertyValueSpecification","valueRequired":true,"valueName":"search_term_string"}}],"inLanguage":"fr-FR"},{"@type":"Organization","@id":"https:\/\/voxsahel.com\/#organization","name":"Vox Sahel","url":"https:\/\/voxsahel.com\/","logo":{"@type":"ImageObject","inLanguage":"fr-FR","@id":"https:\/\/voxsahel.com\/#\/schema\/logo\/image\/","url":"https:\/\/voxsahel.com\/wp-content\/uploads\/2024\/09\/Logo-Vox-Sahel.jpg","contentUrl":"https:\/\/voxsahel.com\/wp-content\/uploads\/2024\/09\/Logo-Vox-Sahel.jpg","width":1181,"height":848,"caption":"Vox Sahel"},"image":{"@id":"https:\/\/voxsahel.com\/#\/schema\/logo\/image\/"},"sameAs":["https:\/\/www.facebook.com\/journal.voxsahel"]},{"@type":"Person","@id":"https:\/\/voxsahel.com\/#\/schema\/person\/b4043608248f8fa227cd760e7ff1e19e","name":"Vox Sahel","image":{"@type":"ImageObject","inLanguage":"fr-FR","@id":"https:\/\/secure.gravatar.com\/avatar\/f70e7fa0cb9b29d4a7c5788d6eb2e9ab4d3135cbae1c9161810fdf77a8964699?s=96&d=mm&r=g","url":"https:\/\/secure.gravatar.com\/avatar\/f70e7fa0cb9b29d4a7c5788d6eb2e9ab4d3135cbae1c9161810fdf77a8964699?s=96&d=mm&r=g","contentUrl":"https:\/\/secure.gravatar.com\/avatar\/f70e7fa0cb9b29d4a7c5788d6eb2e9ab4d3135cbae1c9161810fdf77a8964699?s=96&d=mm&r=g","caption":"Vox Sahel"},"sameAs":["http:\/\/www.voxsahel.com"],"url":"https:\/\/voxsahel.com\/?author=2"}]}},"_links":{"self":[{"href":"https:\/\/voxsahel.com\/index.php?rest_route=\/wp\/v2\/posts\/2934","targetHints":{"allow":["GET"]}}],"collection":[{"href":"https:\/\/voxsahel.com\/index.php?rest_route=\/wp\/v2\/posts"}],"about":[{"href":"https:\/\/voxsahel.com\/index.php?rest_route=\/wp\/v2\/types\/post"}],"author":[{"embeddable":true,"href":"https:\/\/voxsahel.com\/index.php?rest_route=\/wp\/v2\/users\/2"}],"replies":[{"embeddable":true,"href":"https:\/\/voxsahel.com\/index.php?rest_route=%2Fwp%2Fv2%2Fcomments&post=2934"}],"version-history":[{"count":3,"href":"https:\/\/voxsahel.com\/index.php?rest_route=\/wp\/v2\/posts\/2934\/revisions"}],"predecessor-version":[{"id":2942,"href":"https:\/\/voxsahel.com\/index.php?rest_route=\/wp\/v2\/posts\/2934\/revisions\/2942"}],"wp:featuredmedia":[{"embeddable":true,"href":"https:\/\/voxsahel.com\/index.php?rest_route=\/wp\/v2\/media\/2943"}],"wp:attachment":[{"href":"https:\/\/voxsahel.com\/index.php?rest_route=%2Fwp%2Fv2%2Fmedia&parent=2934"}],"wp:term":[{"taxonomy":"category","embeddable":true,"href":"https:\/\/voxsahel.com\/index.php?rest_route=%2Fwp%2Fv2%2Fcategories&post=2934"},{"taxonomy":"post_tag","embeddable":true,"href":"https:\/\/voxsahel.com\/index.php?rest_route=%2Fwp%2Fv2%2Ftags&post=2934"}],"curies":[{"name":"wp","href":"https:\/\/api.w.org\/{rel}","templated":true}]}}