{"id":2914,"date":"2025-10-04T18:23:07","date_gmt":"2025-10-04T18:23:07","guid":{"rendered":"https:\/\/voxsahel.com\/?p=2914"},"modified":"2025-10-04T18:33:16","modified_gmt":"2025-10-04T18:33:16","slug":"bobo-dioulasso-au-marche-de-colma-des-commercants-entre-colere-et-desespoir","status":"publish","type":"post","link":"https:\/\/voxsahel.com\/?p=2914","title":{"rendered":"Bobo-Dioulasso : Au march\u00e9 de Colma, des commer\u00e7ants entre col\u00e8re et d\u00e9sespoir"},"content":{"rendered":"<p class=\"p1\">Sous un soleil br\u00fblant, au milieu de structures inachev\u00e9es qui tiennent plus du chantier abandonn\u00e9 que d\u2019un march\u00e9 moderne, une poign\u00e9e de commer\u00e7ants se regroupent. Des hommes et des femmes, visages ferm\u00e9s, voix tremblantes parfois, mais tous port\u00e9s par la m\u00eame col\u00e8re. Quatre ans apr\u00e8s la d\u00e9molition de leurs lieux de travail, les anciens occupants des march\u00e9s de Colma et d\u2019Accart-Ville disent vivre un cauchemar.<\/p>\n<p><a href=\"https:\/\/voxsahel.com\/wp-content\/uploads\/2025\/10\/1eab0172-fb4e-4b76-8c30-5f08943ead16.mov\">1eab0172-fb4e-4b76-8c30-5f08943ead16<\/a><\/p>\n<p class=\"p3\"><span class=\"s2\">\u00ab Quand on a ras\u00e9 le march\u00e9 en 2021, j\u2019\u00e9tais parmi les premiers \u00e0 applaudir \u00bb, raconte avec amertume <\/span><span class=\"s3\">Dame Victorine<\/span><span class=\"s2\">, une vendeuse de tissus qui vivait de son \u00e9tal depuis plus de vingt ans. \u00ab On nous avait promis un march\u00e9 moderne en 18 mois. Aujourd\u2019hui, non seulement nous n\u2019avons rien, mais on nous demande de payer pr\u00e8s d\u2019un million de francs CFA pour un simple hangar. Moi je gagne \u00e0 peine de quoi nourrir mes enfants. O\u00f9 vais-je trouver une telle somme ? \u00bb<\/span><\/p>\n<p class=\"p3\"><span class=\"s2\">\u00c0 quelques m\u00e8tres, <\/span><span class=\"s3\">Moussa<\/span><span class=\"s2\">, ancien vendeur de c\u00e9r\u00e9ales, l\u00e8ve les bras vers les alignements de boutiques en construction. \u00ab Regardez vous-m\u00eames ! Ce sont des kiosques, pas un march\u00e9 ! On nous avait promis une grande infrastructure, digne de Bobo-Dioulasso. Ce qu\u2019on voit aujourd\u2019hui, ce sont des petites bo\u00eetes \u00e9triqu\u00e9es. Ce n\u2019est pas ce qui avait \u00e9t\u00e9 dit. On nous a menti. \u00bb<\/span><\/p>\n<p><img loading=\"lazy\" decoding=\"async\" class=\"aligncenter size-full wp-image-2919\" src=\"https:\/\/voxsahel.com\/wp-content\/uploads\/2025\/10\/332b9ec0-1628-4b0a-8588-e8220c7ce7c8.jpeg\" alt=\"\" width=\"765\" height=\"1020\" srcset=\"https:\/\/voxsahel.com\/wp-content\/uploads\/2025\/10\/332b9ec0-1628-4b0a-8588-e8220c7ce7c8.jpeg 765w, https:\/\/voxsahel.com\/wp-content\/uploads\/2025\/10\/332b9ec0-1628-4b0a-8588-e8220c7ce7c8-225x300.jpeg 225w, https:\/\/voxsahel.com\/wp-content\/uploads\/2025\/10\/332b9ec0-1628-4b0a-8588-e8220c7ce7c8-610x813.jpeg 610w, https:\/\/voxsahel.com\/wp-content\/uploads\/2025\/10\/332b9ec0-1628-4b0a-8588-e8220c7ce7c8-450x600.jpeg 450w\" sizes=\"(max-width: 765px) 100vw, 765px\" \/><\/p>\n<p class=\"p1\"><strong><span class=\"s1\">Quatre ann\u00e9es d\u2019attente et de d\u00e9sillusions<\/span><\/strong><\/p>\n<p class=\"p3\"><span class=\"s2\">En 2021, l\u2019annonce de la d\u00e9molition des march\u00e9s de Colma et d\u2019Accart-Ville avait suscit\u00e9 l\u2019enthousiasme. La mairie avait promis des b\u00e2timents modernes et fonctionnels. Mais apr\u00e8s le premier d\u00e9lai de 18 mois, rien n\u2019\u00e9tait pr\u00eat. Un second d\u00e9lai avait \u00e9t\u00e9 annonc\u00e9, encore expir\u00e9 sans r\u00e9sultat.<br \/>\n\u00ab Depuis quatre ans, je vends au bord de la route. Quand il pleut, je ramasse mes affaires, quand il fait trop chaud, je n\u2019ai aucun abri. Mes enfants ne vont plus r\u00e9guli\u00e8rement \u00e0 l\u2019\u00e9cole parce que je n\u2019arrive pas \u00e0 payer \u00bb, confie <\/span><span class=\"s3\">Salamata<\/span><span class=\"s2\">, vendeuse de l\u00e9gumes. Sa voix tremble, mais elle insiste : \u00ab C\u2019est plus qu\u2019une question de commerce. C\u2019est notre vie, notre survie m\u00eame, qui est en jeu. \u00bb<\/span><\/p>\n<p><img loading=\"lazy\" decoding=\"async\" class=\"size-large wp-image-2920\" src=\"https:\/\/voxsahel.com\/wp-content\/uploads\/2025\/10\/IMG_5015-1024x842.jpeg\" alt=\"\" width=\"640\" height=\"526\" srcset=\"https:\/\/voxsahel.com\/wp-content\/uploads\/2025\/10\/IMG_5015-1024x842.jpeg 1024w, https:\/\/voxsahel.com\/wp-content\/uploads\/2025\/10\/IMG_5015-300x247.jpeg 300w, https:\/\/voxsahel.com\/wp-content\/uploads\/2025\/10\/IMG_5015-768x632.jpeg 768w, https:\/\/voxsahel.com\/wp-content\/uploads\/2025\/10\/IMG_5015-1080x888.jpeg 1080w, https:\/\/voxsahel.com\/wp-content\/uploads\/2025\/10\/IMG_5015-610x502.jpeg 610w, https:\/\/voxsahel.com\/wp-content\/uploads\/2025\/10\/IMG_5015.jpeg 1290w\" sizes=\"(max-width: 640px) 100vw, 640px\" \/><\/p>\n<p class=\"p1\"><strong><span class=\"s1\">Attributions controvers\u00e9es<\/span><\/strong><\/p>\n<p class=\"p3\"><span class=\"s2\">Au-del\u00e0 des retards, la col\u00e8re se nourrit d\u2019un autre sujet explosif : les attributions de boutiques.<br \/>\n\u00ab Nous pensions que les commer\u00e7ants qui \u00e9taient l\u00e0 avant auraient la priorit\u00e9 \u00bb, s\u2019indigne <\/span><span class=\"s3\">Drissa Konat\u00e9<\/span><span class=\"s2\">, porte-parole des manifestants. \u00ab Mais \u00e0 notre grande surprise, des gens qui n\u2019ont jamais travaill\u00e9 ici obtiennent des places, souvent parce qu\u2019ils ont de l\u2019argent ou des relations. Et nous, les vrais occupants, nous sommes laiss\u00e9s de c\u00f4t\u00e9. C\u2019est une injustice que nous ne pouvons plus accepter. \u00bb<\/span><\/p>\n<p class=\"p3\"><span class=\"s2\">\u00c0 ses c\u00f4t\u00e9s, <\/span><span class=\"s3\">Adama<\/span><span class=\"s2\">, vendeur de chaussures, ajoute : \u00ab On nous chasse de nos march\u00e9s, on nous promet un retour, et maintenant on veut nous remplacer par des \u00e9trangers au march\u00e9. Si \u00e7a continue, nous reprendrons nos places par nous-m\u00eames. Nous n\u2019avons plus rien \u00e0 perdre. \u00bb<\/span><\/p>\n<p><img loading=\"lazy\" decoding=\"async\" class=\"aligncenter size-large wp-image-2921\" src=\"https:\/\/voxsahel.com\/wp-content\/uploads\/2025\/10\/IMG_5015-1-1024x842.jpeg\" alt=\"\" width=\"640\" height=\"526\" srcset=\"https:\/\/voxsahel.com\/wp-content\/uploads\/2025\/10\/IMG_5015-1-1024x842.jpeg 1024w, https:\/\/voxsahel.com\/wp-content\/uploads\/2025\/10\/IMG_5015-1-300x247.jpeg 300w, https:\/\/voxsahel.com\/wp-content\/uploads\/2025\/10\/IMG_5015-1-768x632.jpeg 768w, https:\/\/voxsahel.com\/wp-content\/uploads\/2025\/10\/IMG_5015-1-1080x888.jpeg 1080w, https:\/\/voxsahel.com\/wp-content\/uploads\/2025\/10\/IMG_5015-1-610x502.jpeg 610w, https:\/\/voxsahel.com\/wp-content\/uploads\/2025\/10\/IMG_5015-1.jpeg 1290w\" sizes=\"(max-width: 640px) 100vw, 640px\" \/><\/p>\n<p class=\"p1\"><strong><span class=\"s1\">Une menace de r\u00e9occupation<\/span><\/strong><\/p>\n<p class=\"p3\"><span class=\"s2\">R\u00e9unis sur le site de Colma, les commer\u00e7ants n\u2019ont pas seulement exprim\u00e9 leur d\u00e9sarroi. Ils ont lanc\u00e9 un ultimatum clair : 15 jours pour que les autorit\u00e9s r\u00e9pondent \u00e0 leurs revendications, faute de quoi ils envisagent de reprendre de force leurs emplacements.<br \/>\n\u00ab Nous ne pouvons plus rester inactifs. Nos familles souffrent. Si on ne nous \u00e9coute pas, on reviendra occuper le march\u00e9, termin\u00e9 ou pas \u00bb, mart\u00e8le Drissa Konat\u00e9, applaudi par ses camarades.<\/span><\/p>\n<p><img loading=\"lazy\" decoding=\"async\" class=\"aligncenter size-full wp-image-2922\" src=\"https:\/\/voxsahel.com\/wp-content\/uploads\/2025\/10\/332b9ec0-1628-4b0a-8588-e8220c7ce7c8-1.jpeg\" alt=\"\" width=\"765\" height=\"1020\" srcset=\"https:\/\/voxsahel.com\/wp-content\/uploads\/2025\/10\/332b9ec0-1628-4b0a-8588-e8220c7ce7c8-1.jpeg 765w, https:\/\/voxsahel.com\/wp-content\/uploads\/2025\/10\/332b9ec0-1628-4b0a-8588-e8220c7ce7c8-1-225x300.jpeg 225w, https:\/\/voxsahel.com\/wp-content\/uploads\/2025\/10\/332b9ec0-1628-4b0a-8588-e8220c7ce7c8-1-610x813.jpeg 610w, https:\/\/voxsahel.com\/wp-content\/uploads\/2025\/10\/332b9ec0-1628-4b0a-8588-e8220c7ce7c8-1-450x600.jpeg 450w\" sizes=\"(max-width: 765px) 100vw, 765px\" \/><\/p>\n<p class=\"p1\"><strong><span class=\"s1\">Des vies suspendues<\/span><\/strong><\/p>\n<p class=\"p3\"><span class=\"s2\">En attendant une r\u00e9action officielle, la vie des commer\u00e7ants reste suspendue. Beaucoup vivent au jour le jour, vendant \u00e0 la sauvette, d\u2019autres ont d\u00fb abandonner le commerce faute de moyens. Tous t\u00e9moignent d\u2019une m\u00eame lassitude : celle d\u2019avoir cru \u00e0 une promesse de modernit\u00e9 qui s\u2019est transform\u00e9e en d\u00e9sillusion.<br \/>\n\u00ab Ce march\u00e9, c\u2019\u00e9tait notre fiert\u00e9, notre gagne-pain, notre avenir \u00bb, souffle <\/span><span class=\"s3\">Awa<\/span><span class=\"s2\">, ancienne vendeuse de condiments. \u00ab Aujourd\u2019hui, c\u2019est devenu une source de souffrance et d\u2019injustice. \u00bb<\/span><\/p>\n<p class=\"p3\"><span class=\"s2\">Sous les hangars inachev\u00e9s, les voix des commer\u00e7ants r\u00e9sonnent comme un cri d\u2019alarme : un appel \u00e0 la dignit\u00e9, \u00e0 la transparence et \u00e0 la responsabilit\u00e9. Mais surtout, un appel \u00e0 ne pas \u00eatre oubli\u00e9s.<\/span><\/p>\n<p class=\"p3\" style=\"text-align: right;\"><strong><span class=\"s3\">Par Issa Kuiliga<\/span><\/strong><\/p>\n","protected":false},"excerpt":{"rendered":"<p>Sous un soleil br\u00fblant, au milieu de structures inachev\u00e9es qui tiennent plus du chantier abandonn\u00e9<\/p>\n","protected":false},"author":2,"featured_media":2915,"comment_status":"open","ping_status":"open","sticky":false,"template":"","format":"standard","meta":{"_et_pb_use_builder":"","_et_pb_old_content":"","_et_gb_content_width":"","footnotes":""},"categories":[5],"tags":[940,208,18,941,686,925,570],"class_list":["post-2914","post","type-post","status-publish","format-standard","has-post-thumbnail","hentry","category-societe","tag-accart-ville","tag-bobo-dioulasso","tag-burkina-faso","tag-colma","tag-commune-de-bobo-dioulasso","tag-guiriko","tag-province-du-houet"],"yoast_head":"<!-- This site is optimized with the Yoast SEO plugin v27.5 - https:\/\/yoast.com\/product\/yoast-seo-wordpress\/ -->\n<title>Bobo-Dioulasso : Au march\u00e9 de Colma, des commer\u00e7ants entre col\u00e8re et d\u00e9sespoir - Vox Sahel<\/title>\n<meta name=\"robots\" content=\"index, follow, max-snippet:-1, max-image-preview:large, max-video-preview:-1\" \/>\n<link rel=\"canonical\" href=\"https:\/\/voxsahel.com\/?p=2914\" \/>\n<meta property=\"og:locale\" content=\"fr_FR\" \/>\n<meta property=\"og:type\" content=\"article\" \/>\n<meta property=\"og:title\" content=\"Bobo-Dioulasso : Au march\u00e9 de Colma, des commer\u00e7ants entre col\u00e8re et d\u00e9sespoir - Vox Sahel\" \/>\n<meta property=\"og:description\" content=\"Sous un soleil br\u00fblant, au milieu de structures inachev\u00e9es qui tiennent plus du chantier abandonn\u00e9\" \/>\n<meta property=\"og:url\" content=\"https:\/\/voxsahel.com\/?p=2914\" \/>\n<meta property=\"og:site_name\" content=\"Vox Sahel\" \/>\n<meta property=\"article:publisher\" content=\"https:\/\/www.facebook.com\/journal.voxsahel\" \/>\n<meta property=\"article:published_time\" content=\"2025-10-04T18:23:07+00:00\" \/>\n<meta property=\"article:modified_time\" content=\"2025-10-04T18:33:16+00:00\" \/>\n<meta property=\"og:image\" content=\"https:\/\/voxsahel.com\/wp-content\/uploads\/2025\/10\/95c6ee12-b443-4519-b61d-a0543cb7f74b.jpeg\" \/>\n\t<meta property=\"og:image:width\" content=\"1066\" \/>\n\t<meta property=\"og:image:height\" content=\"1280\" \/>\n\t<meta property=\"og:image:type\" content=\"image\/jpeg\" \/>\n<meta name=\"author\" content=\"Vox Sahel\" \/>\n<meta name=\"twitter:card\" content=\"summary_large_image\" \/>\n<meta name=\"twitter:label1\" content=\"\u00c9crit par\" \/>\n\t<meta name=\"twitter:data1\" content=\"Vox Sahel\" \/>\n\t<meta name=\"twitter:label2\" content=\"Dur\u00e9e de lecture estim\u00e9e\" \/>\n\t<meta name=\"twitter:data2\" content=\"5 minutes\" \/>\n<script type=\"application\/ld+json\" class=\"yoast-schema-graph\">{\"@context\":\"https:\\\/\\\/schema.org\",\"@graph\":[{\"@type\":\"Article\",\"@id\":\"https:\\\/\\\/voxsahel.com\\\/?p=2914#article\",\"isPartOf\":{\"@id\":\"https:\\\/\\\/voxsahel.com\\\/?p=2914\"},\"author\":{\"name\":\"Vox Sahel\",\"@id\":\"https:\\\/\\\/voxsahel.com\\\/#\\\/schema\\\/person\\\/b4043608248f8fa227cd760e7ff1e19e\"},\"headline\":\"Bobo-Dioulasso : Au march\u00e9 de Colma, des commer\u00e7ants entre col\u00e8re et d\u00e9sespoir\",\"datePublished\":\"2025-10-04T18:23:07+00:00\",\"dateModified\":\"2025-10-04T18:33:16+00:00\",\"mainEntityOfPage\":{\"@id\":\"https:\\\/\\\/voxsahel.com\\\/?p=2914\"},\"wordCount\":733,\"commentCount\":0,\"publisher\":{\"@id\":\"https:\\\/\\\/voxsahel.com\\\/#organization\"},\"image\":{\"@id\":\"https:\\\/\\\/voxsahel.com\\\/?p=2914#primaryimage\"},\"thumbnailUrl\":\"https:\\\/\\\/voxsahel.com\\\/wp-content\\\/uploads\\\/2025\\\/10\\\/95c6ee12-b443-4519-b61d-a0543cb7f74b.jpeg\",\"keywords\":[\"Accart-Ville\",\"Bobo-Dioulasso\",\"Burkina Faso\",\"Colma\",\"Commune de Bobo-Dioulasso\",\"Guiriko\",\"Province du Houet\"],\"articleSection\":[\"SOCIETE\"],\"inLanguage\":\"fr-FR\",\"potentialAction\":[{\"@type\":\"CommentAction\",\"name\":\"Comment\",\"target\":[\"https:\\\/\\\/voxsahel.com\\\/?p=2914#respond\"]}]},{\"@type\":\"WebPage\",\"@id\":\"https:\\\/\\\/voxsahel.com\\\/?p=2914\",\"url\":\"https:\\\/\\\/voxsahel.com\\\/?p=2914\",\"name\":\"Bobo-Dioulasso : Au march\u00e9 de Colma, des commer\u00e7ants entre col\u00e8re et d\u00e9sespoir - Vox Sahel\",\"isPartOf\":{\"@id\":\"https:\\\/\\\/voxsahel.com\\\/#website\"},\"primaryImageOfPage\":{\"@id\":\"https:\\\/\\\/voxsahel.com\\\/?p=2914#primaryimage\"},\"image\":{\"@id\":\"https:\\\/\\\/voxsahel.com\\\/?p=2914#primaryimage\"},\"thumbnailUrl\":\"https:\\\/\\\/voxsahel.com\\\/wp-content\\\/uploads\\\/2025\\\/10\\\/95c6ee12-b443-4519-b61d-a0543cb7f74b.jpeg\",\"datePublished\":\"2025-10-04T18:23:07+00:00\",\"dateModified\":\"2025-10-04T18:33:16+00:00\",\"breadcrumb\":{\"@id\":\"https:\\\/\\\/voxsahel.com\\\/?p=2914#breadcrumb\"},\"inLanguage\":\"fr-FR\",\"potentialAction\":[{\"@type\":\"ReadAction\",\"target\":[\"https:\\\/\\\/voxsahel.com\\\/?p=2914\"]}]},{\"@type\":\"ImageObject\",\"inLanguage\":\"fr-FR\",\"@id\":\"https:\\\/\\\/voxsahel.com\\\/?p=2914#primaryimage\",\"url\":\"https:\\\/\\\/voxsahel.com\\\/wp-content\\\/uploads\\\/2025\\\/10\\\/95c6ee12-b443-4519-b61d-a0543cb7f74b.jpeg\",\"contentUrl\":\"https:\\\/\\\/voxsahel.com\\\/wp-content\\\/uploads\\\/2025\\\/10\\\/95c6ee12-b443-4519-b61d-a0543cb7f74b.jpeg\",\"width\":1066,\"height\":1280},{\"@type\":\"BreadcrumbList\",\"@id\":\"https:\\\/\\\/voxsahel.com\\\/?p=2914#breadcrumb\",\"itemListElement\":[{\"@type\":\"ListItem\",\"position\":1,\"name\":\"Home\",\"item\":\"https:\\\/\\\/voxsahel.com\\\/\"},{\"@type\":\"ListItem\",\"position\":2,\"name\":\"Bobo-Dioulasso : Au march\u00e9 de Colma, des commer\u00e7ants entre col\u00e8re et d\u00e9sespoir\"}]},{\"@type\":\"WebSite\",\"@id\":\"https:\\\/\\\/voxsahel.com\\\/#website\",\"url\":\"https:\\\/\\\/voxsahel.com\\\/\",\"name\":\"Vox Sahel\",\"description\":\"Informez-vous sur le Sahel en un clic\",\"publisher\":{\"@id\":\"https:\\\/\\\/voxsahel.com\\\/#organization\"},\"potentialAction\":[{\"@type\":\"SearchAction\",\"target\":{\"@type\":\"EntryPoint\",\"urlTemplate\":\"https:\\\/\\\/voxsahel.com\\\/?s={search_term_string}\"},\"query-input\":{\"@type\":\"PropertyValueSpecification\",\"valueRequired\":true,\"valueName\":\"search_term_string\"}}],\"inLanguage\":\"fr-FR\"},{\"@type\":\"Organization\",\"@id\":\"https:\\\/\\\/voxsahel.com\\\/#organization\",\"name\":\"Vox Sahel\",\"url\":\"https:\\\/\\\/voxsahel.com\\\/\",\"logo\":{\"@type\":\"ImageObject\",\"inLanguage\":\"fr-FR\",\"@id\":\"https:\\\/\\\/voxsahel.com\\\/#\\\/schema\\\/logo\\\/image\\\/\",\"url\":\"https:\\\/\\\/voxsahel.com\\\/wp-content\\\/uploads\\\/2024\\\/09\\\/Logo-Vox-Sahel.jpg\",\"contentUrl\":\"https:\\\/\\\/voxsahel.com\\\/wp-content\\\/uploads\\\/2024\\\/09\\\/Logo-Vox-Sahel.jpg\",\"width\":1181,\"height\":848,\"caption\":\"Vox Sahel\"},\"image\":{\"@id\":\"https:\\\/\\\/voxsahel.com\\\/#\\\/schema\\\/logo\\\/image\\\/\"},\"sameAs\":[\"https:\\\/\\\/www.facebook.com\\\/journal.voxsahel\"]},{\"@type\":\"Person\",\"@id\":\"https:\\\/\\\/voxsahel.com\\\/#\\\/schema\\\/person\\\/b4043608248f8fa227cd760e7ff1e19e\",\"name\":\"Vox Sahel\",\"image\":{\"@type\":\"ImageObject\",\"inLanguage\":\"fr-FR\",\"@id\":\"https:\\\/\\\/secure.gravatar.com\\\/avatar\\\/f70e7fa0cb9b29d4a7c5788d6eb2e9ab4d3135cbae1c9161810fdf77a8964699?s=96&d=mm&r=g\",\"url\":\"https:\\\/\\\/secure.gravatar.com\\\/avatar\\\/f70e7fa0cb9b29d4a7c5788d6eb2e9ab4d3135cbae1c9161810fdf77a8964699?s=96&d=mm&r=g\",\"contentUrl\":\"https:\\\/\\\/secure.gravatar.com\\\/avatar\\\/f70e7fa0cb9b29d4a7c5788d6eb2e9ab4d3135cbae1c9161810fdf77a8964699?s=96&d=mm&r=g\",\"caption\":\"Vox Sahel\"},\"sameAs\":[\"http:\\\/\\\/www.voxsahel.com\"],\"url\":\"https:\\\/\\\/voxsahel.com\\\/?author=2\"}]}<\/script>\n<!-- \/ Yoast SEO plugin. -->","yoast_head_json":{"title":"Bobo-Dioulasso : Au march\u00e9 de Colma, des commer\u00e7ants entre col\u00e8re et d\u00e9sespoir - Vox Sahel","robots":{"index":"index","follow":"follow","max-snippet":"max-snippet:-1","max-image-preview":"max-image-preview:large","max-video-preview":"max-video-preview:-1"},"canonical":"https:\/\/voxsahel.com\/?p=2914","og_locale":"fr_FR","og_type":"article","og_title":"Bobo-Dioulasso : Au march\u00e9 de Colma, des commer\u00e7ants entre col\u00e8re et d\u00e9sespoir - Vox Sahel","og_description":"Sous un soleil br\u00fblant, au milieu de structures inachev\u00e9es qui tiennent plus du chantier abandonn\u00e9","og_url":"https:\/\/voxsahel.com\/?p=2914","og_site_name":"Vox Sahel","article_publisher":"https:\/\/www.facebook.com\/journal.voxsahel","article_published_time":"2025-10-04T18:23:07+00:00","article_modified_time":"2025-10-04T18:33:16+00:00","og_image":[{"width":1066,"height":1280,"url":"https:\/\/voxsahel.com\/wp-content\/uploads\/2025\/10\/95c6ee12-b443-4519-b61d-a0543cb7f74b.jpeg","type":"image\/jpeg"}],"author":"Vox Sahel","twitter_card":"summary_large_image","twitter_misc":{"\u00c9crit par":"Vox Sahel","Dur\u00e9e de lecture estim\u00e9e":"5 minutes"},"schema":{"@context":"https:\/\/schema.org","@graph":[{"@type":"Article","@id":"https:\/\/voxsahel.com\/?p=2914#article","isPartOf":{"@id":"https:\/\/voxsahel.com\/?p=2914"},"author":{"name":"Vox Sahel","@id":"https:\/\/voxsahel.com\/#\/schema\/person\/b4043608248f8fa227cd760e7ff1e19e"},"headline":"Bobo-Dioulasso : Au march\u00e9 de Colma, des commer\u00e7ants entre col\u00e8re et d\u00e9sespoir","datePublished":"2025-10-04T18:23:07+00:00","dateModified":"2025-10-04T18:33:16+00:00","mainEntityOfPage":{"@id":"https:\/\/voxsahel.com\/?p=2914"},"wordCount":733,"commentCount":0,"publisher":{"@id":"https:\/\/voxsahel.com\/#organization"},"image":{"@id":"https:\/\/voxsahel.com\/?p=2914#primaryimage"},"thumbnailUrl":"https:\/\/voxsahel.com\/wp-content\/uploads\/2025\/10\/95c6ee12-b443-4519-b61d-a0543cb7f74b.jpeg","keywords":["Accart-Ville","Bobo-Dioulasso","Burkina Faso","Colma","Commune de Bobo-Dioulasso","Guiriko","Province du Houet"],"articleSection":["SOCIETE"],"inLanguage":"fr-FR","potentialAction":[{"@type":"CommentAction","name":"Comment","target":["https:\/\/voxsahel.com\/?p=2914#respond"]}]},{"@type":"WebPage","@id":"https:\/\/voxsahel.com\/?p=2914","url":"https:\/\/voxsahel.com\/?p=2914","name":"Bobo-Dioulasso : Au march\u00e9 de Colma, des commer\u00e7ants entre col\u00e8re et d\u00e9sespoir - Vox Sahel","isPartOf":{"@id":"https:\/\/voxsahel.com\/#website"},"primaryImageOfPage":{"@id":"https:\/\/voxsahel.com\/?p=2914#primaryimage"},"image":{"@id":"https:\/\/voxsahel.com\/?p=2914#primaryimage"},"thumbnailUrl":"https:\/\/voxsahel.com\/wp-content\/uploads\/2025\/10\/95c6ee12-b443-4519-b61d-a0543cb7f74b.jpeg","datePublished":"2025-10-04T18:23:07+00:00","dateModified":"2025-10-04T18:33:16+00:00","breadcrumb":{"@id":"https:\/\/voxsahel.com\/?p=2914#breadcrumb"},"inLanguage":"fr-FR","potentialAction":[{"@type":"ReadAction","target":["https:\/\/voxsahel.com\/?p=2914"]}]},{"@type":"ImageObject","inLanguage":"fr-FR","@id":"https:\/\/voxsahel.com\/?p=2914#primaryimage","url":"https:\/\/voxsahel.com\/wp-content\/uploads\/2025\/10\/95c6ee12-b443-4519-b61d-a0543cb7f74b.jpeg","contentUrl":"https:\/\/voxsahel.com\/wp-content\/uploads\/2025\/10\/95c6ee12-b443-4519-b61d-a0543cb7f74b.jpeg","width":1066,"height":1280},{"@type":"BreadcrumbList","@id":"https:\/\/voxsahel.com\/?p=2914#breadcrumb","itemListElement":[{"@type":"ListItem","position":1,"name":"Home","item":"https:\/\/voxsahel.com\/"},{"@type":"ListItem","position":2,"name":"Bobo-Dioulasso : Au march\u00e9 de Colma, des commer\u00e7ants entre col\u00e8re et d\u00e9sespoir"}]},{"@type":"WebSite","@id":"https:\/\/voxsahel.com\/#website","url":"https:\/\/voxsahel.com\/","name":"Vox Sahel","description":"Informez-vous sur le Sahel en un clic","publisher":{"@id":"https:\/\/voxsahel.com\/#organization"},"potentialAction":[{"@type":"SearchAction","target":{"@type":"EntryPoint","urlTemplate":"https:\/\/voxsahel.com\/?s={search_term_string}"},"query-input":{"@type":"PropertyValueSpecification","valueRequired":true,"valueName":"search_term_string"}}],"inLanguage":"fr-FR"},{"@type":"Organization","@id":"https:\/\/voxsahel.com\/#organization","name":"Vox Sahel","url":"https:\/\/voxsahel.com\/","logo":{"@type":"ImageObject","inLanguage":"fr-FR","@id":"https:\/\/voxsahel.com\/#\/schema\/logo\/image\/","url":"https:\/\/voxsahel.com\/wp-content\/uploads\/2024\/09\/Logo-Vox-Sahel.jpg","contentUrl":"https:\/\/voxsahel.com\/wp-content\/uploads\/2024\/09\/Logo-Vox-Sahel.jpg","width":1181,"height":848,"caption":"Vox Sahel"},"image":{"@id":"https:\/\/voxsahel.com\/#\/schema\/logo\/image\/"},"sameAs":["https:\/\/www.facebook.com\/journal.voxsahel"]},{"@type":"Person","@id":"https:\/\/voxsahel.com\/#\/schema\/person\/b4043608248f8fa227cd760e7ff1e19e","name":"Vox Sahel","image":{"@type":"ImageObject","inLanguage":"fr-FR","@id":"https:\/\/secure.gravatar.com\/avatar\/f70e7fa0cb9b29d4a7c5788d6eb2e9ab4d3135cbae1c9161810fdf77a8964699?s=96&d=mm&r=g","url":"https:\/\/secure.gravatar.com\/avatar\/f70e7fa0cb9b29d4a7c5788d6eb2e9ab4d3135cbae1c9161810fdf77a8964699?s=96&d=mm&r=g","contentUrl":"https:\/\/secure.gravatar.com\/avatar\/f70e7fa0cb9b29d4a7c5788d6eb2e9ab4d3135cbae1c9161810fdf77a8964699?s=96&d=mm&r=g","caption":"Vox Sahel"},"sameAs":["http:\/\/www.voxsahel.com"],"url":"https:\/\/voxsahel.com\/?author=2"}]}},"_links":{"self":[{"href":"https:\/\/voxsahel.com\/index.php?rest_route=\/wp\/v2\/posts\/2914","targetHints":{"allow":["GET"]}}],"collection":[{"href":"https:\/\/voxsahel.com\/index.php?rest_route=\/wp\/v2\/posts"}],"about":[{"href":"https:\/\/voxsahel.com\/index.php?rest_route=\/wp\/v2\/types\/post"}],"author":[{"embeddable":true,"href":"https:\/\/voxsahel.com\/index.php?rest_route=\/wp\/v2\/users\/2"}],"replies":[{"embeddable":true,"href":"https:\/\/voxsahel.com\/index.php?rest_route=%2Fwp%2Fv2%2Fcomments&post=2914"}],"version-history":[{"count":3,"href":"https:\/\/voxsahel.com\/index.php?rest_route=\/wp\/v2\/posts\/2914\/revisions"}],"predecessor-version":[{"id":2923,"href":"https:\/\/voxsahel.com\/index.php?rest_route=\/wp\/v2\/posts\/2914\/revisions\/2923"}],"wp:featuredmedia":[{"embeddable":true,"href":"https:\/\/voxsahel.com\/index.php?rest_route=\/wp\/v2\/media\/2915"}],"wp:attachment":[{"href":"https:\/\/voxsahel.com\/index.php?rest_route=%2Fwp%2Fv2%2Fmedia&parent=2914"}],"wp:term":[{"taxonomy":"category","embeddable":true,"href":"https:\/\/voxsahel.com\/index.php?rest_route=%2Fwp%2Fv2%2Fcategories&post=2914"},{"taxonomy":"post_tag","embeddable":true,"href":"https:\/\/voxsahel.com\/index.php?rest_route=%2Fwp%2Fv2%2Ftags&post=2914"}],"curies":[{"name":"wp","href":"https:\/\/api.w.org\/{rel}","templated":true}]}}