{"id":2905,"date":"2025-10-04T10:29:06","date_gmt":"2025-10-04T10:29:06","guid":{"rendered":"https:\/\/voxsahel.com\/?p=2905"},"modified":"2025-10-04T10:34:12","modified_gmt":"2025-10-04T10:34:12","slug":"bamako-laes-se-dote-darmes-douanes-communes","status":"publish","type":"post","link":"https:\/\/voxsahel.com\/?p=2905","title":{"rendered":"Bamako : L\u2019AES se dote d\u2019armes douanes communes"},"content":{"rendered":"<p class=\"p1\"><span class=\"s2\">La capitale malienne, Bamako, a abrit\u00e9 la 4<\/span><span class=\"s1\">\u1d49<\/span><span class=\"s2\"> r\u00e9union des Directeurs g\u00e9n\u00e9raux des Douanes de la Conf\u00e9d\u00e9ration des \u00c9tats du Sahel (AES), un rendez-vous qui s\u2019annonce comme une \u00e9tape historique dans la construction d\u2019un espace douanier int\u00e9gr\u00e9 et solidaire.<\/span><\/p>\n<p><img loading=\"lazy\" decoding=\"async\" class=\"aligncenter size-full wp-image-2909\" src=\"https:\/\/voxsahel.com\/wp-content\/uploads\/2025\/10\/IMG_4850.jpeg\" alt=\"\" width=\"750\" height=\"1000\" srcset=\"https:\/\/voxsahel.com\/wp-content\/uploads\/2025\/10\/IMG_4850.jpeg 750w, https:\/\/voxsahel.com\/wp-content\/uploads\/2025\/10\/IMG_4850-225x300.jpeg 225w, https:\/\/voxsahel.com\/wp-content\/uploads\/2025\/10\/IMG_4850-610x813.jpeg 610w, https:\/\/voxsahel.com\/wp-content\/uploads\/2025\/10\/IMG_4850-450x600.jpeg 450w\" sizes=\"(max-width: 750px) 100vw, 750px\" \/><\/p>\n<p class=\"p1\"><span class=\"s2\">Le Directeur g\u00e9n\u00e9ral des Douanes du Burkina Faso, <\/span><span class=\"s1\">l\u2019Inspecteur divisionnaire Yves Kafando<\/span><span class=\"s2\">, a marqu\u00e9 cette rencontre par une intervention remarqu\u00e9e, mettant en avant le r\u00f4le central des administrations douani\u00e8res dans le projet conf\u00e9d\u00e9ral.<\/span><\/p>\n<p class=\"p1\"><span class=\"s2\">\u00ab <\/span><span class=\"s1\">Recettes, s\u00e9curit\u00e9, int\u00e9gration<\/span><span class=\"s2\"> \u00bb : tels sont, selon lui, les trois piliers sur lesquels doit reposer la douane de l\u2019AES, appel\u00e9e \u00e0 se moderniser pour r\u00e9pondre aux aspirations des populations. \u00ab Quinze mois apr\u00e8s sa cr\u00e9ation, l\u2019AES incarne d\u00e9j\u00e0 l\u2019espoir d\u2019un espace communautaire fort et solidaire, \u00e0 l\u2019image de la vision des Chefs d\u2019\u00c9tat \u00bb, a-t-il d\u00e9clar\u00e9 avec conviction.<\/span><\/p>\n<p><img loading=\"lazy\" decoding=\"async\" class=\"aligncenter size-full wp-image-2910\" src=\"https:\/\/voxsahel.com\/wp-content\/uploads\/2025\/10\/IMG_4851.jpeg\" alt=\"\" width=\"750\" height=\"1000\" srcset=\"https:\/\/voxsahel.com\/wp-content\/uploads\/2025\/10\/IMG_4851.jpeg 750w, https:\/\/voxsahel.com\/wp-content\/uploads\/2025\/10\/IMG_4851-225x300.jpeg 225w, https:\/\/voxsahel.com\/wp-content\/uploads\/2025\/10\/IMG_4851-610x813.jpeg 610w, https:\/\/voxsahel.com\/wp-content\/uploads\/2025\/10\/IMG_4851-450x600.jpeg 450w\" sizes=\"(max-width: 750px) 100vw, 750px\" \/><\/p>\n<p class=\"p1\"><span class=\"s2\">Dans une atmosph\u00e8re fraternelle, M. Kafando a salu\u00e9 la pr\u00e9sence du Togo, repr\u00e9sent\u00e9 par le Commissaire g\u00e9n\u00e9ral de l\u2019Office togolais des recettes (OTR) et ses experts. Leur participation s\u2019inscrit dans le cadre du projet d\u2019interconnexion des syst\u00e8mes informatiques douaniers, un appui technique qui traduit la solidarit\u00e9 des pays fr\u00e8res au-del\u00e0 du Sahel.<\/span><\/p>\n<p><img loading=\"lazy\" decoding=\"async\" class=\"aligncenter size-full wp-image-2911\" src=\"https:\/\/voxsahel.com\/wp-content\/uploads\/2025\/10\/IMG_4852.jpeg\" alt=\"\" width=\"750\" height=\"1000\" srcset=\"https:\/\/voxsahel.com\/wp-content\/uploads\/2025\/10\/IMG_4852.jpeg 750w, https:\/\/voxsahel.com\/wp-content\/uploads\/2025\/10\/IMG_4852-225x300.jpeg 225w, https:\/\/voxsahel.com\/wp-content\/uploads\/2025\/10\/IMG_4852-610x813.jpeg 610w, https:\/\/voxsahel.com\/wp-content\/uploads\/2025\/10\/IMG_4852-450x600.jpeg 450w\" sizes=\"(max-width: 750px) 100vw, 750px\" \/><\/p>\n<p class=\"p1\"><span class=\"s2\">Le patron des Douanes burkinab\u00e8 a insist\u00e9 sur les valeurs de <\/span><span class=\"s1\">pers\u00e9v\u00e9rance et de probit\u00e9<\/span><span class=\"s2\">, indispensables pour relever les d\u00e9fis pressants du moment et b\u00e2tir une administration douani\u00e8re au service de l\u2019int\u00e9gration r\u00e9gionale et du d\u00e9veloppement.<\/span><\/p>\n<p class=\"p1\"><span class=\"s2\">De grandes d\u00e9cisions sont attendues \u00e0 l\u2019issue de cette r\u00e9union, qui devrait marquer un tournant d\u00e9cisif pour l\u2019avenir des Douanes de la Conf\u00e9d\u00e9ration.<\/span><\/p>\n<p><img loading=\"lazy\" decoding=\"async\" class=\"aligncenter size-full wp-image-2912\" src=\"https:\/\/voxsahel.com\/wp-content\/uploads\/2025\/10\/IMG_4853.jpeg\" alt=\"\" width=\"750\" height=\"1000\" srcset=\"https:\/\/voxsahel.com\/wp-content\/uploads\/2025\/10\/IMG_4853.jpeg 750w, https:\/\/voxsahel.com\/wp-content\/uploads\/2025\/10\/IMG_4853-225x300.jpeg 225w, https:\/\/voxsahel.com\/wp-content\/uploads\/2025\/10\/IMG_4853-610x813.jpeg 610w, https:\/\/voxsahel.com\/wp-content\/uploads\/2025\/10\/IMG_4853-450x600.jpeg 450w\" sizes=\"(max-width: 750px) 100vw, 750px\" \/><\/p>\n<p class=\"p1\"><span class=\"s2\">Son discours s\u2019est conclu sur une note solennelle, reprise en ch\u0153ur par l\u2019assembl\u00e9e : <\/span><span class=\"s1\">\u00ab Vive la Conf\u00e9d\u00e9ration des \u00c9tats du Sahel (AES) ! La Patrie ou la Mort, nous Vaincrons ! \u00bb<\/span><\/p>\n<p><strong>Par Vox Sahel<\/strong><\/p>\n","protected":false},"excerpt":{"rendered":"<p>La capitale malienne, Bamako, a abrit\u00e9 la 4\u1d49 r\u00e9union des Directeurs g\u00e9n\u00e9raux des Douanes de<\/p>\n","protected":false},"author":2,"featured_media":2906,"comment_status":"open","ping_status":"open","sticky":false,"template":"","format":"standard","meta":{"_et_pb_use_builder":"","_et_pb_old_content":"","_et_gb_content_width":"","footnotes":""},"categories":[15],"tags":[],"class_list":["post-2905","post","type-post","status-publish","format-standard","has-post-thumbnail","hentry","category-international"],"yoast_head":"<!-- This site is optimized with the Yoast SEO plugin v27.5 - https:\/\/yoast.com\/product\/yoast-seo-wordpress\/ -->\n<title>Bamako : L\u2019AES se dote d\u2019armes douanes communes - Vox Sahel<\/title>\n<meta name=\"robots\" content=\"index, follow, max-snippet:-1, max-image-preview:large, max-video-preview:-1\" \/>\n<link rel=\"canonical\" href=\"https:\/\/voxsahel.com\/?p=2905\" \/>\n<meta property=\"og:locale\" content=\"fr_FR\" \/>\n<meta property=\"og:type\" content=\"article\" \/>\n<meta property=\"og:title\" content=\"Bamako : L\u2019AES se dote d\u2019armes douanes communes - Vox Sahel\" \/>\n<meta property=\"og:description\" content=\"La capitale malienne, Bamako, a abrit\u00e9 la 4\u1d49 r\u00e9union des Directeurs g\u00e9n\u00e9raux des Douanes de\" \/>\n<meta property=\"og:url\" content=\"https:\/\/voxsahel.com\/?p=2905\" \/>\n<meta property=\"og:site_name\" content=\"Vox Sahel\" \/>\n<meta property=\"article:publisher\" content=\"https:\/\/www.facebook.com\/journal.voxsahel\" \/>\n<meta property=\"article:published_time\" content=\"2025-10-04T10:29:06+00:00\" \/>\n<meta property=\"article:modified_time\" content=\"2025-10-04T10:34:12+00:00\" \/>\n<meta property=\"og:image\" content=\"https:\/\/voxsahel.com\/wp-content\/uploads\/2025\/10\/IMG_4845.jpeg\" \/>\n\t<meta property=\"og:image:width\" content=\"1080\" \/>\n\t<meta property=\"og:image:height\" content=\"674\" \/>\n\t<meta property=\"og:image:type\" content=\"image\/jpeg\" \/>\n<meta name=\"author\" content=\"Vox Sahel\" \/>\n<meta name=\"twitter:card\" content=\"summary_large_image\" \/>\n<meta name=\"twitter:label1\" content=\"\u00c9crit par\" \/>\n\t<meta name=\"twitter:data1\" content=\"Vox Sahel\" \/>\n\t<meta name=\"twitter:label2\" content=\"Dur\u00e9e de lecture estim\u00e9e\" \/>\n\t<meta name=\"twitter:data2\" content=\"3 minutes\" \/>\n<script type=\"application\/ld+json\" class=\"yoast-schema-graph\">{\"@context\":\"https:\\\/\\\/schema.org\",\"@graph\":[{\"@type\":\"Article\",\"@id\":\"https:\\\/\\\/voxsahel.com\\\/?p=2905#article\",\"isPartOf\":{\"@id\":\"https:\\\/\\\/voxsahel.com\\\/?p=2905\"},\"author\":{\"name\":\"Vox Sahel\",\"@id\":\"https:\\\/\\\/voxsahel.com\\\/#\\\/schema\\\/person\\\/b4043608248f8fa227cd760e7ff1e19e\"},\"headline\":\"Bamako : L\u2019AES se dote d\u2019armes douanes communes\",\"datePublished\":\"2025-10-04T10:29:06+00:00\",\"dateModified\":\"2025-10-04T10:34:12+00:00\",\"mainEntityOfPage\":{\"@id\":\"https:\\\/\\\/voxsahel.com\\\/?p=2905\"},\"wordCount\":336,\"commentCount\":0,\"publisher\":{\"@id\":\"https:\\\/\\\/voxsahel.com\\\/#organization\"},\"image\":{\"@id\":\"https:\\\/\\\/voxsahel.com\\\/?p=2905#primaryimage\"},\"thumbnailUrl\":\"https:\\\/\\\/voxsahel.com\\\/wp-content\\\/uploads\\\/2025\\\/10\\\/IMG_4845.jpeg\",\"articleSection\":[\"INTERNATIONAL\"],\"inLanguage\":\"fr-FR\",\"potentialAction\":[{\"@type\":\"CommentAction\",\"name\":\"Comment\",\"target\":[\"https:\\\/\\\/voxsahel.com\\\/?p=2905#respond\"]}]},{\"@type\":\"WebPage\",\"@id\":\"https:\\\/\\\/voxsahel.com\\\/?p=2905\",\"url\":\"https:\\\/\\\/voxsahel.com\\\/?p=2905\",\"name\":\"Bamako : L\u2019AES se dote d\u2019armes douanes communes - Vox Sahel\",\"isPartOf\":{\"@id\":\"https:\\\/\\\/voxsahel.com\\\/#website\"},\"primaryImageOfPage\":{\"@id\":\"https:\\\/\\\/voxsahel.com\\\/?p=2905#primaryimage\"},\"image\":{\"@id\":\"https:\\\/\\\/voxsahel.com\\\/?p=2905#primaryimage\"},\"thumbnailUrl\":\"https:\\\/\\\/voxsahel.com\\\/wp-content\\\/uploads\\\/2025\\\/10\\\/IMG_4845.jpeg\",\"datePublished\":\"2025-10-04T10:29:06+00:00\",\"dateModified\":\"2025-10-04T10:34:12+00:00\",\"breadcrumb\":{\"@id\":\"https:\\\/\\\/voxsahel.com\\\/?p=2905#breadcrumb\"},\"inLanguage\":\"fr-FR\",\"potentialAction\":[{\"@type\":\"ReadAction\",\"target\":[\"https:\\\/\\\/voxsahel.com\\\/?p=2905\"]}]},{\"@type\":\"ImageObject\",\"inLanguage\":\"fr-FR\",\"@id\":\"https:\\\/\\\/voxsahel.com\\\/?p=2905#primaryimage\",\"url\":\"https:\\\/\\\/voxsahel.com\\\/wp-content\\\/uploads\\\/2025\\\/10\\\/IMG_4845.jpeg\",\"contentUrl\":\"https:\\\/\\\/voxsahel.com\\\/wp-content\\\/uploads\\\/2025\\\/10\\\/IMG_4845.jpeg\",\"width\":1080,\"height\":674},{\"@type\":\"BreadcrumbList\",\"@id\":\"https:\\\/\\\/voxsahel.com\\\/?p=2905#breadcrumb\",\"itemListElement\":[{\"@type\":\"ListItem\",\"position\":1,\"name\":\"Home\",\"item\":\"https:\\\/\\\/voxsahel.com\\\/\"},{\"@type\":\"ListItem\",\"position\":2,\"name\":\"Bamako : L\u2019AES se dote d\u2019armes douanes communes\"}]},{\"@type\":\"WebSite\",\"@id\":\"https:\\\/\\\/voxsahel.com\\\/#website\",\"url\":\"https:\\\/\\\/voxsahel.com\\\/\",\"name\":\"Vox Sahel\",\"description\":\"Informez-vous sur le Sahel en un clic\",\"publisher\":{\"@id\":\"https:\\\/\\\/voxsahel.com\\\/#organization\"},\"potentialAction\":[{\"@type\":\"SearchAction\",\"target\":{\"@type\":\"EntryPoint\",\"urlTemplate\":\"https:\\\/\\\/voxsahel.com\\\/?s={search_term_string}\"},\"query-input\":{\"@type\":\"PropertyValueSpecification\",\"valueRequired\":true,\"valueName\":\"search_term_string\"}}],\"inLanguage\":\"fr-FR\"},{\"@type\":\"Organization\",\"@id\":\"https:\\\/\\\/voxsahel.com\\\/#organization\",\"name\":\"Vox Sahel\",\"url\":\"https:\\\/\\\/voxsahel.com\\\/\",\"logo\":{\"@type\":\"ImageObject\",\"inLanguage\":\"fr-FR\",\"@id\":\"https:\\\/\\\/voxsahel.com\\\/#\\\/schema\\\/logo\\\/image\\\/\",\"url\":\"https:\\\/\\\/voxsahel.com\\\/wp-content\\\/uploads\\\/2024\\\/09\\\/Logo-Vox-Sahel.jpg\",\"contentUrl\":\"https:\\\/\\\/voxsahel.com\\\/wp-content\\\/uploads\\\/2024\\\/09\\\/Logo-Vox-Sahel.jpg\",\"width\":1181,\"height\":848,\"caption\":\"Vox Sahel\"},\"image\":{\"@id\":\"https:\\\/\\\/voxsahel.com\\\/#\\\/schema\\\/logo\\\/image\\\/\"},\"sameAs\":[\"https:\\\/\\\/www.facebook.com\\\/journal.voxsahel\"]},{\"@type\":\"Person\",\"@id\":\"https:\\\/\\\/voxsahel.com\\\/#\\\/schema\\\/person\\\/b4043608248f8fa227cd760e7ff1e19e\",\"name\":\"Vox Sahel\",\"image\":{\"@type\":\"ImageObject\",\"inLanguage\":\"fr-FR\",\"@id\":\"https:\\\/\\\/secure.gravatar.com\\\/avatar\\\/f70e7fa0cb9b29d4a7c5788d6eb2e9ab4d3135cbae1c9161810fdf77a8964699?s=96&d=mm&r=g\",\"url\":\"https:\\\/\\\/secure.gravatar.com\\\/avatar\\\/f70e7fa0cb9b29d4a7c5788d6eb2e9ab4d3135cbae1c9161810fdf77a8964699?s=96&d=mm&r=g\",\"contentUrl\":\"https:\\\/\\\/secure.gravatar.com\\\/avatar\\\/f70e7fa0cb9b29d4a7c5788d6eb2e9ab4d3135cbae1c9161810fdf77a8964699?s=96&d=mm&r=g\",\"caption\":\"Vox Sahel\"},\"sameAs\":[\"http:\\\/\\\/www.voxsahel.com\"],\"url\":\"https:\\\/\\\/voxsahel.com\\\/?author=2\"}]}<\/script>\n<!-- \/ Yoast SEO plugin. -->","yoast_head_json":{"title":"Bamako : L\u2019AES se dote d\u2019armes douanes communes - Vox Sahel","robots":{"index":"index","follow":"follow","max-snippet":"max-snippet:-1","max-image-preview":"max-image-preview:large","max-video-preview":"max-video-preview:-1"},"canonical":"https:\/\/voxsahel.com\/?p=2905","og_locale":"fr_FR","og_type":"article","og_title":"Bamako : L\u2019AES se dote d\u2019armes douanes communes - Vox Sahel","og_description":"La capitale malienne, Bamako, a abrit\u00e9 la 4\u1d49 r\u00e9union des Directeurs g\u00e9n\u00e9raux des Douanes de","og_url":"https:\/\/voxsahel.com\/?p=2905","og_site_name":"Vox Sahel","article_publisher":"https:\/\/www.facebook.com\/journal.voxsahel","article_published_time":"2025-10-04T10:29:06+00:00","article_modified_time":"2025-10-04T10:34:12+00:00","og_image":[{"width":1080,"height":674,"url":"https:\/\/voxsahel.com\/wp-content\/uploads\/2025\/10\/IMG_4845.jpeg","type":"image\/jpeg"}],"author":"Vox Sahel","twitter_card":"summary_large_image","twitter_misc":{"\u00c9crit par":"Vox Sahel","Dur\u00e9e de lecture estim\u00e9e":"3 minutes"},"schema":{"@context":"https:\/\/schema.org","@graph":[{"@type":"Article","@id":"https:\/\/voxsahel.com\/?p=2905#article","isPartOf":{"@id":"https:\/\/voxsahel.com\/?p=2905"},"author":{"name":"Vox Sahel","@id":"https:\/\/voxsahel.com\/#\/schema\/person\/b4043608248f8fa227cd760e7ff1e19e"},"headline":"Bamako : L\u2019AES se dote d\u2019armes douanes communes","datePublished":"2025-10-04T10:29:06+00:00","dateModified":"2025-10-04T10:34:12+00:00","mainEntityOfPage":{"@id":"https:\/\/voxsahel.com\/?p=2905"},"wordCount":336,"commentCount":0,"publisher":{"@id":"https:\/\/voxsahel.com\/#organization"},"image":{"@id":"https:\/\/voxsahel.com\/?p=2905#primaryimage"},"thumbnailUrl":"https:\/\/voxsahel.com\/wp-content\/uploads\/2025\/10\/IMG_4845.jpeg","articleSection":["INTERNATIONAL"],"inLanguage":"fr-FR","potentialAction":[{"@type":"CommentAction","name":"Comment","target":["https:\/\/voxsahel.com\/?p=2905#respond"]}]},{"@type":"WebPage","@id":"https:\/\/voxsahel.com\/?p=2905","url":"https:\/\/voxsahel.com\/?p=2905","name":"Bamako : L\u2019AES se dote d\u2019armes douanes communes - Vox Sahel","isPartOf":{"@id":"https:\/\/voxsahel.com\/#website"},"primaryImageOfPage":{"@id":"https:\/\/voxsahel.com\/?p=2905#primaryimage"},"image":{"@id":"https:\/\/voxsahel.com\/?p=2905#primaryimage"},"thumbnailUrl":"https:\/\/voxsahel.com\/wp-content\/uploads\/2025\/10\/IMG_4845.jpeg","datePublished":"2025-10-04T10:29:06+00:00","dateModified":"2025-10-04T10:34:12+00:00","breadcrumb":{"@id":"https:\/\/voxsahel.com\/?p=2905#breadcrumb"},"inLanguage":"fr-FR","potentialAction":[{"@type":"ReadAction","target":["https:\/\/voxsahel.com\/?p=2905"]}]},{"@type":"ImageObject","inLanguage":"fr-FR","@id":"https:\/\/voxsahel.com\/?p=2905#primaryimage","url":"https:\/\/voxsahel.com\/wp-content\/uploads\/2025\/10\/IMG_4845.jpeg","contentUrl":"https:\/\/voxsahel.com\/wp-content\/uploads\/2025\/10\/IMG_4845.jpeg","width":1080,"height":674},{"@type":"BreadcrumbList","@id":"https:\/\/voxsahel.com\/?p=2905#breadcrumb","itemListElement":[{"@type":"ListItem","position":1,"name":"Home","item":"https:\/\/voxsahel.com\/"},{"@type":"ListItem","position":2,"name":"Bamako : L\u2019AES se dote d\u2019armes douanes communes"}]},{"@type":"WebSite","@id":"https:\/\/voxsahel.com\/#website","url":"https:\/\/voxsahel.com\/","name":"Vox Sahel","description":"Informez-vous sur le Sahel en un clic","publisher":{"@id":"https:\/\/voxsahel.com\/#organization"},"potentialAction":[{"@type":"SearchAction","target":{"@type":"EntryPoint","urlTemplate":"https:\/\/voxsahel.com\/?s={search_term_string}"},"query-input":{"@type":"PropertyValueSpecification","valueRequired":true,"valueName":"search_term_string"}}],"inLanguage":"fr-FR"},{"@type":"Organization","@id":"https:\/\/voxsahel.com\/#organization","name":"Vox Sahel","url":"https:\/\/voxsahel.com\/","logo":{"@type":"ImageObject","inLanguage":"fr-FR","@id":"https:\/\/voxsahel.com\/#\/schema\/logo\/image\/","url":"https:\/\/voxsahel.com\/wp-content\/uploads\/2024\/09\/Logo-Vox-Sahel.jpg","contentUrl":"https:\/\/voxsahel.com\/wp-content\/uploads\/2024\/09\/Logo-Vox-Sahel.jpg","width":1181,"height":848,"caption":"Vox Sahel"},"image":{"@id":"https:\/\/voxsahel.com\/#\/schema\/logo\/image\/"},"sameAs":["https:\/\/www.facebook.com\/journal.voxsahel"]},{"@type":"Person","@id":"https:\/\/voxsahel.com\/#\/schema\/person\/b4043608248f8fa227cd760e7ff1e19e","name":"Vox Sahel","image":{"@type":"ImageObject","inLanguage":"fr-FR","@id":"https:\/\/secure.gravatar.com\/avatar\/f70e7fa0cb9b29d4a7c5788d6eb2e9ab4d3135cbae1c9161810fdf77a8964699?s=96&d=mm&r=g","url":"https:\/\/secure.gravatar.com\/avatar\/f70e7fa0cb9b29d4a7c5788d6eb2e9ab4d3135cbae1c9161810fdf77a8964699?s=96&d=mm&r=g","contentUrl":"https:\/\/secure.gravatar.com\/avatar\/f70e7fa0cb9b29d4a7c5788d6eb2e9ab4d3135cbae1c9161810fdf77a8964699?s=96&d=mm&r=g","caption":"Vox Sahel"},"sameAs":["http:\/\/www.voxsahel.com"],"url":"https:\/\/voxsahel.com\/?author=2"}]}},"_links":{"self":[{"href":"https:\/\/voxsahel.com\/index.php?rest_route=\/wp\/v2\/posts\/2905","targetHints":{"allow":["GET"]}}],"collection":[{"href":"https:\/\/voxsahel.com\/index.php?rest_route=\/wp\/v2\/posts"}],"about":[{"href":"https:\/\/voxsahel.com\/index.php?rest_route=\/wp\/v2\/types\/post"}],"author":[{"embeddable":true,"href":"https:\/\/voxsahel.com\/index.php?rest_route=\/wp\/v2\/users\/2"}],"replies":[{"embeddable":true,"href":"https:\/\/voxsahel.com\/index.php?rest_route=%2Fwp%2Fv2%2Fcomments&post=2905"}],"version-history":[{"count":3,"href":"https:\/\/voxsahel.com\/index.php?rest_route=\/wp\/v2\/posts\/2905\/revisions"}],"predecessor-version":[{"id":2913,"href":"https:\/\/voxsahel.com\/index.php?rest_route=\/wp\/v2\/posts\/2905\/revisions\/2913"}],"wp:featuredmedia":[{"embeddable":true,"href":"https:\/\/voxsahel.com\/index.php?rest_route=\/wp\/v2\/media\/2906"}],"wp:attachment":[{"href":"https:\/\/voxsahel.com\/index.php?rest_route=%2Fwp%2Fv2%2Fmedia&parent=2905"}],"wp:term":[{"taxonomy":"category","embeddable":true,"href":"https:\/\/voxsahel.com\/index.php?rest_route=%2Fwp%2Fv2%2Fcategories&post=2905"},{"taxonomy":"post_tag","embeddable":true,"href":"https:\/\/voxsahel.com\/index.php?rest_route=%2Fwp%2Fv2%2Ftags&post=2905"}],"curies":[{"name":"wp","href":"https:\/\/api.w.org\/{rel}","templated":true}]}}