{"id":2902,"date":"2025-10-03T18:37:21","date_gmt":"2025-10-03T18:37:21","guid":{"rendered":"https:\/\/voxsahel.com\/?p=2902"},"modified":"2025-10-03T18:37:21","modified_gmt":"2025-10-03T18:37:21","slug":"lutte-contre-le-trafic-illicite-35-tonnes-damandes-de-karite-saisies-a-djikologo","status":"publish","type":"post","link":"https:\/\/voxsahel.com\/?p=2902","title":{"rendered":"Lutte contre le trafic illicite : 35 tonnes d\u2019amandes de karit\u00e9 saisies \u00e0 Djikologo"},"content":{"rendered":"<p class=\"p1\"><span class=\"s2\">Un important coup de filet a \u00e9t\u00e9 r\u00e9alis\u00e9 dans la lutte contre les exportations ill\u00e9gales de produits strat\u00e9giques. La Direction r\u00e9gionale de l\u2019Industrie, du Commerce et de l\u2019Artisanat (DRICA) du Dj\u00f4r\u00f4, en \u00e9troite collaboration avec l\u2019unit\u00e9 combattante des Eaux et For\u00eats de Djikologo, a proc\u00e9d\u00e9 le 24 septembre 2025 \u00e0 la saisie d\u2019environ <\/span><span class=\"s1\">35 tonnes d\u2019amandes de karit\u00e9<\/span><span class=\"s2\">.<\/span><\/p>\n<p class=\"p1\"><span class=\"s2\">Selon les autorit\u00e9s, cette marchandise, dont l\u2019exportation est formellement suspendue par d\u00e9cision gouvernementale, \u00e9tait en partance pour un pays voisin. Les services comp\u00e9tents ont imm\u00e9diatement proc\u00e9d\u00e9 \u00e0 la notification de saisie d\u00e9finitive au propri\u00e9taire, conform\u00e9ment aux proc\u00e9dures en vigueur.<\/span><\/p>\n<p class=\"p1\"><span class=\"s2\">Le karit\u00e9, produit phare de l\u2019\u00e9conomie burkinab\u00e8, b\u00e9n\u00e9ficie d\u2019une r\u00e9glementation stricte afin de prot\u00e9ger la fili\u00e8re et d\u2019assurer une meilleure valorisation sur le march\u00e9 national et international. Les exportations incontr\u00f4l\u00e9es fragilisent non seulement les initiatives locales de transformation, mais privent \u00e9galement l\u2019\u00c9tat et les acteurs \u00e9conomiques d\u2019importantes retomb\u00e9es financi\u00e8res.<\/span><\/p>\n<p class=\"p1\"><span class=\"s2\">Les autorit\u00e9s rappellent que toute tentative de contournement des textes r\u00e9glementaires expose les contrevenants \u00e0 des sanctions s\u00e9v\u00e8res. Elles invitent par cons\u00e9quent les op\u00e9rateurs \u00e9conomiques \u00e0 privil\u00e9gier le respect de la l\u00e9gislation en mati\u00e8re de commerce et \u00e0 s\u2019inscrire dans une dynamique de promotion de la transformation locale des produits du karit\u00e9.<\/span><\/p>\n<p class=\"p1\"><span class=\"s2\">La saisie de Djikologo illustre la vigilance des services de contr\u00f4le et leur d\u00e9termination \u00e0 lutter contre les circuits frauduleux qui portent atteinte \u00e0 l\u2019\u00e9conomie nationale. L\u2019affaire suit actuellement son cours et le dossier sera trait\u00e9 conform\u00e9ment \u00e0 la r\u00e9glementation en vigueur.<\/span><\/p>\n<p class=\"p1\" style=\"text-align: right;\"><strong><span class=\"s2\">Par Vox Sahel <\/span><\/strong><\/p>\n","protected":false},"excerpt":{"rendered":"<p>Un important coup de filet a \u00e9t\u00e9 r\u00e9alis\u00e9 dans la lutte contre les exportations ill\u00e9gales<\/p>\n","protected":false},"author":2,"featured_media":2903,"comment_status":"open","ping_status":"open","sticky":false,"template":"","format":"standard","meta":{"_et_pb_use_builder":"","_et_pb_old_content":"","_et_gb_content_width":"","footnotes":""},"categories":[5],"tags":[],"class_list":["post-2902","post","type-post","status-publish","format-standard","has-post-thumbnail","hentry","category-societe"],"yoast_head":"<!-- This site is optimized with the Yoast SEO plugin v27.5 - https:\/\/yoast.com\/product\/yoast-seo-wordpress\/ -->\n<title>Lutte contre le trafic illicite : 35 tonnes d\u2019amandes de karit\u00e9 saisies \u00e0 Djikologo - Vox Sahel<\/title>\n<meta name=\"robots\" content=\"index, follow, max-snippet:-1, max-image-preview:large, max-video-preview:-1\" \/>\n<link rel=\"canonical\" href=\"https:\/\/voxsahel.com\/?p=2902\" \/>\n<meta property=\"og:locale\" content=\"fr_FR\" \/>\n<meta property=\"og:type\" content=\"article\" \/>\n<meta property=\"og:title\" content=\"Lutte contre le trafic illicite : 35 tonnes d\u2019amandes de karit\u00e9 saisies \u00e0 Djikologo - Vox Sahel\" \/>\n<meta property=\"og:description\" content=\"Un important coup de filet a \u00e9t\u00e9 r\u00e9alis\u00e9 dans la lutte contre les exportations ill\u00e9gales\" \/>\n<meta property=\"og:url\" content=\"https:\/\/voxsahel.com\/?p=2902\" \/>\n<meta property=\"og:site_name\" content=\"Vox Sahel\" \/>\n<meta property=\"article:publisher\" content=\"https:\/\/www.facebook.com\/journal.voxsahel\" \/>\n<meta property=\"article:published_time\" content=\"2025-10-03T18:37:21+00:00\" \/>\n<meta property=\"og:image\" content=\"https:\/\/voxsahel.com\/wp-content\/uploads\/2025\/10\/IMG_4753.jpeg\" \/>\n\t<meta property=\"og:image:width\" content=\"1016\" \/>\n\t<meta property=\"og:image:height\" content=\"852\" \/>\n\t<meta property=\"og:image:type\" content=\"image\/jpeg\" \/>\n<meta name=\"author\" content=\"Vox Sahel\" \/>\n<meta name=\"twitter:card\" content=\"summary_large_image\" \/>\n<meta name=\"twitter:label1\" content=\"\u00c9crit par\" \/>\n\t<meta name=\"twitter:data1\" content=\"Vox Sahel\" \/>\n\t<meta name=\"twitter:label2\" content=\"Dur\u00e9e de lecture estim\u00e9e\" \/>\n\t<meta name=\"twitter:data2\" content=\"2 minutes\" \/>\n<script type=\"application\/ld+json\" class=\"yoast-schema-graph\">{\"@context\":\"https:\\\/\\\/schema.org\",\"@graph\":[{\"@type\":\"Article\",\"@id\":\"https:\\\/\\\/voxsahel.com\\\/?p=2902#article\",\"isPartOf\":{\"@id\":\"https:\\\/\\\/voxsahel.com\\\/?p=2902\"},\"author\":{\"name\":\"Vox Sahel\",\"@id\":\"https:\\\/\\\/voxsahel.com\\\/#\\\/schema\\\/person\\\/b4043608248f8fa227cd760e7ff1e19e\"},\"headline\":\"Lutte contre le trafic illicite : 35 tonnes d\u2019amandes de karit\u00e9 saisies \u00e0 Djikologo\",\"datePublished\":\"2025-10-03T18:37:21+00:00\",\"mainEntityOfPage\":{\"@id\":\"https:\\\/\\\/voxsahel.com\\\/?p=2902\"},\"wordCount\":296,\"commentCount\":0,\"publisher\":{\"@id\":\"https:\\\/\\\/voxsahel.com\\\/#organization\"},\"image\":{\"@id\":\"https:\\\/\\\/voxsahel.com\\\/?p=2902#primaryimage\"},\"thumbnailUrl\":\"https:\\\/\\\/voxsahel.com\\\/wp-content\\\/uploads\\\/2025\\\/10\\\/IMG_4753.jpeg\",\"articleSection\":[\"SOCIETE\"],\"inLanguage\":\"fr-FR\",\"potentialAction\":[{\"@type\":\"CommentAction\",\"name\":\"Comment\",\"target\":[\"https:\\\/\\\/voxsahel.com\\\/?p=2902#respond\"]}]},{\"@type\":\"WebPage\",\"@id\":\"https:\\\/\\\/voxsahel.com\\\/?p=2902\",\"url\":\"https:\\\/\\\/voxsahel.com\\\/?p=2902\",\"name\":\"Lutte contre le trafic illicite : 35 tonnes d\u2019amandes de karit\u00e9 saisies \u00e0 Djikologo - Vox Sahel\",\"isPartOf\":{\"@id\":\"https:\\\/\\\/voxsahel.com\\\/#website\"},\"primaryImageOfPage\":{\"@id\":\"https:\\\/\\\/voxsahel.com\\\/?p=2902#primaryimage\"},\"image\":{\"@id\":\"https:\\\/\\\/voxsahel.com\\\/?p=2902#primaryimage\"},\"thumbnailUrl\":\"https:\\\/\\\/voxsahel.com\\\/wp-content\\\/uploads\\\/2025\\\/10\\\/IMG_4753.jpeg\",\"datePublished\":\"2025-10-03T18:37:21+00:00\",\"breadcrumb\":{\"@id\":\"https:\\\/\\\/voxsahel.com\\\/?p=2902#breadcrumb\"},\"inLanguage\":\"fr-FR\",\"potentialAction\":[{\"@type\":\"ReadAction\",\"target\":[\"https:\\\/\\\/voxsahel.com\\\/?p=2902\"]}]},{\"@type\":\"ImageObject\",\"inLanguage\":\"fr-FR\",\"@id\":\"https:\\\/\\\/voxsahel.com\\\/?p=2902#primaryimage\",\"url\":\"https:\\\/\\\/voxsahel.com\\\/wp-content\\\/uploads\\\/2025\\\/10\\\/IMG_4753.jpeg\",\"contentUrl\":\"https:\\\/\\\/voxsahel.com\\\/wp-content\\\/uploads\\\/2025\\\/10\\\/IMG_4753.jpeg\",\"width\":1016,\"height\":852},{\"@type\":\"BreadcrumbList\",\"@id\":\"https:\\\/\\\/voxsahel.com\\\/?p=2902#breadcrumb\",\"itemListElement\":[{\"@type\":\"ListItem\",\"position\":1,\"name\":\"Home\",\"item\":\"https:\\\/\\\/voxsahel.com\\\/\"},{\"@type\":\"ListItem\",\"position\":2,\"name\":\"Lutte contre le trafic illicite : 35 tonnes d\u2019amandes de karit\u00e9 saisies \u00e0 Djikologo\"}]},{\"@type\":\"WebSite\",\"@id\":\"https:\\\/\\\/voxsahel.com\\\/#website\",\"url\":\"https:\\\/\\\/voxsahel.com\\\/\",\"name\":\"Vox Sahel\",\"description\":\"Informez-vous sur le Sahel en un clic\",\"publisher\":{\"@id\":\"https:\\\/\\\/voxsahel.com\\\/#organization\"},\"potentialAction\":[{\"@type\":\"SearchAction\",\"target\":{\"@type\":\"EntryPoint\",\"urlTemplate\":\"https:\\\/\\\/voxsahel.com\\\/?s={search_term_string}\"},\"query-input\":{\"@type\":\"PropertyValueSpecification\",\"valueRequired\":true,\"valueName\":\"search_term_string\"}}],\"inLanguage\":\"fr-FR\"},{\"@type\":\"Organization\",\"@id\":\"https:\\\/\\\/voxsahel.com\\\/#organization\",\"name\":\"Vox Sahel\",\"url\":\"https:\\\/\\\/voxsahel.com\\\/\",\"logo\":{\"@type\":\"ImageObject\",\"inLanguage\":\"fr-FR\",\"@id\":\"https:\\\/\\\/voxsahel.com\\\/#\\\/schema\\\/logo\\\/image\\\/\",\"url\":\"https:\\\/\\\/voxsahel.com\\\/wp-content\\\/uploads\\\/2024\\\/09\\\/Logo-Vox-Sahel.jpg\",\"contentUrl\":\"https:\\\/\\\/voxsahel.com\\\/wp-content\\\/uploads\\\/2024\\\/09\\\/Logo-Vox-Sahel.jpg\",\"width\":1181,\"height\":848,\"caption\":\"Vox Sahel\"},\"image\":{\"@id\":\"https:\\\/\\\/voxsahel.com\\\/#\\\/schema\\\/logo\\\/image\\\/\"},\"sameAs\":[\"https:\\\/\\\/www.facebook.com\\\/journal.voxsahel\"]},{\"@type\":\"Person\",\"@id\":\"https:\\\/\\\/voxsahel.com\\\/#\\\/schema\\\/person\\\/b4043608248f8fa227cd760e7ff1e19e\",\"name\":\"Vox Sahel\",\"image\":{\"@type\":\"ImageObject\",\"inLanguage\":\"fr-FR\",\"@id\":\"https:\\\/\\\/secure.gravatar.com\\\/avatar\\\/f70e7fa0cb9b29d4a7c5788d6eb2e9ab4d3135cbae1c9161810fdf77a8964699?s=96&d=mm&r=g\",\"url\":\"https:\\\/\\\/secure.gravatar.com\\\/avatar\\\/f70e7fa0cb9b29d4a7c5788d6eb2e9ab4d3135cbae1c9161810fdf77a8964699?s=96&d=mm&r=g\",\"contentUrl\":\"https:\\\/\\\/secure.gravatar.com\\\/avatar\\\/f70e7fa0cb9b29d4a7c5788d6eb2e9ab4d3135cbae1c9161810fdf77a8964699?s=96&d=mm&r=g\",\"caption\":\"Vox Sahel\"},\"sameAs\":[\"http:\\\/\\\/www.voxsahel.com\"],\"url\":\"https:\\\/\\\/voxsahel.com\\\/?author=2\"}]}<\/script>\n<!-- \/ Yoast SEO plugin. -->","yoast_head_json":{"title":"Lutte contre le trafic illicite : 35 tonnes d\u2019amandes de karit\u00e9 saisies \u00e0 Djikologo - Vox Sahel","robots":{"index":"index","follow":"follow","max-snippet":"max-snippet:-1","max-image-preview":"max-image-preview:large","max-video-preview":"max-video-preview:-1"},"canonical":"https:\/\/voxsahel.com\/?p=2902","og_locale":"fr_FR","og_type":"article","og_title":"Lutte contre le trafic illicite : 35 tonnes d\u2019amandes de karit\u00e9 saisies \u00e0 Djikologo - Vox Sahel","og_description":"Un important coup de filet a \u00e9t\u00e9 r\u00e9alis\u00e9 dans la lutte contre les exportations ill\u00e9gales","og_url":"https:\/\/voxsahel.com\/?p=2902","og_site_name":"Vox Sahel","article_publisher":"https:\/\/www.facebook.com\/journal.voxsahel","article_published_time":"2025-10-03T18:37:21+00:00","og_image":[{"width":1016,"height":852,"url":"https:\/\/voxsahel.com\/wp-content\/uploads\/2025\/10\/IMG_4753.jpeg","type":"image\/jpeg"}],"author":"Vox Sahel","twitter_card":"summary_large_image","twitter_misc":{"\u00c9crit par":"Vox Sahel","Dur\u00e9e de lecture estim\u00e9e":"2 minutes"},"schema":{"@context":"https:\/\/schema.org","@graph":[{"@type":"Article","@id":"https:\/\/voxsahel.com\/?p=2902#article","isPartOf":{"@id":"https:\/\/voxsahel.com\/?p=2902"},"author":{"name":"Vox Sahel","@id":"https:\/\/voxsahel.com\/#\/schema\/person\/b4043608248f8fa227cd760e7ff1e19e"},"headline":"Lutte contre le trafic illicite : 35 tonnes d\u2019amandes de karit\u00e9 saisies \u00e0 Djikologo","datePublished":"2025-10-03T18:37:21+00:00","mainEntityOfPage":{"@id":"https:\/\/voxsahel.com\/?p=2902"},"wordCount":296,"commentCount":0,"publisher":{"@id":"https:\/\/voxsahel.com\/#organization"},"image":{"@id":"https:\/\/voxsahel.com\/?p=2902#primaryimage"},"thumbnailUrl":"https:\/\/voxsahel.com\/wp-content\/uploads\/2025\/10\/IMG_4753.jpeg","articleSection":["SOCIETE"],"inLanguage":"fr-FR","potentialAction":[{"@type":"CommentAction","name":"Comment","target":["https:\/\/voxsahel.com\/?p=2902#respond"]}]},{"@type":"WebPage","@id":"https:\/\/voxsahel.com\/?p=2902","url":"https:\/\/voxsahel.com\/?p=2902","name":"Lutte contre le trafic illicite : 35 tonnes d\u2019amandes de karit\u00e9 saisies \u00e0 Djikologo - Vox Sahel","isPartOf":{"@id":"https:\/\/voxsahel.com\/#website"},"primaryImageOfPage":{"@id":"https:\/\/voxsahel.com\/?p=2902#primaryimage"},"image":{"@id":"https:\/\/voxsahel.com\/?p=2902#primaryimage"},"thumbnailUrl":"https:\/\/voxsahel.com\/wp-content\/uploads\/2025\/10\/IMG_4753.jpeg","datePublished":"2025-10-03T18:37:21+00:00","breadcrumb":{"@id":"https:\/\/voxsahel.com\/?p=2902#breadcrumb"},"inLanguage":"fr-FR","potentialAction":[{"@type":"ReadAction","target":["https:\/\/voxsahel.com\/?p=2902"]}]},{"@type":"ImageObject","inLanguage":"fr-FR","@id":"https:\/\/voxsahel.com\/?p=2902#primaryimage","url":"https:\/\/voxsahel.com\/wp-content\/uploads\/2025\/10\/IMG_4753.jpeg","contentUrl":"https:\/\/voxsahel.com\/wp-content\/uploads\/2025\/10\/IMG_4753.jpeg","width":1016,"height":852},{"@type":"BreadcrumbList","@id":"https:\/\/voxsahel.com\/?p=2902#breadcrumb","itemListElement":[{"@type":"ListItem","position":1,"name":"Home","item":"https:\/\/voxsahel.com\/"},{"@type":"ListItem","position":2,"name":"Lutte contre le trafic illicite : 35 tonnes d\u2019amandes de karit\u00e9 saisies \u00e0 Djikologo"}]},{"@type":"WebSite","@id":"https:\/\/voxsahel.com\/#website","url":"https:\/\/voxsahel.com\/","name":"Vox Sahel","description":"Informez-vous sur le Sahel en un clic","publisher":{"@id":"https:\/\/voxsahel.com\/#organization"},"potentialAction":[{"@type":"SearchAction","target":{"@type":"EntryPoint","urlTemplate":"https:\/\/voxsahel.com\/?s={search_term_string}"},"query-input":{"@type":"PropertyValueSpecification","valueRequired":true,"valueName":"search_term_string"}}],"inLanguage":"fr-FR"},{"@type":"Organization","@id":"https:\/\/voxsahel.com\/#organization","name":"Vox Sahel","url":"https:\/\/voxsahel.com\/","logo":{"@type":"ImageObject","inLanguage":"fr-FR","@id":"https:\/\/voxsahel.com\/#\/schema\/logo\/image\/","url":"https:\/\/voxsahel.com\/wp-content\/uploads\/2024\/09\/Logo-Vox-Sahel.jpg","contentUrl":"https:\/\/voxsahel.com\/wp-content\/uploads\/2024\/09\/Logo-Vox-Sahel.jpg","width":1181,"height":848,"caption":"Vox Sahel"},"image":{"@id":"https:\/\/voxsahel.com\/#\/schema\/logo\/image\/"},"sameAs":["https:\/\/www.facebook.com\/journal.voxsahel"]},{"@type":"Person","@id":"https:\/\/voxsahel.com\/#\/schema\/person\/b4043608248f8fa227cd760e7ff1e19e","name":"Vox Sahel","image":{"@type":"ImageObject","inLanguage":"fr-FR","@id":"https:\/\/secure.gravatar.com\/avatar\/f70e7fa0cb9b29d4a7c5788d6eb2e9ab4d3135cbae1c9161810fdf77a8964699?s=96&d=mm&r=g","url":"https:\/\/secure.gravatar.com\/avatar\/f70e7fa0cb9b29d4a7c5788d6eb2e9ab4d3135cbae1c9161810fdf77a8964699?s=96&d=mm&r=g","contentUrl":"https:\/\/secure.gravatar.com\/avatar\/f70e7fa0cb9b29d4a7c5788d6eb2e9ab4d3135cbae1c9161810fdf77a8964699?s=96&d=mm&r=g","caption":"Vox Sahel"},"sameAs":["http:\/\/www.voxsahel.com"],"url":"https:\/\/voxsahel.com\/?author=2"}]}},"_links":{"self":[{"href":"https:\/\/voxsahel.com\/index.php?rest_route=\/wp\/v2\/posts\/2902","targetHints":{"allow":["GET"]}}],"collection":[{"href":"https:\/\/voxsahel.com\/index.php?rest_route=\/wp\/v2\/posts"}],"about":[{"href":"https:\/\/voxsahel.com\/index.php?rest_route=\/wp\/v2\/types\/post"}],"author":[{"embeddable":true,"href":"https:\/\/voxsahel.com\/index.php?rest_route=\/wp\/v2\/users\/2"}],"replies":[{"embeddable":true,"href":"https:\/\/voxsahel.com\/index.php?rest_route=%2Fwp%2Fv2%2Fcomments&post=2902"}],"version-history":[{"count":1,"href":"https:\/\/voxsahel.com\/index.php?rest_route=\/wp\/v2\/posts\/2902\/revisions"}],"predecessor-version":[{"id":2904,"href":"https:\/\/voxsahel.com\/index.php?rest_route=\/wp\/v2\/posts\/2902\/revisions\/2904"}],"wp:featuredmedia":[{"embeddable":true,"href":"https:\/\/voxsahel.com\/index.php?rest_route=\/wp\/v2\/media\/2903"}],"wp:attachment":[{"href":"https:\/\/voxsahel.com\/index.php?rest_route=%2Fwp%2Fv2%2Fmedia&parent=2902"}],"wp:term":[{"taxonomy":"category","embeddable":true,"href":"https:\/\/voxsahel.com\/index.php?rest_route=%2Fwp%2Fv2%2Fcategories&post=2902"},{"taxonomy":"post_tag","embeddable":true,"href":"https:\/\/voxsahel.com\/index.php?rest_route=%2Fwp%2Fv2%2Ftags&post=2902"}],"curies":[{"name":"wp","href":"https:\/\/api.w.org\/{rel}","templated":true}]}}