{"id":2898,"date":"2025-10-02T13:19:32","date_gmt":"2025-10-02T13:19:32","guid":{"rendered":"https:\/\/voxsahel.com\/?p=2898"},"modified":"2025-10-02T13:20:50","modified_gmt":"2025-10-02T13:20:50","slug":"media-mariam-ouedraogo-de-sidwaya-sacree-personnalite-mediatique-internationale-de-lannee-en-inde","status":"publish","type":"post","link":"https:\/\/voxsahel.com\/?p=2898","title":{"rendered":"M\u00e9dia : Mariam Ou\u00e9draogo de Sidwaya sacr\u00e9e \u00ab Personnalit\u00e9 m\u00e9diatique internationale de l\u2019ann\u00e9e \u00bb en Inde"},"content":{"rendered":"<p class=\"p2\"><span class=\"s2\">La journaliste burkinab\u00e8 Mariam Ou\u00e9draogo, en service aux \u00c9ditions Sidwaya depuis 2013, vient d\u2019ajouter une nouvelle distinction prestigieuse \u00e0 son palmar\u00e8s. Dans la nuit du 30 septembre 2025, \u00e0 Kerala, en Inde, elle a re\u00e7u le <\/span><span class=\"s3\">\u00ab Prix international de la personnalit\u00e9 m\u00e9diatique de l\u2019ann\u00e9e \u00bb<\/span><span class=\"s2\">, d\u00e9cern\u00e9 par l\u2019Acad\u00e9mie des m\u00e9dias de Kerala lors du Festival international des m\u00e9dias.<\/span><\/p>\n<p class=\"p2\"><span class=\"s2\">Le troph\u00e9e lui a \u00e9t\u00e9 remis par le ministre en chef de l\u2019\u00c9tat du Kerala, Pinarayi Vijayan. Elle devient ainsi la <\/span><span class=\"s3\">premi\u00e8re journaliste africaine<\/span><span class=\"s2\"> \u00e0 obtenir cette r\u00e9compense, institu\u00e9e il y a trois ans pour honorer des professionnels dont les \u00e9crits \u00e9clairent l\u2019opinion publique sur des enjeux majeurs.<\/span><\/p>\n<p class=\"p2\"><span class=\"s2\">Selon le directeur de l\u2019Acad\u00e9mie, R.S. Babu, le travail de Mariam Ou\u00e9draogo \u00ab incarne l\u2019int\u00e9grit\u00e9 et le courage journalistiques \u00bb et repr\u00e9sente d\u00e9sormais une r\u00e9f\u00e9rence pour ses pairs \u00e0 travers le monde.<\/span><\/p>\n<p class=\"p3\"><strong><span class=\"s4\">Une plume engag\u00e9e<\/span><\/strong><\/p>\n<p class=\"p2\"><span class=\"s2\">Connue pour ses enqu\u00eates fouill\u00e9es sur la condition des femmes et des enfants dans le contexte de la crise s\u00e9curitaire au Burkina Faso, Mariam Ou\u00e9draogo s\u2019est particuli\u00e8rement distingu\u00e9e par ses articles sur les violences sexuelles commises par des groupes arm\u00e9s. Des publications qui ont suscit\u00e9 de larges \u00e9chos et contribu\u00e9 \u00e0 sensibiliser l\u2019opinion publique nationale et internationale.<\/span><\/p>\n<p class=\"p2\"><span class=\"s2\">En recevant son prix, la journaliste a exprim\u00e9 sa gratitude \u00e0 l\u2019Acad\u00e9mie et au gouvernement du Kerala. Elle a r\u00e9affirm\u00e9 son engagement \u00e0 \u00ab faire entendre les cris silencieux des femmes meurtries par le terrorisme \u00bb et a d\u00e9di\u00e9 sa distinction aux victimes de violences, ainsi qu\u2019\u00e0 son m\u00e9dia Sidwaya qui, selon ses mots, \u00ab a port\u00e9 tr\u00e8s haut la voix des sans-voix \u00bb.<\/span><\/p>\n<p class=\"p3\"><strong><span class=\"s4\">Un parcours jalonn\u00e9 de distinctions<\/span><\/strong><\/p>\n<p class=\"p2\"><span class=\"s2\">D\u00e9j\u00e0 laur\u00e9ate de plus de vingt prix nationaux et internationaux, Mariam Ou\u00e9draogo a notamment \u00e9t\u00e9 distingu\u00e9e par <\/span><span class=\"s3\">Reporters sans fronti\u00e8res (Prix Mohamed Ma\u00efga)<\/span><span class=\"s2\">, le <\/span><span class=\"s3\">Prix Bayeux des correspondants de guerre<\/span><span class=\"s2\"> et le <\/span><span class=\"s3\">Prix ICFJ Knight<\/span><span class=\"s2\">aux \u00c9tats-Unis. En d\u00e9cembre 2023, elle avait \u00e9t\u00e9 \u00e9lev\u00e9e au rang de <\/span><span class=\"s3\">chevalier de l\u2019Ordre du m\u00e9rite des arts, des lettres et de la communication<\/span><span class=\"s2\"> au Burkina Faso.<\/span><\/p>\n<p class=\"p2\"><span class=\"s2\">Avec cette nouvelle cons\u00e9cration en Inde, la journaliste burkinab\u00e8 confirme son statut de figure de proue du journalisme d\u2019investigation et d\u2019engagement social en Afrique.<\/span><\/p>\n<p class=\"p2\" style=\"text-align: right;\"><strong><span class=\"s2\">Par Vox Sahel <\/span><\/strong><\/p>\n","protected":false},"excerpt":{"rendered":"<p>La journaliste burkinab\u00e8 Mariam Ou\u00e9draogo, en service aux \u00c9ditions Sidwaya depuis 2013, vient d\u2019ajouter une<\/p>\n","protected":false},"author":2,"featured_media":2900,"comment_status":"open","ping_status":"open","sticky":false,"template":"","format":"standard","meta":{"_et_pb_use_builder":"","_et_pb_old_content":"","_et_gb_content_width":"","footnotes":""},"categories":[8],"tags":[18,324,939,500,938,321],"class_list":["post-2898","post","type-post","status-publish","format-standard","has-post-thumbnail","hentry","category-developpement","tag-burkina-faso","tag-communication","tag-editions-sidwaya","tag-journalisme","tag-mariam-ouedraogo","tag-media"],"yoast_head":"<!-- This site is optimized with the Yoast SEO plugin v27.5 - https:\/\/yoast.com\/product\/yoast-seo-wordpress\/ -->\n<title>M\u00e9dia : Mariam Ou\u00e9draogo de Sidwaya sacr\u00e9e \u00ab Personnalit\u00e9 m\u00e9diatique internationale de l\u2019ann\u00e9e \u00bb en Inde - Vox Sahel<\/title>\n<meta name=\"robots\" content=\"index, follow, max-snippet:-1, max-image-preview:large, max-video-preview:-1\" \/>\n<link rel=\"canonical\" href=\"https:\/\/voxsahel.com\/?p=2898\" \/>\n<meta property=\"og:locale\" content=\"fr_FR\" \/>\n<meta property=\"og:type\" content=\"article\" \/>\n<meta property=\"og:title\" content=\"M\u00e9dia : Mariam Ou\u00e9draogo de Sidwaya sacr\u00e9e \u00ab Personnalit\u00e9 m\u00e9diatique internationale de l\u2019ann\u00e9e \u00bb en Inde - Vox Sahel\" \/>\n<meta property=\"og:description\" content=\"La journaliste burkinab\u00e8 Mariam Ou\u00e9draogo, en service aux \u00c9ditions Sidwaya depuis 2013, vient d\u2019ajouter une\" \/>\n<meta property=\"og:url\" content=\"https:\/\/voxsahel.com\/?p=2898\" \/>\n<meta property=\"og:site_name\" content=\"Vox Sahel\" \/>\n<meta property=\"article:publisher\" content=\"https:\/\/www.facebook.com\/journal.voxsahel\" \/>\n<meta property=\"article:published_time\" content=\"2025-10-02T13:19:32+00:00\" \/>\n<meta property=\"article:modified_time\" content=\"2025-10-02T13:20:50+00:00\" \/>\n<meta property=\"og:image\" content=\"https:\/\/voxsahel.com\/wp-content\/uploads\/2025\/10\/IMG_4221.jpeg\" \/>\n\t<meta property=\"og:image:width\" content=\"810\" \/>\n\t<meta property=\"og:image:height\" content=\"810\" \/>\n\t<meta property=\"og:image:type\" content=\"image\/jpeg\" \/>\n<meta name=\"author\" content=\"Vox Sahel\" \/>\n<meta name=\"twitter:card\" content=\"summary_large_image\" \/>\n<meta name=\"twitter:label1\" content=\"\u00c9crit par\" \/>\n\t<meta name=\"twitter:data1\" content=\"Vox Sahel\" \/>\n\t<meta name=\"twitter:label2\" content=\"Dur\u00e9e de lecture estim\u00e9e\" \/>\n\t<meta name=\"twitter:data2\" content=\"2 minutes\" \/>\n<script type=\"application\/ld+json\" class=\"yoast-schema-graph\">{\"@context\":\"https:\\\/\\\/schema.org\",\"@graph\":[{\"@type\":\"Article\",\"@id\":\"https:\\\/\\\/voxsahel.com\\\/?p=2898#article\",\"isPartOf\":{\"@id\":\"https:\\\/\\\/voxsahel.com\\\/?p=2898\"},\"author\":{\"name\":\"Vox Sahel\",\"@id\":\"https:\\\/\\\/voxsahel.com\\\/#\\\/schema\\\/person\\\/b4043608248f8fa227cd760e7ff1e19e\"},\"headline\":\"M\u00e9dia : Mariam Ou\u00e9draogo de Sidwaya sacr\u00e9e \u00ab Personnalit\u00e9 m\u00e9diatique internationale de l\u2019ann\u00e9e \u00bb en Inde\",\"datePublished\":\"2025-10-02T13:19:32+00:00\",\"dateModified\":\"2025-10-02T13:20:50+00:00\",\"mainEntityOfPage\":{\"@id\":\"https:\\\/\\\/voxsahel.com\\\/?p=2898\"},\"wordCount\":415,\"commentCount\":0,\"publisher\":{\"@id\":\"https:\\\/\\\/voxsahel.com\\\/#organization\"},\"image\":{\"@id\":\"https:\\\/\\\/voxsahel.com\\\/?p=2898#primaryimage\"},\"thumbnailUrl\":\"https:\\\/\\\/voxsahel.com\\\/wp-content\\\/uploads\\\/2025\\\/10\\\/IMG_4221.jpeg\",\"keywords\":[\"Burkina Faso\",\"Communication\",\"\u00c9ditions Sidwaya\",\"Journalisme\",\"Mariam Ou\u00e9draogo\",\"M\u00e9dia\"],\"articleSection\":[\"DEVELOPPEMENT\"],\"inLanguage\":\"fr-FR\",\"potentialAction\":[{\"@type\":\"CommentAction\",\"name\":\"Comment\",\"target\":[\"https:\\\/\\\/voxsahel.com\\\/?p=2898#respond\"]}]},{\"@type\":\"WebPage\",\"@id\":\"https:\\\/\\\/voxsahel.com\\\/?p=2898\",\"url\":\"https:\\\/\\\/voxsahel.com\\\/?p=2898\",\"name\":\"M\u00e9dia : Mariam Ou\u00e9draogo de Sidwaya sacr\u00e9e \u00ab Personnalit\u00e9 m\u00e9diatique internationale de l\u2019ann\u00e9e \u00bb en Inde - Vox Sahel\",\"isPartOf\":{\"@id\":\"https:\\\/\\\/voxsahel.com\\\/#website\"},\"primaryImageOfPage\":{\"@id\":\"https:\\\/\\\/voxsahel.com\\\/?p=2898#primaryimage\"},\"image\":{\"@id\":\"https:\\\/\\\/voxsahel.com\\\/?p=2898#primaryimage\"},\"thumbnailUrl\":\"https:\\\/\\\/voxsahel.com\\\/wp-content\\\/uploads\\\/2025\\\/10\\\/IMG_4221.jpeg\",\"datePublished\":\"2025-10-02T13:19:32+00:00\",\"dateModified\":\"2025-10-02T13:20:50+00:00\",\"breadcrumb\":{\"@id\":\"https:\\\/\\\/voxsahel.com\\\/?p=2898#breadcrumb\"},\"inLanguage\":\"fr-FR\",\"potentialAction\":[{\"@type\":\"ReadAction\",\"target\":[\"https:\\\/\\\/voxsahel.com\\\/?p=2898\"]}]},{\"@type\":\"ImageObject\",\"inLanguage\":\"fr-FR\",\"@id\":\"https:\\\/\\\/voxsahel.com\\\/?p=2898#primaryimage\",\"url\":\"https:\\\/\\\/voxsahel.com\\\/wp-content\\\/uploads\\\/2025\\\/10\\\/IMG_4221.jpeg\",\"contentUrl\":\"https:\\\/\\\/voxsahel.com\\\/wp-content\\\/uploads\\\/2025\\\/10\\\/IMG_4221.jpeg\",\"width\":810,\"height\":810},{\"@type\":\"BreadcrumbList\",\"@id\":\"https:\\\/\\\/voxsahel.com\\\/?p=2898#breadcrumb\",\"itemListElement\":[{\"@type\":\"ListItem\",\"position\":1,\"name\":\"Home\",\"item\":\"https:\\\/\\\/voxsahel.com\\\/\"},{\"@type\":\"ListItem\",\"position\":2,\"name\":\"M\u00e9dia : Mariam Ou\u00e9draogo de Sidwaya sacr\u00e9e \u00ab Personnalit\u00e9 m\u00e9diatique internationale de l\u2019ann\u00e9e \u00bb en Inde\"}]},{\"@type\":\"WebSite\",\"@id\":\"https:\\\/\\\/voxsahel.com\\\/#website\",\"url\":\"https:\\\/\\\/voxsahel.com\\\/\",\"name\":\"Vox Sahel\",\"description\":\"Informez-vous sur le Sahel en un clic\",\"publisher\":{\"@id\":\"https:\\\/\\\/voxsahel.com\\\/#organization\"},\"potentialAction\":[{\"@type\":\"SearchAction\",\"target\":{\"@type\":\"EntryPoint\",\"urlTemplate\":\"https:\\\/\\\/voxsahel.com\\\/?s={search_term_string}\"},\"query-input\":{\"@type\":\"PropertyValueSpecification\",\"valueRequired\":true,\"valueName\":\"search_term_string\"}}],\"inLanguage\":\"fr-FR\"},{\"@type\":\"Organization\",\"@id\":\"https:\\\/\\\/voxsahel.com\\\/#organization\",\"name\":\"Vox Sahel\",\"url\":\"https:\\\/\\\/voxsahel.com\\\/\",\"logo\":{\"@type\":\"ImageObject\",\"inLanguage\":\"fr-FR\",\"@id\":\"https:\\\/\\\/voxsahel.com\\\/#\\\/schema\\\/logo\\\/image\\\/\",\"url\":\"https:\\\/\\\/voxsahel.com\\\/wp-content\\\/uploads\\\/2024\\\/09\\\/Logo-Vox-Sahel.jpg\",\"contentUrl\":\"https:\\\/\\\/voxsahel.com\\\/wp-content\\\/uploads\\\/2024\\\/09\\\/Logo-Vox-Sahel.jpg\",\"width\":1181,\"height\":848,\"caption\":\"Vox Sahel\"},\"image\":{\"@id\":\"https:\\\/\\\/voxsahel.com\\\/#\\\/schema\\\/logo\\\/image\\\/\"},\"sameAs\":[\"https:\\\/\\\/www.facebook.com\\\/journal.voxsahel\"]},{\"@type\":\"Person\",\"@id\":\"https:\\\/\\\/voxsahel.com\\\/#\\\/schema\\\/person\\\/b4043608248f8fa227cd760e7ff1e19e\",\"name\":\"Vox Sahel\",\"image\":{\"@type\":\"ImageObject\",\"inLanguage\":\"fr-FR\",\"@id\":\"https:\\\/\\\/secure.gravatar.com\\\/avatar\\\/f70e7fa0cb9b29d4a7c5788d6eb2e9ab4d3135cbae1c9161810fdf77a8964699?s=96&d=mm&r=g\",\"url\":\"https:\\\/\\\/secure.gravatar.com\\\/avatar\\\/f70e7fa0cb9b29d4a7c5788d6eb2e9ab4d3135cbae1c9161810fdf77a8964699?s=96&d=mm&r=g\",\"contentUrl\":\"https:\\\/\\\/secure.gravatar.com\\\/avatar\\\/f70e7fa0cb9b29d4a7c5788d6eb2e9ab4d3135cbae1c9161810fdf77a8964699?s=96&d=mm&r=g\",\"caption\":\"Vox Sahel\"},\"sameAs\":[\"http:\\\/\\\/www.voxsahel.com\"],\"url\":\"https:\\\/\\\/voxsahel.com\\\/?author=2\"}]}<\/script>\n<!-- \/ Yoast SEO plugin. -->","yoast_head_json":{"title":"M\u00e9dia : Mariam Ou\u00e9draogo de Sidwaya sacr\u00e9e \u00ab Personnalit\u00e9 m\u00e9diatique internationale de l\u2019ann\u00e9e \u00bb en Inde - Vox Sahel","robots":{"index":"index","follow":"follow","max-snippet":"max-snippet:-1","max-image-preview":"max-image-preview:large","max-video-preview":"max-video-preview:-1"},"canonical":"https:\/\/voxsahel.com\/?p=2898","og_locale":"fr_FR","og_type":"article","og_title":"M\u00e9dia : Mariam Ou\u00e9draogo de Sidwaya sacr\u00e9e \u00ab Personnalit\u00e9 m\u00e9diatique internationale de l\u2019ann\u00e9e \u00bb en Inde - Vox Sahel","og_description":"La journaliste burkinab\u00e8 Mariam Ou\u00e9draogo, en service aux \u00c9ditions Sidwaya depuis 2013, vient d\u2019ajouter une","og_url":"https:\/\/voxsahel.com\/?p=2898","og_site_name":"Vox Sahel","article_publisher":"https:\/\/www.facebook.com\/journal.voxsahel","article_published_time":"2025-10-02T13:19:32+00:00","article_modified_time":"2025-10-02T13:20:50+00:00","og_image":[{"width":810,"height":810,"url":"https:\/\/voxsahel.com\/wp-content\/uploads\/2025\/10\/IMG_4221.jpeg","type":"image\/jpeg"}],"author":"Vox Sahel","twitter_card":"summary_large_image","twitter_misc":{"\u00c9crit par":"Vox Sahel","Dur\u00e9e de lecture estim\u00e9e":"2 minutes"},"schema":{"@context":"https:\/\/schema.org","@graph":[{"@type":"Article","@id":"https:\/\/voxsahel.com\/?p=2898#article","isPartOf":{"@id":"https:\/\/voxsahel.com\/?p=2898"},"author":{"name":"Vox Sahel","@id":"https:\/\/voxsahel.com\/#\/schema\/person\/b4043608248f8fa227cd760e7ff1e19e"},"headline":"M\u00e9dia : Mariam Ou\u00e9draogo de Sidwaya sacr\u00e9e \u00ab Personnalit\u00e9 m\u00e9diatique internationale de l\u2019ann\u00e9e \u00bb en Inde","datePublished":"2025-10-02T13:19:32+00:00","dateModified":"2025-10-02T13:20:50+00:00","mainEntityOfPage":{"@id":"https:\/\/voxsahel.com\/?p=2898"},"wordCount":415,"commentCount":0,"publisher":{"@id":"https:\/\/voxsahel.com\/#organization"},"image":{"@id":"https:\/\/voxsahel.com\/?p=2898#primaryimage"},"thumbnailUrl":"https:\/\/voxsahel.com\/wp-content\/uploads\/2025\/10\/IMG_4221.jpeg","keywords":["Burkina Faso","Communication","\u00c9ditions Sidwaya","Journalisme","Mariam Ou\u00e9draogo","M\u00e9dia"],"articleSection":["DEVELOPPEMENT"],"inLanguage":"fr-FR","potentialAction":[{"@type":"CommentAction","name":"Comment","target":["https:\/\/voxsahel.com\/?p=2898#respond"]}]},{"@type":"WebPage","@id":"https:\/\/voxsahel.com\/?p=2898","url":"https:\/\/voxsahel.com\/?p=2898","name":"M\u00e9dia : Mariam Ou\u00e9draogo de Sidwaya sacr\u00e9e \u00ab Personnalit\u00e9 m\u00e9diatique internationale de l\u2019ann\u00e9e \u00bb en Inde - Vox Sahel","isPartOf":{"@id":"https:\/\/voxsahel.com\/#website"},"primaryImageOfPage":{"@id":"https:\/\/voxsahel.com\/?p=2898#primaryimage"},"image":{"@id":"https:\/\/voxsahel.com\/?p=2898#primaryimage"},"thumbnailUrl":"https:\/\/voxsahel.com\/wp-content\/uploads\/2025\/10\/IMG_4221.jpeg","datePublished":"2025-10-02T13:19:32+00:00","dateModified":"2025-10-02T13:20:50+00:00","breadcrumb":{"@id":"https:\/\/voxsahel.com\/?p=2898#breadcrumb"},"inLanguage":"fr-FR","potentialAction":[{"@type":"ReadAction","target":["https:\/\/voxsahel.com\/?p=2898"]}]},{"@type":"ImageObject","inLanguage":"fr-FR","@id":"https:\/\/voxsahel.com\/?p=2898#primaryimage","url":"https:\/\/voxsahel.com\/wp-content\/uploads\/2025\/10\/IMG_4221.jpeg","contentUrl":"https:\/\/voxsahel.com\/wp-content\/uploads\/2025\/10\/IMG_4221.jpeg","width":810,"height":810},{"@type":"BreadcrumbList","@id":"https:\/\/voxsahel.com\/?p=2898#breadcrumb","itemListElement":[{"@type":"ListItem","position":1,"name":"Home","item":"https:\/\/voxsahel.com\/"},{"@type":"ListItem","position":2,"name":"M\u00e9dia : Mariam Ou\u00e9draogo de Sidwaya sacr\u00e9e \u00ab Personnalit\u00e9 m\u00e9diatique internationale de l\u2019ann\u00e9e \u00bb en Inde"}]},{"@type":"WebSite","@id":"https:\/\/voxsahel.com\/#website","url":"https:\/\/voxsahel.com\/","name":"Vox Sahel","description":"Informez-vous sur le Sahel en un clic","publisher":{"@id":"https:\/\/voxsahel.com\/#organization"},"potentialAction":[{"@type":"SearchAction","target":{"@type":"EntryPoint","urlTemplate":"https:\/\/voxsahel.com\/?s={search_term_string}"},"query-input":{"@type":"PropertyValueSpecification","valueRequired":true,"valueName":"search_term_string"}}],"inLanguage":"fr-FR"},{"@type":"Organization","@id":"https:\/\/voxsahel.com\/#organization","name":"Vox Sahel","url":"https:\/\/voxsahel.com\/","logo":{"@type":"ImageObject","inLanguage":"fr-FR","@id":"https:\/\/voxsahel.com\/#\/schema\/logo\/image\/","url":"https:\/\/voxsahel.com\/wp-content\/uploads\/2024\/09\/Logo-Vox-Sahel.jpg","contentUrl":"https:\/\/voxsahel.com\/wp-content\/uploads\/2024\/09\/Logo-Vox-Sahel.jpg","width":1181,"height":848,"caption":"Vox Sahel"},"image":{"@id":"https:\/\/voxsahel.com\/#\/schema\/logo\/image\/"},"sameAs":["https:\/\/www.facebook.com\/journal.voxsahel"]},{"@type":"Person","@id":"https:\/\/voxsahel.com\/#\/schema\/person\/b4043608248f8fa227cd760e7ff1e19e","name":"Vox Sahel","image":{"@type":"ImageObject","inLanguage":"fr-FR","@id":"https:\/\/secure.gravatar.com\/avatar\/f70e7fa0cb9b29d4a7c5788d6eb2e9ab4d3135cbae1c9161810fdf77a8964699?s=96&d=mm&r=g","url":"https:\/\/secure.gravatar.com\/avatar\/f70e7fa0cb9b29d4a7c5788d6eb2e9ab4d3135cbae1c9161810fdf77a8964699?s=96&d=mm&r=g","contentUrl":"https:\/\/secure.gravatar.com\/avatar\/f70e7fa0cb9b29d4a7c5788d6eb2e9ab4d3135cbae1c9161810fdf77a8964699?s=96&d=mm&r=g","caption":"Vox Sahel"},"sameAs":["http:\/\/www.voxsahel.com"],"url":"https:\/\/voxsahel.com\/?author=2"}]}},"_links":{"self":[{"href":"https:\/\/voxsahel.com\/index.php?rest_route=\/wp\/v2\/posts\/2898","targetHints":{"allow":["GET"]}}],"collection":[{"href":"https:\/\/voxsahel.com\/index.php?rest_route=\/wp\/v2\/posts"}],"about":[{"href":"https:\/\/voxsahel.com\/index.php?rest_route=\/wp\/v2\/types\/post"}],"author":[{"embeddable":true,"href":"https:\/\/voxsahel.com\/index.php?rest_route=\/wp\/v2\/users\/2"}],"replies":[{"embeddable":true,"href":"https:\/\/voxsahel.com\/index.php?rest_route=%2Fwp%2Fv2%2Fcomments&post=2898"}],"version-history":[{"count":1,"href":"https:\/\/voxsahel.com\/index.php?rest_route=\/wp\/v2\/posts\/2898\/revisions"}],"predecessor-version":[{"id":2901,"href":"https:\/\/voxsahel.com\/index.php?rest_route=\/wp\/v2\/posts\/2898\/revisions\/2901"}],"wp:featuredmedia":[{"embeddable":true,"href":"https:\/\/voxsahel.com\/index.php?rest_route=\/wp\/v2\/media\/2900"}],"wp:attachment":[{"href":"https:\/\/voxsahel.com\/index.php?rest_route=%2Fwp%2Fv2%2Fmedia&parent=2898"}],"wp:term":[{"taxonomy":"category","embeddable":true,"href":"https:\/\/voxsahel.com\/index.php?rest_route=%2Fwp%2Fv2%2Fcategories&post=2898"},{"taxonomy":"post_tag","embeddable":true,"href":"https:\/\/voxsahel.com\/index.php?rest_route=%2Fwp%2Fv2%2Ftags&post=2898"}],"curies":[{"name":"wp","href":"https:\/\/api.w.org\/{rel}","templated":true}]}}