{"id":2895,"date":"2025-10-02T09:52:53","date_gmt":"2025-10-02T09:52:53","guid":{"rendered":"https:\/\/voxsahel.com\/?p=2895"},"modified":"2025-10-02T09:54:13","modified_gmt":"2025-10-02T09:54:13","slug":"eliminatoires-coupe-du-monde-2026-brama-traore-devoile-sa-liste-pour-defier-la-sierra-leone-et-lethiopie","status":"publish","type":"post","link":"https:\/\/voxsahel.com\/?p=2895","title":{"rendered":"\u00c9liminatoires Coupe du Monde 2026 : Brama Traor\u00e9 d\u00e9voile sa liste pour d\u00e9fier la Sierra Leone et l\u2019\u00c9thiopie"},"content":{"rendered":"<p class=\"p1\"><strong><span class=\"s2\">Le s\u00e9lectionneur des \u00c9talons, Brama Traor\u00e9, a rendu publique la liste des joueurs retenus pour les prochaines rencontres des \u00e9liminatoires de la Coupe du Monde 2026. Le Burkina Faso affrontera successivement la Sierra Leone et l\u2019\u00c9thiopie avec un groupe marqu\u00e9 par deux retours attendus : celui du milieu de terrain Aziz Ki (Wydad AC, Maroc) et de l\u2019attaquant Pierre Landry Kabor\u00e9 (Heart of Midlothian, \u00c9cosse).<\/span><\/strong><\/p>\n<p class=\"p1\"><strong><span class=\"s1\">Gardiens : continuit\u00e9 et stabilit\u00e9<\/span><\/strong><\/p>\n<p class=\"p1\"><span class=\"s2\">Dans les buts, Herv\u00e9 Koffi (Angers SCO) reste le dernier rempart incontournable. Il sera \u00e9paul\u00e9 par Kilian Nikiema (ADO Den Haag) et Ladji Brahima Sanou (Al-Merrikh SC), confirmant la volont\u00e9 du staff de miser sur un \u00e9quilibre entre exp\u00e9rience et jeunesse.<\/span><\/p>\n<p class=\"p1\"><strong><span class=\"s1\">D\u00e9fense : Tapsoba en patron<\/span><\/strong><\/p>\n<p class=\"p1\"><span class=\"s2\">La ligne d\u00e9fensive sera men\u00e9e par Edmond Tapsoba (Bayer Leverkusen), soutenu par des cadres comme Issoufou Dayo (Umm Salal SC) et Steeve Yago (Aris Limassol). Le secteur enregistre \u00e9galement la pr\u00e9sence de jeunes talents tels que Yacouba Nasser Djiga (Rangers), Adamo Nagalo (PSV Eindhoven) et Mohamed Ou\u00e9draogo (Altach). Le s\u00e9lectionneur fait aussi appel au lat\u00e9ral Issa Kabor\u00e9 (Wrexham) et au prometteur Abdoul Rachid Ayind\u00e9 (La Gantoise, r\u00e9serve).<\/span><\/p>\n<p class=\"p1\"><strong><span class=\"s1\">Milieu de terrain : le retour d\u2019Aziz Ki<\/span><\/strong><\/p>\n<p class=\"p1\"><span class=\"s2\">Le milieu burkinab\u00e8 s\u2019annonce solide avec le dynamisme d\u2019Ibrahim Blati Tour\u00e9 (Pyramids FC), la cr\u00e9ativit\u00e9 de C\u00e9dric Badolo (Spartak Trnava) et l\u2019exp\u00e9rience de Sa\u00efdou Simpor\u00e9 (National Bank). Mohamed Zougrana (MC Alger), Abdoul Razack Yoda (Milsami), Josu\u00e9 Tiendrebeogo (Annecy) et Ismahila Ou\u00e9draogo (Odense) compl\u00e8tent la liste. Le grand retour d\u2019Aziz Ki devrait apporter un suppl\u00e9ment de ma\u00eetrise et de leadership au c\u0153ur du jeu.<\/span><\/p>\n<p class=\"p1\"><span class=\"s2\">Pour Aziz Ki: \u00ab\u00a0Les matches se suivent et ne se ressemblent pas. Aziz Ki est un bon joueur. Nous pensons qu&rsquo;il peut aider en ce moment pr\u00e9cis.<span class=\"Apple-converted-space\">\u00a0 <\/span>Nous choisissons les joueurs en fonction de nos adversaires. Il peut nous aider compte tenu de son exp\u00e9rience\u00a0\u00bb<\/span><\/p>\n<p class=\"p1\"><strong><span class=\"s1\">Attaque : puissance et diversit\u00e9<\/span><\/strong><\/p>\n<p class=\"p1\"><span class=\"s2\">Devant, Brama Traor\u00e9 pourra compter sur son capitaine Bertrand Traor\u00e9 (Sunderland) et sur Dango Ouattara (Brentford), tous deux en grande forme en club. Mohamed Konat\u00e9 (Akhmat Grozny), Ousseni Bouda (San Jos\u00e9 Earthquakes) et Georgi Minoungou (Seattle Sounders) offriront des options vari\u00e9es. La nouveaut\u00e9 vient du retour de Pierre Landry Kabor\u00e9, dont l\u2019explosivit\u00e9 et le sens du but pourraient \u00eatre un atout majeur.<\/span><\/p>\n<p class=\"p1\"><span class=\"s2\">Avec ce groupe m\u00ealant exp\u00e9rience et jeunesse, le Burkina Faso entend consolider sa place dans la course \u00e0 la qualification pour le Mondial 2026. Les \u00c9talons affronteront la Sierra Leone avant de croiser l\u2019\u00c9thiopie, deux rendez-vous cruciaux pour continuer \u00e0 r\u00eaver d\u2019une deuxi\u00e8me participation \u00e0 une phase finale de Coupe du Monde apr\u00e8s 2022 manqu\u00e9e de peu.<\/span><\/p>\n<p class=\"p1\" style=\"text-align: right;\"><strong><span class=\"s2\">Par Vox Sahel <\/span><\/strong><\/p>\n","protected":false},"excerpt":{"rendered":"<p>Le s\u00e9lectionneur des \u00c9talons, Brama Traor\u00e9, a rendu publique la liste des joueurs retenus pour<\/p>\n","protected":false},"author":2,"featured_media":2896,"comment_status":"open","ping_status":"open","sticky":false,"template":"","format":"standard","meta":{"_et_pb_use_builder":"","_et_pb_old_content":"","_et_gb_content_width":"","footnotes":""},"categories":[12],"tags":[18,660,906,274,936,40,35,937,34],"class_list":["post-2895","post","type-post","status-publish","format-standard","has-post-thumbnail","hentry","category-sports","tag-burkina-faso","tag-confederation-africaine-de-football","tag-coupe-du-monde-2026","tag-etalons","tag-ethiopie","tag-federation-burkinabe-de-football","tag-football","tag-sierra-leone","tag-sport"],"yoast_head":"<!-- This site is optimized with the Yoast SEO plugin v27.5 - https:\/\/yoast.com\/product\/yoast-seo-wordpress\/ -->\n<title>\u00c9liminatoires Coupe du Monde 2026 : Brama Traor\u00e9 d\u00e9voile sa liste pour d\u00e9fier la Sierra Leone et l\u2019\u00c9thiopie - Vox Sahel<\/title>\n<meta name=\"robots\" content=\"index, follow, max-snippet:-1, max-image-preview:large, max-video-preview:-1\" \/>\n<link rel=\"canonical\" href=\"https:\/\/voxsahel.com\/?p=2895\" \/>\n<meta property=\"og:locale\" content=\"fr_FR\" \/>\n<meta property=\"og:type\" content=\"article\" \/>\n<meta property=\"og:title\" content=\"\u00c9liminatoires Coupe du Monde 2026 : Brama Traor\u00e9 d\u00e9voile sa liste pour d\u00e9fier la Sierra Leone et l\u2019\u00c9thiopie - Vox Sahel\" \/>\n<meta property=\"og:description\" content=\"Le s\u00e9lectionneur des \u00c9talons, Brama Traor\u00e9, a rendu publique la liste des joueurs retenus pour\" \/>\n<meta property=\"og:url\" content=\"https:\/\/voxsahel.com\/?p=2895\" \/>\n<meta property=\"og:site_name\" content=\"Vox Sahel\" \/>\n<meta property=\"article:publisher\" content=\"https:\/\/www.facebook.com\/journal.voxsahel\" \/>\n<meta property=\"article:published_time\" content=\"2025-10-02T09:52:53+00:00\" \/>\n<meta property=\"article:modified_time\" content=\"2025-10-02T09:54:13+00:00\" \/>\n<meta property=\"og:image\" content=\"https:\/\/voxsahel.com\/wp-content\/uploads\/2025\/10\/IMG_4244.jpeg\" \/>\n\t<meta property=\"og:image:width\" content=\"1680\" \/>\n\t<meta property=\"og:image:height\" content=\"1120\" \/>\n\t<meta property=\"og:image:type\" content=\"image\/jpeg\" \/>\n<meta name=\"author\" content=\"Vox Sahel\" \/>\n<meta name=\"twitter:card\" content=\"summary_large_image\" \/>\n<meta name=\"twitter:label1\" content=\"\u00c9crit par\" \/>\n\t<meta name=\"twitter:data1\" content=\"Vox Sahel\" \/>\n\t<meta name=\"twitter:label2\" content=\"Dur\u00e9e de lecture estim\u00e9e\" \/>\n\t<meta name=\"twitter:data2\" content=\"3 minutes\" \/>\n<script type=\"application\/ld+json\" class=\"yoast-schema-graph\">{\"@context\":\"https:\\\/\\\/schema.org\",\"@graph\":[{\"@type\":\"Article\",\"@id\":\"https:\\\/\\\/voxsahel.com\\\/?p=2895#article\",\"isPartOf\":{\"@id\":\"https:\\\/\\\/voxsahel.com\\\/?p=2895\"},\"author\":{\"name\":\"Vox Sahel\",\"@id\":\"https:\\\/\\\/voxsahel.com\\\/#\\\/schema\\\/person\\\/b4043608248f8fa227cd760e7ff1e19e\"},\"headline\":\"\u00c9liminatoires Coupe du Monde 2026 : Brama Traor\u00e9 d\u00e9voile sa liste pour d\u00e9fier la Sierra Leone et l\u2019\u00c9thiopie\",\"datePublished\":\"2025-10-02T09:52:53+00:00\",\"dateModified\":\"2025-10-02T09:54:13+00:00\",\"mainEntityOfPage\":{\"@id\":\"https:\\\/\\\/voxsahel.com\\\/?p=2895\"},\"wordCount\":473,\"commentCount\":0,\"publisher\":{\"@id\":\"https:\\\/\\\/voxsahel.com\\\/#organization\"},\"image\":{\"@id\":\"https:\\\/\\\/voxsahel.com\\\/?p=2895#primaryimage\"},\"thumbnailUrl\":\"https:\\\/\\\/voxsahel.com\\\/wp-content\\\/uploads\\\/2025\\\/10\\\/IMG_4244.jpeg\",\"keywords\":[\"Burkina Faso\",\"Conf\u00e9d\u00e9ration Africaine de Football\",\"Coupe du monde 2026\",\"Etalons\",\"\u00c9thiopie\",\"F\u00e9d\u00e9ration Burkinab\u00e8 de Football\",\"Football\",\"Sierra Leone\",\"Sport\"],\"articleSection\":[\"SPORTS\"],\"inLanguage\":\"fr-FR\",\"potentialAction\":[{\"@type\":\"CommentAction\",\"name\":\"Comment\",\"target\":[\"https:\\\/\\\/voxsahel.com\\\/?p=2895#respond\"]}]},{\"@type\":\"WebPage\",\"@id\":\"https:\\\/\\\/voxsahel.com\\\/?p=2895\",\"url\":\"https:\\\/\\\/voxsahel.com\\\/?p=2895\",\"name\":\"\u00c9liminatoires Coupe du Monde 2026 : Brama Traor\u00e9 d\u00e9voile sa liste pour d\u00e9fier la Sierra Leone et l\u2019\u00c9thiopie - Vox Sahel\",\"isPartOf\":{\"@id\":\"https:\\\/\\\/voxsahel.com\\\/#website\"},\"primaryImageOfPage\":{\"@id\":\"https:\\\/\\\/voxsahel.com\\\/?p=2895#primaryimage\"},\"image\":{\"@id\":\"https:\\\/\\\/voxsahel.com\\\/?p=2895#primaryimage\"},\"thumbnailUrl\":\"https:\\\/\\\/voxsahel.com\\\/wp-content\\\/uploads\\\/2025\\\/10\\\/IMG_4244.jpeg\",\"datePublished\":\"2025-10-02T09:52:53+00:00\",\"dateModified\":\"2025-10-02T09:54:13+00:00\",\"breadcrumb\":{\"@id\":\"https:\\\/\\\/voxsahel.com\\\/?p=2895#breadcrumb\"},\"inLanguage\":\"fr-FR\",\"potentialAction\":[{\"@type\":\"ReadAction\",\"target\":[\"https:\\\/\\\/voxsahel.com\\\/?p=2895\"]}]},{\"@type\":\"ImageObject\",\"inLanguage\":\"fr-FR\",\"@id\":\"https:\\\/\\\/voxsahel.com\\\/?p=2895#primaryimage\",\"url\":\"https:\\\/\\\/voxsahel.com\\\/wp-content\\\/uploads\\\/2025\\\/10\\\/IMG_4244.jpeg\",\"contentUrl\":\"https:\\\/\\\/voxsahel.com\\\/wp-content\\\/uploads\\\/2025\\\/10\\\/IMG_4244.jpeg\",\"width\":1680,\"height\":1120},{\"@type\":\"BreadcrumbList\",\"@id\":\"https:\\\/\\\/voxsahel.com\\\/?p=2895#breadcrumb\",\"itemListElement\":[{\"@type\":\"ListItem\",\"position\":1,\"name\":\"Home\",\"item\":\"https:\\\/\\\/voxsahel.com\\\/\"},{\"@type\":\"ListItem\",\"position\":2,\"name\":\"\u00c9liminatoires Coupe du Monde 2026 : Brama Traor\u00e9 d\u00e9voile sa liste pour d\u00e9fier la Sierra Leone et l\u2019\u00c9thiopie\"}]},{\"@type\":\"WebSite\",\"@id\":\"https:\\\/\\\/voxsahel.com\\\/#website\",\"url\":\"https:\\\/\\\/voxsahel.com\\\/\",\"name\":\"Vox Sahel\",\"description\":\"Informez-vous sur le Sahel en un clic\",\"publisher\":{\"@id\":\"https:\\\/\\\/voxsahel.com\\\/#organization\"},\"potentialAction\":[{\"@type\":\"SearchAction\",\"target\":{\"@type\":\"EntryPoint\",\"urlTemplate\":\"https:\\\/\\\/voxsahel.com\\\/?s={search_term_string}\"},\"query-input\":{\"@type\":\"PropertyValueSpecification\",\"valueRequired\":true,\"valueName\":\"search_term_string\"}}],\"inLanguage\":\"fr-FR\"},{\"@type\":\"Organization\",\"@id\":\"https:\\\/\\\/voxsahel.com\\\/#organization\",\"name\":\"Vox Sahel\",\"url\":\"https:\\\/\\\/voxsahel.com\\\/\",\"logo\":{\"@type\":\"ImageObject\",\"inLanguage\":\"fr-FR\",\"@id\":\"https:\\\/\\\/voxsahel.com\\\/#\\\/schema\\\/logo\\\/image\\\/\",\"url\":\"https:\\\/\\\/voxsahel.com\\\/wp-content\\\/uploads\\\/2024\\\/09\\\/Logo-Vox-Sahel.jpg\",\"contentUrl\":\"https:\\\/\\\/voxsahel.com\\\/wp-content\\\/uploads\\\/2024\\\/09\\\/Logo-Vox-Sahel.jpg\",\"width\":1181,\"height\":848,\"caption\":\"Vox Sahel\"},\"image\":{\"@id\":\"https:\\\/\\\/voxsahel.com\\\/#\\\/schema\\\/logo\\\/image\\\/\"},\"sameAs\":[\"https:\\\/\\\/www.facebook.com\\\/journal.voxsahel\"]},{\"@type\":\"Person\",\"@id\":\"https:\\\/\\\/voxsahel.com\\\/#\\\/schema\\\/person\\\/b4043608248f8fa227cd760e7ff1e19e\",\"name\":\"Vox Sahel\",\"image\":{\"@type\":\"ImageObject\",\"inLanguage\":\"fr-FR\",\"@id\":\"https:\\\/\\\/secure.gravatar.com\\\/avatar\\\/f70e7fa0cb9b29d4a7c5788d6eb2e9ab4d3135cbae1c9161810fdf77a8964699?s=96&d=mm&r=g\",\"url\":\"https:\\\/\\\/secure.gravatar.com\\\/avatar\\\/f70e7fa0cb9b29d4a7c5788d6eb2e9ab4d3135cbae1c9161810fdf77a8964699?s=96&d=mm&r=g\",\"contentUrl\":\"https:\\\/\\\/secure.gravatar.com\\\/avatar\\\/f70e7fa0cb9b29d4a7c5788d6eb2e9ab4d3135cbae1c9161810fdf77a8964699?s=96&d=mm&r=g\",\"caption\":\"Vox Sahel\"},\"sameAs\":[\"http:\\\/\\\/www.voxsahel.com\"],\"url\":\"https:\\\/\\\/voxsahel.com\\\/?author=2\"}]}<\/script>\n<!-- \/ Yoast SEO plugin. -->","yoast_head_json":{"title":"\u00c9liminatoires Coupe du Monde 2026 : Brama Traor\u00e9 d\u00e9voile sa liste pour d\u00e9fier la Sierra Leone et l\u2019\u00c9thiopie - Vox Sahel","robots":{"index":"index","follow":"follow","max-snippet":"max-snippet:-1","max-image-preview":"max-image-preview:large","max-video-preview":"max-video-preview:-1"},"canonical":"https:\/\/voxsahel.com\/?p=2895","og_locale":"fr_FR","og_type":"article","og_title":"\u00c9liminatoires Coupe du Monde 2026 : Brama Traor\u00e9 d\u00e9voile sa liste pour d\u00e9fier la Sierra Leone et l\u2019\u00c9thiopie - Vox Sahel","og_description":"Le s\u00e9lectionneur des \u00c9talons, Brama Traor\u00e9, a rendu publique la liste des joueurs retenus pour","og_url":"https:\/\/voxsahel.com\/?p=2895","og_site_name":"Vox Sahel","article_publisher":"https:\/\/www.facebook.com\/journal.voxsahel","article_published_time":"2025-10-02T09:52:53+00:00","article_modified_time":"2025-10-02T09:54:13+00:00","og_image":[{"width":1680,"height":1120,"url":"https:\/\/voxsahel.com\/wp-content\/uploads\/2025\/10\/IMG_4244.jpeg","type":"image\/jpeg"}],"author":"Vox Sahel","twitter_card":"summary_large_image","twitter_misc":{"\u00c9crit par":"Vox Sahel","Dur\u00e9e de lecture estim\u00e9e":"3 minutes"},"schema":{"@context":"https:\/\/schema.org","@graph":[{"@type":"Article","@id":"https:\/\/voxsahel.com\/?p=2895#article","isPartOf":{"@id":"https:\/\/voxsahel.com\/?p=2895"},"author":{"name":"Vox Sahel","@id":"https:\/\/voxsahel.com\/#\/schema\/person\/b4043608248f8fa227cd760e7ff1e19e"},"headline":"\u00c9liminatoires Coupe du Monde 2026 : Brama Traor\u00e9 d\u00e9voile sa liste pour d\u00e9fier la Sierra Leone et l\u2019\u00c9thiopie","datePublished":"2025-10-02T09:52:53+00:00","dateModified":"2025-10-02T09:54:13+00:00","mainEntityOfPage":{"@id":"https:\/\/voxsahel.com\/?p=2895"},"wordCount":473,"commentCount":0,"publisher":{"@id":"https:\/\/voxsahel.com\/#organization"},"image":{"@id":"https:\/\/voxsahel.com\/?p=2895#primaryimage"},"thumbnailUrl":"https:\/\/voxsahel.com\/wp-content\/uploads\/2025\/10\/IMG_4244.jpeg","keywords":["Burkina Faso","Conf\u00e9d\u00e9ration Africaine de Football","Coupe du monde 2026","Etalons","\u00c9thiopie","F\u00e9d\u00e9ration Burkinab\u00e8 de Football","Football","Sierra Leone","Sport"],"articleSection":["SPORTS"],"inLanguage":"fr-FR","potentialAction":[{"@type":"CommentAction","name":"Comment","target":["https:\/\/voxsahel.com\/?p=2895#respond"]}]},{"@type":"WebPage","@id":"https:\/\/voxsahel.com\/?p=2895","url":"https:\/\/voxsahel.com\/?p=2895","name":"\u00c9liminatoires Coupe du Monde 2026 : Brama Traor\u00e9 d\u00e9voile sa liste pour d\u00e9fier la Sierra Leone et l\u2019\u00c9thiopie - Vox Sahel","isPartOf":{"@id":"https:\/\/voxsahel.com\/#website"},"primaryImageOfPage":{"@id":"https:\/\/voxsahel.com\/?p=2895#primaryimage"},"image":{"@id":"https:\/\/voxsahel.com\/?p=2895#primaryimage"},"thumbnailUrl":"https:\/\/voxsahel.com\/wp-content\/uploads\/2025\/10\/IMG_4244.jpeg","datePublished":"2025-10-02T09:52:53+00:00","dateModified":"2025-10-02T09:54:13+00:00","breadcrumb":{"@id":"https:\/\/voxsahel.com\/?p=2895#breadcrumb"},"inLanguage":"fr-FR","potentialAction":[{"@type":"ReadAction","target":["https:\/\/voxsahel.com\/?p=2895"]}]},{"@type":"ImageObject","inLanguage":"fr-FR","@id":"https:\/\/voxsahel.com\/?p=2895#primaryimage","url":"https:\/\/voxsahel.com\/wp-content\/uploads\/2025\/10\/IMG_4244.jpeg","contentUrl":"https:\/\/voxsahel.com\/wp-content\/uploads\/2025\/10\/IMG_4244.jpeg","width":1680,"height":1120},{"@type":"BreadcrumbList","@id":"https:\/\/voxsahel.com\/?p=2895#breadcrumb","itemListElement":[{"@type":"ListItem","position":1,"name":"Home","item":"https:\/\/voxsahel.com\/"},{"@type":"ListItem","position":2,"name":"\u00c9liminatoires Coupe du Monde 2026 : Brama Traor\u00e9 d\u00e9voile sa liste pour d\u00e9fier la Sierra Leone et l\u2019\u00c9thiopie"}]},{"@type":"WebSite","@id":"https:\/\/voxsahel.com\/#website","url":"https:\/\/voxsahel.com\/","name":"Vox Sahel","description":"Informez-vous sur le Sahel en un clic","publisher":{"@id":"https:\/\/voxsahel.com\/#organization"},"potentialAction":[{"@type":"SearchAction","target":{"@type":"EntryPoint","urlTemplate":"https:\/\/voxsahel.com\/?s={search_term_string}"},"query-input":{"@type":"PropertyValueSpecification","valueRequired":true,"valueName":"search_term_string"}}],"inLanguage":"fr-FR"},{"@type":"Organization","@id":"https:\/\/voxsahel.com\/#organization","name":"Vox Sahel","url":"https:\/\/voxsahel.com\/","logo":{"@type":"ImageObject","inLanguage":"fr-FR","@id":"https:\/\/voxsahel.com\/#\/schema\/logo\/image\/","url":"https:\/\/voxsahel.com\/wp-content\/uploads\/2024\/09\/Logo-Vox-Sahel.jpg","contentUrl":"https:\/\/voxsahel.com\/wp-content\/uploads\/2024\/09\/Logo-Vox-Sahel.jpg","width":1181,"height":848,"caption":"Vox Sahel"},"image":{"@id":"https:\/\/voxsahel.com\/#\/schema\/logo\/image\/"},"sameAs":["https:\/\/www.facebook.com\/journal.voxsahel"]},{"@type":"Person","@id":"https:\/\/voxsahel.com\/#\/schema\/person\/b4043608248f8fa227cd760e7ff1e19e","name":"Vox Sahel","image":{"@type":"ImageObject","inLanguage":"fr-FR","@id":"https:\/\/secure.gravatar.com\/avatar\/f70e7fa0cb9b29d4a7c5788d6eb2e9ab4d3135cbae1c9161810fdf77a8964699?s=96&d=mm&r=g","url":"https:\/\/secure.gravatar.com\/avatar\/f70e7fa0cb9b29d4a7c5788d6eb2e9ab4d3135cbae1c9161810fdf77a8964699?s=96&d=mm&r=g","contentUrl":"https:\/\/secure.gravatar.com\/avatar\/f70e7fa0cb9b29d4a7c5788d6eb2e9ab4d3135cbae1c9161810fdf77a8964699?s=96&d=mm&r=g","caption":"Vox Sahel"},"sameAs":["http:\/\/www.voxsahel.com"],"url":"https:\/\/voxsahel.com\/?author=2"}]}},"_links":{"self":[{"href":"https:\/\/voxsahel.com\/index.php?rest_route=\/wp\/v2\/posts\/2895","targetHints":{"allow":["GET"]}}],"collection":[{"href":"https:\/\/voxsahel.com\/index.php?rest_route=\/wp\/v2\/posts"}],"about":[{"href":"https:\/\/voxsahel.com\/index.php?rest_route=\/wp\/v2\/types\/post"}],"author":[{"embeddable":true,"href":"https:\/\/voxsahel.com\/index.php?rest_route=\/wp\/v2\/users\/2"}],"replies":[{"embeddable":true,"href":"https:\/\/voxsahel.com\/index.php?rest_route=%2Fwp%2Fv2%2Fcomments&post=2895"}],"version-history":[{"count":1,"href":"https:\/\/voxsahel.com\/index.php?rest_route=\/wp\/v2\/posts\/2895\/revisions"}],"predecessor-version":[{"id":2897,"href":"https:\/\/voxsahel.com\/index.php?rest_route=\/wp\/v2\/posts\/2895\/revisions\/2897"}],"wp:featuredmedia":[{"embeddable":true,"href":"https:\/\/voxsahel.com\/index.php?rest_route=\/wp\/v2\/media\/2896"}],"wp:attachment":[{"href":"https:\/\/voxsahel.com\/index.php?rest_route=%2Fwp%2Fv2%2Fmedia&parent=2895"}],"wp:term":[{"taxonomy":"category","embeddable":true,"href":"https:\/\/voxsahel.com\/index.php?rest_route=%2Fwp%2Fv2%2Fcategories&post=2895"},{"taxonomy":"post_tag","embeddable":true,"href":"https:\/\/voxsahel.com\/index.php?rest_route=%2Fwp%2Fv2%2Ftags&post=2895"}],"curies":[{"name":"wp","href":"https:\/\/api.w.org\/{rel}","templated":true}]}}