{"id":2876,"date":"2025-10-01T10:38:01","date_gmt":"2025-10-01T10:38:01","guid":{"rendered":"https:\/\/voxsahel.com\/?p=2876"},"modified":"2025-10-01T10:38:01","modified_gmt":"2025-10-01T10:38:01","slug":"%f0%9d%90%83%f0%9d%90%a8%f0%9d%90%ae%f0%9d%90%9a%f0%9d%90%a7%f0%9d%90%9e%f0%9d%90%ac-du-burkina-faso-%f0%9d%90%8b%f0%9d%90%80%f0%9d%90%81%f0%9d%90%80%f0%9d%90%83%f0%9d%90%91-%f0%9d%90%ab","status":"publish","type":"post","link":"https:\/\/voxsahel.com\/?p=2876","title":{"rendered":"\ud835\udc03\ud835\udc28\ud835\udc2e\ud835\udc1a\ud835\udc27\ud835\udc1e\ud835\udc2c du Burkina Faso : \ud835\udc0b\u2019\ud835\udc00\ud835\udc01\ud835\udc00\ud835\udc03\ud835\udc11 \ud835\udc2b\ud835\udc1e\ud835\udc27\ud835\udc1d \ud835\udc21\ud835\udc28\ud835\udc26\ud835\udc26\ud835\udc1a\ud835\udc20\ud835\udc1e \ud835\udc1e\ud835\udc2d \ud835\udc2b\ud835\udc1e\ud835\udc27\ud835\udc28\ud835\udc2e\ud835\udc2f\ud835\udc1e\ud835\udc25\ud835\udc25\ud835\udc1e \ud835\udc2c\ud835\udc28\ud835\udc27 \ud835\udc29\ud835\udc1a\ud835\udc1c\ud835\udc2d\ud835\udc1e \ud835\udc1d\ud835\udc1e \ud835\udc2c\ud835\udc28\ud835\udc25\ud835\udc22\ud835\udc1d\ud835\udc1a\ud835\udc2b\ud835\udc22\ud835\udc2d\ud835\udc1e\u0301 \ud835\udc1a\ud835\udc2f\ud835\udc1e\ud835\udc1c \ud835\udc25\ud835\udc1a \ud835\udc03\ud835\udc22\ud835\udc2b\ud835\udc1e\ud835\udc1c\ud835\udc2d\ud835\udc22\ud835\udc28\ud835\udc27 \ud835\udc06\ud835\udc1e\u0301\ud835\udc27\ud835\udc1e\u0301\ud835\udc2b\ud835\udc1a\ud835\udc25\ud835\udc1e"},"content":{"rendered":"<p>Le Directeur G\u00e9n\u00e9ral des Douanes, <b>\ud835\udc25\u2019\ud835\udc08\ud835\udc27\ud835\udc2c\ud835\udc29\ud835\udc1e\ud835\udc1c\ud835\udc2d\ud835\udc1e\ud835\udc2e\ud835\udc2b \ud835\udc1d\ud835\udc22\ud835\udc2f\ud835\udc22\ud835\udc2c\ud835\udc22\ud835\udc28\ud835\udc27\ud835\udc27\ud835\udc1a\ud835\udc22\ud835\udc2b\ud835\udc1e \ud835\udc18\ud835\udc2f\ud835\udc1e\ud835\udc2c \ud835\udc0a\ud835\udc00\ud835\udc05\ud835\udc00\ud835\udc0d\ud835\udc03\ud835\udc0e<\/b>, a re\u00e7u, ce Mardi 30 septembre 2025, avec joie et \u00e9motion la visite du bureau de l\u2019Association Burkinab\u00e8 des Agents des Douanes Retrait\u00e9s (ABADR). Dans une atmosph\u00e8re de grande fraternit\u00e9, ces a\u00een\u00e9s, porteurs de l\u2019histoire et de la m\u00e9moire de l\u2019institution, sont venus f\u00e9liciter le premier responsable de la Douane pour sa nomination et lui adresser leurs encouragements face aux immenses responsabilit\u00e9s qui l\u2019attendent. Ils ont \u00e9galement profit\u00e9 de cette audience pour pr\u00e9senter le bureau sortant de leur association, arriv\u00e9 au terme de son mandat \u00e0 la suite de l\u2019assembl\u00e9e g\u00e9n\u00e9rale du 9 ao\u00fbt dernier.<\/p>\n<p>Ce moment a eu une port\u00e9e symbolique forte : celle du passage de t\u00e9moin entre g\u00e9n\u00e9rations, o\u00f9 l\u2019exp\u00e9rience des anciens \u00e9claire la route des nouveaux b\u00e2tisseurs. L\u2019ABADR, fid\u00e8le \u00e0 son engagement, a r\u00e9affirm\u00e9 sa disponibilit\u00e9 \u00e0 accompagner l\u2019administration par ses conseils, son exp\u00e9rience et son attachement ind\u00e9fectible \u00e0 la maison douani\u00e8re.<\/p>\n<p>En r\u00e9ponse, le Directeur G\u00e9n\u00e9ral, aux c\u00f4t\u00e9s de son adjoint, a exprim\u00e9 toute sa gratitude et a salu\u00e9 ce geste de reconnaissance et de soutien. Il a assur\u00e9 les anciens de la disponibilit\u00e9 de la Direction g\u00e9n\u00e9rale \u00e0 rester attentive \u00e0 leurs besoins, tout en r\u00e9affirmant que leurs apports pr\u00e9cieux seront toujours accueillis comme une force qui concourt \u00e0 la r\u00e9ussite des objectifs de la Douane et, au-del\u00e0, au d\u00e9veloppement de la Nation.<\/p>\n<p>Cette rencontre restera grav\u00e9e comme un t\u00e9moignage de loyaut\u00e9, de solidarit\u00e9 et de continuit\u00e9 entre les g\u00e9n\u00e9rations douani\u00e8res. Elle incarne la conviction partag\u00e9e que, retrait\u00e9s ou en activit\u00e9, tous les douaniers demeurent unis par le m\u00eame serment : \ud835\udc21\ud835\udc28\ud835\udc27\ud835\udc27\ud835\udc1e\ud835\udc2e\ud835\udc2b, \ud835\udc1d\ud835\udc1e\u0301\ud835\udc2f\ud835\udc28\ud835\udc2e\ud835\udc1e\ud835\udc26\ud835\udc1e\ud835\udc27\ud835\udc2d \ud835\udc1e\ud835\udc2d \ud835\udc2f\ud835\udc22\ud835\udc20\ud835\udc22\ud835\udc25\ud835\udc1a\ud835\udc27\ud835\udc1c\ud835\udc1e au service du Burkina Faso.<\/p>\n<p>\ud835\udc0b\ud835\udc1a \ud835\udc03\ud835\udc28\ud835\udc2e\ud835\udc1a\ud835\udc27\ud835\udc1e : \ud835\udc07\ud835\udc28\ud835\udc27\ud835\udc27\ud835\udc1e\ud835\udc2e\ud835\udc2b-\ud835\udc03\ud835\udc1e\u0301\ud835\udc2f\ud835\udc28\ud835\udc2e\ud835\udc1e\ud835\udc26\ud835\udc1e\ud835\udc27\ud835\udc2d-\ud835\udc15\ud835\udc22\ud835\udc20\ud835\udc22\ud835\udc25\ud835\udc1a\ud835\udc27\ud835\udc1c\ud835\udc1e<br \/>\n\ud835\udc12\ud835\udc02\ud835\udc11\ud835\udc0f-\ud835\udc03\ud835\udc06\ud835\udc03<\/p>\n","protected":false},"excerpt":{"rendered":"<p>Le Directeur G\u00e9n\u00e9ral des Douanes, \ud835\udc25\u2019\ud835\udc08\ud835\udc27\ud835\udc2c\ud835\udc29\ud835\udc1e\ud835\udc1c\ud835\udc2d\ud835\udc1e\ud835\udc2e\ud835\udc2b \ud835\udc1d\ud835\udc22\ud835\udc2f\ud835\udc22\ud835\udc2c\ud835\udc22\ud835\udc28\ud835\udc27\ud835\udc27\ud835\udc1a\ud835\udc22\ud835\udc2b\ud835\udc1e \ud835\udc18\ud835\udc2f\ud835\udc1e\ud835\udc2c \ud835\udc0a\ud835\udc00\ud835\udc05\ud835\udc00\ud835\udc0d\ud835\udc03\ud835\udc0e, a re\u00e7u, ce Mardi 30 septembre<\/p>\n","protected":false},"author":2,"featured_media":2879,"comment_status":"open","ping_status":"open","sticky":false,"template":"","format":"standard","meta":{"_et_pb_use_builder":"","_et_pb_old_content":"","_et_gb_content_width":"","footnotes":""},"categories":[8],"tags":[],"class_list":["post-2876","post","type-post","status-publish","format-standard","has-post-thumbnail","hentry","category-developpement"],"yoast_head":"<!-- This site is optimized with the Yoast SEO plugin v27.5 - https:\/\/yoast.com\/product\/yoast-seo-wordpress\/ -->\n<title>\ud835\udc03\ud835\udc28\ud835\udc2e\ud835\udc1a\ud835\udc27\ud835\udc1e\ud835\udc2c du Burkina Faso : \ud835\udc0b\u2019\ud835\udc00\ud835\udc01\ud835\udc00\ud835\udc03\ud835\udc11 \ud835\udc2b\ud835\udc1e\ud835\udc27\ud835\udc1d \ud835\udc21\ud835\udc28\ud835\udc26\ud835\udc26\ud835\udc1a\ud835\udc20\ud835\udc1e \ud835\udc1e\ud835\udc2d \ud835\udc2b\ud835\udc1e\ud835\udc27\ud835\udc28\ud835\udc2e\ud835\udc2f\ud835\udc1e\ud835\udc25\ud835\udc25\ud835\udc1e \ud835\udc2c\ud835\udc28\ud835\udc27 \ud835\udc29\ud835\udc1a\ud835\udc1c\ud835\udc2d\ud835\udc1e \ud835\udc1d\ud835\udc1e \ud835\udc2c\ud835\udc28\ud835\udc25\ud835\udc22\ud835\udc1d\ud835\udc1a\ud835\udc2b\ud835\udc22\ud835\udc2d\ud835\udc1e\u0301 \ud835\udc1a\ud835\udc2f\ud835\udc1e\ud835\udc1c \ud835\udc25\ud835\udc1a \ud835\udc03\ud835\udc22\ud835\udc2b\ud835\udc1e\ud835\udc1c\ud835\udc2d\ud835\udc22\ud835\udc28\ud835\udc27 \ud835\udc06\ud835\udc1e\u0301\ud835\udc27\ud835\udc1e\u0301\ud835\udc2b\ud835\udc1a\ud835\udc25\ud835\udc1e - Vox Sahel<\/title>\n<meta name=\"robots\" content=\"index, follow, max-snippet:-1, max-image-preview:large, max-video-preview:-1\" \/>\n<link rel=\"canonical\" href=\"https:\/\/voxsahel.com\/?p=2876\" \/>\n<meta property=\"og:locale\" content=\"fr_FR\" \/>\n<meta property=\"og:type\" content=\"article\" \/>\n<meta property=\"og:title\" content=\"\ud835\udc03\ud835\udc28\ud835\udc2e\ud835\udc1a\ud835\udc27\ud835\udc1e\ud835\udc2c du Burkina Faso : \ud835\udc0b\u2019\ud835\udc00\ud835\udc01\ud835\udc00\ud835\udc03\ud835\udc11 \ud835\udc2b\ud835\udc1e\ud835\udc27\ud835\udc1d \ud835\udc21\ud835\udc28\ud835\udc26\ud835\udc26\ud835\udc1a\ud835\udc20\ud835\udc1e \ud835\udc1e\ud835\udc2d \ud835\udc2b\ud835\udc1e\ud835\udc27\ud835\udc28\ud835\udc2e\ud835\udc2f\ud835\udc1e\ud835\udc25\ud835\udc25\ud835\udc1e \ud835\udc2c\ud835\udc28\ud835\udc27 \ud835\udc29\ud835\udc1a\ud835\udc1c\ud835\udc2d\ud835\udc1e \ud835\udc1d\ud835\udc1e \ud835\udc2c\ud835\udc28\ud835\udc25\ud835\udc22\ud835\udc1d\ud835\udc1a\ud835\udc2b\ud835\udc22\ud835\udc2d\ud835\udc1e\u0301 \ud835\udc1a\ud835\udc2f\ud835\udc1e\ud835\udc1c \ud835\udc25\ud835\udc1a \ud835\udc03\ud835\udc22\ud835\udc2b\ud835\udc1e\ud835\udc1c\ud835\udc2d\ud835\udc22\ud835\udc28\ud835\udc27 \ud835\udc06\ud835\udc1e\u0301\ud835\udc27\ud835\udc1e\u0301\ud835\udc2b\ud835\udc1a\ud835\udc25\ud835\udc1e - Vox Sahel\" \/>\n<meta property=\"og:description\" content=\"Le Directeur G\u00e9n\u00e9ral des Douanes, \ud835\udc25\u2019\ud835\udc08\ud835\udc27\ud835\udc2c\ud835\udc29\ud835\udc1e\ud835\udc1c\ud835\udc2d\ud835\udc1e\ud835\udc2e\ud835\udc2b \ud835\udc1d\ud835\udc22\ud835\udc2f\ud835\udc22\ud835\udc2c\ud835\udc22\ud835\udc28\ud835\udc27\ud835\udc27\ud835\udc1a\ud835\udc22\ud835\udc2b\ud835\udc1e \ud835\udc18\ud835\udc2f\ud835\udc1e\ud835\udc2c \ud835\udc0a\ud835\udc00\ud835\udc05\ud835\udc00\ud835\udc0d\ud835\udc03\ud835\udc0e, a re\u00e7u, ce Mardi 30 septembre\" \/>\n<meta property=\"og:url\" content=\"https:\/\/voxsahel.com\/?p=2876\" \/>\n<meta property=\"og:site_name\" content=\"Vox Sahel\" \/>\n<meta property=\"article:publisher\" content=\"https:\/\/www.facebook.com\/journal.voxsahel\" \/>\n<meta property=\"article:published_time\" content=\"2025-10-01T10:38:01+00:00\" \/>\n<meta property=\"og:image\" content=\"https:\/\/voxsahel.com\/wp-content\/uploads\/2025\/10\/IMG_3930.jpeg\" \/>\n\t<meta property=\"og:image:width\" content=\"936\" \/>\n\t<meta property=\"og:image:height\" content=\"624\" \/>\n\t<meta property=\"og:image:type\" content=\"image\/jpeg\" \/>\n<meta name=\"author\" content=\"Vox Sahel\" \/>\n<meta name=\"twitter:card\" content=\"summary_large_image\" \/>\n<meta name=\"twitter:label1\" content=\"\u00c9crit par\" \/>\n\t<meta name=\"twitter:data1\" content=\"Vox Sahel\" \/>\n\t<meta name=\"twitter:label2\" content=\"Dur\u00e9e de lecture estim\u00e9e\" \/>\n\t<meta name=\"twitter:data2\" content=\"2 minutes\" \/>\n<script type=\"application\/ld+json\" class=\"yoast-schema-graph\">{\"@context\":\"https:\\\/\\\/schema.org\",\"@graph\":[{\"@type\":\"Article\",\"@id\":\"https:\\\/\\\/voxsahel.com\\\/?p=2876#article\",\"isPartOf\":{\"@id\":\"https:\\\/\\\/voxsahel.com\\\/?p=2876\"},\"author\":{\"name\":\"Vox Sahel\",\"@id\":\"https:\\\/\\\/voxsahel.com\\\/#\\\/schema\\\/person\\\/b4043608248f8fa227cd760e7ff1e19e\"},\"headline\":\"\ud835\udc03\ud835\udc28\ud835\udc2e\ud835\udc1a\ud835\udc27\ud835\udc1e\ud835\udc2c du Burkina Faso : \ud835\udc0b\u2019\ud835\udc00\ud835\udc01\ud835\udc00\ud835\udc03\ud835\udc11 \ud835\udc2b\ud835\udc1e\ud835\udc27\ud835\udc1d \ud835\udc21\ud835\udc28\ud835\udc26\ud835\udc26\ud835\udc1a\ud835\udc20\ud835\udc1e \ud835\udc1e\ud835\udc2d \ud835\udc2b\ud835\udc1e\ud835\udc27\ud835\udc28\ud835\udc2e\ud835\udc2f\ud835\udc1e\ud835\udc25\ud835\udc25\ud835\udc1e \ud835\udc2c\ud835\udc28\ud835\udc27 \ud835\udc29\ud835\udc1a\ud835\udc1c\ud835\udc2d\ud835\udc1e \ud835\udc1d\ud835\udc1e \ud835\udc2c\ud835\udc28\ud835\udc25\ud835\udc22\ud835\udc1d\ud835\udc1a\ud835\udc2b\ud835\udc22\ud835\udc2d\ud835\udc1e\u0301 \ud835\udc1a\ud835\udc2f\ud835\udc1e\ud835\udc1c \ud835\udc25\ud835\udc1a \ud835\udc03\ud835\udc22\ud835\udc2b\ud835\udc1e\ud835\udc1c\ud835\udc2d\ud835\udc22\ud835\udc28\ud835\udc27 \ud835\udc06\ud835\udc1e\u0301\ud835\udc27\ud835\udc1e\u0301\ud835\udc2b\ud835\udc1a\ud835\udc25\ud835\udc1e\",\"datePublished\":\"2025-10-01T10:38:01+00:00\",\"mainEntityOfPage\":{\"@id\":\"https:\\\/\\\/voxsahel.com\\\/?p=2876\"},\"wordCount\":314,\"commentCount\":0,\"publisher\":{\"@id\":\"https:\\\/\\\/voxsahel.com\\\/#organization\"},\"image\":{\"@id\":\"https:\\\/\\\/voxsahel.com\\\/?p=2876#primaryimage\"},\"thumbnailUrl\":\"https:\\\/\\\/voxsahel.com\\\/wp-content\\\/uploads\\\/2025\\\/10\\\/IMG_3930.jpeg\",\"articleSection\":[\"DEVELOPPEMENT\"],\"inLanguage\":\"fr-FR\",\"potentialAction\":[{\"@type\":\"CommentAction\",\"name\":\"Comment\",\"target\":[\"https:\\\/\\\/voxsahel.com\\\/?p=2876#respond\"]}]},{\"@type\":\"WebPage\",\"@id\":\"https:\\\/\\\/voxsahel.com\\\/?p=2876\",\"url\":\"https:\\\/\\\/voxsahel.com\\\/?p=2876\",\"name\":\"\ud835\udc03\ud835\udc28\ud835\udc2e\ud835\udc1a\ud835\udc27\ud835\udc1e\ud835\udc2c du Burkina Faso : \ud835\udc0b\u2019\ud835\udc00\ud835\udc01\ud835\udc00\ud835\udc03\ud835\udc11 \ud835\udc2b\ud835\udc1e\ud835\udc27\ud835\udc1d \ud835\udc21\ud835\udc28\ud835\udc26\ud835\udc26\ud835\udc1a\ud835\udc20\ud835\udc1e \ud835\udc1e\ud835\udc2d \ud835\udc2b\ud835\udc1e\ud835\udc27\ud835\udc28\ud835\udc2e\ud835\udc2f\ud835\udc1e\ud835\udc25\ud835\udc25\ud835\udc1e \ud835\udc2c\ud835\udc28\ud835\udc27 \ud835\udc29\ud835\udc1a\ud835\udc1c\ud835\udc2d\ud835\udc1e \ud835\udc1d\ud835\udc1e \ud835\udc2c\ud835\udc28\ud835\udc25\ud835\udc22\ud835\udc1d\ud835\udc1a\ud835\udc2b\ud835\udc22\ud835\udc2d\ud835\udc1e\u0301 \ud835\udc1a\ud835\udc2f\ud835\udc1e\ud835\udc1c \ud835\udc25\ud835\udc1a \ud835\udc03\ud835\udc22\ud835\udc2b\ud835\udc1e\ud835\udc1c\ud835\udc2d\ud835\udc22\ud835\udc28\ud835\udc27 \ud835\udc06\ud835\udc1e\u0301\ud835\udc27\ud835\udc1e\u0301\ud835\udc2b\ud835\udc1a\ud835\udc25\ud835\udc1e - Vox Sahel\",\"isPartOf\":{\"@id\":\"https:\\\/\\\/voxsahel.com\\\/#website\"},\"primaryImageOfPage\":{\"@id\":\"https:\\\/\\\/voxsahel.com\\\/?p=2876#primaryimage\"},\"image\":{\"@id\":\"https:\\\/\\\/voxsahel.com\\\/?p=2876#primaryimage\"},\"thumbnailUrl\":\"https:\\\/\\\/voxsahel.com\\\/wp-content\\\/uploads\\\/2025\\\/10\\\/IMG_3930.jpeg\",\"datePublished\":\"2025-10-01T10:38:01+00:00\",\"breadcrumb\":{\"@id\":\"https:\\\/\\\/voxsahel.com\\\/?p=2876#breadcrumb\"},\"inLanguage\":\"fr-FR\",\"potentialAction\":[{\"@type\":\"ReadAction\",\"target\":[\"https:\\\/\\\/voxsahel.com\\\/?p=2876\"]}]},{\"@type\":\"ImageObject\",\"inLanguage\":\"fr-FR\",\"@id\":\"https:\\\/\\\/voxsahel.com\\\/?p=2876#primaryimage\",\"url\":\"https:\\\/\\\/voxsahel.com\\\/wp-content\\\/uploads\\\/2025\\\/10\\\/IMG_3930.jpeg\",\"contentUrl\":\"https:\\\/\\\/voxsahel.com\\\/wp-content\\\/uploads\\\/2025\\\/10\\\/IMG_3930.jpeg\",\"width\":936,\"height\":624},{\"@type\":\"BreadcrumbList\",\"@id\":\"https:\\\/\\\/voxsahel.com\\\/?p=2876#breadcrumb\",\"itemListElement\":[{\"@type\":\"ListItem\",\"position\":1,\"name\":\"Home\",\"item\":\"https:\\\/\\\/voxsahel.com\\\/\"},{\"@type\":\"ListItem\",\"position\":2,\"name\":\"\ud835\udc03\ud835\udc28\ud835\udc2e\ud835\udc1a\ud835\udc27\ud835\udc1e\ud835\udc2c du Burkina Faso : \ud835\udc0b\u2019\ud835\udc00\ud835\udc01\ud835\udc00\ud835\udc03\ud835\udc11 \ud835\udc2b\ud835\udc1e\ud835\udc27\ud835\udc1d \ud835\udc21\ud835\udc28\ud835\udc26\ud835\udc26\ud835\udc1a\ud835\udc20\ud835\udc1e \ud835\udc1e\ud835\udc2d \ud835\udc2b\ud835\udc1e\ud835\udc27\ud835\udc28\ud835\udc2e\ud835\udc2f\ud835\udc1e\ud835\udc25\ud835\udc25\ud835\udc1e \ud835\udc2c\ud835\udc28\ud835\udc27 \ud835\udc29\ud835\udc1a\ud835\udc1c\ud835\udc2d\ud835\udc1e \ud835\udc1d\ud835\udc1e \ud835\udc2c\ud835\udc28\ud835\udc25\ud835\udc22\ud835\udc1d\ud835\udc1a\ud835\udc2b\ud835\udc22\ud835\udc2d\ud835\udc1e\u0301 \ud835\udc1a\ud835\udc2f\ud835\udc1e\ud835\udc1c \ud835\udc25\ud835\udc1a \ud835\udc03\ud835\udc22\ud835\udc2b\ud835\udc1e\ud835\udc1c\ud835\udc2d\ud835\udc22\ud835\udc28\ud835\udc27 \ud835\udc06\ud835\udc1e\u0301\ud835\udc27\ud835\udc1e\u0301\ud835\udc2b\ud835\udc1a\ud835\udc25\ud835\udc1e\"}]},{\"@type\":\"WebSite\",\"@id\":\"https:\\\/\\\/voxsahel.com\\\/#website\",\"url\":\"https:\\\/\\\/voxsahel.com\\\/\",\"name\":\"Vox Sahel\",\"description\":\"Informez-vous sur le Sahel en un clic\",\"publisher\":{\"@id\":\"https:\\\/\\\/voxsahel.com\\\/#organization\"},\"potentialAction\":[{\"@type\":\"SearchAction\",\"target\":{\"@type\":\"EntryPoint\",\"urlTemplate\":\"https:\\\/\\\/voxsahel.com\\\/?s={search_term_string}\"},\"query-input\":{\"@type\":\"PropertyValueSpecification\",\"valueRequired\":true,\"valueName\":\"search_term_string\"}}],\"inLanguage\":\"fr-FR\"},{\"@type\":\"Organization\",\"@id\":\"https:\\\/\\\/voxsahel.com\\\/#organization\",\"name\":\"Vox Sahel\",\"url\":\"https:\\\/\\\/voxsahel.com\\\/\",\"logo\":{\"@type\":\"ImageObject\",\"inLanguage\":\"fr-FR\",\"@id\":\"https:\\\/\\\/voxsahel.com\\\/#\\\/schema\\\/logo\\\/image\\\/\",\"url\":\"https:\\\/\\\/voxsahel.com\\\/wp-content\\\/uploads\\\/2024\\\/09\\\/Logo-Vox-Sahel.jpg\",\"contentUrl\":\"https:\\\/\\\/voxsahel.com\\\/wp-content\\\/uploads\\\/2024\\\/09\\\/Logo-Vox-Sahel.jpg\",\"width\":1181,\"height\":848,\"caption\":\"Vox Sahel\"},\"image\":{\"@id\":\"https:\\\/\\\/voxsahel.com\\\/#\\\/schema\\\/logo\\\/image\\\/\"},\"sameAs\":[\"https:\\\/\\\/www.facebook.com\\\/journal.voxsahel\"]},{\"@type\":\"Person\",\"@id\":\"https:\\\/\\\/voxsahel.com\\\/#\\\/schema\\\/person\\\/b4043608248f8fa227cd760e7ff1e19e\",\"name\":\"Vox Sahel\",\"image\":{\"@type\":\"ImageObject\",\"inLanguage\":\"fr-FR\",\"@id\":\"https:\\\/\\\/secure.gravatar.com\\\/avatar\\\/f70e7fa0cb9b29d4a7c5788d6eb2e9ab4d3135cbae1c9161810fdf77a8964699?s=96&d=mm&r=g\",\"url\":\"https:\\\/\\\/secure.gravatar.com\\\/avatar\\\/f70e7fa0cb9b29d4a7c5788d6eb2e9ab4d3135cbae1c9161810fdf77a8964699?s=96&d=mm&r=g\",\"contentUrl\":\"https:\\\/\\\/secure.gravatar.com\\\/avatar\\\/f70e7fa0cb9b29d4a7c5788d6eb2e9ab4d3135cbae1c9161810fdf77a8964699?s=96&d=mm&r=g\",\"caption\":\"Vox Sahel\"},\"sameAs\":[\"http:\\\/\\\/www.voxsahel.com\"],\"url\":\"https:\\\/\\\/voxsahel.com\\\/?author=2\"}]}<\/script>\n<!-- \/ Yoast SEO plugin. -->","yoast_head_json":{"title":"\ud835\udc03\ud835\udc28\ud835\udc2e\ud835\udc1a\ud835\udc27\ud835\udc1e\ud835\udc2c du Burkina Faso : \ud835\udc0b\u2019\ud835\udc00\ud835\udc01\ud835\udc00\ud835\udc03\ud835\udc11 \ud835\udc2b\ud835\udc1e\ud835\udc27\ud835\udc1d \ud835\udc21\ud835\udc28\ud835\udc26\ud835\udc26\ud835\udc1a\ud835\udc20\ud835\udc1e \ud835\udc1e\ud835\udc2d \ud835\udc2b\ud835\udc1e\ud835\udc27\ud835\udc28\ud835\udc2e\ud835\udc2f\ud835\udc1e\ud835\udc25\ud835\udc25\ud835\udc1e \ud835\udc2c\ud835\udc28\ud835\udc27 \ud835\udc29\ud835\udc1a\ud835\udc1c\ud835\udc2d\ud835\udc1e \ud835\udc1d\ud835\udc1e \ud835\udc2c\ud835\udc28\ud835\udc25\ud835\udc22\ud835\udc1d\ud835\udc1a\ud835\udc2b\ud835\udc22\ud835\udc2d\ud835\udc1e\u0301 \ud835\udc1a\ud835\udc2f\ud835\udc1e\ud835\udc1c \ud835\udc25\ud835\udc1a \ud835\udc03\ud835\udc22\ud835\udc2b\ud835\udc1e\ud835\udc1c\ud835\udc2d\ud835\udc22\ud835\udc28\ud835\udc27 \ud835\udc06\ud835\udc1e\u0301\ud835\udc27\ud835\udc1e\u0301\ud835\udc2b\ud835\udc1a\ud835\udc25\ud835\udc1e - Vox Sahel","robots":{"index":"index","follow":"follow","max-snippet":"max-snippet:-1","max-image-preview":"max-image-preview:large","max-video-preview":"max-video-preview:-1"},"canonical":"https:\/\/voxsahel.com\/?p=2876","og_locale":"fr_FR","og_type":"article","og_title":"\ud835\udc03\ud835\udc28\ud835\udc2e\ud835\udc1a\ud835\udc27\ud835\udc1e\ud835\udc2c du Burkina Faso : \ud835\udc0b\u2019\ud835\udc00\ud835\udc01\ud835\udc00\ud835\udc03\ud835\udc11 \ud835\udc2b\ud835\udc1e\ud835\udc27\ud835\udc1d \ud835\udc21\ud835\udc28\ud835\udc26\ud835\udc26\ud835\udc1a\ud835\udc20\ud835\udc1e \ud835\udc1e\ud835\udc2d \ud835\udc2b\ud835\udc1e\ud835\udc27\ud835\udc28\ud835\udc2e\ud835\udc2f\ud835\udc1e\ud835\udc25\ud835\udc25\ud835\udc1e \ud835\udc2c\ud835\udc28\ud835\udc27 \ud835\udc29\ud835\udc1a\ud835\udc1c\ud835\udc2d\ud835\udc1e \ud835\udc1d\ud835\udc1e \ud835\udc2c\ud835\udc28\ud835\udc25\ud835\udc22\ud835\udc1d\ud835\udc1a\ud835\udc2b\ud835\udc22\ud835\udc2d\ud835\udc1e\u0301 \ud835\udc1a\ud835\udc2f\ud835\udc1e\ud835\udc1c \ud835\udc25\ud835\udc1a \ud835\udc03\ud835\udc22\ud835\udc2b\ud835\udc1e\ud835\udc1c\ud835\udc2d\ud835\udc22\ud835\udc28\ud835\udc27 \ud835\udc06\ud835\udc1e\u0301\ud835\udc27\ud835\udc1e\u0301\ud835\udc2b\ud835\udc1a\ud835\udc25\ud835\udc1e - Vox Sahel","og_description":"Le Directeur G\u00e9n\u00e9ral des Douanes, \ud835\udc25\u2019\ud835\udc08\ud835\udc27\ud835\udc2c\ud835\udc29\ud835\udc1e\ud835\udc1c\ud835\udc2d\ud835\udc1e\ud835\udc2e\ud835\udc2b \ud835\udc1d\ud835\udc22\ud835\udc2f\ud835\udc22\ud835\udc2c\ud835\udc22\ud835\udc28\ud835\udc27\ud835\udc27\ud835\udc1a\ud835\udc22\ud835\udc2b\ud835\udc1e \ud835\udc18\ud835\udc2f\ud835\udc1e\ud835\udc2c \ud835\udc0a\ud835\udc00\ud835\udc05\ud835\udc00\ud835\udc0d\ud835\udc03\ud835\udc0e, a re\u00e7u, ce Mardi 30 septembre","og_url":"https:\/\/voxsahel.com\/?p=2876","og_site_name":"Vox Sahel","article_publisher":"https:\/\/www.facebook.com\/journal.voxsahel","article_published_time":"2025-10-01T10:38:01+00:00","og_image":[{"width":936,"height":624,"url":"https:\/\/voxsahel.com\/wp-content\/uploads\/2025\/10\/IMG_3930.jpeg","type":"image\/jpeg"}],"author":"Vox Sahel","twitter_card":"summary_large_image","twitter_misc":{"\u00c9crit par":"Vox Sahel","Dur\u00e9e de lecture estim\u00e9e":"2 minutes"},"schema":{"@context":"https:\/\/schema.org","@graph":[{"@type":"Article","@id":"https:\/\/voxsahel.com\/?p=2876#article","isPartOf":{"@id":"https:\/\/voxsahel.com\/?p=2876"},"author":{"name":"Vox Sahel","@id":"https:\/\/voxsahel.com\/#\/schema\/person\/b4043608248f8fa227cd760e7ff1e19e"},"headline":"\ud835\udc03\ud835\udc28\ud835\udc2e\ud835\udc1a\ud835\udc27\ud835\udc1e\ud835\udc2c du Burkina Faso : \ud835\udc0b\u2019\ud835\udc00\ud835\udc01\ud835\udc00\ud835\udc03\ud835\udc11 \ud835\udc2b\ud835\udc1e\ud835\udc27\ud835\udc1d \ud835\udc21\ud835\udc28\ud835\udc26\ud835\udc26\ud835\udc1a\ud835\udc20\ud835\udc1e \ud835\udc1e\ud835\udc2d \ud835\udc2b\ud835\udc1e\ud835\udc27\ud835\udc28\ud835\udc2e\ud835\udc2f\ud835\udc1e\ud835\udc25\ud835\udc25\ud835\udc1e \ud835\udc2c\ud835\udc28\ud835\udc27 \ud835\udc29\ud835\udc1a\ud835\udc1c\ud835\udc2d\ud835\udc1e \ud835\udc1d\ud835\udc1e \ud835\udc2c\ud835\udc28\ud835\udc25\ud835\udc22\ud835\udc1d\ud835\udc1a\ud835\udc2b\ud835\udc22\ud835\udc2d\ud835\udc1e\u0301 \ud835\udc1a\ud835\udc2f\ud835\udc1e\ud835\udc1c \ud835\udc25\ud835\udc1a \ud835\udc03\ud835\udc22\ud835\udc2b\ud835\udc1e\ud835\udc1c\ud835\udc2d\ud835\udc22\ud835\udc28\ud835\udc27 \ud835\udc06\ud835\udc1e\u0301\ud835\udc27\ud835\udc1e\u0301\ud835\udc2b\ud835\udc1a\ud835\udc25\ud835\udc1e","datePublished":"2025-10-01T10:38:01+00:00","mainEntityOfPage":{"@id":"https:\/\/voxsahel.com\/?p=2876"},"wordCount":314,"commentCount":0,"publisher":{"@id":"https:\/\/voxsahel.com\/#organization"},"image":{"@id":"https:\/\/voxsahel.com\/?p=2876#primaryimage"},"thumbnailUrl":"https:\/\/voxsahel.com\/wp-content\/uploads\/2025\/10\/IMG_3930.jpeg","articleSection":["DEVELOPPEMENT"],"inLanguage":"fr-FR","potentialAction":[{"@type":"CommentAction","name":"Comment","target":["https:\/\/voxsahel.com\/?p=2876#respond"]}]},{"@type":"WebPage","@id":"https:\/\/voxsahel.com\/?p=2876","url":"https:\/\/voxsahel.com\/?p=2876","name":"\ud835\udc03\ud835\udc28\ud835\udc2e\ud835\udc1a\ud835\udc27\ud835\udc1e\ud835\udc2c du Burkina Faso : \ud835\udc0b\u2019\ud835\udc00\ud835\udc01\ud835\udc00\ud835\udc03\ud835\udc11 \ud835\udc2b\ud835\udc1e\ud835\udc27\ud835\udc1d \ud835\udc21\ud835\udc28\ud835\udc26\ud835\udc26\ud835\udc1a\ud835\udc20\ud835\udc1e \ud835\udc1e\ud835\udc2d \ud835\udc2b\ud835\udc1e\ud835\udc27\ud835\udc28\ud835\udc2e\ud835\udc2f\ud835\udc1e\ud835\udc25\ud835\udc25\ud835\udc1e \ud835\udc2c\ud835\udc28\ud835\udc27 \ud835\udc29\ud835\udc1a\ud835\udc1c\ud835\udc2d\ud835\udc1e \ud835\udc1d\ud835\udc1e \ud835\udc2c\ud835\udc28\ud835\udc25\ud835\udc22\ud835\udc1d\ud835\udc1a\ud835\udc2b\ud835\udc22\ud835\udc2d\ud835\udc1e\u0301 \ud835\udc1a\ud835\udc2f\ud835\udc1e\ud835\udc1c \ud835\udc25\ud835\udc1a \ud835\udc03\ud835\udc22\ud835\udc2b\ud835\udc1e\ud835\udc1c\ud835\udc2d\ud835\udc22\ud835\udc28\ud835\udc27 \ud835\udc06\ud835\udc1e\u0301\ud835\udc27\ud835\udc1e\u0301\ud835\udc2b\ud835\udc1a\ud835\udc25\ud835\udc1e - Vox Sahel","isPartOf":{"@id":"https:\/\/voxsahel.com\/#website"},"primaryImageOfPage":{"@id":"https:\/\/voxsahel.com\/?p=2876#primaryimage"},"image":{"@id":"https:\/\/voxsahel.com\/?p=2876#primaryimage"},"thumbnailUrl":"https:\/\/voxsahel.com\/wp-content\/uploads\/2025\/10\/IMG_3930.jpeg","datePublished":"2025-10-01T10:38:01+00:00","breadcrumb":{"@id":"https:\/\/voxsahel.com\/?p=2876#breadcrumb"},"inLanguage":"fr-FR","potentialAction":[{"@type":"ReadAction","target":["https:\/\/voxsahel.com\/?p=2876"]}]},{"@type":"ImageObject","inLanguage":"fr-FR","@id":"https:\/\/voxsahel.com\/?p=2876#primaryimage","url":"https:\/\/voxsahel.com\/wp-content\/uploads\/2025\/10\/IMG_3930.jpeg","contentUrl":"https:\/\/voxsahel.com\/wp-content\/uploads\/2025\/10\/IMG_3930.jpeg","width":936,"height":624},{"@type":"BreadcrumbList","@id":"https:\/\/voxsahel.com\/?p=2876#breadcrumb","itemListElement":[{"@type":"ListItem","position":1,"name":"Home","item":"https:\/\/voxsahel.com\/"},{"@type":"ListItem","position":2,"name":"\ud835\udc03\ud835\udc28\ud835\udc2e\ud835\udc1a\ud835\udc27\ud835\udc1e\ud835\udc2c du Burkina Faso : \ud835\udc0b\u2019\ud835\udc00\ud835\udc01\ud835\udc00\ud835\udc03\ud835\udc11 \ud835\udc2b\ud835\udc1e\ud835\udc27\ud835\udc1d \ud835\udc21\ud835\udc28\ud835\udc26\ud835\udc26\ud835\udc1a\ud835\udc20\ud835\udc1e \ud835\udc1e\ud835\udc2d \ud835\udc2b\ud835\udc1e\ud835\udc27\ud835\udc28\ud835\udc2e\ud835\udc2f\ud835\udc1e\ud835\udc25\ud835\udc25\ud835\udc1e \ud835\udc2c\ud835\udc28\ud835\udc27 \ud835\udc29\ud835\udc1a\ud835\udc1c\ud835\udc2d\ud835\udc1e \ud835\udc1d\ud835\udc1e \ud835\udc2c\ud835\udc28\ud835\udc25\ud835\udc22\ud835\udc1d\ud835\udc1a\ud835\udc2b\ud835\udc22\ud835\udc2d\ud835\udc1e\u0301 \ud835\udc1a\ud835\udc2f\ud835\udc1e\ud835\udc1c \ud835\udc25\ud835\udc1a \ud835\udc03\ud835\udc22\ud835\udc2b\ud835\udc1e\ud835\udc1c\ud835\udc2d\ud835\udc22\ud835\udc28\ud835\udc27 \ud835\udc06\ud835\udc1e\u0301\ud835\udc27\ud835\udc1e\u0301\ud835\udc2b\ud835\udc1a\ud835\udc25\ud835\udc1e"}]},{"@type":"WebSite","@id":"https:\/\/voxsahel.com\/#website","url":"https:\/\/voxsahel.com\/","name":"Vox Sahel","description":"Informez-vous sur le Sahel en un clic","publisher":{"@id":"https:\/\/voxsahel.com\/#organization"},"potentialAction":[{"@type":"SearchAction","target":{"@type":"EntryPoint","urlTemplate":"https:\/\/voxsahel.com\/?s={search_term_string}"},"query-input":{"@type":"PropertyValueSpecification","valueRequired":true,"valueName":"search_term_string"}}],"inLanguage":"fr-FR"},{"@type":"Organization","@id":"https:\/\/voxsahel.com\/#organization","name":"Vox Sahel","url":"https:\/\/voxsahel.com\/","logo":{"@type":"ImageObject","inLanguage":"fr-FR","@id":"https:\/\/voxsahel.com\/#\/schema\/logo\/image\/","url":"https:\/\/voxsahel.com\/wp-content\/uploads\/2024\/09\/Logo-Vox-Sahel.jpg","contentUrl":"https:\/\/voxsahel.com\/wp-content\/uploads\/2024\/09\/Logo-Vox-Sahel.jpg","width":1181,"height":848,"caption":"Vox Sahel"},"image":{"@id":"https:\/\/voxsahel.com\/#\/schema\/logo\/image\/"},"sameAs":["https:\/\/www.facebook.com\/journal.voxsahel"]},{"@type":"Person","@id":"https:\/\/voxsahel.com\/#\/schema\/person\/b4043608248f8fa227cd760e7ff1e19e","name":"Vox Sahel","image":{"@type":"ImageObject","inLanguage":"fr-FR","@id":"https:\/\/secure.gravatar.com\/avatar\/f70e7fa0cb9b29d4a7c5788d6eb2e9ab4d3135cbae1c9161810fdf77a8964699?s=96&d=mm&r=g","url":"https:\/\/secure.gravatar.com\/avatar\/f70e7fa0cb9b29d4a7c5788d6eb2e9ab4d3135cbae1c9161810fdf77a8964699?s=96&d=mm&r=g","contentUrl":"https:\/\/secure.gravatar.com\/avatar\/f70e7fa0cb9b29d4a7c5788d6eb2e9ab4d3135cbae1c9161810fdf77a8964699?s=96&d=mm&r=g","caption":"Vox Sahel"},"sameAs":["http:\/\/www.voxsahel.com"],"url":"https:\/\/voxsahel.com\/?author=2"}]}},"_links":{"self":[{"href":"https:\/\/voxsahel.com\/index.php?rest_route=\/wp\/v2\/posts\/2876","targetHints":{"allow":["GET"]}}],"collection":[{"href":"https:\/\/voxsahel.com\/index.php?rest_route=\/wp\/v2\/posts"}],"about":[{"href":"https:\/\/voxsahel.com\/index.php?rest_route=\/wp\/v2\/types\/post"}],"author":[{"embeddable":true,"href":"https:\/\/voxsahel.com\/index.php?rest_route=\/wp\/v2\/users\/2"}],"replies":[{"embeddable":true,"href":"https:\/\/voxsahel.com\/index.php?rest_route=%2Fwp%2Fv2%2Fcomments&post=2876"}],"version-history":[{"count":1,"href":"https:\/\/voxsahel.com\/index.php?rest_route=\/wp\/v2\/posts\/2876\/revisions"}],"predecessor-version":[{"id":2880,"href":"https:\/\/voxsahel.com\/index.php?rest_route=\/wp\/v2\/posts\/2876\/revisions\/2880"}],"wp:featuredmedia":[{"embeddable":true,"href":"https:\/\/voxsahel.com\/index.php?rest_route=\/wp\/v2\/media\/2879"}],"wp:attachment":[{"href":"https:\/\/voxsahel.com\/index.php?rest_route=%2Fwp%2Fv2%2Fmedia&parent=2876"}],"wp:term":[{"taxonomy":"category","embeddable":true,"href":"https:\/\/voxsahel.com\/index.php?rest_route=%2Fwp%2Fv2%2Fcategories&post=2876"},{"taxonomy":"post_tag","embeddable":true,"href":"https:\/\/voxsahel.com\/index.php?rest_route=%2Fwp%2Fv2%2Ftags&post=2876"}],"curies":[{"name":"wp","href":"https:\/\/api.w.org\/{rel}","templated":true}]}}