{"id":2867,"date":"2025-09-29T08:14:40","date_gmt":"2025-09-29T08:14:40","guid":{"rendered":"https:\/\/voxsahel.com\/?p=2867"},"modified":"2025-09-29T08:14:40","modified_gmt":"2025-09-29T08:14:40","slug":"relance-de-la-filiere-cotonniere-le-ministre-poda-en-immersion-dans-les-champs-de-la-sofitex","status":"publish","type":"post","link":"https:\/\/voxsahel.com\/?p=2867","title":{"rendered":"Relance de la fili\u00e8re cotonni\u00e8re : Le ministre PODA en immersion dans les champs de la SOFITEX"},"content":{"rendered":"<p class=\"p1\"><span class=\"s2\">Le coton, longtemps surnomm\u00e9 \u00ab l\u2019or blanc \u00bb du Burkina Faso, reprend des couleurs. Le ministre de l\u2019Industrie, du Commerce et de l\u2019Artisanat (MICA), Serge Gnaniodem PODA, a effectu\u00e9 ce samedi 27 septembre 2025 une visite de terrain dans la zone cotonni\u00e8re relevant de la Soci\u00e9t\u00e9 burkinab\u00e8 des fibres textiles (SOFITEX). Objectif : constater l\u2019\u00e9volution de la campagne en cours et \u00e9changer avec les producteurs sur les perspectives de relance de la fili\u00e8re.<\/span><\/p>\n<p class=\"p1\"><span class=\"s2\">La mission minist\u00e9rielle a conduit la d\u00e9l\u00e9gation dans le village de Fakouna, au c\u0153ur de la r\u00e9gion cotonni\u00e8re du Bankui, qui regroupe pr\u00e8s de 22 000 producteurs r\u00e9partis sur trois provinces. Sur place, les parcelles inspect\u00e9es affichent une physionomie prometteuse : des plants vigoureux et de nombreuses capsules annon\u00e7ant une r\u00e9colte encourageante.<\/span><\/p>\n<p class=\"p1\"><span class=\"s2\">Les techniciens ont insist\u00e9 sur les efforts d\u00e9ploy\u00e9s cette saison : meilleure distribution des intrants, encadrement renforc\u00e9 et suivi technique rapproch\u00e9. Des mesures qui commencent \u00e0 porter leurs fruits. Le ministre PODA a salu\u00e9 la r\u00e9silience des producteurs, citant en exemple Ousseni Ou\u00e9draogo, exploitant pr\u00e8s de 10 hectares, symbole de cet engagement collectif.<\/span><\/p>\n<p class=\"p1\"><span class=\"s2\">R\u00e9affirmant le r\u00f4le strat\u00e9gique du coton dans l\u2019\u00e9conomie nationale, le ministre a rappel\u00e9 que ce produit d\u2019exportation demeure un pilier des recettes du pays. \u00ab L\u2019\u00c9tat accompagne cette dynamique \u00e0 travers des subventions qui d\u00e9passent cette ann\u00e9e les 5 milliards de FCFA, afin de renforcer la comp\u00e9titivit\u00e9 de la fili\u00e8re \u00bb, a-t-il soulign\u00e9.<\/span><\/p>\n<p class=\"p1\"><span class=\"s2\">Les producteurs, de leur c\u00f4t\u00e9, se disent satisfaits de l\u2019\u00e9tat des champs et optimistes quant aux r\u00e9coltes \u00e0 venir. Ils ambitionnent de consolider la place du Burkina Faso parmi les grandes nations cotonni\u00e8res d\u2019Afrique.<\/span><\/p>\n<p class=\"p1\"><span class=\"s2\">Cl\u00f4turant sa visite de 48 heures dans la r\u00e9gion du Bankui, le ministre a exprim\u00e9 sa satisfaction et encourag\u00e9 les acteurs \u00e0 poursuivre sur cette lanc\u00e9e, pour faire du coton un moteur durable de croissance et de r\u00e9silience \u00e9conomique.<\/span><\/p>\n<p style=\"text-align: right;\"><strong>Par Vox Sahel<\/strong><\/p>\n","protected":false},"excerpt":{"rendered":"<p>Le coton, longtemps surnomm\u00e9 \u00ab l\u2019or blanc \u00bb du Burkina Faso, reprend des couleurs. Le<\/p>\n","protected":false},"author":2,"featured_media":2869,"comment_status":"open","ping_status":"open","sticky":false,"template":"","format":"standard","meta":{"_et_pb_use_builder":"","_et_pb_old_content":"","_et_gb_content_width":"","footnotes":""},"categories":[8],"tags":[81,240,18,186,183,239,238,242],"class_list":["post-2867","post","type-post","status-publish","format-standard","has-post-thumbnail","hentry","category-developpement","tag-agriculture","tag-association-interprofessionnelle-du-coton-burkinabe","tag-burkina-faso","tag-chaine-de-valeur-du-coton","tag-coton","tag-coton-bt","tag-coton-ogm","tag-union-nationale-des-producteurs-de-coton-du-burkina"],"yoast_head":"<!-- This site is optimized with the Yoast SEO plugin v27.5 - https:\/\/yoast.com\/product\/yoast-seo-wordpress\/ -->\n<title>Relance de la fili\u00e8re cotonni\u00e8re : Le ministre PODA en immersion dans les champs de la SOFITEX - Vox Sahel<\/title>\n<meta name=\"robots\" content=\"index, follow, max-snippet:-1, max-image-preview:large, max-video-preview:-1\" \/>\n<link rel=\"canonical\" href=\"https:\/\/voxsahel.com\/?p=2867\" \/>\n<meta property=\"og:locale\" content=\"fr_FR\" \/>\n<meta property=\"og:type\" content=\"article\" \/>\n<meta property=\"og:title\" content=\"Relance de la fili\u00e8re cotonni\u00e8re : Le ministre PODA en immersion dans les champs de la SOFITEX - Vox Sahel\" \/>\n<meta property=\"og:description\" content=\"Le coton, longtemps surnomm\u00e9 \u00ab l\u2019or blanc \u00bb du Burkina Faso, reprend des couleurs. Le\" \/>\n<meta property=\"og:url\" content=\"https:\/\/voxsahel.com\/?p=2867\" \/>\n<meta property=\"og:site_name\" content=\"Vox Sahel\" \/>\n<meta property=\"article:publisher\" content=\"https:\/\/www.facebook.com\/journal.voxsahel\" \/>\n<meta property=\"article:published_time\" content=\"2025-09-29T08:14:40+00:00\" \/>\n<meta property=\"og:image\" content=\"https:\/\/voxsahel.com\/wp-content\/uploads\/2025\/09\/IMG_3027.jpeg\" \/>\n\t<meta property=\"og:image:width\" content=\"1020\" \/>\n\t<meta property=\"og:image:height\" content=\"765\" \/>\n\t<meta property=\"og:image:type\" content=\"image\/jpeg\" \/>\n<meta name=\"author\" content=\"Vox Sahel\" \/>\n<meta name=\"twitter:card\" content=\"summary_large_image\" \/>\n<meta name=\"twitter:label1\" content=\"\u00c9crit par\" \/>\n\t<meta name=\"twitter:data1\" content=\"Vox Sahel\" \/>\n\t<meta name=\"twitter:label2\" content=\"Dur\u00e9e de lecture estim\u00e9e\" \/>\n\t<meta name=\"twitter:data2\" content=\"2 minutes\" \/>\n<script type=\"application\/ld+json\" class=\"yoast-schema-graph\">{\"@context\":\"https:\\\/\\\/schema.org\",\"@graph\":[{\"@type\":\"Article\",\"@id\":\"https:\\\/\\\/voxsahel.com\\\/?p=2867#article\",\"isPartOf\":{\"@id\":\"https:\\\/\\\/voxsahel.com\\\/?p=2867\"},\"author\":{\"name\":\"Vox Sahel\",\"@id\":\"https:\\\/\\\/voxsahel.com\\\/#\\\/schema\\\/person\\\/b4043608248f8fa227cd760e7ff1e19e\"},\"headline\":\"Relance de la fili\u00e8re cotonni\u00e8re : Le ministre PODA en immersion dans les champs de la SOFITEX\",\"datePublished\":\"2025-09-29T08:14:40+00:00\",\"mainEntityOfPage\":{\"@id\":\"https:\\\/\\\/voxsahel.com\\\/?p=2867\"},\"wordCount\":349,\"commentCount\":0,\"publisher\":{\"@id\":\"https:\\\/\\\/voxsahel.com\\\/#organization\"},\"image\":{\"@id\":\"https:\\\/\\\/voxsahel.com\\\/?p=2867#primaryimage\"},\"thumbnailUrl\":\"https:\\\/\\\/voxsahel.com\\\/wp-content\\\/uploads\\\/2025\\\/09\\\/IMG_3027.jpeg\",\"keywords\":[\"Agriculture\",\"Association interprofessionnelle du Coton Burkinab\u00e8\",\"Burkina Faso\",\"cha\u00eene de valeur du coton\",\"Coton\",\"Coton BT\",\"Coton OGM\",\"Union nationale des producteurs de coton du Burkina\"],\"articleSection\":[\"DEVELOPPEMENT\"],\"inLanguage\":\"fr-FR\",\"potentialAction\":[{\"@type\":\"CommentAction\",\"name\":\"Comment\",\"target\":[\"https:\\\/\\\/voxsahel.com\\\/?p=2867#respond\"]}]},{\"@type\":\"WebPage\",\"@id\":\"https:\\\/\\\/voxsahel.com\\\/?p=2867\",\"url\":\"https:\\\/\\\/voxsahel.com\\\/?p=2867\",\"name\":\"Relance de la fili\u00e8re cotonni\u00e8re : Le ministre PODA en immersion dans les champs de la SOFITEX - Vox Sahel\",\"isPartOf\":{\"@id\":\"https:\\\/\\\/voxsahel.com\\\/#website\"},\"primaryImageOfPage\":{\"@id\":\"https:\\\/\\\/voxsahel.com\\\/?p=2867#primaryimage\"},\"image\":{\"@id\":\"https:\\\/\\\/voxsahel.com\\\/?p=2867#primaryimage\"},\"thumbnailUrl\":\"https:\\\/\\\/voxsahel.com\\\/wp-content\\\/uploads\\\/2025\\\/09\\\/IMG_3027.jpeg\",\"datePublished\":\"2025-09-29T08:14:40+00:00\",\"breadcrumb\":{\"@id\":\"https:\\\/\\\/voxsahel.com\\\/?p=2867#breadcrumb\"},\"inLanguage\":\"fr-FR\",\"potentialAction\":[{\"@type\":\"ReadAction\",\"target\":[\"https:\\\/\\\/voxsahel.com\\\/?p=2867\"]}]},{\"@type\":\"ImageObject\",\"inLanguage\":\"fr-FR\",\"@id\":\"https:\\\/\\\/voxsahel.com\\\/?p=2867#primaryimage\",\"url\":\"https:\\\/\\\/voxsahel.com\\\/wp-content\\\/uploads\\\/2025\\\/09\\\/IMG_3027.jpeg\",\"contentUrl\":\"https:\\\/\\\/voxsahel.com\\\/wp-content\\\/uploads\\\/2025\\\/09\\\/IMG_3027.jpeg\",\"width\":1020,\"height\":765},{\"@type\":\"BreadcrumbList\",\"@id\":\"https:\\\/\\\/voxsahel.com\\\/?p=2867#breadcrumb\",\"itemListElement\":[{\"@type\":\"ListItem\",\"position\":1,\"name\":\"Home\",\"item\":\"https:\\\/\\\/voxsahel.com\\\/\"},{\"@type\":\"ListItem\",\"position\":2,\"name\":\"Relance de la fili\u00e8re cotonni\u00e8re : Le ministre PODA en immersion dans les champs de la SOFITEX\"}]},{\"@type\":\"WebSite\",\"@id\":\"https:\\\/\\\/voxsahel.com\\\/#website\",\"url\":\"https:\\\/\\\/voxsahel.com\\\/\",\"name\":\"Vox Sahel\",\"description\":\"Informez-vous sur le Sahel en un clic\",\"publisher\":{\"@id\":\"https:\\\/\\\/voxsahel.com\\\/#organization\"},\"potentialAction\":[{\"@type\":\"SearchAction\",\"target\":{\"@type\":\"EntryPoint\",\"urlTemplate\":\"https:\\\/\\\/voxsahel.com\\\/?s={search_term_string}\"},\"query-input\":{\"@type\":\"PropertyValueSpecification\",\"valueRequired\":true,\"valueName\":\"search_term_string\"}}],\"inLanguage\":\"fr-FR\"},{\"@type\":\"Organization\",\"@id\":\"https:\\\/\\\/voxsahel.com\\\/#organization\",\"name\":\"Vox Sahel\",\"url\":\"https:\\\/\\\/voxsahel.com\\\/\",\"logo\":{\"@type\":\"ImageObject\",\"inLanguage\":\"fr-FR\",\"@id\":\"https:\\\/\\\/voxsahel.com\\\/#\\\/schema\\\/logo\\\/image\\\/\",\"url\":\"https:\\\/\\\/voxsahel.com\\\/wp-content\\\/uploads\\\/2024\\\/09\\\/Logo-Vox-Sahel.jpg\",\"contentUrl\":\"https:\\\/\\\/voxsahel.com\\\/wp-content\\\/uploads\\\/2024\\\/09\\\/Logo-Vox-Sahel.jpg\",\"width\":1181,\"height\":848,\"caption\":\"Vox Sahel\"},\"image\":{\"@id\":\"https:\\\/\\\/voxsahel.com\\\/#\\\/schema\\\/logo\\\/image\\\/\"},\"sameAs\":[\"https:\\\/\\\/www.facebook.com\\\/journal.voxsahel\"]},{\"@type\":\"Person\",\"@id\":\"https:\\\/\\\/voxsahel.com\\\/#\\\/schema\\\/person\\\/b4043608248f8fa227cd760e7ff1e19e\",\"name\":\"Vox Sahel\",\"image\":{\"@type\":\"ImageObject\",\"inLanguage\":\"fr-FR\",\"@id\":\"https:\\\/\\\/secure.gravatar.com\\\/avatar\\\/f70e7fa0cb9b29d4a7c5788d6eb2e9ab4d3135cbae1c9161810fdf77a8964699?s=96&d=mm&r=g\",\"url\":\"https:\\\/\\\/secure.gravatar.com\\\/avatar\\\/f70e7fa0cb9b29d4a7c5788d6eb2e9ab4d3135cbae1c9161810fdf77a8964699?s=96&d=mm&r=g\",\"contentUrl\":\"https:\\\/\\\/secure.gravatar.com\\\/avatar\\\/f70e7fa0cb9b29d4a7c5788d6eb2e9ab4d3135cbae1c9161810fdf77a8964699?s=96&d=mm&r=g\",\"caption\":\"Vox Sahel\"},\"sameAs\":[\"http:\\\/\\\/www.voxsahel.com\"],\"url\":\"https:\\\/\\\/voxsahel.com\\\/?author=2\"}]}<\/script>\n<!-- \/ Yoast SEO plugin. -->","yoast_head_json":{"title":"Relance de la fili\u00e8re cotonni\u00e8re : Le ministre PODA en immersion dans les champs de la SOFITEX - Vox Sahel","robots":{"index":"index","follow":"follow","max-snippet":"max-snippet:-1","max-image-preview":"max-image-preview:large","max-video-preview":"max-video-preview:-1"},"canonical":"https:\/\/voxsahel.com\/?p=2867","og_locale":"fr_FR","og_type":"article","og_title":"Relance de la fili\u00e8re cotonni\u00e8re : Le ministre PODA en immersion dans les champs de la SOFITEX - Vox Sahel","og_description":"Le coton, longtemps surnomm\u00e9 \u00ab l\u2019or blanc \u00bb du Burkina Faso, reprend des couleurs. Le","og_url":"https:\/\/voxsahel.com\/?p=2867","og_site_name":"Vox Sahel","article_publisher":"https:\/\/www.facebook.com\/journal.voxsahel","article_published_time":"2025-09-29T08:14:40+00:00","og_image":[{"width":1020,"height":765,"url":"https:\/\/voxsahel.com\/wp-content\/uploads\/2025\/09\/IMG_3027.jpeg","type":"image\/jpeg"}],"author":"Vox Sahel","twitter_card":"summary_large_image","twitter_misc":{"\u00c9crit par":"Vox Sahel","Dur\u00e9e de lecture estim\u00e9e":"2 minutes"},"schema":{"@context":"https:\/\/schema.org","@graph":[{"@type":"Article","@id":"https:\/\/voxsahel.com\/?p=2867#article","isPartOf":{"@id":"https:\/\/voxsahel.com\/?p=2867"},"author":{"name":"Vox Sahel","@id":"https:\/\/voxsahel.com\/#\/schema\/person\/b4043608248f8fa227cd760e7ff1e19e"},"headline":"Relance de la fili\u00e8re cotonni\u00e8re : Le ministre PODA en immersion dans les champs de la SOFITEX","datePublished":"2025-09-29T08:14:40+00:00","mainEntityOfPage":{"@id":"https:\/\/voxsahel.com\/?p=2867"},"wordCount":349,"commentCount":0,"publisher":{"@id":"https:\/\/voxsahel.com\/#organization"},"image":{"@id":"https:\/\/voxsahel.com\/?p=2867#primaryimage"},"thumbnailUrl":"https:\/\/voxsahel.com\/wp-content\/uploads\/2025\/09\/IMG_3027.jpeg","keywords":["Agriculture","Association interprofessionnelle du Coton Burkinab\u00e8","Burkina Faso","cha\u00eene de valeur du coton","Coton","Coton BT","Coton OGM","Union nationale des producteurs de coton du Burkina"],"articleSection":["DEVELOPPEMENT"],"inLanguage":"fr-FR","potentialAction":[{"@type":"CommentAction","name":"Comment","target":["https:\/\/voxsahel.com\/?p=2867#respond"]}]},{"@type":"WebPage","@id":"https:\/\/voxsahel.com\/?p=2867","url":"https:\/\/voxsahel.com\/?p=2867","name":"Relance de la fili\u00e8re cotonni\u00e8re : Le ministre PODA en immersion dans les champs de la SOFITEX - Vox Sahel","isPartOf":{"@id":"https:\/\/voxsahel.com\/#website"},"primaryImageOfPage":{"@id":"https:\/\/voxsahel.com\/?p=2867#primaryimage"},"image":{"@id":"https:\/\/voxsahel.com\/?p=2867#primaryimage"},"thumbnailUrl":"https:\/\/voxsahel.com\/wp-content\/uploads\/2025\/09\/IMG_3027.jpeg","datePublished":"2025-09-29T08:14:40+00:00","breadcrumb":{"@id":"https:\/\/voxsahel.com\/?p=2867#breadcrumb"},"inLanguage":"fr-FR","potentialAction":[{"@type":"ReadAction","target":["https:\/\/voxsahel.com\/?p=2867"]}]},{"@type":"ImageObject","inLanguage":"fr-FR","@id":"https:\/\/voxsahel.com\/?p=2867#primaryimage","url":"https:\/\/voxsahel.com\/wp-content\/uploads\/2025\/09\/IMG_3027.jpeg","contentUrl":"https:\/\/voxsahel.com\/wp-content\/uploads\/2025\/09\/IMG_3027.jpeg","width":1020,"height":765},{"@type":"BreadcrumbList","@id":"https:\/\/voxsahel.com\/?p=2867#breadcrumb","itemListElement":[{"@type":"ListItem","position":1,"name":"Home","item":"https:\/\/voxsahel.com\/"},{"@type":"ListItem","position":2,"name":"Relance de la fili\u00e8re cotonni\u00e8re : Le ministre PODA en immersion dans les champs de la SOFITEX"}]},{"@type":"WebSite","@id":"https:\/\/voxsahel.com\/#website","url":"https:\/\/voxsahel.com\/","name":"Vox Sahel","description":"Informez-vous sur le Sahel en un clic","publisher":{"@id":"https:\/\/voxsahel.com\/#organization"},"potentialAction":[{"@type":"SearchAction","target":{"@type":"EntryPoint","urlTemplate":"https:\/\/voxsahel.com\/?s={search_term_string}"},"query-input":{"@type":"PropertyValueSpecification","valueRequired":true,"valueName":"search_term_string"}}],"inLanguage":"fr-FR"},{"@type":"Organization","@id":"https:\/\/voxsahel.com\/#organization","name":"Vox Sahel","url":"https:\/\/voxsahel.com\/","logo":{"@type":"ImageObject","inLanguage":"fr-FR","@id":"https:\/\/voxsahel.com\/#\/schema\/logo\/image\/","url":"https:\/\/voxsahel.com\/wp-content\/uploads\/2024\/09\/Logo-Vox-Sahel.jpg","contentUrl":"https:\/\/voxsahel.com\/wp-content\/uploads\/2024\/09\/Logo-Vox-Sahel.jpg","width":1181,"height":848,"caption":"Vox Sahel"},"image":{"@id":"https:\/\/voxsahel.com\/#\/schema\/logo\/image\/"},"sameAs":["https:\/\/www.facebook.com\/journal.voxsahel"]},{"@type":"Person","@id":"https:\/\/voxsahel.com\/#\/schema\/person\/b4043608248f8fa227cd760e7ff1e19e","name":"Vox Sahel","image":{"@type":"ImageObject","inLanguage":"fr-FR","@id":"https:\/\/secure.gravatar.com\/avatar\/f70e7fa0cb9b29d4a7c5788d6eb2e9ab4d3135cbae1c9161810fdf77a8964699?s=96&d=mm&r=g","url":"https:\/\/secure.gravatar.com\/avatar\/f70e7fa0cb9b29d4a7c5788d6eb2e9ab4d3135cbae1c9161810fdf77a8964699?s=96&d=mm&r=g","contentUrl":"https:\/\/secure.gravatar.com\/avatar\/f70e7fa0cb9b29d4a7c5788d6eb2e9ab4d3135cbae1c9161810fdf77a8964699?s=96&d=mm&r=g","caption":"Vox Sahel"},"sameAs":["http:\/\/www.voxsahel.com"],"url":"https:\/\/voxsahel.com\/?author=2"}]}},"_links":{"self":[{"href":"https:\/\/voxsahel.com\/index.php?rest_route=\/wp\/v2\/posts\/2867","targetHints":{"allow":["GET"]}}],"collection":[{"href":"https:\/\/voxsahel.com\/index.php?rest_route=\/wp\/v2\/posts"}],"about":[{"href":"https:\/\/voxsahel.com\/index.php?rest_route=\/wp\/v2\/types\/post"}],"author":[{"embeddable":true,"href":"https:\/\/voxsahel.com\/index.php?rest_route=\/wp\/v2\/users\/2"}],"replies":[{"embeddable":true,"href":"https:\/\/voxsahel.com\/index.php?rest_route=%2Fwp%2Fv2%2Fcomments&post=2867"}],"version-history":[{"count":1,"href":"https:\/\/voxsahel.com\/index.php?rest_route=\/wp\/v2\/posts\/2867\/revisions"}],"predecessor-version":[{"id":2870,"href":"https:\/\/voxsahel.com\/index.php?rest_route=\/wp\/v2\/posts\/2867\/revisions\/2870"}],"wp:featuredmedia":[{"embeddable":true,"href":"https:\/\/voxsahel.com\/index.php?rest_route=\/wp\/v2\/media\/2869"}],"wp:attachment":[{"href":"https:\/\/voxsahel.com\/index.php?rest_route=%2Fwp%2Fv2%2Fmedia&parent=2867"}],"wp:term":[{"taxonomy":"category","embeddable":true,"href":"https:\/\/voxsahel.com\/index.php?rest_route=%2Fwp%2Fv2%2Fcategories&post=2867"},{"taxonomy":"post_tag","embeddable":true,"href":"https:\/\/voxsahel.com\/index.php?rest_route=%2Fwp%2Fv2%2Ftags&post=2867"}],"curies":[{"name":"wp","href":"https:\/\/api.w.org\/{rel}","templated":true}]}}