{"id":2826,"date":"2025-09-26T16:51:49","date_gmt":"2025-09-26T16:51:49","guid":{"rendered":"https:\/\/voxsahel.com\/?p=2826"},"modified":"2025-09-26T16:55:37","modified_gmt":"2025-09-26T16:55:37","slug":"relance-de-la-filiere-coton-le-dg-de-la-sofitex-seduit-par-les-champs-de-la-sn-citec","status":"publish","type":"post","link":"https:\/\/voxsahel.com\/?p=2826","title":{"rendered":"Relance de la fili\u00e8re Coton : Le DG de la SOFITEX s\u00e9duit par les champs de la SN Citec"},"content":{"rendered":"<p class=\"p1\">Une d\u00e9l\u00e9gation conjointe de la Soci\u00e9t\u00e9 burkinab\u00e8 des fibres textiles (SOFITEX SA) et de la Soci\u00e9t\u00e9 nouvelle Citec (SN Citec SA) a effectu\u00e9 une visite des champs de coton de la SN Citec \u00e0 Y\u00e9gu\u00e9r\u00e9, dans la commune rurale de Soumousso. L\u2019initiative s\u2019inscrit dans une dynamique de soutien \u00e0 la relance de la fili\u00e8re cotonni\u00e8re, un des pilier mis de l\u2019\u00e9conomie nationale.<\/p>\n<p><img loading=\"lazy\" decoding=\"async\" class=\"aligncenter size-large wp-image-2827\" src=\"https:\/\/voxsahel.com\/wp-content\/uploads\/2025\/09\/7e7508ae-e5c8-4b3b-84df-dfa0b386756d-1024x576.jpeg\" alt=\"\" width=\"640\" height=\"360\" srcset=\"https:\/\/voxsahel.com\/wp-content\/uploads\/2025\/09\/7e7508ae-e5c8-4b3b-84df-dfa0b386756d-1024x576.jpeg 1024w, https:\/\/voxsahel.com\/wp-content\/uploads\/2025\/09\/7e7508ae-e5c8-4b3b-84df-dfa0b386756d-300x169.jpeg 300w, https:\/\/voxsahel.com\/wp-content\/uploads\/2025\/09\/7e7508ae-e5c8-4b3b-84df-dfa0b386756d-768x432.jpeg 768w, https:\/\/voxsahel.com\/wp-content\/uploads\/2025\/09\/7e7508ae-e5c8-4b3b-84df-dfa0b386756d-1536x864.jpeg 1536w, https:\/\/voxsahel.com\/wp-content\/uploads\/2025\/09\/7e7508ae-e5c8-4b3b-84df-dfa0b386756d-2048x1152.jpeg 2048w, https:\/\/voxsahel.com\/wp-content\/uploads\/2025\/09\/7e7508ae-e5c8-4b3b-84df-dfa0b386756d-1080x608.jpeg 1080w, https:\/\/voxsahel.com\/wp-content\/uploads\/2025\/09\/7e7508ae-e5c8-4b3b-84df-dfa0b386756d-610x343.jpeg 610w, https:\/\/voxsahel.com\/wp-content\/uploads\/2025\/09\/7e7508ae-e5c8-4b3b-84df-dfa0b386756d-800x450.jpeg 800w\" sizes=\"(max-width: 640px) 100vw, 640px\" \/><\/p>\n<p class=\"p3\"><span class=\"s3\">Conduite par le Directeur g\u00e9n\u00e9ral de la SOFITEX, M. <\/span><span class=\"s2\">Bienvenu Par\u00e9<\/span><span class=\"s3\">, et son homologue de la SN Citec, M. <\/span><span class=\"s2\">Ibrahim Traor\u00e9<\/span><span class=\"s3\">, la mission a permis de constater l\u2019\u00e9tat prometteur des parcelles suivies par les techniciens de la SOFITEX. Selon les pr\u00e9visions, les rendements pourraient d\u00e9passer <\/span><span class=\"s2\">une tonne de coton graine par hectare<\/span><span class=\"s3\">, un niveau jug\u00e9 exceptionnel pour une premi\u00e8re exp\u00e9rience.<\/span><\/p>\n<p><img loading=\"lazy\" decoding=\"async\" class=\"aligncenter size-large wp-image-2828\" src=\"https:\/\/voxsahel.com\/wp-content\/uploads\/2025\/09\/f7568d08-2705-4f12-9c4e-664304c42619-1024x576.jpeg\" alt=\"\" width=\"640\" height=\"360\" srcset=\"https:\/\/voxsahel.com\/wp-content\/uploads\/2025\/09\/f7568d08-2705-4f12-9c4e-664304c42619-1024x576.jpeg 1024w, https:\/\/voxsahel.com\/wp-content\/uploads\/2025\/09\/f7568d08-2705-4f12-9c4e-664304c42619-300x169.jpeg 300w, https:\/\/voxsahel.com\/wp-content\/uploads\/2025\/09\/f7568d08-2705-4f12-9c4e-664304c42619-768x432.jpeg 768w, https:\/\/voxsahel.com\/wp-content\/uploads\/2025\/09\/f7568d08-2705-4f12-9c4e-664304c42619-1536x864.jpeg 1536w, https:\/\/voxsahel.com\/wp-content\/uploads\/2025\/09\/f7568d08-2705-4f12-9c4e-664304c42619-2048x1152.jpeg 2048w, https:\/\/voxsahel.com\/wp-content\/uploads\/2025\/09\/f7568d08-2705-4f12-9c4e-664304c42619-1080x608.jpeg 1080w, https:\/\/voxsahel.com\/wp-content\/uploads\/2025\/09\/f7568d08-2705-4f12-9c4e-664304c42619-610x343.jpeg 610w, https:\/\/voxsahel.com\/wp-content\/uploads\/2025\/09\/f7568d08-2705-4f12-9c4e-664304c42619-800x450.jpeg 800w\" sizes=\"(max-width: 640px) 100vw, 640px\" \/><\/p>\n<p class=\"p3\"><span class=\"s3\">Pour Ibrahim Traor\u00e9, cette d\u00e9marche illustre l\u2019engagement ferme de la SN Citec \u00e0 accompagner la production cotonni\u00e8re nationale, en lien direct avec ses activit\u00e9s industrielles. Le dirigeant a salu\u00e9 le leadership de Bienvenu Par\u00e9 et le travail des techniciens qui ont assur\u00e9 le suivi des parcelles.<\/span><\/p>\n<p><img loading=\"lazy\" decoding=\"async\" class=\"aligncenter size-full wp-image-2829\" src=\"https:\/\/voxsahel.com\/wp-content\/uploads\/2025\/09\/f605eda4-cc9f-4b6c-83e8-dddf6f041587.jpeg\" alt=\"\" width=\"1020\" height=\"574\" srcset=\"https:\/\/voxsahel.com\/wp-content\/uploads\/2025\/09\/f605eda4-cc9f-4b6c-83e8-dddf6f041587.jpeg 1020w, https:\/\/voxsahel.com\/wp-content\/uploads\/2025\/09\/f605eda4-cc9f-4b6c-83e8-dddf6f041587-300x169.jpeg 300w, https:\/\/voxsahel.com\/wp-content\/uploads\/2025\/09\/f605eda4-cc9f-4b6c-83e8-dddf6f041587-768x432.jpeg 768w, https:\/\/voxsahel.com\/wp-content\/uploads\/2025\/09\/f605eda4-cc9f-4b6c-83e8-dddf6f041587-610x343.jpeg 610w, https:\/\/voxsahel.com\/wp-content\/uploads\/2025\/09\/f605eda4-cc9f-4b6c-83e8-dddf6f041587-800x450.jpeg 800w\" sizes=\"(max-width: 1020px) 100vw, 1020px\" \/><\/p>\n<p class=\"p3\"><span class=\"s3\">De son c\u00f4t\u00e9, le Directeur g\u00e9n\u00e9ral de la SOFITEX a f\u00e9licit\u00e9 la SN Citec pour cette initiative \u00ab exemplaire \u00bb, appelant d\u2019autres entreprises \u00e0 suivre cet exemple afin de renforcer la r\u00e9silience de la fili\u00e8re. \u00ab La situation agronomique des champs est plus qu\u2019exceptionnelle. Nos \u00e9quipes resteront pleinement disponibles pour la r\u00e9ussite de toutes les activit\u00e9s \u00bb, a assur\u00e9 M. Par\u00e9.<\/span><\/p>\n<p><img loading=\"lazy\" decoding=\"async\" class=\"aligncenter size-full wp-image-2831\" src=\"https:\/\/voxsahel.com\/wp-content\/uploads\/2025\/09\/363a306e-d17a-4000-ad18-3ea0a9b0a275.jpeg\" alt=\"\" width=\"574\" height=\"846\" srcset=\"https:\/\/voxsahel.com\/wp-content\/uploads\/2025\/09\/363a306e-d17a-4000-ad18-3ea0a9b0a275.jpeg 574w, https:\/\/voxsahel.com\/wp-content\/uploads\/2025\/09\/363a306e-d17a-4000-ad18-3ea0a9b0a275-204x300.jpeg 204w\" sizes=\"(max-width: 574px) 100vw, 574px\" \/><\/p>\n<p class=\"p3\"><span class=\"s3\">La visite s\u2019est \u00e9galement d\u00e9roul\u00e9e en pr\u00e9sence de M. <\/span><span class=\"s2\">Guy Som\u00e9<\/span><span class=\"s3\">, ancien DG de la SOFITEX et repr\u00e9sentant des administrateurs de la SN Citec. Celui-ci a encourag\u00e9 les deux soci\u00e9t\u00e9s \u00e0 poursuivre cette collaboration jug\u00e9e strat\u00e9gique pour l\u2019avenir du coton au Burkina Faso.<\/span><\/p>\n<p><img loading=\"lazy\" decoding=\"async\" class=\"aligncenter size-large wp-image-2832\" src=\"https:\/\/voxsahel.com\/wp-content\/uploads\/2025\/09\/53a78929-c24b-4241-b617-c882fe15d94f-780x1024.jpeg\" alt=\"\" width=\"640\" height=\"840\" srcset=\"https:\/\/voxsahel.com\/wp-content\/uploads\/2025\/09\/53a78929-c24b-4241-b617-c882fe15d94f-780x1024.jpeg 780w, https:\/\/voxsahel.com\/wp-content\/uploads\/2025\/09\/53a78929-c24b-4241-b617-c882fe15d94f-228x300.jpeg 228w, https:\/\/voxsahel.com\/wp-content\/uploads\/2025\/09\/53a78929-c24b-4241-b617-c882fe15d94f-768x1009.jpeg 768w, https:\/\/voxsahel.com\/wp-content\/uploads\/2025\/09\/53a78929-c24b-4241-b617-c882fe15d94f-1169x1536.jpeg 1169w, https:\/\/voxsahel.com\/wp-content\/uploads\/2025\/09\/53a78929-c24b-4241-b617-c882fe15d94f-1559x2048.jpeg 1559w, https:\/\/voxsahel.com\/wp-content\/uploads\/2025\/09\/53a78929-c24b-4241-b617-c882fe15d94f-1080x1419.jpeg 1080w, https:\/\/voxsahel.com\/wp-content\/uploads\/2025\/09\/53a78929-c24b-4241-b617-c882fe15d94f-610x801.jpeg 610w, https:\/\/voxsahel.com\/wp-content\/uploads\/2025\/09\/53a78929-c24b-4241-b617-c882fe15d94f.jpeg 1949w\" sizes=\"(max-width: 640px) 100vw, 640px\" \/><\/p>\n<p class=\"p3\"><span class=\"s3\">\u00c0 travers cette initiative, la SN Citec confirme sa position de leader industriel engag\u00e9 dans la relance de la fili\u00e8re coton, un secteur vital pour l\u2019\u00e9conomie nationale et source de revenus pour des centaines de milliers de producteurs.<\/span><\/p>\n<p style=\"text-align: right;\"><strong>Par Vox Sahel\u00a0<\/strong><\/p>\n","protected":false},"excerpt":{"rendered":"<p>Une d\u00e9l\u00e9gation conjointe de la Soci\u00e9t\u00e9 burkinab\u00e8 des fibres textiles (SOFITEX SA) et de la<\/p>\n","protected":false},"author":2,"featured_media":2836,"comment_status":"open","ping_status":"open","sticky":false,"template":"","format":"standard","meta":{"_et_pb_use_builder":"","_et_pb_old_content":"","_et_gb_content_width":"","footnotes":""},"categories":[8],"tags":[240,18,186,183,239,238,529,246,199,242],"class_list":["post-2826","post","type-post","status-publish","format-standard","has-post-thumbnail","hentry","category-developpement","tag-association-interprofessionnelle-du-coton-burkinabe","tag-burkina-faso","tag-chaine-de-valeur-du-coton","tag-coton","tag-coton-bt","tag-coton-ogm","tag-sn-citec","tag-societe-burkinabe-des-fibres-textiles","tag-sofitex","tag-union-nationale-des-producteurs-de-coton-du-burkina"],"yoast_head":"<!-- This site is optimized with the Yoast SEO plugin v27.5 - https:\/\/yoast.com\/product\/yoast-seo-wordpress\/ -->\n<title>Relance de la fili\u00e8re Coton : Le DG de la SOFITEX s\u00e9duit par les champs de la SN Citec - Vox Sahel<\/title>\n<meta name=\"robots\" content=\"index, follow, max-snippet:-1, max-image-preview:large, max-video-preview:-1\" \/>\n<link rel=\"canonical\" href=\"https:\/\/voxsahel.com\/?p=2826\" \/>\n<meta property=\"og:locale\" content=\"fr_FR\" \/>\n<meta property=\"og:type\" content=\"article\" \/>\n<meta property=\"og:title\" content=\"Relance de la fili\u00e8re Coton : Le DG de la SOFITEX s\u00e9duit par les champs de la SN Citec - Vox Sahel\" \/>\n<meta property=\"og:description\" content=\"Une d\u00e9l\u00e9gation conjointe de la Soci\u00e9t\u00e9 burkinab\u00e8 des fibres textiles (SOFITEX SA) et de la\" \/>\n<meta property=\"og:url\" content=\"https:\/\/voxsahel.com\/?p=2826\" \/>\n<meta property=\"og:site_name\" content=\"Vox Sahel\" \/>\n<meta property=\"article:publisher\" content=\"https:\/\/www.facebook.com\/journal.voxsahel\" \/>\n<meta property=\"article:published_time\" content=\"2025-09-26T16:51:49+00:00\" \/>\n<meta property=\"article:modified_time\" content=\"2025-09-26T16:55:37+00:00\" \/>\n<meta property=\"og:image\" content=\"https:\/\/voxsahel.com\/wp-content\/uploads\/2025\/09\/3f7b7c84-053e-446f-9d9e-c2dbec893d26.jpeg\" \/>\n\t<meta property=\"og:image:width\" content=\"850\" \/>\n\t<meta property=\"og:image:height\" content=\"748\" \/>\n\t<meta property=\"og:image:type\" content=\"image\/jpeg\" \/>\n<meta name=\"author\" content=\"Vox Sahel\" \/>\n<meta name=\"twitter:card\" content=\"summary_large_image\" \/>\n<meta name=\"twitter:label1\" content=\"\u00c9crit par\" \/>\n\t<meta name=\"twitter:data1\" content=\"Vox Sahel\" \/>\n\t<meta name=\"twitter:label2\" content=\"Dur\u00e9e de lecture estim\u00e9e\" \/>\n\t<meta name=\"twitter:data2\" content=\"3 minutes\" \/>\n<script type=\"application\/ld+json\" class=\"yoast-schema-graph\">{\"@context\":\"https:\\\/\\\/schema.org\",\"@graph\":[{\"@type\":\"Article\",\"@id\":\"https:\\\/\\\/voxsahel.com\\\/?p=2826#article\",\"isPartOf\":{\"@id\":\"https:\\\/\\\/voxsahel.com\\\/?p=2826\"},\"author\":{\"name\":\"Vox Sahel\",\"@id\":\"https:\\\/\\\/voxsahel.com\\\/#\\\/schema\\\/person\\\/b4043608248f8fa227cd760e7ff1e19e\"},\"headline\":\"Relance de la fili\u00e8re Coton : Le DG de la SOFITEX s\u00e9duit par les champs de la SN Citec\",\"datePublished\":\"2025-09-26T16:51:49+00:00\",\"dateModified\":\"2025-09-26T16:55:37+00:00\",\"mainEntityOfPage\":{\"@id\":\"https:\\\/\\\/voxsahel.com\\\/?p=2826\"},\"wordCount\":367,\"commentCount\":0,\"publisher\":{\"@id\":\"https:\\\/\\\/voxsahel.com\\\/#organization\"},\"image\":{\"@id\":\"https:\\\/\\\/voxsahel.com\\\/?p=2826#primaryimage\"},\"thumbnailUrl\":\"https:\\\/\\\/voxsahel.com\\\/wp-content\\\/uploads\\\/2025\\\/09\\\/3f7b7c84-053e-446f-9d9e-c2dbec893d26.jpeg\",\"keywords\":[\"Association interprofessionnelle du Coton Burkinab\u00e8\",\"Burkina Faso\",\"cha\u00eene de valeur du coton\",\"Coton\",\"Coton BT\",\"Coton OGM\",\"SN Citec\",\"Soci\u00e9t\u00e9 burkinab\u00e8 des fibres textiles\",\"SOFITEX\",\"Union nationale des producteurs de coton du Burkina\"],\"articleSection\":[\"DEVELOPPEMENT\"],\"inLanguage\":\"fr-FR\",\"potentialAction\":[{\"@type\":\"CommentAction\",\"name\":\"Comment\",\"target\":[\"https:\\\/\\\/voxsahel.com\\\/?p=2826#respond\"]}]},{\"@type\":\"WebPage\",\"@id\":\"https:\\\/\\\/voxsahel.com\\\/?p=2826\",\"url\":\"https:\\\/\\\/voxsahel.com\\\/?p=2826\",\"name\":\"Relance de la fili\u00e8re Coton : Le DG de la SOFITEX s\u00e9duit par les champs de la SN Citec - Vox Sahel\",\"isPartOf\":{\"@id\":\"https:\\\/\\\/voxsahel.com\\\/#website\"},\"primaryImageOfPage\":{\"@id\":\"https:\\\/\\\/voxsahel.com\\\/?p=2826#primaryimage\"},\"image\":{\"@id\":\"https:\\\/\\\/voxsahel.com\\\/?p=2826#primaryimage\"},\"thumbnailUrl\":\"https:\\\/\\\/voxsahel.com\\\/wp-content\\\/uploads\\\/2025\\\/09\\\/3f7b7c84-053e-446f-9d9e-c2dbec893d26.jpeg\",\"datePublished\":\"2025-09-26T16:51:49+00:00\",\"dateModified\":\"2025-09-26T16:55:37+00:00\",\"breadcrumb\":{\"@id\":\"https:\\\/\\\/voxsahel.com\\\/?p=2826#breadcrumb\"},\"inLanguage\":\"fr-FR\",\"potentialAction\":[{\"@type\":\"ReadAction\",\"target\":[\"https:\\\/\\\/voxsahel.com\\\/?p=2826\"]}]},{\"@type\":\"ImageObject\",\"inLanguage\":\"fr-FR\",\"@id\":\"https:\\\/\\\/voxsahel.com\\\/?p=2826#primaryimage\",\"url\":\"https:\\\/\\\/voxsahel.com\\\/wp-content\\\/uploads\\\/2025\\\/09\\\/3f7b7c84-053e-446f-9d9e-c2dbec893d26.jpeg\",\"contentUrl\":\"https:\\\/\\\/voxsahel.com\\\/wp-content\\\/uploads\\\/2025\\\/09\\\/3f7b7c84-053e-446f-9d9e-c2dbec893d26.jpeg\",\"width\":850,\"height\":748},{\"@type\":\"BreadcrumbList\",\"@id\":\"https:\\\/\\\/voxsahel.com\\\/?p=2826#breadcrumb\",\"itemListElement\":[{\"@type\":\"ListItem\",\"position\":1,\"name\":\"Home\",\"item\":\"https:\\\/\\\/voxsahel.com\\\/\"},{\"@type\":\"ListItem\",\"position\":2,\"name\":\"Relance de la fili\u00e8re Coton : Le DG de la SOFITEX s\u00e9duit par les champs de la SN Citec\"}]},{\"@type\":\"WebSite\",\"@id\":\"https:\\\/\\\/voxsahel.com\\\/#website\",\"url\":\"https:\\\/\\\/voxsahel.com\\\/\",\"name\":\"Vox Sahel\",\"description\":\"Informez-vous sur le Sahel en un clic\",\"publisher\":{\"@id\":\"https:\\\/\\\/voxsahel.com\\\/#organization\"},\"potentialAction\":[{\"@type\":\"SearchAction\",\"target\":{\"@type\":\"EntryPoint\",\"urlTemplate\":\"https:\\\/\\\/voxsahel.com\\\/?s={search_term_string}\"},\"query-input\":{\"@type\":\"PropertyValueSpecification\",\"valueRequired\":true,\"valueName\":\"search_term_string\"}}],\"inLanguage\":\"fr-FR\"},{\"@type\":\"Organization\",\"@id\":\"https:\\\/\\\/voxsahel.com\\\/#organization\",\"name\":\"Vox Sahel\",\"url\":\"https:\\\/\\\/voxsahel.com\\\/\",\"logo\":{\"@type\":\"ImageObject\",\"inLanguage\":\"fr-FR\",\"@id\":\"https:\\\/\\\/voxsahel.com\\\/#\\\/schema\\\/logo\\\/image\\\/\",\"url\":\"https:\\\/\\\/voxsahel.com\\\/wp-content\\\/uploads\\\/2024\\\/09\\\/Logo-Vox-Sahel.jpg\",\"contentUrl\":\"https:\\\/\\\/voxsahel.com\\\/wp-content\\\/uploads\\\/2024\\\/09\\\/Logo-Vox-Sahel.jpg\",\"width\":1181,\"height\":848,\"caption\":\"Vox Sahel\"},\"image\":{\"@id\":\"https:\\\/\\\/voxsahel.com\\\/#\\\/schema\\\/logo\\\/image\\\/\"},\"sameAs\":[\"https:\\\/\\\/www.facebook.com\\\/journal.voxsahel\"]},{\"@type\":\"Person\",\"@id\":\"https:\\\/\\\/voxsahel.com\\\/#\\\/schema\\\/person\\\/b4043608248f8fa227cd760e7ff1e19e\",\"name\":\"Vox Sahel\",\"image\":{\"@type\":\"ImageObject\",\"inLanguage\":\"fr-FR\",\"@id\":\"https:\\\/\\\/secure.gravatar.com\\\/avatar\\\/f70e7fa0cb9b29d4a7c5788d6eb2e9ab4d3135cbae1c9161810fdf77a8964699?s=96&d=mm&r=g\",\"url\":\"https:\\\/\\\/secure.gravatar.com\\\/avatar\\\/f70e7fa0cb9b29d4a7c5788d6eb2e9ab4d3135cbae1c9161810fdf77a8964699?s=96&d=mm&r=g\",\"contentUrl\":\"https:\\\/\\\/secure.gravatar.com\\\/avatar\\\/f70e7fa0cb9b29d4a7c5788d6eb2e9ab4d3135cbae1c9161810fdf77a8964699?s=96&d=mm&r=g\",\"caption\":\"Vox Sahel\"},\"sameAs\":[\"http:\\\/\\\/www.voxsahel.com\"],\"url\":\"https:\\\/\\\/voxsahel.com\\\/?author=2\"}]}<\/script>\n<!-- \/ Yoast SEO plugin. -->","yoast_head_json":{"title":"Relance de la fili\u00e8re Coton : Le DG de la SOFITEX s\u00e9duit par les champs de la SN Citec - Vox Sahel","robots":{"index":"index","follow":"follow","max-snippet":"max-snippet:-1","max-image-preview":"max-image-preview:large","max-video-preview":"max-video-preview:-1"},"canonical":"https:\/\/voxsahel.com\/?p=2826","og_locale":"fr_FR","og_type":"article","og_title":"Relance de la fili\u00e8re Coton : Le DG de la SOFITEX s\u00e9duit par les champs de la SN Citec - Vox Sahel","og_description":"Une d\u00e9l\u00e9gation conjointe de la Soci\u00e9t\u00e9 burkinab\u00e8 des fibres textiles (SOFITEX SA) et de la","og_url":"https:\/\/voxsahel.com\/?p=2826","og_site_name":"Vox Sahel","article_publisher":"https:\/\/www.facebook.com\/journal.voxsahel","article_published_time":"2025-09-26T16:51:49+00:00","article_modified_time":"2025-09-26T16:55:37+00:00","og_image":[{"width":850,"height":748,"url":"https:\/\/voxsahel.com\/wp-content\/uploads\/2025\/09\/3f7b7c84-053e-446f-9d9e-c2dbec893d26.jpeg","type":"image\/jpeg"}],"author":"Vox Sahel","twitter_card":"summary_large_image","twitter_misc":{"\u00c9crit par":"Vox Sahel","Dur\u00e9e de lecture estim\u00e9e":"3 minutes"},"schema":{"@context":"https:\/\/schema.org","@graph":[{"@type":"Article","@id":"https:\/\/voxsahel.com\/?p=2826#article","isPartOf":{"@id":"https:\/\/voxsahel.com\/?p=2826"},"author":{"name":"Vox Sahel","@id":"https:\/\/voxsahel.com\/#\/schema\/person\/b4043608248f8fa227cd760e7ff1e19e"},"headline":"Relance de la fili\u00e8re Coton : Le DG de la SOFITEX s\u00e9duit par les champs de la SN Citec","datePublished":"2025-09-26T16:51:49+00:00","dateModified":"2025-09-26T16:55:37+00:00","mainEntityOfPage":{"@id":"https:\/\/voxsahel.com\/?p=2826"},"wordCount":367,"commentCount":0,"publisher":{"@id":"https:\/\/voxsahel.com\/#organization"},"image":{"@id":"https:\/\/voxsahel.com\/?p=2826#primaryimage"},"thumbnailUrl":"https:\/\/voxsahel.com\/wp-content\/uploads\/2025\/09\/3f7b7c84-053e-446f-9d9e-c2dbec893d26.jpeg","keywords":["Association interprofessionnelle du Coton Burkinab\u00e8","Burkina Faso","cha\u00eene de valeur du coton","Coton","Coton BT","Coton OGM","SN Citec","Soci\u00e9t\u00e9 burkinab\u00e8 des fibres textiles","SOFITEX","Union nationale des producteurs de coton du Burkina"],"articleSection":["DEVELOPPEMENT"],"inLanguage":"fr-FR","potentialAction":[{"@type":"CommentAction","name":"Comment","target":["https:\/\/voxsahel.com\/?p=2826#respond"]}]},{"@type":"WebPage","@id":"https:\/\/voxsahel.com\/?p=2826","url":"https:\/\/voxsahel.com\/?p=2826","name":"Relance de la fili\u00e8re Coton : Le DG de la SOFITEX s\u00e9duit par les champs de la SN Citec - Vox Sahel","isPartOf":{"@id":"https:\/\/voxsahel.com\/#website"},"primaryImageOfPage":{"@id":"https:\/\/voxsahel.com\/?p=2826#primaryimage"},"image":{"@id":"https:\/\/voxsahel.com\/?p=2826#primaryimage"},"thumbnailUrl":"https:\/\/voxsahel.com\/wp-content\/uploads\/2025\/09\/3f7b7c84-053e-446f-9d9e-c2dbec893d26.jpeg","datePublished":"2025-09-26T16:51:49+00:00","dateModified":"2025-09-26T16:55:37+00:00","breadcrumb":{"@id":"https:\/\/voxsahel.com\/?p=2826#breadcrumb"},"inLanguage":"fr-FR","potentialAction":[{"@type":"ReadAction","target":["https:\/\/voxsahel.com\/?p=2826"]}]},{"@type":"ImageObject","inLanguage":"fr-FR","@id":"https:\/\/voxsahel.com\/?p=2826#primaryimage","url":"https:\/\/voxsahel.com\/wp-content\/uploads\/2025\/09\/3f7b7c84-053e-446f-9d9e-c2dbec893d26.jpeg","contentUrl":"https:\/\/voxsahel.com\/wp-content\/uploads\/2025\/09\/3f7b7c84-053e-446f-9d9e-c2dbec893d26.jpeg","width":850,"height":748},{"@type":"BreadcrumbList","@id":"https:\/\/voxsahel.com\/?p=2826#breadcrumb","itemListElement":[{"@type":"ListItem","position":1,"name":"Home","item":"https:\/\/voxsahel.com\/"},{"@type":"ListItem","position":2,"name":"Relance de la fili\u00e8re Coton : Le DG de la SOFITEX s\u00e9duit par les champs de la SN Citec"}]},{"@type":"WebSite","@id":"https:\/\/voxsahel.com\/#website","url":"https:\/\/voxsahel.com\/","name":"Vox Sahel","description":"Informez-vous sur le Sahel en un clic","publisher":{"@id":"https:\/\/voxsahel.com\/#organization"},"potentialAction":[{"@type":"SearchAction","target":{"@type":"EntryPoint","urlTemplate":"https:\/\/voxsahel.com\/?s={search_term_string}"},"query-input":{"@type":"PropertyValueSpecification","valueRequired":true,"valueName":"search_term_string"}}],"inLanguage":"fr-FR"},{"@type":"Organization","@id":"https:\/\/voxsahel.com\/#organization","name":"Vox Sahel","url":"https:\/\/voxsahel.com\/","logo":{"@type":"ImageObject","inLanguage":"fr-FR","@id":"https:\/\/voxsahel.com\/#\/schema\/logo\/image\/","url":"https:\/\/voxsahel.com\/wp-content\/uploads\/2024\/09\/Logo-Vox-Sahel.jpg","contentUrl":"https:\/\/voxsahel.com\/wp-content\/uploads\/2024\/09\/Logo-Vox-Sahel.jpg","width":1181,"height":848,"caption":"Vox Sahel"},"image":{"@id":"https:\/\/voxsahel.com\/#\/schema\/logo\/image\/"},"sameAs":["https:\/\/www.facebook.com\/journal.voxsahel"]},{"@type":"Person","@id":"https:\/\/voxsahel.com\/#\/schema\/person\/b4043608248f8fa227cd760e7ff1e19e","name":"Vox Sahel","image":{"@type":"ImageObject","inLanguage":"fr-FR","@id":"https:\/\/secure.gravatar.com\/avatar\/f70e7fa0cb9b29d4a7c5788d6eb2e9ab4d3135cbae1c9161810fdf77a8964699?s=96&d=mm&r=g","url":"https:\/\/secure.gravatar.com\/avatar\/f70e7fa0cb9b29d4a7c5788d6eb2e9ab4d3135cbae1c9161810fdf77a8964699?s=96&d=mm&r=g","contentUrl":"https:\/\/secure.gravatar.com\/avatar\/f70e7fa0cb9b29d4a7c5788d6eb2e9ab4d3135cbae1c9161810fdf77a8964699?s=96&d=mm&r=g","caption":"Vox Sahel"},"sameAs":["http:\/\/www.voxsahel.com"],"url":"https:\/\/voxsahel.com\/?author=2"}]}},"_links":{"self":[{"href":"https:\/\/voxsahel.com\/index.php?rest_route=\/wp\/v2\/posts\/2826","targetHints":{"allow":["GET"]}}],"collection":[{"href":"https:\/\/voxsahel.com\/index.php?rest_route=\/wp\/v2\/posts"}],"about":[{"href":"https:\/\/voxsahel.com\/index.php?rest_route=\/wp\/v2\/types\/post"}],"author":[{"embeddable":true,"href":"https:\/\/voxsahel.com\/index.php?rest_route=\/wp\/v2\/users\/2"}],"replies":[{"embeddable":true,"href":"https:\/\/voxsahel.com\/index.php?rest_route=%2Fwp%2Fv2%2Fcomments&post=2826"}],"version-history":[{"count":1,"href":"https:\/\/voxsahel.com\/index.php?rest_route=\/wp\/v2\/posts\/2826\/revisions"}],"predecessor-version":[{"id":2834,"href":"https:\/\/voxsahel.com\/index.php?rest_route=\/wp\/v2\/posts\/2826\/revisions\/2834"}],"wp:featuredmedia":[{"embeddable":true,"href":"https:\/\/voxsahel.com\/index.php?rest_route=\/wp\/v2\/media\/2836"}],"wp:attachment":[{"href":"https:\/\/voxsahel.com\/index.php?rest_route=%2Fwp%2Fv2%2Fmedia&parent=2826"}],"wp:term":[{"taxonomy":"category","embeddable":true,"href":"https:\/\/voxsahel.com\/index.php?rest_route=%2Fwp%2Fv2%2Fcategories&post=2826"},{"taxonomy":"post_tag","embeddable":true,"href":"https:\/\/voxsahel.com\/index.php?rest_route=%2Fwp%2Fv2%2Ftags&post=2826"}],"curies":[{"name":"wp","href":"https:\/\/api.w.org\/{rel}","templated":true}]}}