{"id":2810,"date":"2025-09-22T20:53:56","date_gmt":"2025-09-22T20:53:56","guid":{"rendered":"https:\/\/voxsahel.com\/?p=2810"},"modified":"2025-09-22T20:55:38","modified_gmt":"2025-09-22T20:55:38","slug":"justice-internationale-burkina-faso-mali-et-niger-annoncent-leur-retrait-de-la-cour-penale-internationale","status":"publish","type":"post","link":"https:\/\/voxsahel.com\/?p=2810","title":{"rendered":"Justice internationale : Burkina Faso, Mali et Niger annoncent leur retrait de la Cour p\u00e9nale internationale"},"content":{"rendered":"<p class=\"p3\"><span class=\"s3\">Dans un communiqu\u00e9 conjoint rendu public ce lundi 22 septembre 2025, les \u00c9tats membres de la Conf\u00e9d\u00e9ration des \u00c9tats du Sahel (AES), le Burkina Faso, le Mali et le Niger, ont annonc\u00e9 leur retrait imm\u00e9diat du Statut de Rome de la Cour p\u00e9nale internationale (CPI).<\/span><\/p>\n<p class=\"p3\"><span class=\"s3\">Le texte, sign\u00e9 par le pr\u00e9sident de la Conf\u00e9d\u00e9ration, le G\u00e9n\u00e9ral d\u2019Arm\u00e9e Assimi Go\u00efta, justifie cette d\u00e9cision par la \u00ab transformation de la CPI en instrument de r\u00e9pression n\u00e9ocolonial \u00bb, accusant l\u2019institution de pratiquer une \u00ab justice s\u00e9lective \u00bb et de se montrer \u00ab complaisante face aux crimes de guerre, crimes contre l\u2019humanit\u00e9, crimes de g\u00e9nocide et crimes d\u2019agression av\u00e9r\u00e9s \u00bb.<\/span><\/p>\n<p class=\"p3\"><span class=\"s3\">Le Burkina Faso avait ratifi\u00e9 le Statut de Rome en 2004, le Mali en 2000 et le Niger en 2002. Depuis, les trois pays ont collabor\u00e9 avec la CPI, notamment \u00e0 travers divers accords et protocoles li\u00e9s \u00e0 son implantation et \u00e0 ses activit\u00e9s sur leur territoire.<br \/>\nMais, selon le communiqu\u00e9, \u00ab \u00e0 l\u2019\u00e9preuve du temps, il leur a \u00e9t\u00e9 donn\u00e9 de constater que cette juridiction s\u2019est \u00e9rig\u00e9e en instrument au service de l\u2019imp\u00e9rialisme, excluant certains acteurs de toute poursuite, y compris en violation de son propre Statut \u00bb.<br \/>\n<\/span><\/p>\n<p class=\"p3\">La Conf\u00e9d\u00e9ration AES pr\u00e9sente ce retrait comme un acte de souverainet\u00e9. Elle affirme vouloir privil\u00e9gier \u00ab des m\u00e9canismes endog\u00e8nes pour la consolidation de la paix et de la justice \u00bb, tout en r\u00e9it\u00e9rant son engagement \u00e0 promouvoir et prot\u00e9ger les droits humains \u00ab en ad\u00e9quation avec ses valeurs soci\u00e9tales \u00bb et \u00e0 lutter contre l\u2019impunit\u00e9.<\/p>\n<blockquote>\n<p class=\"p3\"><span class=\"s3\"><strong>\u00ab Cette d\u00e9cision traduit la volont\u00e9 des \u00c9tats membres de l\u2019AES d\u2019affirmer pleinement leur souverainet\u00e9 et de b\u00e2tir une justice ind\u00e9pendante des influences ext\u00e9rieures \u00bb<\/strong>, souligne le communiqu\u00e9.<\/span><\/p>\n<\/blockquote>\n<p class=\"p3\"><span class=\"s3\">Les trois \u00c9tats sah\u00e9liens assurent toutefois qu\u2019ils continueront \u00e0 collaborer avec l\u2019ONU et d\u2019autres cadres internationaux \u00ab appropri\u00e9s \u00bb pour la d\u00e9fense des droits humains et le respect de la souverainet\u00e9 des nations.<\/span><\/p>\n<p class=\"p3\"><span class=\"s3\">Avec cette annonce, le Burkina Faso, le Mali et le Niger rejoignent la liste des rares pays \u00e0 se retirer formellement du Statut de Rome, un geste lourd de signification politique dans un contexte r\u00e9gional marqu\u00e9 par une red\u00e9finition des alliances diplomatiques et strat\u00e9giques.<\/span><\/p>\n<p class=\"p3\" style=\"text-align: right;\"><strong><span class=\"s3\">Par Vox Sahel <\/span><\/strong><\/p>\n","protected":false},"excerpt":{"rendered":"<p>Dans un communiqu\u00e9 conjoint rendu public ce lundi 22 septembre 2025, les \u00c9tats membres de<\/p>\n","protected":false},"author":2,"featured_media":2811,"comment_status":"open","ping_status":"open","sticky":false,"template":"","format":"standard","meta":{"_et_pb_use_builder":"","_et_pb_old_content":"","_et_gb_content_width":"","footnotes":""},"categories":[6],"tags":[356,61,62,124,18,174,123,31,60],"class_list":["post-2810","post","type-post","status-publish","format-standard","has-post-thumbnail","hentry","category-politique","tag-abdourahamane-tiani","tag-aes","tag-alliance-des-etats-du-sahel","tag-assimi-goita","tag-burkina-faso","tag-capitaine-ibrahim-traore","tag-confederation-de-lalliances-des-etats-du-sahel","tag-mali","tag-niger"],"yoast_head":"<!-- This site is optimized with the Yoast SEO plugin v27.5 - https:\/\/yoast.com\/product\/yoast-seo-wordpress\/ -->\n<title>Justice internationale : Burkina Faso, Mali et Niger annoncent leur retrait de la Cour p\u00e9nale internationale - Vox Sahel<\/title>\n<meta name=\"robots\" content=\"index, follow, max-snippet:-1, max-image-preview:large, max-video-preview:-1\" \/>\n<link rel=\"canonical\" href=\"https:\/\/voxsahel.com\/?p=2810\" \/>\n<meta property=\"og:locale\" content=\"fr_FR\" \/>\n<meta property=\"og:type\" content=\"article\" \/>\n<meta property=\"og:title\" content=\"Justice internationale : Burkina Faso, Mali et Niger annoncent leur retrait de la Cour p\u00e9nale internationale - Vox Sahel\" \/>\n<meta property=\"og:description\" content=\"Dans un communiqu\u00e9 conjoint rendu public ce lundi 22 septembre 2025, les \u00c9tats membres de\" \/>\n<meta property=\"og:url\" content=\"https:\/\/voxsahel.com\/?p=2810\" \/>\n<meta property=\"og:site_name\" content=\"Vox Sahel\" \/>\n<meta property=\"article:publisher\" content=\"https:\/\/www.facebook.com\/journal.voxsahel\" \/>\n<meta property=\"article:published_time\" content=\"2025-09-22T20:53:56+00:00\" \/>\n<meta property=\"article:modified_time\" content=\"2025-09-22T20:55:38+00:00\" \/>\n<meta property=\"og:image\" content=\"https:\/\/voxsahel.com\/wp-content\/uploads\/2025\/09\/IMG_0872.jpeg\" \/>\n\t<meta property=\"og:image:width\" content=\"1536\" \/>\n\t<meta property=\"og:image:height\" content=\"864\" \/>\n\t<meta property=\"og:image:type\" content=\"image\/jpeg\" \/>\n<meta name=\"author\" content=\"Vox Sahel\" \/>\n<meta name=\"twitter:card\" content=\"summary_large_image\" \/>\n<meta name=\"twitter:label1\" content=\"\u00c9crit par\" \/>\n\t<meta name=\"twitter:data1\" content=\"Vox Sahel\" \/>\n\t<meta name=\"twitter:label2\" content=\"Dur\u00e9e de lecture estim\u00e9e\" \/>\n\t<meta name=\"twitter:data2\" content=\"2 minutes\" \/>\n<script type=\"application\/ld+json\" class=\"yoast-schema-graph\">{\"@context\":\"https:\\\/\\\/schema.org\",\"@graph\":[{\"@type\":\"Article\",\"@id\":\"https:\\\/\\\/voxsahel.com\\\/?p=2810#article\",\"isPartOf\":{\"@id\":\"https:\\\/\\\/voxsahel.com\\\/?p=2810\"},\"author\":{\"name\":\"Vox Sahel\",\"@id\":\"https:\\\/\\\/voxsahel.com\\\/#\\\/schema\\\/person\\\/b4043608248f8fa227cd760e7ff1e19e\"},\"headline\":\"Justice internationale : Burkina Faso, Mali et Niger annoncent leur retrait de la Cour p\u00e9nale internationale\",\"datePublished\":\"2025-09-22T20:53:56+00:00\",\"dateModified\":\"2025-09-22T20:55:38+00:00\",\"mainEntityOfPage\":{\"@id\":\"https:\\\/\\\/voxsahel.com\\\/?p=2810\"},\"wordCount\":401,\"commentCount\":0,\"publisher\":{\"@id\":\"https:\\\/\\\/voxsahel.com\\\/#organization\"},\"image\":{\"@id\":\"https:\\\/\\\/voxsahel.com\\\/?p=2810#primaryimage\"},\"thumbnailUrl\":\"https:\\\/\\\/voxsahel.com\\\/wp-content\\\/uploads\\\/2025\\\/09\\\/IMG_0872.jpeg\",\"keywords\":[\"Abdourahamane Tiani\",\"AES\",\"Alliance des \u00c9tats du Sahel\",\"Assimi GO\u00cfTA\",\"Burkina Faso\",\"Capitaine Ibrahim Traor\u00e9\",\"Conf\u00e9d\u00e9ration de l\u2019Alliances des \u00c9tats du Sahel\",\"Mali\",\"Niger\"],\"articleSection\":[\"POLITIQUE\"],\"inLanguage\":\"fr-FR\",\"potentialAction\":[{\"@type\":\"CommentAction\",\"name\":\"Comment\",\"target\":[\"https:\\\/\\\/voxsahel.com\\\/?p=2810#respond\"]}]},{\"@type\":\"WebPage\",\"@id\":\"https:\\\/\\\/voxsahel.com\\\/?p=2810\",\"url\":\"https:\\\/\\\/voxsahel.com\\\/?p=2810\",\"name\":\"Justice internationale : Burkina Faso, Mali et Niger annoncent leur retrait de la Cour p\u00e9nale internationale - Vox Sahel\",\"isPartOf\":{\"@id\":\"https:\\\/\\\/voxsahel.com\\\/#website\"},\"primaryImageOfPage\":{\"@id\":\"https:\\\/\\\/voxsahel.com\\\/?p=2810#primaryimage\"},\"image\":{\"@id\":\"https:\\\/\\\/voxsahel.com\\\/?p=2810#primaryimage\"},\"thumbnailUrl\":\"https:\\\/\\\/voxsahel.com\\\/wp-content\\\/uploads\\\/2025\\\/09\\\/IMG_0872.jpeg\",\"datePublished\":\"2025-09-22T20:53:56+00:00\",\"dateModified\":\"2025-09-22T20:55:38+00:00\",\"breadcrumb\":{\"@id\":\"https:\\\/\\\/voxsahel.com\\\/?p=2810#breadcrumb\"},\"inLanguage\":\"fr-FR\",\"potentialAction\":[{\"@type\":\"ReadAction\",\"target\":[\"https:\\\/\\\/voxsahel.com\\\/?p=2810\"]}]},{\"@type\":\"ImageObject\",\"inLanguage\":\"fr-FR\",\"@id\":\"https:\\\/\\\/voxsahel.com\\\/?p=2810#primaryimage\",\"url\":\"https:\\\/\\\/voxsahel.com\\\/wp-content\\\/uploads\\\/2025\\\/09\\\/IMG_0872.jpeg\",\"contentUrl\":\"https:\\\/\\\/voxsahel.com\\\/wp-content\\\/uploads\\\/2025\\\/09\\\/IMG_0872.jpeg\",\"width\":1536,\"height\":864},{\"@type\":\"BreadcrumbList\",\"@id\":\"https:\\\/\\\/voxsahel.com\\\/?p=2810#breadcrumb\",\"itemListElement\":[{\"@type\":\"ListItem\",\"position\":1,\"name\":\"Home\",\"item\":\"https:\\\/\\\/voxsahel.com\\\/\"},{\"@type\":\"ListItem\",\"position\":2,\"name\":\"Justice internationale : Burkina Faso, Mali et Niger annoncent leur retrait de la Cour p\u00e9nale internationale\"}]},{\"@type\":\"WebSite\",\"@id\":\"https:\\\/\\\/voxsahel.com\\\/#website\",\"url\":\"https:\\\/\\\/voxsahel.com\\\/\",\"name\":\"Vox Sahel\",\"description\":\"Informez-vous sur le Sahel en un clic\",\"publisher\":{\"@id\":\"https:\\\/\\\/voxsahel.com\\\/#organization\"},\"potentialAction\":[{\"@type\":\"SearchAction\",\"target\":{\"@type\":\"EntryPoint\",\"urlTemplate\":\"https:\\\/\\\/voxsahel.com\\\/?s={search_term_string}\"},\"query-input\":{\"@type\":\"PropertyValueSpecification\",\"valueRequired\":true,\"valueName\":\"search_term_string\"}}],\"inLanguage\":\"fr-FR\"},{\"@type\":\"Organization\",\"@id\":\"https:\\\/\\\/voxsahel.com\\\/#organization\",\"name\":\"Vox Sahel\",\"url\":\"https:\\\/\\\/voxsahel.com\\\/\",\"logo\":{\"@type\":\"ImageObject\",\"inLanguage\":\"fr-FR\",\"@id\":\"https:\\\/\\\/voxsahel.com\\\/#\\\/schema\\\/logo\\\/image\\\/\",\"url\":\"https:\\\/\\\/voxsahel.com\\\/wp-content\\\/uploads\\\/2024\\\/09\\\/Logo-Vox-Sahel.jpg\",\"contentUrl\":\"https:\\\/\\\/voxsahel.com\\\/wp-content\\\/uploads\\\/2024\\\/09\\\/Logo-Vox-Sahel.jpg\",\"width\":1181,\"height\":848,\"caption\":\"Vox Sahel\"},\"image\":{\"@id\":\"https:\\\/\\\/voxsahel.com\\\/#\\\/schema\\\/logo\\\/image\\\/\"},\"sameAs\":[\"https:\\\/\\\/www.facebook.com\\\/journal.voxsahel\"]},{\"@type\":\"Person\",\"@id\":\"https:\\\/\\\/voxsahel.com\\\/#\\\/schema\\\/person\\\/b4043608248f8fa227cd760e7ff1e19e\",\"name\":\"Vox Sahel\",\"image\":{\"@type\":\"ImageObject\",\"inLanguage\":\"fr-FR\",\"@id\":\"https:\\\/\\\/secure.gravatar.com\\\/avatar\\\/f70e7fa0cb9b29d4a7c5788d6eb2e9ab4d3135cbae1c9161810fdf77a8964699?s=96&d=mm&r=g\",\"url\":\"https:\\\/\\\/secure.gravatar.com\\\/avatar\\\/f70e7fa0cb9b29d4a7c5788d6eb2e9ab4d3135cbae1c9161810fdf77a8964699?s=96&d=mm&r=g\",\"contentUrl\":\"https:\\\/\\\/secure.gravatar.com\\\/avatar\\\/f70e7fa0cb9b29d4a7c5788d6eb2e9ab4d3135cbae1c9161810fdf77a8964699?s=96&d=mm&r=g\",\"caption\":\"Vox Sahel\"},\"sameAs\":[\"http:\\\/\\\/www.voxsahel.com\"],\"url\":\"https:\\\/\\\/voxsahel.com\\\/?author=2\"}]}<\/script>\n<!-- \/ Yoast SEO plugin. -->","yoast_head_json":{"title":"Justice internationale : Burkina Faso, Mali et Niger annoncent leur retrait de la Cour p\u00e9nale internationale - Vox Sahel","robots":{"index":"index","follow":"follow","max-snippet":"max-snippet:-1","max-image-preview":"max-image-preview:large","max-video-preview":"max-video-preview:-1"},"canonical":"https:\/\/voxsahel.com\/?p=2810","og_locale":"fr_FR","og_type":"article","og_title":"Justice internationale : Burkina Faso, Mali et Niger annoncent leur retrait de la Cour p\u00e9nale internationale - Vox Sahel","og_description":"Dans un communiqu\u00e9 conjoint rendu public ce lundi 22 septembre 2025, les \u00c9tats membres de","og_url":"https:\/\/voxsahel.com\/?p=2810","og_site_name":"Vox Sahel","article_publisher":"https:\/\/www.facebook.com\/journal.voxsahel","article_published_time":"2025-09-22T20:53:56+00:00","article_modified_time":"2025-09-22T20:55:38+00:00","og_image":[{"width":1536,"height":864,"url":"https:\/\/voxsahel.com\/wp-content\/uploads\/2025\/09\/IMG_0872.jpeg","type":"image\/jpeg"}],"author":"Vox Sahel","twitter_card":"summary_large_image","twitter_misc":{"\u00c9crit par":"Vox Sahel","Dur\u00e9e de lecture estim\u00e9e":"2 minutes"},"schema":{"@context":"https:\/\/schema.org","@graph":[{"@type":"Article","@id":"https:\/\/voxsahel.com\/?p=2810#article","isPartOf":{"@id":"https:\/\/voxsahel.com\/?p=2810"},"author":{"name":"Vox Sahel","@id":"https:\/\/voxsahel.com\/#\/schema\/person\/b4043608248f8fa227cd760e7ff1e19e"},"headline":"Justice internationale : Burkina Faso, Mali et Niger annoncent leur retrait de la Cour p\u00e9nale internationale","datePublished":"2025-09-22T20:53:56+00:00","dateModified":"2025-09-22T20:55:38+00:00","mainEntityOfPage":{"@id":"https:\/\/voxsahel.com\/?p=2810"},"wordCount":401,"commentCount":0,"publisher":{"@id":"https:\/\/voxsahel.com\/#organization"},"image":{"@id":"https:\/\/voxsahel.com\/?p=2810#primaryimage"},"thumbnailUrl":"https:\/\/voxsahel.com\/wp-content\/uploads\/2025\/09\/IMG_0872.jpeg","keywords":["Abdourahamane Tiani","AES","Alliance des \u00c9tats du Sahel","Assimi GO\u00cfTA","Burkina Faso","Capitaine Ibrahim Traor\u00e9","Conf\u00e9d\u00e9ration de l\u2019Alliances des \u00c9tats du Sahel","Mali","Niger"],"articleSection":["POLITIQUE"],"inLanguage":"fr-FR","potentialAction":[{"@type":"CommentAction","name":"Comment","target":["https:\/\/voxsahel.com\/?p=2810#respond"]}]},{"@type":"WebPage","@id":"https:\/\/voxsahel.com\/?p=2810","url":"https:\/\/voxsahel.com\/?p=2810","name":"Justice internationale : Burkina Faso, Mali et Niger annoncent leur retrait de la Cour p\u00e9nale internationale - Vox Sahel","isPartOf":{"@id":"https:\/\/voxsahel.com\/#website"},"primaryImageOfPage":{"@id":"https:\/\/voxsahel.com\/?p=2810#primaryimage"},"image":{"@id":"https:\/\/voxsahel.com\/?p=2810#primaryimage"},"thumbnailUrl":"https:\/\/voxsahel.com\/wp-content\/uploads\/2025\/09\/IMG_0872.jpeg","datePublished":"2025-09-22T20:53:56+00:00","dateModified":"2025-09-22T20:55:38+00:00","breadcrumb":{"@id":"https:\/\/voxsahel.com\/?p=2810#breadcrumb"},"inLanguage":"fr-FR","potentialAction":[{"@type":"ReadAction","target":["https:\/\/voxsahel.com\/?p=2810"]}]},{"@type":"ImageObject","inLanguage":"fr-FR","@id":"https:\/\/voxsahel.com\/?p=2810#primaryimage","url":"https:\/\/voxsahel.com\/wp-content\/uploads\/2025\/09\/IMG_0872.jpeg","contentUrl":"https:\/\/voxsahel.com\/wp-content\/uploads\/2025\/09\/IMG_0872.jpeg","width":1536,"height":864},{"@type":"BreadcrumbList","@id":"https:\/\/voxsahel.com\/?p=2810#breadcrumb","itemListElement":[{"@type":"ListItem","position":1,"name":"Home","item":"https:\/\/voxsahel.com\/"},{"@type":"ListItem","position":2,"name":"Justice internationale : Burkina Faso, Mali et Niger annoncent leur retrait de la Cour p\u00e9nale internationale"}]},{"@type":"WebSite","@id":"https:\/\/voxsahel.com\/#website","url":"https:\/\/voxsahel.com\/","name":"Vox Sahel","description":"Informez-vous sur le Sahel en un clic","publisher":{"@id":"https:\/\/voxsahel.com\/#organization"},"potentialAction":[{"@type":"SearchAction","target":{"@type":"EntryPoint","urlTemplate":"https:\/\/voxsahel.com\/?s={search_term_string}"},"query-input":{"@type":"PropertyValueSpecification","valueRequired":true,"valueName":"search_term_string"}}],"inLanguage":"fr-FR"},{"@type":"Organization","@id":"https:\/\/voxsahel.com\/#organization","name":"Vox Sahel","url":"https:\/\/voxsahel.com\/","logo":{"@type":"ImageObject","inLanguage":"fr-FR","@id":"https:\/\/voxsahel.com\/#\/schema\/logo\/image\/","url":"https:\/\/voxsahel.com\/wp-content\/uploads\/2024\/09\/Logo-Vox-Sahel.jpg","contentUrl":"https:\/\/voxsahel.com\/wp-content\/uploads\/2024\/09\/Logo-Vox-Sahel.jpg","width":1181,"height":848,"caption":"Vox Sahel"},"image":{"@id":"https:\/\/voxsahel.com\/#\/schema\/logo\/image\/"},"sameAs":["https:\/\/www.facebook.com\/journal.voxsahel"]},{"@type":"Person","@id":"https:\/\/voxsahel.com\/#\/schema\/person\/b4043608248f8fa227cd760e7ff1e19e","name":"Vox Sahel","image":{"@type":"ImageObject","inLanguage":"fr-FR","@id":"https:\/\/secure.gravatar.com\/avatar\/f70e7fa0cb9b29d4a7c5788d6eb2e9ab4d3135cbae1c9161810fdf77a8964699?s=96&d=mm&r=g","url":"https:\/\/secure.gravatar.com\/avatar\/f70e7fa0cb9b29d4a7c5788d6eb2e9ab4d3135cbae1c9161810fdf77a8964699?s=96&d=mm&r=g","contentUrl":"https:\/\/secure.gravatar.com\/avatar\/f70e7fa0cb9b29d4a7c5788d6eb2e9ab4d3135cbae1c9161810fdf77a8964699?s=96&d=mm&r=g","caption":"Vox Sahel"},"sameAs":["http:\/\/www.voxsahel.com"],"url":"https:\/\/voxsahel.com\/?author=2"}]}},"_links":{"self":[{"href":"https:\/\/voxsahel.com\/index.php?rest_route=\/wp\/v2\/posts\/2810","targetHints":{"allow":["GET"]}}],"collection":[{"href":"https:\/\/voxsahel.com\/index.php?rest_route=\/wp\/v2\/posts"}],"about":[{"href":"https:\/\/voxsahel.com\/index.php?rest_route=\/wp\/v2\/types\/post"}],"author":[{"embeddable":true,"href":"https:\/\/voxsahel.com\/index.php?rest_route=\/wp\/v2\/users\/2"}],"replies":[{"embeddable":true,"href":"https:\/\/voxsahel.com\/index.php?rest_route=%2Fwp%2Fv2%2Fcomments&post=2810"}],"version-history":[{"count":1,"href":"https:\/\/voxsahel.com\/index.php?rest_route=\/wp\/v2\/posts\/2810\/revisions"}],"predecessor-version":[{"id":2812,"href":"https:\/\/voxsahel.com\/index.php?rest_route=\/wp\/v2\/posts\/2810\/revisions\/2812"}],"wp:featuredmedia":[{"embeddable":true,"href":"https:\/\/voxsahel.com\/index.php?rest_route=\/wp\/v2\/media\/2811"}],"wp:attachment":[{"href":"https:\/\/voxsahel.com\/index.php?rest_route=%2Fwp%2Fv2%2Fmedia&parent=2810"}],"wp:term":[{"taxonomy":"category","embeddable":true,"href":"https:\/\/voxsahel.com\/index.php?rest_route=%2Fwp%2Fv2%2Fcategories&post=2810"},{"taxonomy":"post_tag","embeddable":true,"href":"https:\/\/voxsahel.com\/index.php?rest_route=%2Fwp%2Fv2%2Ftags&post=2810"}],"curies":[{"name":"wp","href":"https:\/\/api.w.org\/{rel}","templated":true}]}}