{"id":2797,"date":"2025-09-21T12:52:21","date_gmt":"2025-09-21T12:52:21","guid":{"rendered":"https:\/\/voxsahel.com\/?p=2797"},"modified":"2025-09-21T12:55:36","modified_gmt":"2025-09-21T12:55:36","slug":"gouvernance-mondiale-la-chine-devoile-au-burkina-linitiative-du-president-xi-jinping","status":"publish","type":"post","link":"https:\/\/voxsahel.com\/?p=2797","title":{"rendered":"Gouvernance mondiale : la Chine d\u00e9voile au Burkina l\u2019initiative du Pr\u00e9sident Xi Jinping"},"content":{"rendered":"<p class=\"p1\"><span class=\"s2\">La coop\u00e9ration entre le Burkina Faso et la Chine franchit une nouvelle \u00e9tape. Vendredi dernier, l\u2019ambassadeur de Chine, <\/span><span class=\"s1\">SEM Zhao Deyong<\/span><span class=\"s2\">, a pr\u00e9sent\u00e9 au ministre burkinab\u00e8 des Affaires \u00e9trang\u00e8res, <\/span><span class=\"s1\">SEM Karamoko Jean Marie Traor\u00e9<\/span><span class=\"s2\">, l\u2019<\/span><span class=\"s1\">Initiative pour la gouvernance mondiale<\/span><span class=\"s2\"> port\u00e9e par le Pr\u00e9sident chinois, <\/span><span class=\"s1\">Xi Jinping<\/span><span class=\"s2\">.<\/span><\/p>\n<p><img loading=\"lazy\" decoding=\"async\" class=\"aligncenter size-large wp-image-2802\" src=\"https:\/\/voxsahel.com\/wp-content\/uploads\/2025\/09\/IMG_0421-1024x659.jpeg\" alt=\"\" width=\"640\" height=\"412\" srcset=\"https:\/\/voxsahel.com\/wp-content\/uploads\/2025\/09\/IMG_0421-1024x659.jpeg 1024w, https:\/\/voxsahel.com\/wp-content\/uploads\/2025\/09\/IMG_0421-300x193.jpeg 300w, https:\/\/voxsahel.com\/wp-content\/uploads\/2025\/09\/IMG_0421-768x494.jpeg 768w, https:\/\/voxsahel.com\/wp-content\/uploads\/2025\/09\/IMG_0421-1536x989.jpeg 1536w, https:\/\/voxsahel.com\/wp-content\/uploads\/2025\/09\/IMG_0421-1080x695.jpeg 1080w, https:\/\/voxsahel.com\/wp-content\/uploads\/2025\/09\/IMG_0421-610x393.jpeg 610w, https:\/\/voxsahel.com\/wp-content\/uploads\/2025\/09\/IMG_0421.jpeg 2048w\" sizes=\"(max-width: 640px) 100vw, 640px\" \/><\/p>\n<p class=\"p1\"><span class=\"s2\">Devant son homologue burkinab\u00e8, le diplomate chinois a d\u00e9taill\u00e9 les grands axes de ce projet qui ambitionne de b\u00e2tir un syst\u00e8me mondial <\/span><span class=\"s1\">\u00ab plus juste, plus \u00e9quilibr\u00e9 et v\u00e9ritablement inclusif \u00bb<\/span><span class=\"s2\">.<\/span><\/p>\n<p class=\"p1\"><span class=\"s2\">Reposant sur cinq piliers, le respect de la souverainet\u00e9 des \u00c9tats, la primaut\u00e9 du droit international, le multilat\u00e9ralisme, une approche centr\u00e9e sur les peuples et la solidarit\u00e9 dans l\u2019action \u2013 l\u2019initiative se veut une r\u00e9ponse aux <\/span><span class=\"s1\">d\u00e9fis contemporains<\/span><span class=\"s2\">.<br \/>\n\u00ab C\u2019est un appel \u00e0 refonder l\u2019ordre international pour favoriser l\u2019\u00e9mergence d\u2019un monde multipolaire respectueux de chaque nation \u00bb, a insist\u00e9 SEM Zhao Deyong.<\/span><\/p>\n<p><img loading=\"lazy\" decoding=\"async\" class=\"aligncenter size-large wp-image-2803\" src=\"https:\/\/voxsahel.com\/wp-content\/uploads\/2025\/09\/IMG_0422-1024x683.jpeg\" alt=\"\" width=\"640\" height=\"427\" srcset=\"https:\/\/voxsahel.com\/wp-content\/uploads\/2025\/09\/IMG_0422-1024x683.jpeg 1024w, https:\/\/voxsahel.com\/wp-content\/uploads\/2025\/09\/IMG_0422-300x200.jpeg 300w, https:\/\/voxsahel.com\/wp-content\/uploads\/2025\/09\/IMG_0422-768x512.jpeg 768w, https:\/\/voxsahel.com\/wp-content\/uploads\/2025\/09\/IMG_0422-1536x1024.jpeg 1536w, https:\/\/voxsahel.com\/wp-content\/uploads\/2025\/09\/IMG_0422-1080x720.jpeg 1080w, https:\/\/voxsahel.com\/wp-content\/uploads\/2025\/09\/IMG_0422-610x407.jpeg 610w, https:\/\/voxsahel.com\/wp-content\/uploads\/2025\/09\/IMG_0422.jpeg 2048w\" sizes=\"(max-width: 640px) 100vw, 640px\" \/><\/p>\n<p class=\"p1\"><span class=\"s2\">Le chef de la diplomatie burkinab\u00e8 n\u2019a pas cach\u00e9 son enthousiasme. Pour lui, cette proposition trouve un \u00e9cho particulier dans la vision du Pr\u00e9sident du Faso, le <\/span><span class=\"s1\">Capitaine Ibrahim Traor\u00e9<\/span><span class=\"s2\">.<br \/>\n\u00ab Le Burkina Faso adh\u00e8re pleinement \u00e0 cette d\u00e9marche. Elle traduit une volont\u00e9 partag\u00e9e de construire un monde plus \u00e9quilibr\u00e9 \u00bb, a d\u00e9clar\u00e9 Karamoko Jean Marie Traor\u00e9, tout en appelant les deux pays \u00e0 <\/span><span class=\"s1\">\u00ab conjuguer leurs efforts pour donner corps \u00e0 cette ambition commune \u00bb<\/span><span class=\"s2\">.<\/span><\/p>\n<p><img loading=\"lazy\" decoding=\"async\" class=\"aligncenter size-large wp-image-2804\" src=\"https:\/\/voxsahel.com\/wp-content\/uploads\/2025\/09\/IMG_0409-1024x719.jpeg\" alt=\"\" width=\"640\" height=\"449\" srcset=\"https:\/\/voxsahel.com\/wp-content\/uploads\/2025\/09\/IMG_0409-1024x719.jpeg 1024w, https:\/\/voxsahel.com\/wp-content\/uploads\/2025\/09\/IMG_0409-300x210.jpeg 300w, https:\/\/voxsahel.com\/wp-content\/uploads\/2025\/09\/IMG_0409-768x539.jpeg 768w, https:\/\/voxsahel.com\/wp-content\/uploads\/2025\/09\/IMG_0409-1536x1078.jpeg 1536w, https:\/\/voxsahel.com\/wp-content\/uploads\/2025\/09\/IMG_0409-1080x758.jpeg 1080w, https:\/\/voxsahel.com\/wp-content\/uploads\/2025\/09\/IMG_0409-610x428.jpeg 610w, https:\/\/voxsahel.com\/wp-content\/uploads\/2025\/09\/IMG_0409.jpeg 2048w\" sizes=\"(max-width: 640px) 100vw, 640px\" \/><\/p>\n<p class=\"p1\"><span class=\"s2\">Au-del\u00e0 des grandes orientations diplomatiques, l\u2019audience a aussi servi de cadre pour discuter des <\/span><span class=\"s1\">perspectives bilat\u00e9rales<\/span><span class=\"s2\">. \u00c9conomie, commerce, s\u00e9curit\u00e9 : autant de chantiers sur lesquels Ouagadougou et P\u00e9kin veulent acc\u00e9l\u00e9rer la cadence.<\/span><\/p>\n<p class=\"p1\"><span class=\"s2\">La Chine a notamment confirm\u00e9 son int\u00e9r\u00eat pour le <\/span><span class=\"s1\">Forum sur les investissements<\/span><span class=\"s2\">, pr\u00e9vu en octobre prochain \u00e0 Ouagadougou.<\/span><\/p>\n<p class=\"p1\"><span class=\"s2\"><img loading=\"lazy\" decoding=\"async\" class=\"aligncenter size-large wp-image-2805\" src=\"https:\/\/voxsahel.com\/wp-content\/uploads\/2025\/09\/IMG_0423-1024x724.jpeg\" alt=\"\" width=\"640\" height=\"453\" srcset=\"https:\/\/voxsahel.com\/wp-content\/uploads\/2025\/09\/IMG_0423-1024x724.jpeg 1024w, https:\/\/voxsahel.com\/wp-content\/uploads\/2025\/09\/IMG_0423-300x212.jpeg 300w, https:\/\/voxsahel.com\/wp-content\/uploads\/2025\/09\/IMG_0423-768x543.jpeg 768w, https:\/\/voxsahel.com\/wp-content\/uploads\/2025\/09\/IMG_0423-1536x1085.jpeg 1536w, https:\/\/voxsahel.com\/wp-content\/uploads\/2025\/09\/IMG_0423-400x284.jpeg 400w, https:\/\/voxsahel.com\/wp-content\/uploads\/2025\/09\/IMG_0423-1080x763.jpeg 1080w, https:\/\/voxsahel.com\/wp-content\/uploads\/2025\/09\/IMG_0423-610x431.jpeg 610w, https:\/\/voxsahel.com\/wp-content\/uploads\/2025\/09\/IMG_0423.jpeg 2048w\" sizes=\"(max-width: 640px) 100vw, 640px\" \/><br \/>\n\u00ab Nous saluons la qualit\u00e9 de notre partenariat avec la Chine et souhaitons le renforcer davantage, notamment pour soutenir la stabilisation du pays et relancer les investissements \u00bb, a conclu le ministre Traor\u00e9.<\/span><\/p>\n<p style=\"text-align: right;\"><strong>Par Vox Sahel\u00a0<\/strong><\/p>\n","protected":false},"excerpt":{"rendered":"<p>La coop\u00e9ration entre le Burkina Faso et la Chine franchit une nouvelle \u00e9tape. Vendredi dernier,<\/p>\n","protected":false},"author":2,"featured_media":2799,"comment_status":"open","ping_status":"open","sticky":false,"template":"","format":"standard","meta":{"_et_pb_use_builder":"","_et_pb_old_content":"","_et_gb_content_width":"","footnotes":""},"categories":[1],"tags":[888,18,50,655,807,87,416,886,52,900],"class_list":["post-2797","post","type-post","status-publish","format-standard","has-post-thumbnail","hentry","category-faits-divers","tag-beijing","tag-burkina-faso","tag-chine","tag-cooperation","tag-cooperation-sino-africaine","tag-diplomatie","tag-missions-diplomatiques","tag-republique-populaire-de-chine","tag-sommet-chine-afrique","tag-xi-jinping"],"yoast_head":"<!-- This site is optimized with the Yoast SEO plugin v27.5 - https:\/\/yoast.com\/product\/yoast-seo-wordpress\/ -->\n<title>Gouvernance mondiale : la Chine d\u00e9voile au Burkina l\u2019initiative du Pr\u00e9sident Xi Jinping - Vox Sahel<\/title>\n<meta name=\"robots\" content=\"index, follow, max-snippet:-1, max-image-preview:large, max-video-preview:-1\" \/>\n<link rel=\"canonical\" href=\"https:\/\/voxsahel.com\/?p=2797\" \/>\n<meta property=\"og:locale\" content=\"fr_FR\" \/>\n<meta property=\"og:type\" content=\"article\" \/>\n<meta property=\"og:title\" content=\"Gouvernance mondiale : la Chine d\u00e9voile au Burkina l\u2019initiative du Pr\u00e9sident Xi Jinping - Vox Sahel\" \/>\n<meta property=\"og:description\" content=\"La coop\u00e9ration entre le Burkina Faso et la Chine franchit une nouvelle \u00e9tape. Vendredi dernier,\" \/>\n<meta property=\"og:url\" content=\"https:\/\/voxsahel.com\/?p=2797\" \/>\n<meta property=\"og:site_name\" content=\"Vox Sahel\" \/>\n<meta property=\"article:publisher\" content=\"https:\/\/www.facebook.com\/journal.voxsahel\" \/>\n<meta property=\"article:published_time\" content=\"2025-09-21T12:52:21+00:00\" \/>\n<meta property=\"article:modified_time\" content=\"2025-09-21T12:55:36+00:00\" \/>\n<meta property=\"og:image\" content=\"https:\/\/voxsahel.com\/wp-content\/uploads\/2025\/09\/IMG_0410.jpeg\" \/>\n\t<meta property=\"og:image:width\" content=\"2048\" \/>\n\t<meta property=\"og:image:height\" content=\"1316\" \/>\n\t<meta property=\"og:image:type\" content=\"image\/jpeg\" \/>\n<meta name=\"author\" content=\"Vox Sahel\" \/>\n<meta name=\"twitter:card\" content=\"summary_large_image\" \/>\n<meta name=\"twitter:label1\" content=\"\u00c9crit par\" \/>\n\t<meta name=\"twitter:data1\" content=\"Vox Sahel\" \/>\n\t<meta name=\"twitter:label2\" content=\"Dur\u00e9e de lecture estim\u00e9e\" \/>\n\t<meta name=\"twitter:data2\" content=\"3 minutes\" \/>\n<script type=\"application\/ld+json\" class=\"yoast-schema-graph\">{\"@context\":\"https:\\\/\\\/schema.org\",\"@graph\":[{\"@type\":\"Article\",\"@id\":\"https:\\\/\\\/voxsahel.com\\\/?p=2797#article\",\"isPartOf\":{\"@id\":\"https:\\\/\\\/voxsahel.com\\\/?p=2797\"},\"author\":{\"name\":\"Vox Sahel\",\"@id\":\"https:\\\/\\\/voxsahel.com\\\/#\\\/schema\\\/person\\\/b4043608248f8fa227cd760e7ff1e19e\"},\"headline\":\"Gouvernance mondiale : la Chine d\u00e9voile au Burkina l\u2019initiative du Pr\u00e9sident Xi Jinping\",\"datePublished\":\"2025-09-21T12:52:21+00:00\",\"dateModified\":\"2025-09-21T12:55:36+00:00\",\"mainEntityOfPage\":{\"@id\":\"https:\\\/\\\/voxsahel.com\\\/?p=2797\"},\"wordCount\":336,\"commentCount\":0,\"publisher\":{\"@id\":\"https:\\\/\\\/voxsahel.com\\\/#organization\"},\"image\":{\"@id\":\"https:\\\/\\\/voxsahel.com\\\/?p=2797#primaryimage\"},\"thumbnailUrl\":\"https:\\\/\\\/voxsahel.com\\\/wp-content\\\/uploads\\\/2025\\\/09\\\/IMG_0410.jpeg\",\"keywords\":[\"Beijing\",\"Burkina Faso\",\"Chine\",\"Coop\u00e9ration\",\"Coop\u00e9ration sino-africaine\",\"Diplomatie\",\"Missions diplomatiques\",\"R\u00e9publique populaire de Chine\",\"Sommet Chine-Afrique\",\"Xi Jinping\"],\"articleSection\":[\"FAITS DIVERS\"],\"inLanguage\":\"fr-FR\",\"potentialAction\":[{\"@type\":\"CommentAction\",\"name\":\"Comment\",\"target\":[\"https:\\\/\\\/voxsahel.com\\\/?p=2797#respond\"]}]},{\"@type\":\"WebPage\",\"@id\":\"https:\\\/\\\/voxsahel.com\\\/?p=2797\",\"url\":\"https:\\\/\\\/voxsahel.com\\\/?p=2797\",\"name\":\"Gouvernance mondiale : la Chine d\u00e9voile au Burkina l\u2019initiative du Pr\u00e9sident Xi Jinping - Vox Sahel\",\"isPartOf\":{\"@id\":\"https:\\\/\\\/voxsahel.com\\\/#website\"},\"primaryImageOfPage\":{\"@id\":\"https:\\\/\\\/voxsahel.com\\\/?p=2797#primaryimage\"},\"image\":{\"@id\":\"https:\\\/\\\/voxsahel.com\\\/?p=2797#primaryimage\"},\"thumbnailUrl\":\"https:\\\/\\\/voxsahel.com\\\/wp-content\\\/uploads\\\/2025\\\/09\\\/IMG_0410.jpeg\",\"datePublished\":\"2025-09-21T12:52:21+00:00\",\"dateModified\":\"2025-09-21T12:55:36+00:00\",\"breadcrumb\":{\"@id\":\"https:\\\/\\\/voxsahel.com\\\/?p=2797#breadcrumb\"},\"inLanguage\":\"fr-FR\",\"potentialAction\":[{\"@type\":\"ReadAction\",\"target\":[\"https:\\\/\\\/voxsahel.com\\\/?p=2797\"]}]},{\"@type\":\"ImageObject\",\"inLanguage\":\"fr-FR\",\"@id\":\"https:\\\/\\\/voxsahel.com\\\/?p=2797#primaryimage\",\"url\":\"https:\\\/\\\/voxsahel.com\\\/wp-content\\\/uploads\\\/2025\\\/09\\\/IMG_0410.jpeg\",\"contentUrl\":\"https:\\\/\\\/voxsahel.com\\\/wp-content\\\/uploads\\\/2025\\\/09\\\/IMG_0410.jpeg\",\"width\":2048,\"height\":1316},{\"@type\":\"BreadcrumbList\",\"@id\":\"https:\\\/\\\/voxsahel.com\\\/?p=2797#breadcrumb\",\"itemListElement\":[{\"@type\":\"ListItem\",\"position\":1,\"name\":\"Home\",\"item\":\"https:\\\/\\\/voxsahel.com\\\/\"},{\"@type\":\"ListItem\",\"position\":2,\"name\":\"Gouvernance mondiale : la Chine d\u00e9voile au Burkina l\u2019initiative du Pr\u00e9sident Xi Jinping\"}]},{\"@type\":\"WebSite\",\"@id\":\"https:\\\/\\\/voxsahel.com\\\/#website\",\"url\":\"https:\\\/\\\/voxsahel.com\\\/\",\"name\":\"Vox Sahel\",\"description\":\"Informez-vous sur le Sahel en un clic\",\"publisher\":{\"@id\":\"https:\\\/\\\/voxsahel.com\\\/#organization\"},\"potentialAction\":[{\"@type\":\"SearchAction\",\"target\":{\"@type\":\"EntryPoint\",\"urlTemplate\":\"https:\\\/\\\/voxsahel.com\\\/?s={search_term_string}\"},\"query-input\":{\"@type\":\"PropertyValueSpecification\",\"valueRequired\":true,\"valueName\":\"search_term_string\"}}],\"inLanguage\":\"fr-FR\"},{\"@type\":\"Organization\",\"@id\":\"https:\\\/\\\/voxsahel.com\\\/#organization\",\"name\":\"Vox Sahel\",\"url\":\"https:\\\/\\\/voxsahel.com\\\/\",\"logo\":{\"@type\":\"ImageObject\",\"inLanguage\":\"fr-FR\",\"@id\":\"https:\\\/\\\/voxsahel.com\\\/#\\\/schema\\\/logo\\\/image\\\/\",\"url\":\"https:\\\/\\\/voxsahel.com\\\/wp-content\\\/uploads\\\/2024\\\/09\\\/Logo-Vox-Sahel.jpg\",\"contentUrl\":\"https:\\\/\\\/voxsahel.com\\\/wp-content\\\/uploads\\\/2024\\\/09\\\/Logo-Vox-Sahel.jpg\",\"width\":1181,\"height\":848,\"caption\":\"Vox Sahel\"},\"image\":{\"@id\":\"https:\\\/\\\/voxsahel.com\\\/#\\\/schema\\\/logo\\\/image\\\/\"},\"sameAs\":[\"https:\\\/\\\/www.facebook.com\\\/journal.voxsahel\"]},{\"@type\":\"Person\",\"@id\":\"https:\\\/\\\/voxsahel.com\\\/#\\\/schema\\\/person\\\/b4043608248f8fa227cd760e7ff1e19e\",\"name\":\"Vox Sahel\",\"image\":{\"@type\":\"ImageObject\",\"inLanguage\":\"fr-FR\",\"@id\":\"https:\\\/\\\/secure.gravatar.com\\\/avatar\\\/f70e7fa0cb9b29d4a7c5788d6eb2e9ab4d3135cbae1c9161810fdf77a8964699?s=96&d=mm&r=g\",\"url\":\"https:\\\/\\\/secure.gravatar.com\\\/avatar\\\/f70e7fa0cb9b29d4a7c5788d6eb2e9ab4d3135cbae1c9161810fdf77a8964699?s=96&d=mm&r=g\",\"contentUrl\":\"https:\\\/\\\/secure.gravatar.com\\\/avatar\\\/f70e7fa0cb9b29d4a7c5788d6eb2e9ab4d3135cbae1c9161810fdf77a8964699?s=96&d=mm&r=g\",\"caption\":\"Vox Sahel\"},\"sameAs\":[\"http:\\\/\\\/www.voxsahel.com\"],\"url\":\"https:\\\/\\\/voxsahel.com\\\/?author=2\"}]}<\/script>\n<!-- \/ Yoast SEO plugin. -->","yoast_head_json":{"title":"Gouvernance mondiale : la Chine d\u00e9voile au Burkina l\u2019initiative du Pr\u00e9sident Xi Jinping - Vox Sahel","robots":{"index":"index","follow":"follow","max-snippet":"max-snippet:-1","max-image-preview":"max-image-preview:large","max-video-preview":"max-video-preview:-1"},"canonical":"https:\/\/voxsahel.com\/?p=2797","og_locale":"fr_FR","og_type":"article","og_title":"Gouvernance mondiale : la Chine d\u00e9voile au Burkina l\u2019initiative du Pr\u00e9sident Xi Jinping - Vox Sahel","og_description":"La coop\u00e9ration entre le Burkina Faso et la Chine franchit une nouvelle \u00e9tape. Vendredi dernier,","og_url":"https:\/\/voxsahel.com\/?p=2797","og_site_name":"Vox Sahel","article_publisher":"https:\/\/www.facebook.com\/journal.voxsahel","article_published_time":"2025-09-21T12:52:21+00:00","article_modified_time":"2025-09-21T12:55:36+00:00","og_image":[{"width":2048,"height":1316,"url":"https:\/\/voxsahel.com\/wp-content\/uploads\/2025\/09\/IMG_0410.jpeg","type":"image\/jpeg"}],"author":"Vox Sahel","twitter_card":"summary_large_image","twitter_misc":{"\u00c9crit par":"Vox Sahel","Dur\u00e9e de lecture estim\u00e9e":"3 minutes"},"schema":{"@context":"https:\/\/schema.org","@graph":[{"@type":"Article","@id":"https:\/\/voxsahel.com\/?p=2797#article","isPartOf":{"@id":"https:\/\/voxsahel.com\/?p=2797"},"author":{"name":"Vox Sahel","@id":"https:\/\/voxsahel.com\/#\/schema\/person\/b4043608248f8fa227cd760e7ff1e19e"},"headline":"Gouvernance mondiale : la Chine d\u00e9voile au Burkina l\u2019initiative du Pr\u00e9sident Xi Jinping","datePublished":"2025-09-21T12:52:21+00:00","dateModified":"2025-09-21T12:55:36+00:00","mainEntityOfPage":{"@id":"https:\/\/voxsahel.com\/?p=2797"},"wordCount":336,"commentCount":0,"publisher":{"@id":"https:\/\/voxsahel.com\/#organization"},"image":{"@id":"https:\/\/voxsahel.com\/?p=2797#primaryimage"},"thumbnailUrl":"https:\/\/voxsahel.com\/wp-content\/uploads\/2025\/09\/IMG_0410.jpeg","keywords":["Beijing","Burkina Faso","Chine","Coop\u00e9ration","Coop\u00e9ration sino-africaine","Diplomatie","Missions diplomatiques","R\u00e9publique populaire de Chine","Sommet Chine-Afrique","Xi Jinping"],"articleSection":["FAITS DIVERS"],"inLanguage":"fr-FR","potentialAction":[{"@type":"CommentAction","name":"Comment","target":["https:\/\/voxsahel.com\/?p=2797#respond"]}]},{"@type":"WebPage","@id":"https:\/\/voxsahel.com\/?p=2797","url":"https:\/\/voxsahel.com\/?p=2797","name":"Gouvernance mondiale : la Chine d\u00e9voile au Burkina l\u2019initiative du Pr\u00e9sident Xi Jinping - Vox Sahel","isPartOf":{"@id":"https:\/\/voxsahel.com\/#website"},"primaryImageOfPage":{"@id":"https:\/\/voxsahel.com\/?p=2797#primaryimage"},"image":{"@id":"https:\/\/voxsahel.com\/?p=2797#primaryimage"},"thumbnailUrl":"https:\/\/voxsahel.com\/wp-content\/uploads\/2025\/09\/IMG_0410.jpeg","datePublished":"2025-09-21T12:52:21+00:00","dateModified":"2025-09-21T12:55:36+00:00","breadcrumb":{"@id":"https:\/\/voxsahel.com\/?p=2797#breadcrumb"},"inLanguage":"fr-FR","potentialAction":[{"@type":"ReadAction","target":["https:\/\/voxsahel.com\/?p=2797"]}]},{"@type":"ImageObject","inLanguage":"fr-FR","@id":"https:\/\/voxsahel.com\/?p=2797#primaryimage","url":"https:\/\/voxsahel.com\/wp-content\/uploads\/2025\/09\/IMG_0410.jpeg","contentUrl":"https:\/\/voxsahel.com\/wp-content\/uploads\/2025\/09\/IMG_0410.jpeg","width":2048,"height":1316},{"@type":"BreadcrumbList","@id":"https:\/\/voxsahel.com\/?p=2797#breadcrumb","itemListElement":[{"@type":"ListItem","position":1,"name":"Home","item":"https:\/\/voxsahel.com\/"},{"@type":"ListItem","position":2,"name":"Gouvernance mondiale : la Chine d\u00e9voile au Burkina l\u2019initiative du Pr\u00e9sident Xi Jinping"}]},{"@type":"WebSite","@id":"https:\/\/voxsahel.com\/#website","url":"https:\/\/voxsahel.com\/","name":"Vox Sahel","description":"Informez-vous sur le Sahel en un clic","publisher":{"@id":"https:\/\/voxsahel.com\/#organization"},"potentialAction":[{"@type":"SearchAction","target":{"@type":"EntryPoint","urlTemplate":"https:\/\/voxsahel.com\/?s={search_term_string}"},"query-input":{"@type":"PropertyValueSpecification","valueRequired":true,"valueName":"search_term_string"}}],"inLanguage":"fr-FR"},{"@type":"Organization","@id":"https:\/\/voxsahel.com\/#organization","name":"Vox Sahel","url":"https:\/\/voxsahel.com\/","logo":{"@type":"ImageObject","inLanguage":"fr-FR","@id":"https:\/\/voxsahel.com\/#\/schema\/logo\/image\/","url":"https:\/\/voxsahel.com\/wp-content\/uploads\/2024\/09\/Logo-Vox-Sahel.jpg","contentUrl":"https:\/\/voxsahel.com\/wp-content\/uploads\/2024\/09\/Logo-Vox-Sahel.jpg","width":1181,"height":848,"caption":"Vox Sahel"},"image":{"@id":"https:\/\/voxsahel.com\/#\/schema\/logo\/image\/"},"sameAs":["https:\/\/www.facebook.com\/journal.voxsahel"]},{"@type":"Person","@id":"https:\/\/voxsahel.com\/#\/schema\/person\/b4043608248f8fa227cd760e7ff1e19e","name":"Vox Sahel","image":{"@type":"ImageObject","inLanguage":"fr-FR","@id":"https:\/\/secure.gravatar.com\/avatar\/f70e7fa0cb9b29d4a7c5788d6eb2e9ab4d3135cbae1c9161810fdf77a8964699?s=96&d=mm&r=g","url":"https:\/\/secure.gravatar.com\/avatar\/f70e7fa0cb9b29d4a7c5788d6eb2e9ab4d3135cbae1c9161810fdf77a8964699?s=96&d=mm&r=g","contentUrl":"https:\/\/secure.gravatar.com\/avatar\/f70e7fa0cb9b29d4a7c5788d6eb2e9ab4d3135cbae1c9161810fdf77a8964699?s=96&d=mm&r=g","caption":"Vox Sahel"},"sameAs":["http:\/\/www.voxsahel.com"],"url":"https:\/\/voxsahel.com\/?author=2"}]}},"_links":{"self":[{"href":"https:\/\/voxsahel.com\/index.php?rest_route=\/wp\/v2\/posts\/2797","targetHints":{"allow":["GET"]}}],"collection":[{"href":"https:\/\/voxsahel.com\/index.php?rest_route=\/wp\/v2\/posts"}],"about":[{"href":"https:\/\/voxsahel.com\/index.php?rest_route=\/wp\/v2\/types\/post"}],"author":[{"embeddable":true,"href":"https:\/\/voxsahel.com\/index.php?rest_route=\/wp\/v2\/users\/2"}],"replies":[{"embeddable":true,"href":"https:\/\/voxsahel.com\/index.php?rest_route=%2Fwp%2Fv2%2Fcomments&post=2797"}],"version-history":[{"count":3,"href":"https:\/\/voxsahel.com\/index.php?rest_route=\/wp\/v2\/posts\/2797\/revisions"}],"predecessor-version":[{"id":2806,"href":"https:\/\/voxsahel.com\/index.php?rest_route=\/wp\/v2\/posts\/2797\/revisions\/2806"}],"wp:featuredmedia":[{"embeddable":true,"href":"https:\/\/voxsahel.com\/index.php?rest_route=\/wp\/v2\/media\/2799"}],"wp:attachment":[{"href":"https:\/\/voxsahel.com\/index.php?rest_route=%2Fwp%2Fv2%2Fmedia&parent=2797"}],"wp:term":[{"taxonomy":"category","embeddable":true,"href":"https:\/\/voxsahel.com\/index.php?rest_route=%2Fwp%2Fv2%2Fcategories&post=2797"},{"taxonomy":"post_tag","embeddable":true,"href":"https:\/\/voxsahel.com\/index.php?rest_route=%2Fwp%2Fv2%2Ftags&post=2797"}],"curies":[{"name":"wp","href":"https:\/\/api.w.org\/{rel}","templated":true}]}}