{"id":2787,"date":"2025-09-18T16:13:03","date_gmt":"2025-09-18T16:13:03","guid":{"rendered":"https:\/\/voxsahel.com\/?p=2787"},"modified":"2025-09-18T16:13:03","modified_gmt":"2025-09-18T16:13:03","slug":"burkina-faso-les-exportations-dopees-par-lor-la-balance-commerciale-repasse-au-vert","status":"publish","type":"post","link":"https:\/\/voxsahel.com\/?p=2787","title":{"rendered":"Burkina Faso : Les exportations dop\u00e9es par l\u2019or, la balance commerciale repasse au vert"},"content":{"rendered":"<p class=\"p1\">L\u2019\u00e9conomie burkinab\u00e8 a amorc\u00e9 l\u2019ann\u00e9e 2025 sur une note positive, avec une am\u00e9lioration notable du commerce ext\u00e9rieur. Selon la derni\u00e8re note de conjoncture publi\u00e9e par l\u2019Institut national de la statistique et de la d\u00e9mographie (INSD), les exportations ont bondi tandis que les importations ont recul\u00e9, permettant \u00e0 la balance commerciale d\u2019enregistrer un exc\u00e9dent significatif.<\/p>\n<p class=\"p2\"><span class=\"s2\">Au premier trimestre 2025, les exportations de biens se sont \u00e9tablies \u00e0 <\/span><span class=\"s3\">1 363 milliards de FCFA<\/span><span class=\"s2\">, contre <\/span><span class=\"s3\">951,6 milliards<\/span><span class=\"s2\">au trimestre pr\u00e9c\u00e9dent. Cette progression de <\/span><span class=\"s3\">43,2%<\/span><span class=\"s2\">, soit l\u2019\u00e9quivalent de <\/span><span class=\"s3\">411,4 milliards de FCFA<\/span><span class=\"s2\">suppl\u00e9mentaires, est largement attribuable aux performances de l\u2019or, produit phare des exportations nationales. Sur les march\u00e9s internationaux, le cours du m\u00e9tal jaune a connu une hausse de <\/span><span class=\"s3\">12,7%<\/span><span class=\"s2\">, ce qui a renforc\u00e9 les recettes du Burkina Faso.<\/span><\/p>\n<p class=\"p2\"><span class=\"s2\">En parall\u00e8le, les importations ont marqu\u00e9 un recul, passant de <\/span><span class=\"s3\">1 063 milliards de FCFA<\/span><span class=\"s2\"> au quatri\u00e8me trimestre 2024 \u00e0 <\/span><span class=\"s3\">958 milliards de FCFA<\/span><span class=\"s2\"> au premier trimestre 2025, soit une baisse de <\/span><span class=\"s3\">9,9%<\/span><span class=\"s2\">. Cette contraction a contribu\u00e9 \u00e0 r\u00e9duire le d\u00e9ficit commercial habituel du pays.<\/span><\/p>\n<p class=\"p2\"><span class=\"s2\">R\u00e9sultat : la balance commerciale affiche un exc\u00e9dent de <\/span><span class=\"s3\">405 milliards de FCFA<\/span><span class=\"s2\">, une performance qui traduit un regain de comp\u00e9titivit\u00e9 et une conjoncture favorable sur le march\u00e9 international de l\u2019or.<\/span><\/p>\n<p class=\"p2\"><span class=\"s2\">Cette embellie constitue un signal positif pour l\u2019\u00e9conomie nationale, fortement d\u00e9pendante des exportations mini\u00e8res. Toutefois, les analystes soulignent que la forte concentration des revenus ext\u00e9rieurs sur un seul produit, en l\u2019occurrence l\u2019or, expose le pays \u00e0 la volatilit\u00e9 des cours mondiaux et limite la diversification de sa base exportatrice.<\/span><\/p>\n<p class=\"p2\"><span class=\"s2\">Pour l\u2019heure, ces r\u00e9sultats offrent une bouff\u00e9e d\u2019oxyg\u00e8ne aux comptes ext\u00e9rieurs et pourraient renforcer la r\u00e9silience \u00e9conomique du Burkina Faso dans un contexte marqu\u00e9 par des d\u00e9fis s\u00e9curitaires et financiers persistants.<\/span><\/p>\n<p class=\"p2\" style=\"text-align: right;\"><strong><span class=\"s2\">Par Vox Sahel <\/span><\/strong><\/p>\n","protected":false},"excerpt":{"rendered":"<p>L\u2019\u00e9conomie burkinab\u00e8 a amorc\u00e9 l\u2019ann\u00e9e 2025 sur une note positive, avec une am\u00e9lioration notable du<\/p>\n","protected":false},"author":2,"featured_media":2788,"comment_status":"open","ping_status":"open","sticky":false,"template":"","format":"standard","meta":{"_et_pb_use_builder":"","_et_pb_old_content":"","_et_gb_content_width":"","footnotes":""},"categories":[1],"tags":[921,18,69,73,395],"class_list":["post-2787","post","type-post","status-publish","format-standard","has-post-thumbnail","hentry","category-faits-divers","tag-balance-commerciale","tag-burkina-faso","tag-commerce","tag-exportation","tag-or"],"yoast_head":"<!-- This site is optimized with the Yoast SEO plugin v27.5 - https:\/\/yoast.com\/product\/yoast-seo-wordpress\/ -->\n<title>Burkina Faso : Les exportations dop\u00e9es par l\u2019or, la balance commerciale repasse au vert - Vox Sahel<\/title>\n<meta name=\"robots\" content=\"index, follow, max-snippet:-1, max-image-preview:large, max-video-preview:-1\" \/>\n<link rel=\"canonical\" href=\"https:\/\/voxsahel.com\/?p=2787\" \/>\n<meta property=\"og:locale\" content=\"fr_FR\" \/>\n<meta property=\"og:type\" content=\"article\" \/>\n<meta property=\"og:title\" content=\"Burkina Faso : Les exportations dop\u00e9es par l\u2019or, la balance commerciale repasse au vert - Vox Sahel\" \/>\n<meta property=\"og:description\" content=\"L\u2019\u00e9conomie burkinab\u00e8 a amorc\u00e9 l\u2019ann\u00e9e 2025 sur une note positive, avec une am\u00e9lioration notable du\" \/>\n<meta property=\"og:url\" content=\"https:\/\/voxsahel.com\/?p=2787\" \/>\n<meta property=\"og:site_name\" content=\"Vox Sahel\" \/>\n<meta property=\"article:publisher\" content=\"https:\/\/www.facebook.com\/journal.voxsahel\" \/>\n<meta property=\"article:published_time\" content=\"2025-09-18T16:13:03+00:00\" \/>\n<meta property=\"og:image\" content=\"https:\/\/voxsahel.com\/wp-content\/uploads\/2025\/09\/IMG_9135.jpeg\" \/>\n\t<meta property=\"og:image:width\" content=\"750\" \/>\n\t<meta property=\"og:image:height\" content=\"357\" \/>\n\t<meta property=\"og:image:type\" content=\"image\/jpeg\" \/>\n<meta name=\"author\" content=\"Vox Sahel\" \/>\n<meta name=\"twitter:card\" content=\"summary_large_image\" \/>\n<meta name=\"twitter:label1\" content=\"\u00c9crit par\" \/>\n\t<meta name=\"twitter:data1\" content=\"Vox Sahel\" \/>\n\t<meta name=\"twitter:label2\" content=\"Dur\u00e9e de lecture estim\u00e9e\" \/>\n\t<meta name=\"twitter:data2\" content=\"2 minutes\" \/>\n<script type=\"application\/ld+json\" class=\"yoast-schema-graph\">{\"@context\":\"https:\\\/\\\/schema.org\",\"@graph\":[{\"@type\":\"Article\",\"@id\":\"https:\\\/\\\/voxsahel.com\\\/?p=2787#article\",\"isPartOf\":{\"@id\":\"https:\\\/\\\/voxsahel.com\\\/?p=2787\"},\"author\":{\"name\":\"Vox Sahel\",\"@id\":\"https:\\\/\\\/voxsahel.com\\\/#\\\/schema\\\/person\\\/b4043608248f8fa227cd760e7ff1e19e\"},\"headline\":\"Burkina Faso : Les exportations dop\u00e9es par l\u2019or, la balance commerciale repasse au vert\",\"datePublished\":\"2025-09-18T16:13:03+00:00\",\"mainEntityOfPage\":{\"@id\":\"https:\\\/\\\/voxsahel.com\\\/?p=2787\"},\"wordCount\":319,\"commentCount\":0,\"publisher\":{\"@id\":\"https:\\\/\\\/voxsahel.com\\\/#organization\"},\"image\":{\"@id\":\"https:\\\/\\\/voxsahel.com\\\/?p=2787#primaryimage\"},\"thumbnailUrl\":\"https:\\\/\\\/voxsahel.com\\\/wp-content\\\/uploads\\\/2025\\\/09\\\/IMG_9135.jpeg\",\"keywords\":[\"Balance commerciale\",\"Burkina Faso\",\"Commerce\",\"Exportation\",\"Or\"],\"articleSection\":[\"FAITS DIVERS\"],\"inLanguage\":\"fr-FR\",\"potentialAction\":[{\"@type\":\"CommentAction\",\"name\":\"Comment\",\"target\":[\"https:\\\/\\\/voxsahel.com\\\/?p=2787#respond\"]}]},{\"@type\":\"WebPage\",\"@id\":\"https:\\\/\\\/voxsahel.com\\\/?p=2787\",\"url\":\"https:\\\/\\\/voxsahel.com\\\/?p=2787\",\"name\":\"Burkina Faso : Les exportations dop\u00e9es par l\u2019or, la balance commerciale repasse au vert - Vox Sahel\",\"isPartOf\":{\"@id\":\"https:\\\/\\\/voxsahel.com\\\/#website\"},\"primaryImageOfPage\":{\"@id\":\"https:\\\/\\\/voxsahel.com\\\/?p=2787#primaryimage\"},\"image\":{\"@id\":\"https:\\\/\\\/voxsahel.com\\\/?p=2787#primaryimage\"},\"thumbnailUrl\":\"https:\\\/\\\/voxsahel.com\\\/wp-content\\\/uploads\\\/2025\\\/09\\\/IMG_9135.jpeg\",\"datePublished\":\"2025-09-18T16:13:03+00:00\",\"breadcrumb\":{\"@id\":\"https:\\\/\\\/voxsahel.com\\\/?p=2787#breadcrumb\"},\"inLanguage\":\"fr-FR\",\"potentialAction\":[{\"@type\":\"ReadAction\",\"target\":[\"https:\\\/\\\/voxsahel.com\\\/?p=2787\"]}]},{\"@type\":\"ImageObject\",\"inLanguage\":\"fr-FR\",\"@id\":\"https:\\\/\\\/voxsahel.com\\\/?p=2787#primaryimage\",\"url\":\"https:\\\/\\\/voxsahel.com\\\/wp-content\\\/uploads\\\/2025\\\/09\\\/IMG_9135.jpeg\",\"contentUrl\":\"https:\\\/\\\/voxsahel.com\\\/wp-content\\\/uploads\\\/2025\\\/09\\\/IMG_9135.jpeg\",\"width\":750,\"height\":357},{\"@type\":\"BreadcrumbList\",\"@id\":\"https:\\\/\\\/voxsahel.com\\\/?p=2787#breadcrumb\",\"itemListElement\":[{\"@type\":\"ListItem\",\"position\":1,\"name\":\"Home\",\"item\":\"https:\\\/\\\/voxsahel.com\\\/\"},{\"@type\":\"ListItem\",\"position\":2,\"name\":\"Burkina Faso : Les exportations dop\u00e9es par l\u2019or, la balance commerciale repasse au vert\"}]},{\"@type\":\"WebSite\",\"@id\":\"https:\\\/\\\/voxsahel.com\\\/#website\",\"url\":\"https:\\\/\\\/voxsahel.com\\\/\",\"name\":\"Vox Sahel\",\"description\":\"Informez-vous sur le Sahel en un clic\",\"publisher\":{\"@id\":\"https:\\\/\\\/voxsahel.com\\\/#organization\"},\"potentialAction\":[{\"@type\":\"SearchAction\",\"target\":{\"@type\":\"EntryPoint\",\"urlTemplate\":\"https:\\\/\\\/voxsahel.com\\\/?s={search_term_string}\"},\"query-input\":{\"@type\":\"PropertyValueSpecification\",\"valueRequired\":true,\"valueName\":\"search_term_string\"}}],\"inLanguage\":\"fr-FR\"},{\"@type\":\"Organization\",\"@id\":\"https:\\\/\\\/voxsahel.com\\\/#organization\",\"name\":\"Vox Sahel\",\"url\":\"https:\\\/\\\/voxsahel.com\\\/\",\"logo\":{\"@type\":\"ImageObject\",\"inLanguage\":\"fr-FR\",\"@id\":\"https:\\\/\\\/voxsahel.com\\\/#\\\/schema\\\/logo\\\/image\\\/\",\"url\":\"https:\\\/\\\/voxsahel.com\\\/wp-content\\\/uploads\\\/2024\\\/09\\\/Logo-Vox-Sahel.jpg\",\"contentUrl\":\"https:\\\/\\\/voxsahel.com\\\/wp-content\\\/uploads\\\/2024\\\/09\\\/Logo-Vox-Sahel.jpg\",\"width\":1181,\"height\":848,\"caption\":\"Vox Sahel\"},\"image\":{\"@id\":\"https:\\\/\\\/voxsahel.com\\\/#\\\/schema\\\/logo\\\/image\\\/\"},\"sameAs\":[\"https:\\\/\\\/www.facebook.com\\\/journal.voxsahel\"]},{\"@type\":\"Person\",\"@id\":\"https:\\\/\\\/voxsahel.com\\\/#\\\/schema\\\/person\\\/b4043608248f8fa227cd760e7ff1e19e\",\"name\":\"Vox Sahel\",\"image\":{\"@type\":\"ImageObject\",\"inLanguage\":\"fr-FR\",\"@id\":\"https:\\\/\\\/secure.gravatar.com\\\/avatar\\\/f70e7fa0cb9b29d4a7c5788d6eb2e9ab4d3135cbae1c9161810fdf77a8964699?s=96&d=mm&r=g\",\"url\":\"https:\\\/\\\/secure.gravatar.com\\\/avatar\\\/f70e7fa0cb9b29d4a7c5788d6eb2e9ab4d3135cbae1c9161810fdf77a8964699?s=96&d=mm&r=g\",\"contentUrl\":\"https:\\\/\\\/secure.gravatar.com\\\/avatar\\\/f70e7fa0cb9b29d4a7c5788d6eb2e9ab4d3135cbae1c9161810fdf77a8964699?s=96&d=mm&r=g\",\"caption\":\"Vox Sahel\"},\"sameAs\":[\"http:\\\/\\\/www.voxsahel.com\"],\"url\":\"https:\\\/\\\/voxsahel.com\\\/?author=2\"}]}<\/script>\n<!-- \/ Yoast SEO plugin. -->","yoast_head_json":{"title":"Burkina Faso : Les exportations dop\u00e9es par l\u2019or, la balance commerciale repasse au vert - Vox Sahel","robots":{"index":"index","follow":"follow","max-snippet":"max-snippet:-1","max-image-preview":"max-image-preview:large","max-video-preview":"max-video-preview:-1"},"canonical":"https:\/\/voxsahel.com\/?p=2787","og_locale":"fr_FR","og_type":"article","og_title":"Burkina Faso : Les exportations dop\u00e9es par l\u2019or, la balance commerciale repasse au vert - Vox Sahel","og_description":"L\u2019\u00e9conomie burkinab\u00e8 a amorc\u00e9 l\u2019ann\u00e9e 2025 sur une note positive, avec une am\u00e9lioration notable du","og_url":"https:\/\/voxsahel.com\/?p=2787","og_site_name":"Vox Sahel","article_publisher":"https:\/\/www.facebook.com\/journal.voxsahel","article_published_time":"2025-09-18T16:13:03+00:00","og_image":[{"width":750,"height":357,"url":"https:\/\/voxsahel.com\/wp-content\/uploads\/2025\/09\/IMG_9135.jpeg","type":"image\/jpeg"}],"author":"Vox Sahel","twitter_card":"summary_large_image","twitter_misc":{"\u00c9crit par":"Vox Sahel","Dur\u00e9e de lecture estim\u00e9e":"2 minutes"},"schema":{"@context":"https:\/\/schema.org","@graph":[{"@type":"Article","@id":"https:\/\/voxsahel.com\/?p=2787#article","isPartOf":{"@id":"https:\/\/voxsahel.com\/?p=2787"},"author":{"name":"Vox Sahel","@id":"https:\/\/voxsahel.com\/#\/schema\/person\/b4043608248f8fa227cd760e7ff1e19e"},"headline":"Burkina Faso : Les exportations dop\u00e9es par l\u2019or, la balance commerciale repasse au vert","datePublished":"2025-09-18T16:13:03+00:00","mainEntityOfPage":{"@id":"https:\/\/voxsahel.com\/?p=2787"},"wordCount":319,"commentCount":0,"publisher":{"@id":"https:\/\/voxsahel.com\/#organization"},"image":{"@id":"https:\/\/voxsahel.com\/?p=2787#primaryimage"},"thumbnailUrl":"https:\/\/voxsahel.com\/wp-content\/uploads\/2025\/09\/IMG_9135.jpeg","keywords":["Balance commerciale","Burkina Faso","Commerce","Exportation","Or"],"articleSection":["FAITS DIVERS"],"inLanguage":"fr-FR","potentialAction":[{"@type":"CommentAction","name":"Comment","target":["https:\/\/voxsahel.com\/?p=2787#respond"]}]},{"@type":"WebPage","@id":"https:\/\/voxsahel.com\/?p=2787","url":"https:\/\/voxsahel.com\/?p=2787","name":"Burkina Faso : Les exportations dop\u00e9es par l\u2019or, la balance commerciale repasse au vert - Vox Sahel","isPartOf":{"@id":"https:\/\/voxsahel.com\/#website"},"primaryImageOfPage":{"@id":"https:\/\/voxsahel.com\/?p=2787#primaryimage"},"image":{"@id":"https:\/\/voxsahel.com\/?p=2787#primaryimage"},"thumbnailUrl":"https:\/\/voxsahel.com\/wp-content\/uploads\/2025\/09\/IMG_9135.jpeg","datePublished":"2025-09-18T16:13:03+00:00","breadcrumb":{"@id":"https:\/\/voxsahel.com\/?p=2787#breadcrumb"},"inLanguage":"fr-FR","potentialAction":[{"@type":"ReadAction","target":["https:\/\/voxsahel.com\/?p=2787"]}]},{"@type":"ImageObject","inLanguage":"fr-FR","@id":"https:\/\/voxsahel.com\/?p=2787#primaryimage","url":"https:\/\/voxsahel.com\/wp-content\/uploads\/2025\/09\/IMG_9135.jpeg","contentUrl":"https:\/\/voxsahel.com\/wp-content\/uploads\/2025\/09\/IMG_9135.jpeg","width":750,"height":357},{"@type":"BreadcrumbList","@id":"https:\/\/voxsahel.com\/?p=2787#breadcrumb","itemListElement":[{"@type":"ListItem","position":1,"name":"Home","item":"https:\/\/voxsahel.com\/"},{"@type":"ListItem","position":2,"name":"Burkina Faso : Les exportations dop\u00e9es par l\u2019or, la balance commerciale repasse au vert"}]},{"@type":"WebSite","@id":"https:\/\/voxsahel.com\/#website","url":"https:\/\/voxsahel.com\/","name":"Vox Sahel","description":"Informez-vous sur le Sahel en un clic","publisher":{"@id":"https:\/\/voxsahel.com\/#organization"},"potentialAction":[{"@type":"SearchAction","target":{"@type":"EntryPoint","urlTemplate":"https:\/\/voxsahel.com\/?s={search_term_string}"},"query-input":{"@type":"PropertyValueSpecification","valueRequired":true,"valueName":"search_term_string"}}],"inLanguage":"fr-FR"},{"@type":"Organization","@id":"https:\/\/voxsahel.com\/#organization","name":"Vox Sahel","url":"https:\/\/voxsahel.com\/","logo":{"@type":"ImageObject","inLanguage":"fr-FR","@id":"https:\/\/voxsahel.com\/#\/schema\/logo\/image\/","url":"https:\/\/voxsahel.com\/wp-content\/uploads\/2024\/09\/Logo-Vox-Sahel.jpg","contentUrl":"https:\/\/voxsahel.com\/wp-content\/uploads\/2024\/09\/Logo-Vox-Sahel.jpg","width":1181,"height":848,"caption":"Vox Sahel"},"image":{"@id":"https:\/\/voxsahel.com\/#\/schema\/logo\/image\/"},"sameAs":["https:\/\/www.facebook.com\/journal.voxsahel"]},{"@type":"Person","@id":"https:\/\/voxsahel.com\/#\/schema\/person\/b4043608248f8fa227cd760e7ff1e19e","name":"Vox Sahel","image":{"@type":"ImageObject","inLanguage":"fr-FR","@id":"https:\/\/secure.gravatar.com\/avatar\/f70e7fa0cb9b29d4a7c5788d6eb2e9ab4d3135cbae1c9161810fdf77a8964699?s=96&d=mm&r=g","url":"https:\/\/secure.gravatar.com\/avatar\/f70e7fa0cb9b29d4a7c5788d6eb2e9ab4d3135cbae1c9161810fdf77a8964699?s=96&d=mm&r=g","contentUrl":"https:\/\/secure.gravatar.com\/avatar\/f70e7fa0cb9b29d4a7c5788d6eb2e9ab4d3135cbae1c9161810fdf77a8964699?s=96&d=mm&r=g","caption":"Vox Sahel"},"sameAs":["http:\/\/www.voxsahel.com"],"url":"https:\/\/voxsahel.com\/?author=2"}]}},"_links":{"self":[{"href":"https:\/\/voxsahel.com\/index.php?rest_route=\/wp\/v2\/posts\/2787","targetHints":{"allow":["GET"]}}],"collection":[{"href":"https:\/\/voxsahel.com\/index.php?rest_route=\/wp\/v2\/posts"}],"about":[{"href":"https:\/\/voxsahel.com\/index.php?rest_route=\/wp\/v2\/types\/post"}],"author":[{"embeddable":true,"href":"https:\/\/voxsahel.com\/index.php?rest_route=\/wp\/v2\/users\/2"}],"replies":[{"embeddable":true,"href":"https:\/\/voxsahel.com\/index.php?rest_route=%2Fwp%2Fv2%2Fcomments&post=2787"}],"version-history":[{"count":1,"href":"https:\/\/voxsahel.com\/index.php?rest_route=\/wp\/v2\/posts\/2787\/revisions"}],"predecessor-version":[{"id":2789,"href":"https:\/\/voxsahel.com\/index.php?rest_route=\/wp\/v2\/posts\/2787\/revisions\/2789"}],"wp:featuredmedia":[{"embeddable":true,"href":"https:\/\/voxsahel.com\/index.php?rest_route=\/wp\/v2\/media\/2788"}],"wp:attachment":[{"href":"https:\/\/voxsahel.com\/index.php?rest_route=%2Fwp%2Fv2%2Fmedia&parent=2787"}],"wp:term":[{"taxonomy":"category","embeddable":true,"href":"https:\/\/voxsahel.com\/index.php?rest_route=%2Fwp%2Fv2%2Fcategories&post=2787"},{"taxonomy":"post_tag","embeddable":true,"href":"https:\/\/voxsahel.com\/index.php?rest_route=%2Fwp%2Fv2%2Ftags&post=2787"}],"curies":[{"name":"wp","href":"https:\/\/api.w.org\/{rel}","templated":true}]}}