{"id":2784,"date":"2025-09-18T00:04:14","date_gmt":"2025-09-18T00:04:14","guid":{"rendered":"https:\/\/voxsahel.com\/?p=2784"},"modified":"2025-09-18T00:04:14","modified_gmt":"2025-09-18T00:04:14","slug":"referendum-du-21-septembre-2025-en-guinee-un-nouveau-depart-pour-la-nation","status":"publish","type":"post","link":"https:\/\/voxsahel.com\/?p=2784","title":{"rendered":"R\u00e9f\u00e9rendum du 21 septembre 2025 en Guin\u00e9e : Un nouveau d\u00e9part pour la Nation"},"content":{"rendered":"<p class=\"p1\"><span class=\"s1\">En Afrique de l\u2019Ouest francophone, la Guin\u00e9e, c\u2019est le symbole de l\u2018affirmation de soi. C\u2019est la marque ind\u00e9l\u00e9bile de la souverainet\u00e9 assum\u00e9e.C\u2019est cette m\u00eame Guin\u00e9e, fi\u00e8re et debout, qui refusa et refuse aujourd\u2019hui encore la compromission tout en assumant sa \u00ab dignit\u00e9 dans la libert\u00e9. \u00bb.<\/span><\/p>\n<p class=\"p1\"><span class=\"s1\">Cette Guin\u00e9e, c\u2019est le symbole inali\u00e9nable d\u2019une Afrique riche et prosp\u00e8re qui aspire \u00e0 \u00eatre sur le devant de la sc\u00e8ne internationale. Car elle en a les atouts.En termes de potentialit\u00e9s socio-\u00e9conomiques et de ressources humaines, la Guin\u00e9e regorge d\u2019importantes potentialit\u00e9s de qualit\u00e9, capables de relever les d\u00e9fis \u00e0 venir. La Guin\u00e9e, c\u2019est l\u2019Afrique en miniature, tellement elle renferme d\u2019immenses ressources mini\u00e8res, en particulier les plus grandes r\u00e9serves de bauxite et de fer au monde, des gisements d\u2019or et de diamant, ainsi qu\u2019un potentiel hydro\u00e9lectrique important en termes de ressources en eau, sans oublier un secteur agricole productif et un secteur de la p\u00eache florissant.<\/span><\/p>\n<p class=\"p1\"><span class=\"s1\">C\u2019est pourquoi le r\u00e9f\u00e9rendum du 21 septembre 2025, qui intervient apr\u00e8s de nombreuses p\u00e9rip\u00e9ties, vise \u00e0 renouer avec l\u2019esp\u00e9rance. En effet, les Guin\u00e9ennes et les Guin\u00e9ens des villes et des campagnes, n\u2019ont que trop souffert de la mal gouvernance politicienne et \u00e9conomique, ainsi que de l\u2019incapacit\u00e9 de leurs \u00e9lites dirigeantes \u00e0 travailler dans le sens de l\u2019int\u00e9r\u00eat du pays. Se montrant par ailleurs en de\u00e7\u00e0 des attentes des p\u00e8res fondateurs.<\/span><\/p>\n<p class=\"p1\"><span class=\"s1\">Le r\u00e9f\u00e9rendum du 21 septembre 2025 sonne par cons\u00e9quent comme un nouveau d\u00e9part. Celui qui transcendera les divergences pour engager une projection r\u00e9solue vers l\u2019avenir.Par cons\u00e9quent, les braves populations de la Guin\u00e9e ont entre les mains une occasion unique et historique de changer les choses, en sortant de la logique du fait accompli pour se tourner r\u00e9solument vers un avenir florissant.<\/span><\/p>\n<p class=\"p1\"><span class=\"s1\">Toute l\u2019Afrique a d\u00e9sormais les regards tourn\u00e9s vers ce r\u00e9f\u00e9rendum constitutionnel du 21 septembre 2025, synonyme d\u2019espoir et de renouveau.Ce oui franc et massif qui en r\u00e9sultera sera un appel \u00e0 consolider les acquis d\u2019une Transition qui aura durablement marqu\u00e9 positivement les esprits et pos\u00e9 les jalons d\u2019un r\u00e9tablissement de l\u2019honneur et de la fiert\u00e9 de la m\u00e8re et fi\u00e8re patrie. <\/span><\/p>\n<p class=\"p1\"><span class=\"s1\">A l\u2019heure d\u2019un nouveau d\u00e9part, le temps est donc venu de confirmer les attentes. Cette nouvelle constitution constitue une ultime \u00e9tape vers le r\u00e9tablissement de l\u2019ordre constitutionnel en Guin\u00e9e et un pacte social renouvel\u00e9. Le texte propos\u00e9 fait \u0153uvre utile en mati\u00e8re de protection des droits humains et de m\u00e9canisme de contr\u00f4le. Il inscrit l\u2019action future des gouvernants dans une perspective de durabilit\u00e9 politique, \u00e9conomique et sociale, en rompant avec une logique de court terme qui a montr\u00e9 toutes ses limites.<\/span><\/p>\n<p class=\"p1\"><span class=\"s1\">Les Guin\u00e9ens ne sont pas dupes. Ils savent qu\u2019au-del\u00e0 des mots et des formules, c\u2019est dans la pratique quotidienne que les \u0153uvres humaines se bonifient. C\u2019est pourquoi cette nouvelle constitution, en se soumettant humblement \u00e0 l\u2019approbation populaire, est d\u00e9j\u00e0 une avanc\u00e9e. Elle s\u2019inscrit dans une dynamique de co-construction et s\u2019enrichira des exp\u00e9riences des uns et des autres, comme cela a \u00e9t\u00e9 le cas dans certains pays qui sont des r\u00e9f\u00e9rences en la mati\u00e8re et dont la pr\u00e9sente constitution guin\u00e9enne s\u2019est inspir\u00e9e.<\/span><\/p>\n<p class=\"p1\"><span class=\"s1\">\u00ab Ce n\u2019est pas le droit qui fait la soci\u00e9t\u00e9, c\u2019est la soci\u00e9t\u00e9 qui fait le droit \u00bb, disait un c\u00e9l\u00e8bre homme de droit. Comme le dit un adage populaire, \u00ab c\u2019est un pas qui en appelle un autre. \u00bb Par ailleurs, ne dit-on pas que \u00ab seul on va vite, ensemble on va loin. \u00bb.<\/span><\/p>\n<p class=\"p1\"><span class=\"s1\">R\u00e9solus \u00e0 faire avancer leur pays, les Guin\u00e9ens voteront massivement pour le oui \u00e0 la nouvelle constitution, le 21 septembre 2025. Car ils sont conscients qu\u2019il s\u2019agit d\u2019un imp\u00e9ratif de progr\u00e8s et de modernit\u00e9 dans un monde qui bouge.<\/span><\/p>\n<p class=\"p1\" style=\"text-align: right;\"><strong><span class=\"s1\">Par Daouda Sawadogo <\/span><\/strong><\/p>\n<p class=\"p1\"><span class=\"s1\">\u00a0<\/span><\/p>\n","protected":false},"excerpt":{"rendered":"<p>En Afrique de l\u2019Ouest francophone, la Guin\u00e9e, c\u2019est le symbole de l\u2018affirmation de soi. C\u2019est<\/p>\n","protected":false},"author":2,"featured_media":2785,"comment_status":"open","ping_status":"open","sticky":false,"template":"","format":"standard","meta":{"_et_pb_use_builder":"","_et_pb_old_content":"","_et_gb_content_width":"","footnotes":""},"categories":[15],"tags":[312,918,920,919],"class_list":["post-2784","post","type-post","status-publish","format-standard","has-post-thumbnail","hentry","category-international","tag-election-presidentielle","tag-guinee","tag-referendum","tag-referendum-du-21-septembre-2025"],"yoast_head":"<!-- This site is optimized with the Yoast SEO plugin v27.5 - https:\/\/yoast.com\/product\/yoast-seo-wordpress\/ -->\n<title>R\u00e9f\u00e9rendum du 21 septembre 2025 en Guin\u00e9e : Un nouveau d\u00e9part pour la Nation - Vox Sahel<\/title>\n<meta name=\"robots\" content=\"index, follow, max-snippet:-1, max-image-preview:large, max-video-preview:-1\" \/>\n<link rel=\"canonical\" href=\"https:\/\/voxsahel.com\/?p=2784\" \/>\n<meta property=\"og:locale\" content=\"fr_FR\" \/>\n<meta property=\"og:type\" content=\"article\" \/>\n<meta property=\"og:title\" content=\"R\u00e9f\u00e9rendum du 21 septembre 2025 en Guin\u00e9e : Un nouveau d\u00e9part pour la Nation - Vox Sahel\" \/>\n<meta property=\"og:description\" content=\"En Afrique de l\u2019Ouest francophone, la Guin\u00e9e, c\u2019est le symbole de l\u2018affirmation de soi. C\u2019est\" \/>\n<meta property=\"og:url\" content=\"https:\/\/voxsahel.com\/?p=2784\" \/>\n<meta property=\"og:site_name\" content=\"Vox Sahel\" \/>\n<meta property=\"article:publisher\" content=\"https:\/\/www.facebook.com\/journal.voxsahel\" \/>\n<meta property=\"article:published_time\" content=\"2025-09-18T00:04:14+00:00\" \/>\n<meta property=\"og:image\" content=\"https:\/\/voxsahel.com\/wp-content\/uploads\/2025\/09\/a4ccd0a6-5c0f-404d-82b9-8010fe118dd8.jpeg\" \/>\n\t<meta property=\"og:image:width\" content=\"408\" \/>\n\t<meta property=\"og:image:height\" content=\"230\" \/>\n\t<meta property=\"og:image:type\" content=\"image\/jpeg\" \/>\n<meta name=\"author\" content=\"Vox Sahel\" \/>\n<meta name=\"twitter:card\" content=\"summary_large_image\" \/>\n<meta name=\"twitter:label1\" content=\"\u00c9crit par\" \/>\n\t<meta name=\"twitter:data1\" content=\"Vox Sahel\" \/>\n\t<meta name=\"twitter:label2\" content=\"Dur\u00e9e de lecture estim\u00e9e\" \/>\n\t<meta name=\"twitter:data2\" content=\"4 minutes\" \/>\n<script type=\"application\/ld+json\" class=\"yoast-schema-graph\">{\"@context\":\"https:\\\/\\\/schema.org\",\"@graph\":[{\"@type\":\"Article\",\"@id\":\"https:\\\/\\\/voxsahel.com\\\/?p=2784#article\",\"isPartOf\":{\"@id\":\"https:\\\/\\\/voxsahel.com\\\/?p=2784\"},\"author\":{\"name\":\"Vox Sahel\",\"@id\":\"https:\\\/\\\/voxsahel.com\\\/#\\\/schema\\\/person\\\/b4043608248f8fa227cd760e7ff1e19e\"},\"headline\":\"R\u00e9f\u00e9rendum du 21 septembre 2025 en Guin\u00e9e : Un nouveau d\u00e9part pour la Nation\",\"datePublished\":\"2025-09-18T00:04:14+00:00\",\"mainEntityOfPage\":{\"@id\":\"https:\\\/\\\/voxsahel.com\\\/?p=2784\"},\"wordCount\":712,\"commentCount\":0,\"publisher\":{\"@id\":\"https:\\\/\\\/voxsahel.com\\\/#organization\"},\"image\":{\"@id\":\"https:\\\/\\\/voxsahel.com\\\/?p=2784#primaryimage\"},\"thumbnailUrl\":\"https:\\\/\\\/voxsahel.com\\\/wp-content\\\/uploads\\\/2025\\\/09\\\/a4ccd0a6-5c0f-404d-82b9-8010fe118dd8.jpeg\",\"keywords\":[\"\u00c9lection pr\u00e9sidentielle\",\"Guin\u00e9e\",\"R\u00e9f\u00e9rendum\",\"R\u00e9f\u00e9rendum du 21 septembre 2025\"],\"articleSection\":[\"INTERNATIONAL\"],\"inLanguage\":\"fr-FR\",\"potentialAction\":[{\"@type\":\"CommentAction\",\"name\":\"Comment\",\"target\":[\"https:\\\/\\\/voxsahel.com\\\/?p=2784#respond\"]}]},{\"@type\":\"WebPage\",\"@id\":\"https:\\\/\\\/voxsahel.com\\\/?p=2784\",\"url\":\"https:\\\/\\\/voxsahel.com\\\/?p=2784\",\"name\":\"R\u00e9f\u00e9rendum du 21 septembre 2025 en Guin\u00e9e : Un nouveau d\u00e9part pour la Nation - Vox Sahel\",\"isPartOf\":{\"@id\":\"https:\\\/\\\/voxsahel.com\\\/#website\"},\"primaryImageOfPage\":{\"@id\":\"https:\\\/\\\/voxsahel.com\\\/?p=2784#primaryimage\"},\"image\":{\"@id\":\"https:\\\/\\\/voxsahel.com\\\/?p=2784#primaryimage\"},\"thumbnailUrl\":\"https:\\\/\\\/voxsahel.com\\\/wp-content\\\/uploads\\\/2025\\\/09\\\/a4ccd0a6-5c0f-404d-82b9-8010fe118dd8.jpeg\",\"datePublished\":\"2025-09-18T00:04:14+00:00\",\"breadcrumb\":{\"@id\":\"https:\\\/\\\/voxsahel.com\\\/?p=2784#breadcrumb\"},\"inLanguage\":\"fr-FR\",\"potentialAction\":[{\"@type\":\"ReadAction\",\"target\":[\"https:\\\/\\\/voxsahel.com\\\/?p=2784\"]}]},{\"@type\":\"ImageObject\",\"inLanguage\":\"fr-FR\",\"@id\":\"https:\\\/\\\/voxsahel.com\\\/?p=2784#primaryimage\",\"url\":\"https:\\\/\\\/voxsahel.com\\\/wp-content\\\/uploads\\\/2025\\\/09\\\/a4ccd0a6-5c0f-404d-82b9-8010fe118dd8.jpeg\",\"contentUrl\":\"https:\\\/\\\/voxsahel.com\\\/wp-content\\\/uploads\\\/2025\\\/09\\\/a4ccd0a6-5c0f-404d-82b9-8010fe118dd8.jpeg\",\"width\":408,\"height\":230},{\"@type\":\"BreadcrumbList\",\"@id\":\"https:\\\/\\\/voxsahel.com\\\/?p=2784#breadcrumb\",\"itemListElement\":[{\"@type\":\"ListItem\",\"position\":1,\"name\":\"Home\",\"item\":\"https:\\\/\\\/voxsahel.com\\\/\"},{\"@type\":\"ListItem\",\"position\":2,\"name\":\"R\u00e9f\u00e9rendum du 21 septembre 2025 en Guin\u00e9e : Un nouveau d\u00e9part pour la Nation\"}]},{\"@type\":\"WebSite\",\"@id\":\"https:\\\/\\\/voxsahel.com\\\/#website\",\"url\":\"https:\\\/\\\/voxsahel.com\\\/\",\"name\":\"Vox Sahel\",\"description\":\"Informez-vous sur le Sahel en un clic\",\"publisher\":{\"@id\":\"https:\\\/\\\/voxsahel.com\\\/#organization\"},\"potentialAction\":[{\"@type\":\"SearchAction\",\"target\":{\"@type\":\"EntryPoint\",\"urlTemplate\":\"https:\\\/\\\/voxsahel.com\\\/?s={search_term_string}\"},\"query-input\":{\"@type\":\"PropertyValueSpecification\",\"valueRequired\":true,\"valueName\":\"search_term_string\"}}],\"inLanguage\":\"fr-FR\"},{\"@type\":\"Organization\",\"@id\":\"https:\\\/\\\/voxsahel.com\\\/#organization\",\"name\":\"Vox Sahel\",\"url\":\"https:\\\/\\\/voxsahel.com\\\/\",\"logo\":{\"@type\":\"ImageObject\",\"inLanguage\":\"fr-FR\",\"@id\":\"https:\\\/\\\/voxsahel.com\\\/#\\\/schema\\\/logo\\\/image\\\/\",\"url\":\"https:\\\/\\\/voxsahel.com\\\/wp-content\\\/uploads\\\/2024\\\/09\\\/Logo-Vox-Sahel.jpg\",\"contentUrl\":\"https:\\\/\\\/voxsahel.com\\\/wp-content\\\/uploads\\\/2024\\\/09\\\/Logo-Vox-Sahel.jpg\",\"width\":1181,\"height\":848,\"caption\":\"Vox Sahel\"},\"image\":{\"@id\":\"https:\\\/\\\/voxsahel.com\\\/#\\\/schema\\\/logo\\\/image\\\/\"},\"sameAs\":[\"https:\\\/\\\/www.facebook.com\\\/journal.voxsahel\"]},{\"@type\":\"Person\",\"@id\":\"https:\\\/\\\/voxsahel.com\\\/#\\\/schema\\\/person\\\/b4043608248f8fa227cd760e7ff1e19e\",\"name\":\"Vox Sahel\",\"image\":{\"@type\":\"ImageObject\",\"inLanguage\":\"fr-FR\",\"@id\":\"https:\\\/\\\/secure.gravatar.com\\\/avatar\\\/f70e7fa0cb9b29d4a7c5788d6eb2e9ab4d3135cbae1c9161810fdf77a8964699?s=96&d=mm&r=g\",\"url\":\"https:\\\/\\\/secure.gravatar.com\\\/avatar\\\/f70e7fa0cb9b29d4a7c5788d6eb2e9ab4d3135cbae1c9161810fdf77a8964699?s=96&d=mm&r=g\",\"contentUrl\":\"https:\\\/\\\/secure.gravatar.com\\\/avatar\\\/f70e7fa0cb9b29d4a7c5788d6eb2e9ab4d3135cbae1c9161810fdf77a8964699?s=96&d=mm&r=g\",\"caption\":\"Vox Sahel\"},\"sameAs\":[\"http:\\\/\\\/www.voxsahel.com\"],\"url\":\"https:\\\/\\\/voxsahel.com\\\/?author=2\"}]}<\/script>\n<!-- \/ Yoast SEO plugin. -->","yoast_head_json":{"title":"R\u00e9f\u00e9rendum du 21 septembre 2025 en Guin\u00e9e : Un nouveau d\u00e9part pour la Nation - Vox Sahel","robots":{"index":"index","follow":"follow","max-snippet":"max-snippet:-1","max-image-preview":"max-image-preview:large","max-video-preview":"max-video-preview:-1"},"canonical":"https:\/\/voxsahel.com\/?p=2784","og_locale":"fr_FR","og_type":"article","og_title":"R\u00e9f\u00e9rendum du 21 septembre 2025 en Guin\u00e9e : Un nouveau d\u00e9part pour la Nation - Vox Sahel","og_description":"En Afrique de l\u2019Ouest francophone, la Guin\u00e9e, c\u2019est le symbole de l\u2018affirmation de soi. C\u2019est","og_url":"https:\/\/voxsahel.com\/?p=2784","og_site_name":"Vox Sahel","article_publisher":"https:\/\/www.facebook.com\/journal.voxsahel","article_published_time":"2025-09-18T00:04:14+00:00","og_image":[{"width":408,"height":230,"url":"https:\/\/voxsahel.com\/wp-content\/uploads\/2025\/09\/a4ccd0a6-5c0f-404d-82b9-8010fe118dd8.jpeg","type":"image\/jpeg"}],"author":"Vox Sahel","twitter_card":"summary_large_image","twitter_misc":{"\u00c9crit par":"Vox Sahel","Dur\u00e9e de lecture estim\u00e9e":"4 minutes"},"schema":{"@context":"https:\/\/schema.org","@graph":[{"@type":"Article","@id":"https:\/\/voxsahel.com\/?p=2784#article","isPartOf":{"@id":"https:\/\/voxsahel.com\/?p=2784"},"author":{"name":"Vox Sahel","@id":"https:\/\/voxsahel.com\/#\/schema\/person\/b4043608248f8fa227cd760e7ff1e19e"},"headline":"R\u00e9f\u00e9rendum du 21 septembre 2025 en Guin\u00e9e : Un nouveau d\u00e9part pour la Nation","datePublished":"2025-09-18T00:04:14+00:00","mainEntityOfPage":{"@id":"https:\/\/voxsahel.com\/?p=2784"},"wordCount":712,"commentCount":0,"publisher":{"@id":"https:\/\/voxsahel.com\/#organization"},"image":{"@id":"https:\/\/voxsahel.com\/?p=2784#primaryimage"},"thumbnailUrl":"https:\/\/voxsahel.com\/wp-content\/uploads\/2025\/09\/a4ccd0a6-5c0f-404d-82b9-8010fe118dd8.jpeg","keywords":["\u00c9lection pr\u00e9sidentielle","Guin\u00e9e","R\u00e9f\u00e9rendum","R\u00e9f\u00e9rendum du 21 septembre 2025"],"articleSection":["INTERNATIONAL"],"inLanguage":"fr-FR","potentialAction":[{"@type":"CommentAction","name":"Comment","target":["https:\/\/voxsahel.com\/?p=2784#respond"]}]},{"@type":"WebPage","@id":"https:\/\/voxsahel.com\/?p=2784","url":"https:\/\/voxsahel.com\/?p=2784","name":"R\u00e9f\u00e9rendum du 21 septembre 2025 en Guin\u00e9e : Un nouveau d\u00e9part pour la Nation - Vox Sahel","isPartOf":{"@id":"https:\/\/voxsahel.com\/#website"},"primaryImageOfPage":{"@id":"https:\/\/voxsahel.com\/?p=2784#primaryimage"},"image":{"@id":"https:\/\/voxsahel.com\/?p=2784#primaryimage"},"thumbnailUrl":"https:\/\/voxsahel.com\/wp-content\/uploads\/2025\/09\/a4ccd0a6-5c0f-404d-82b9-8010fe118dd8.jpeg","datePublished":"2025-09-18T00:04:14+00:00","breadcrumb":{"@id":"https:\/\/voxsahel.com\/?p=2784#breadcrumb"},"inLanguage":"fr-FR","potentialAction":[{"@type":"ReadAction","target":["https:\/\/voxsahel.com\/?p=2784"]}]},{"@type":"ImageObject","inLanguage":"fr-FR","@id":"https:\/\/voxsahel.com\/?p=2784#primaryimage","url":"https:\/\/voxsahel.com\/wp-content\/uploads\/2025\/09\/a4ccd0a6-5c0f-404d-82b9-8010fe118dd8.jpeg","contentUrl":"https:\/\/voxsahel.com\/wp-content\/uploads\/2025\/09\/a4ccd0a6-5c0f-404d-82b9-8010fe118dd8.jpeg","width":408,"height":230},{"@type":"BreadcrumbList","@id":"https:\/\/voxsahel.com\/?p=2784#breadcrumb","itemListElement":[{"@type":"ListItem","position":1,"name":"Home","item":"https:\/\/voxsahel.com\/"},{"@type":"ListItem","position":2,"name":"R\u00e9f\u00e9rendum du 21 septembre 2025 en Guin\u00e9e : Un nouveau d\u00e9part pour la Nation"}]},{"@type":"WebSite","@id":"https:\/\/voxsahel.com\/#website","url":"https:\/\/voxsahel.com\/","name":"Vox Sahel","description":"Informez-vous sur le Sahel en un clic","publisher":{"@id":"https:\/\/voxsahel.com\/#organization"},"potentialAction":[{"@type":"SearchAction","target":{"@type":"EntryPoint","urlTemplate":"https:\/\/voxsahel.com\/?s={search_term_string}"},"query-input":{"@type":"PropertyValueSpecification","valueRequired":true,"valueName":"search_term_string"}}],"inLanguage":"fr-FR"},{"@type":"Organization","@id":"https:\/\/voxsahel.com\/#organization","name":"Vox Sahel","url":"https:\/\/voxsahel.com\/","logo":{"@type":"ImageObject","inLanguage":"fr-FR","@id":"https:\/\/voxsahel.com\/#\/schema\/logo\/image\/","url":"https:\/\/voxsahel.com\/wp-content\/uploads\/2024\/09\/Logo-Vox-Sahel.jpg","contentUrl":"https:\/\/voxsahel.com\/wp-content\/uploads\/2024\/09\/Logo-Vox-Sahel.jpg","width":1181,"height":848,"caption":"Vox Sahel"},"image":{"@id":"https:\/\/voxsahel.com\/#\/schema\/logo\/image\/"},"sameAs":["https:\/\/www.facebook.com\/journal.voxsahel"]},{"@type":"Person","@id":"https:\/\/voxsahel.com\/#\/schema\/person\/b4043608248f8fa227cd760e7ff1e19e","name":"Vox Sahel","image":{"@type":"ImageObject","inLanguage":"fr-FR","@id":"https:\/\/secure.gravatar.com\/avatar\/f70e7fa0cb9b29d4a7c5788d6eb2e9ab4d3135cbae1c9161810fdf77a8964699?s=96&d=mm&r=g","url":"https:\/\/secure.gravatar.com\/avatar\/f70e7fa0cb9b29d4a7c5788d6eb2e9ab4d3135cbae1c9161810fdf77a8964699?s=96&d=mm&r=g","contentUrl":"https:\/\/secure.gravatar.com\/avatar\/f70e7fa0cb9b29d4a7c5788d6eb2e9ab4d3135cbae1c9161810fdf77a8964699?s=96&d=mm&r=g","caption":"Vox Sahel"},"sameAs":["http:\/\/www.voxsahel.com"],"url":"https:\/\/voxsahel.com\/?author=2"}]}},"_links":{"self":[{"href":"https:\/\/voxsahel.com\/index.php?rest_route=\/wp\/v2\/posts\/2784","targetHints":{"allow":["GET"]}}],"collection":[{"href":"https:\/\/voxsahel.com\/index.php?rest_route=\/wp\/v2\/posts"}],"about":[{"href":"https:\/\/voxsahel.com\/index.php?rest_route=\/wp\/v2\/types\/post"}],"author":[{"embeddable":true,"href":"https:\/\/voxsahel.com\/index.php?rest_route=\/wp\/v2\/users\/2"}],"replies":[{"embeddable":true,"href":"https:\/\/voxsahel.com\/index.php?rest_route=%2Fwp%2Fv2%2Fcomments&post=2784"}],"version-history":[{"count":1,"href":"https:\/\/voxsahel.com\/index.php?rest_route=\/wp\/v2\/posts\/2784\/revisions"}],"predecessor-version":[{"id":2786,"href":"https:\/\/voxsahel.com\/index.php?rest_route=\/wp\/v2\/posts\/2784\/revisions\/2786"}],"wp:featuredmedia":[{"embeddable":true,"href":"https:\/\/voxsahel.com\/index.php?rest_route=\/wp\/v2\/media\/2785"}],"wp:attachment":[{"href":"https:\/\/voxsahel.com\/index.php?rest_route=%2Fwp%2Fv2%2Fmedia&parent=2784"}],"wp:term":[{"taxonomy":"category","embeddable":true,"href":"https:\/\/voxsahel.com\/index.php?rest_route=%2Fwp%2Fv2%2Fcategories&post=2784"},{"taxonomy":"post_tag","embeddable":true,"href":"https:\/\/voxsahel.com\/index.php?rest_route=%2Fwp%2Fv2%2Ftags&post=2784"}],"curies":[{"name":"wp","href":"https:\/\/api.w.org\/{rel}","templated":true}]}}