{"id":2773,"date":"2025-09-15T13:42:35","date_gmt":"2025-09-15T13:42:35","guid":{"rendered":"https:\/\/voxsahel.com\/?p=2773"},"modified":"2025-09-15T13:42:35","modified_gmt":"2025-09-15T13:42:35","slug":"athletisme-burkinabe-trop-dinjustices-trop-de-sacrifices-il-est-temps-de-liberer-notre-sport-somda-esaii","status":"publish","type":"post","link":"https:\/\/voxsahel.com\/?p=2773","title":{"rendered":"Athl\u00e9tisme burkinab\u00e8 : \u00ab trop d\u2019injustices, trop de sacrifices, il est temps de lib\u00e9rer notre sport ! \u00bb, Somda Esaii"},"content":{"rendered":"<p class=\"p2\"><strong>Dans une tribune poignante, l\u2019athl\u00e8te Somda Esaii d\u00e9nonce la gestion opaque et destructrice de la F\u00e9d\u00e9ration burkinab\u00e8 d\u2019athl\u00e9tisme. Apr\u00e8s l\u2019\u00e9ni\u00e8me sabotage v\u00e9cu par Marthe Koala aux Mondiaux de Tokyo, il appelle \u00e0 la dissolution de la f\u00e9d\u00e9ration, \u00e0 un audit ind\u00e9pendant et \u00e0 une v\u00e9ritable refondation pour redonner espoir aux sportifs burkinab\u00e8.<\/strong><\/p>\n<p class=\"p2\"><span class=\"s1\">Je me nomme Somda Esaii, passionn\u00e9 d\u2019athl\u00e9tisme et t\u00e9moin direct de l\u2019injustice qui ronge notre sport depuis des d\u00e9cennies. Aujourd\u2019hui, je prends la plume avec une profonde douleur pour exprimer un ras-le-bol collectif, celui de tant d\u2019athl\u00e8tes burkinab\u00e8, brim\u00e9s, abandonn\u00e9s et sacrifi\u00e9s au nom d\u2019une gestion opaque et injuste.<\/span><\/p>\n<p class=\"p2\"><span class=\"s2\">Ce que vient de vivre Marthe Koala aux Championnats du Monde d\u2019Athl\u00e9tisme \u00e0 Tokyo est tout simplement inacceptable. Alors qu\u2019elle repr\u00e9sentait une r\u00e9elle chance de m\u00e9daille pour notre pays, elle a \u00e9t\u00e9 boycott\u00e9e par sa propre f\u00e9d\u00e9ration. Son coach, indispensable \u00e0 sa performance, a \u00e9t\u00e9 volontairement \u00e9cart\u00e9<\/span><span class=\"s1\">. R\u00e9sultat : essais nuls, contre-performance et une immense d\u00e9ception, non pas par manque de talent ou d\u2019engagement, mais \u00e0 cause d\u2019une absence inhumaine de soutien.<\/span><\/p>\n<p class=\"p2\"><span class=\"s1\">Ce n\u2019est pas un cas isol\u00e9. La m\u00eame situation s\u2019est produite l\u2019an pass\u00e9 aux Jeux Olympiques de Paris 2024. Cela fait deux comp\u00e9titions internationales majeures o\u00f9 Marthe Koala, une des fiert\u00e9s de notre pays, a \u00e9t\u00e9 priv\u00e9e de l\u2019accompagnement n\u00e9cessaire pour briller. Cette r\u00e9p\u00e9tition n\u2019est pas une erreur : c\u2019est une strat\u00e9gie de sabotage.<\/span><\/p>\n<p class=\"p2\"><span class=\"s1\">Nous, sportifs burkinab\u00e8, n\u2019en pouvons plus. Nous avons tout donn\u00e9 pour nos couleurs. Nous nous entra\u00eenons jour et nuit, souvent sans moyens, dans l\u2019espoir de porter haut le drapeau national. Mais \u00e0 chaque fois, nous sommes trahis par ceux qui devraient nous soutenir.<\/span><\/p>\n<p class=\"p2\"><span class=\"s1\">Depuis plus de 30 ans, la F\u00e9d\u00e9ration Burkinab\u00e8 d\u2019Athl\u00e9tisme est aux mains des m\u00eames dirigeants, qui cumulent les postes, les privil\u00e8ges et les abus. Le cas de Monsieur Missiri Sawadogo, qui occupe \u00e0 la fois les postes de Vice-Pr\u00e9sident F\u00e9d\u00e9ral, Directeur Technique National, Pr\u00e9sident de la Ligue des Hauts-Bassins, et parfois tr\u00e9sorier, est symptomatique d\u2019un syst\u00e8me verrouill\u00e9, inefficace, et dangereux pour l\u2019avenir de notre sport.<\/span><\/p>\n<p class=\"p2\"><span class=\"s1\">Nous avons vu passer des g\u00e9n\u00e9rations de talents sacrifi\u00e9s. Des athl\u00e8tes \u00e9cart\u00e9s, sabot\u00e9s, d\u00e9truits, simplement parce qu\u2019ils n\u2019entraient pas dans les jeux d\u2019int\u00e9r\u00eat de ces dirigeants. Le minist\u00e8re donne des fonds pour soutenir le sport, mais ces fonds sont trop souvent d\u00e9tourn\u00e9s, sans que les premiers concern\u00e9s \u2013 les athl\u00e8tes \u2013 ne b\u00e9n\u00e9ficient du moindre appui. \ud83d\ude23<\/span><\/p>\n<p class=\"p2\"><span class=\"s1\">Moi-m\u00eame, je suis une victime. Depuis 2015, je subis cette injustice silencieuse. Une petite anecdote: En 2014, lors des Championnats d\u2019Afrique Zone Ouest, nous avons re\u00e7u une prime de 15.000 FCFA. Pourtant, dans les journaux, il \u00e9tait \u00e9crit que nous avions re\u00e7u 150.000 FCFA chacun. Cette tromperie honteuse continue encore aujourd\u2019hui. Ce genre de pratiques ne serait jamais inflig\u00e9 aux enfants de ces responsables. Pourquoi donc l\u2019imposer \u00e0 ceux qui se battent pour leur pays ? \ud83d\udc94\ud83e\udd26\u200d\u2642\ufe0f<\/span><\/p>\n<p class=\"p2\"><span class=\"s1\">Nous demandons solennellement :<\/span><\/p>\n<p class=\"p2\"><span class=\"s1\">Que la F\u00e9d\u00e9ration Burkinab\u00e8 d\u2019Athl\u00e9tisme soit dissoute dans sa forme actuelle ;<\/span><\/p>\n<p class=\"p2\"><span class=\"s1\">Qu\u2019un audit ind\u00e9pendant soit men\u00e9 sur la gestion financi\u00e8re et administrative de ces 30 derni\u00e8res ann\u00e9es ;<\/span><\/p>\n<p class=\"p2\"><span class=\"s1\">Que des nouvelles t\u00eates, comp\u00e9tentes et int\u00e8gres, soient nomm\u00e9es pour offrir un avenir digne \u00e0 notre sport ;<\/span><\/p>\n<p class=\"p2\"><span class=\"s1\">Que le Minist\u00e8re des Sports se penche s\u00e9rieusement sur le sort des athl\u00e8tes, pas seulement au moment des comp\u00e9titions, mais tout au long de l\u2019ann\u00e9e.<\/span><\/p>\n<p class=\"p2\"><span class=\"s1\">Comme le disait Feu le Pr\u00e9sident Thomas Sankara :<\/span><\/p>\n<p class=\"p2\"><span class=\"s1\">&gt; \u00ab L\u2019esclave qui n\u2019est pas capable d\u2019assumer sa r\u00e9volte ne m\u00e9rite pas que l\u2019on s\u2019apitoie sur son sort. Seule la lutte lib\u00e8re. \u00bb \u270a\ufe0f<\/span><\/p>\n<p class=\"p2\"><span class=\"s1\">Aujourd\u2019hui, nous refusons de nous taire. Nous refusons de laisser nos r\u00eaves \u00eatre d\u00e9truits par des int\u00e9r\u00eats \u00e9go\u00efstes. Nous refusons que la m\u00e9diocrit\u00e9 continue d\u2019\u00e9touffer le talent burkinab\u00e8.<\/span><\/p>\n<p class=\"p2\"><span class=\"s1\">Il est temps que cela change.<\/span><\/p>\n<p class=\"p2\"><span class=\"s1\">Il est temps d\u2019agir.<\/span><\/p>\n<p class=\"p2\"><span class=\"s1\">Il est temps d\u2019\u00e9couter les athl\u00e8tes.<\/span><\/p>\n<p class=\"p2\"><span class=\"s1\">Somda Esaii<\/span><\/p>\n<p class=\"p2\"><span class=\"s1\">Athl\u00e8te burkinab\u00e8 engag\u00e9\u00a0<\/span><\/p>\n","protected":false},"excerpt":{"rendered":"<p>Dans une tribune poignante, l\u2019athl\u00e8te Somda Esaii d\u00e9nonce la gestion opaque et destructrice de la<\/p>\n","protected":false},"author":2,"featured_media":2774,"comment_status":"open","ping_status":"open","sticky":false,"template":"","format":"standard","meta":{"_et_pb_use_builder":"","_et_pb_old_content":"","_et_gb_content_width":"","footnotes":""},"categories":[12],"tags":[565,18,567,835,909,34],"class_list":["post-2773","post","type-post","status-publish","format-standard","has-post-thumbnail","hentry","category-sports","tag-athletisme","tag-burkina-faso","tag-hugues-fabrice-zango","tag-marthe-koala","tag-mondiaux-dathletisme-tokyo-2025","tag-sport"],"yoast_head":"<!-- This site is optimized with the Yoast SEO plugin v27.5 - https:\/\/yoast.com\/product\/yoast-seo-wordpress\/ -->\n<title>Athl\u00e9tisme burkinab\u00e8 : \u00ab trop d\u2019injustices, trop de sacrifices, il est temps de lib\u00e9rer notre sport ! \u00bb, Somda Esaii - Vox Sahel<\/title>\n<meta name=\"robots\" content=\"index, follow, max-snippet:-1, max-image-preview:large, max-video-preview:-1\" \/>\n<link rel=\"canonical\" href=\"https:\/\/voxsahel.com\/?p=2773\" \/>\n<meta property=\"og:locale\" content=\"fr_FR\" \/>\n<meta property=\"og:type\" content=\"article\" \/>\n<meta property=\"og:title\" content=\"Athl\u00e9tisme burkinab\u00e8 : \u00ab trop d\u2019injustices, trop de sacrifices, il est temps de lib\u00e9rer notre sport ! \u00bb, Somda Esaii - Vox Sahel\" \/>\n<meta property=\"og:description\" content=\"Dans une tribune poignante, l\u2019athl\u00e8te Somda Esaii d\u00e9nonce la gestion opaque et destructrice de la\" \/>\n<meta property=\"og:url\" content=\"https:\/\/voxsahel.com\/?p=2773\" \/>\n<meta property=\"og:site_name\" content=\"Vox Sahel\" \/>\n<meta property=\"article:publisher\" content=\"https:\/\/www.facebook.com\/journal.voxsahel\" \/>\n<meta property=\"article:published_time\" content=\"2025-09-15T13:42:35+00:00\" \/>\n<meta property=\"og:image\" content=\"https:\/\/voxsahel.com\/wp-content\/uploads\/2025\/09\/IMG_8224.jpeg\" \/>\n\t<meta property=\"og:image:width\" content=\"604\" \/>\n\t<meta property=\"og:image:height\" content=\"804\" \/>\n\t<meta property=\"og:image:type\" content=\"image\/jpeg\" \/>\n<meta name=\"author\" content=\"Vox Sahel\" \/>\n<meta name=\"twitter:card\" content=\"summary_large_image\" \/>\n<meta name=\"twitter:label1\" content=\"\u00c9crit par\" \/>\n\t<meta name=\"twitter:data1\" content=\"Vox Sahel\" \/>\n\t<meta name=\"twitter:label2\" content=\"Dur\u00e9e de lecture estim\u00e9e\" \/>\n\t<meta name=\"twitter:data2\" content=\"4 minutes\" \/>\n<script type=\"application\/ld+json\" class=\"yoast-schema-graph\">{\"@context\":\"https:\\\/\\\/schema.org\",\"@graph\":[{\"@type\":\"Article\",\"@id\":\"https:\\\/\\\/voxsahel.com\\\/?p=2773#article\",\"isPartOf\":{\"@id\":\"https:\\\/\\\/voxsahel.com\\\/?p=2773\"},\"author\":{\"name\":\"Vox Sahel\",\"@id\":\"https:\\\/\\\/voxsahel.com\\\/#\\\/schema\\\/person\\\/b4043608248f8fa227cd760e7ff1e19e\"},\"headline\":\"Athl\u00e9tisme burkinab\u00e8 : \u00ab trop d\u2019injustices, trop de sacrifices, il est temps de lib\u00e9rer notre sport ! \u00bb, Somda Esaii\",\"datePublished\":\"2025-09-15T13:42:35+00:00\",\"mainEntityOfPage\":{\"@id\":\"https:\\\/\\\/voxsahel.com\\\/?p=2773\"},\"wordCount\":751,\"commentCount\":0,\"publisher\":{\"@id\":\"https:\\\/\\\/voxsahel.com\\\/#organization\"},\"image\":{\"@id\":\"https:\\\/\\\/voxsahel.com\\\/?p=2773#primaryimage\"},\"thumbnailUrl\":\"https:\\\/\\\/voxsahel.com\\\/wp-content\\\/uploads\\\/2025\\\/09\\\/IMG_8224.jpeg\",\"keywords\":[\"Athl\u00e9tisme\",\"Burkina Faso\",\"Hugues Fabrice Zango\",\"Marthe Koala\",\"Mondiaux d\u2019athl\u00e9tisme Tokyo 2025\",\"Sport\"],\"articleSection\":[\"SPORTS\"],\"inLanguage\":\"fr-FR\",\"potentialAction\":[{\"@type\":\"CommentAction\",\"name\":\"Comment\",\"target\":[\"https:\\\/\\\/voxsahel.com\\\/?p=2773#respond\"]}]},{\"@type\":\"WebPage\",\"@id\":\"https:\\\/\\\/voxsahel.com\\\/?p=2773\",\"url\":\"https:\\\/\\\/voxsahel.com\\\/?p=2773\",\"name\":\"Athl\u00e9tisme burkinab\u00e8 : \u00ab trop d\u2019injustices, trop de sacrifices, il est temps de lib\u00e9rer notre sport ! \u00bb, Somda Esaii - Vox Sahel\",\"isPartOf\":{\"@id\":\"https:\\\/\\\/voxsahel.com\\\/#website\"},\"primaryImageOfPage\":{\"@id\":\"https:\\\/\\\/voxsahel.com\\\/?p=2773#primaryimage\"},\"image\":{\"@id\":\"https:\\\/\\\/voxsahel.com\\\/?p=2773#primaryimage\"},\"thumbnailUrl\":\"https:\\\/\\\/voxsahel.com\\\/wp-content\\\/uploads\\\/2025\\\/09\\\/IMG_8224.jpeg\",\"datePublished\":\"2025-09-15T13:42:35+00:00\",\"breadcrumb\":{\"@id\":\"https:\\\/\\\/voxsahel.com\\\/?p=2773#breadcrumb\"},\"inLanguage\":\"fr-FR\",\"potentialAction\":[{\"@type\":\"ReadAction\",\"target\":[\"https:\\\/\\\/voxsahel.com\\\/?p=2773\"]}]},{\"@type\":\"ImageObject\",\"inLanguage\":\"fr-FR\",\"@id\":\"https:\\\/\\\/voxsahel.com\\\/?p=2773#primaryimage\",\"url\":\"https:\\\/\\\/voxsahel.com\\\/wp-content\\\/uploads\\\/2025\\\/09\\\/IMG_8224.jpeg\",\"contentUrl\":\"https:\\\/\\\/voxsahel.com\\\/wp-content\\\/uploads\\\/2025\\\/09\\\/IMG_8224.jpeg\",\"width\":604,\"height\":804},{\"@type\":\"BreadcrumbList\",\"@id\":\"https:\\\/\\\/voxsahel.com\\\/?p=2773#breadcrumb\",\"itemListElement\":[{\"@type\":\"ListItem\",\"position\":1,\"name\":\"Home\",\"item\":\"https:\\\/\\\/voxsahel.com\\\/\"},{\"@type\":\"ListItem\",\"position\":2,\"name\":\"Athl\u00e9tisme burkinab\u00e8 : \u00ab trop d\u2019injustices, trop de sacrifices, il est temps de lib\u00e9rer notre sport ! \u00bb, Somda Esaii\"}]},{\"@type\":\"WebSite\",\"@id\":\"https:\\\/\\\/voxsahel.com\\\/#website\",\"url\":\"https:\\\/\\\/voxsahel.com\\\/\",\"name\":\"Vox Sahel\",\"description\":\"Informez-vous sur le Sahel en un clic\",\"publisher\":{\"@id\":\"https:\\\/\\\/voxsahel.com\\\/#organization\"},\"potentialAction\":[{\"@type\":\"SearchAction\",\"target\":{\"@type\":\"EntryPoint\",\"urlTemplate\":\"https:\\\/\\\/voxsahel.com\\\/?s={search_term_string}\"},\"query-input\":{\"@type\":\"PropertyValueSpecification\",\"valueRequired\":true,\"valueName\":\"search_term_string\"}}],\"inLanguage\":\"fr-FR\"},{\"@type\":\"Organization\",\"@id\":\"https:\\\/\\\/voxsahel.com\\\/#organization\",\"name\":\"Vox Sahel\",\"url\":\"https:\\\/\\\/voxsahel.com\\\/\",\"logo\":{\"@type\":\"ImageObject\",\"inLanguage\":\"fr-FR\",\"@id\":\"https:\\\/\\\/voxsahel.com\\\/#\\\/schema\\\/logo\\\/image\\\/\",\"url\":\"https:\\\/\\\/voxsahel.com\\\/wp-content\\\/uploads\\\/2024\\\/09\\\/Logo-Vox-Sahel.jpg\",\"contentUrl\":\"https:\\\/\\\/voxsahel.com\\\/wp-content\\\/uploads\\\/2024\\\/09\\\/Logo-Vox-Sahel.jpg\",\"width\":1181,\"height\":848,\"caption\":\"Vox Sahel\"},\"image\":{\"@id\":\"https:\\\/\\\/voxsahel.com\\\/#\\\/schema\\\/logo\\\/image\\\/\"},\"sameAs\":[\"https:\\\/\\\/www.facebook.com\\\/journal.voxsahel\"]},{\"@type\":\"Person\",\"@id\":\"https:\\\/\\\/voxsahel.com\\\/#\\\/schema\\\/person\\\/b4043608248f8fa227cd760e7ff1e19e\",\"name\":\"Vox Sahel\",\"image\":{\"@type\":\"ImageObject\",\"inLanguage\":\"fr-FR\",\"@id\":\"https:\\\/\\\/secure.gravatar.com\\\/avatar\\\/f70e7fa0cb9b29d4a7c5788d6eb2e9ab4d3135cbae1c9161810fdf77a8964699?s=96&d=mm&r=g\",\"url\":\"https:\\\/\\\/secure.gravatar.com\\\/avatar\\\/f70e7fa0cb9b29d4a7c5788d6eb2e9ab4d3135cbae1c9161810fdf77a8964699?s=96&d=mm&r=g\",\"contentUrl\":\"https:\\\/\\\/secure.gravatar.com\\\/avatar\\\/f70e7fa0cb9b29d4a7c5788d6eb2e9ab4d3135cbae1c9161810fdf77a8964699?s=96&d=mm&r=g\",\"caption\":\"Vox Sahel\"},\"sameAs\":[\"http:\\\/\\\/www.voxsahel.com\"],\"url\":\"https:\\\/\\\/voxsahel.com\\\/?author=2\"}]}<\/script>\n<!-- \/ Yoast SEO plugin. -->","yoast_head_json":{"title":"Athl\u00e9tisme burkinab\u00e8 : \u00ab trop d\u2019injustices, trop de sacrifices, il est temps de lib\u00e9rer notre sport ! \u00bb, Somda Esaii - Vox Sahel","robots":{"index":"index","follow":"follow","max-snippet":"max-snippet:-1","max-image-preview":"max-image-preview:large","max-video-preview":"max-video-preview:-1"},"canonical":"https:\/\/voxsahel.com\/?p=2773","og_locale":"fr_FR","og_type":"article","og_title":"Athl\u00e9tisme burkinab\u00e8 : \u00ab trop d\u2019injustices, trop de sacrifices, il est temps de lib\u00e9rer notre sport ! \u00bb, Somda Esaii - Vox Sahel","og_description":"Dans une tribune poignante, l\u2019athl\u00e8te Somda Esaii d\u00e9nonce la gestion opaque et destructrice de la","og_url":"https:\/\/voxsahel.com\/?p=2773","og_site_name":"Vox Sahel","article_publisher":"https:\/\/www.facebook.com\/journal.voxsahel","article_published_time":"2025-09-15T13:42:35+00:00","og_image":[{"width":604,"height":804,"url":"https:\/\/voxsahel.com\/wp-content\/uploads\/2025\/09\/IMG_8224.jpeg","type":"image\/jpeg"}],"author":"Vox Sahel","twitter_card":"summary_large_image","twitter_misc":{"\u00c9crit par":"Vox Sahel","Dur\u00e9e de lecture estim\u00e9e":"4 minutes"},"schema":{"@context":"https:\/\/schema.org","@graph":[{"@type":"Article","@id":"https:\/\/voxsahel.com\/?p=2773#article","isPartOf":{"@id":"https:\/\/voxsahel.com\/?p=2773"},"author":{"name":"Vox Sahel","@id":"https:\/\/voxsahel.com\/#\/schema\/person\/b4043608248f8fa227cd760e7ff1e19e"},"headline":"Athl\u00e9tisme burkinab\u00e8 : \u00ab trop d\u2019injustices, trop de sacrifices, il est temps de lib\u00e9rer notre sport ! \u00bb, Somda Esaii","datePublished":"2025-09-15T13:42:35+00:00","mainEntityOfPage":{"@id":"https:\/\/voxsahel.com\/?p=2773"},"wordCount":751,"commentCount":0,"publisher":{"@id":"https:\/\/voxsahel.com\/#organization"},"image":{"@id":"https:\/\/voxsahel.com\/?p=2773#primaryimage"},"thumbnailUrl":"https:\/\/voxsahel.com\/wp-content\/uploads\/2025\/09\/IMG_8224.jpeg","keywords":["Athl\u00e9tisme","Burkina Faso","Hugues Fabrice Zango","Marthe Koala","Mondiaux d\u2019athl\u00e9tisme Tokyo 2025","Sport"],"articleSection":["SPORTS"],"inLanguage":"fr-FR","potentialAction":[{"@type":"CommentAction","name":"Comment","target":["https:\/\/voxsahel.com\/?p=2773#respond"]}]},{"@type":"WebPage","@id":"https:\/\/voxsahel.com\/?p=2773","url":"https:\/\/voxsahel.com\/?p=2773","name":"Athl\u00e9tisme burkinab\u00e8 : \u00ab trop d\u2019injustices, trop de sacrifices, il est temps de lib\u00e9rer notre sport ! \u00bb, Somda Esaii - Vox Sahel","isPartOf":{"@id":"https:\/\/voxsahel.com\/#website"},"primaryImageOfPage":{"@id":"https:\/\/voxsahel.com\/?p=2773#primaryimage"},"image":{"@id":"https:\/\/voxsahel.com\/?p=2773#primaryimage"},"thumbnailUrl":"https:\/\/voxsahel.com\/wp-content\/uploads\/2025\/09\/IMG_8224.jpeg","datePublished":"2025-09-15T13:42:35+00:00","breadcrumb":{"@id":"https:\/\/voxsahel.com\/?p=2773#breadcrumb"},"inLanguage":"fr-FR","potentialAction":[{"@type":"ReadAction","target":["https:\/\/voxsahel.com\/?p=2773"]}]},{"@type":"ImageObject","inLanguage":"fr-FR","@id":"https:\/\/voxsahel.com\/?p=2773#primaryimage","url":"https:\/\/voxsahel.com\/wp-content\/uploads\/2025\/09\/IMG_8224.jpeg","contentUrl":"https:\/\/voxsahel.com\/wp-content\/uploads\/2025\/09\/IMG_8224.jpeg","width":604,"height":804},{"@type":"BreadcrumbList","@id":"https:\/\/voxsahel.com\/?p=2773#breadcrumb","itemListElement":[{"@type":"ListItem","position":1,"name":"Home","item":"https:\/\/voxsahel.com\/"},{"@type":"ListItem","position":2,"name":"Athl\u00e9tisme burkinab\u00e8 : \u00ab trop d\u2019injustices, trop de sacrifices, il est temps de lib\u00e9rer notre sport ! \u00bb, Somda Esaii"}]},{"@type":"WebSite","@id":"https:\/\/voxsahel.com\/#website","url":"https:\/\/voxsahel.com\/","name":"Vox Sahel","description":"Informez-vous sur le Sahel en un clic","publisher":{"@id":"https:\/\/voxsahel.com\/#organization"},"potentialAction":[{"@type":"SearchAction","target":{"@type":"EntryPoint","urlTemplate":"https:\/\/voxsahel.com\/?s={search_term_string}"},"query-input":{"@type":"PropertyValueSpecification","valueRequired":true,"valueName":"search_term_string"}}],"inLanguage":"fr-FR"},{"@type":"Organization","@id":"https:\/\/voxsahel.com\/#organization","name":"Vox Sahel","url":"https:\/\/voxsahel.com\/","logo":{"@type":"ImageObject","inLanguage":"fr-FR","@id":"https:\/\/voxsahel.com\/#\/schema\/logo\/image\/","url":"https:\/\/voxsahel.com\/wp-content\/uploads\/2024\/09\/Logo-Vox-Sahel.jpg","contentUrl":"https:\/\/voxsahel.com\/wp-content\/uploads\/2024\/09\/Logo-Vox-Sahel.jpg","width":1181,"height":848,"caption":"Vox Sahel"},"image":{"@id":"https:\/\/voxsahel.com\/#\/schema\/logo\/image\/"},"sameAs":["https:\/\/www.facebook.com\/journal.voxsahel"]},{"@type":"Person","@id":"https:\/\/voxsahel.com\/#\/schema\/person\/b4043608248f8fa227cd760e7ff1e19e","name":"Vox Sahel","image":{"@type":"ImageObject","inLanguage":"fr-FR","@id":"https:\/\/secure.gravatar.com\/avatar\/f70e7fa0cb9b29d4a7c5788d6eb2e9ab4d3135cbae1c9161810fdf77a8964699?s=96&d=mm&r=g","url":"https:\/\/secure.gravatar.com\/avatar\/f70e7fa0cb9b29d4a7c5788d6eb2e9ab4d3135cbae1c9161810fdf77a8964699?s=96&d=mm&r=g","contentUrl":"https:\/\/secure.gravatar.com\/avatar\/f70e7fa0cb9b29d4a7c5788d6eb2e9ab4d3135cbae1c9161810fdf77a8964699?s=96&d=mm&r=g","caption":"Vox Sahel"},"sameAs":["http:\/\/www.voxsahel.com"],"url":"https:\/\/voxsahel.com\/?author=2"}]}},"_links":{"self":[{"href":"https:\/\/voxsahel.com\/index.php?rest_route=\/wp\/v2\/posts\/2773","targetHints":{"allow":["GET"]}}],"collection":[{"href":"https:\/\/voxsahel.com\/index.php?rest_route=\/wp\/v2\/posts"}],"about":[{"href":"https:\/\/voxsahel.com\/index.php?rest_route=\/wp\/v2\/types\/post"}],"author":[{"embeddable":true,"href":"https:\/\/voxsahel.com\/index.php?rest_route=\/wp\/v2\/users\/2"}],"replies":[{"embeddable":true,"href":"https:\/\/voxsahel.com\/index.php?rest_route=%2Fwp%2Fv2%2Fcomments&post=2773"}],"version-history":[{"count":1,"href":"https:\/\/voxsahel.com\/index.php?rest_route=\/wp\/v2\/posts\/2773\/revisions"}],"predecessor-version":[{"id":2775,"href":"https:\/\/voxsahel.com\/index.php?rest_route=\/wp\/v2\/posts\/2773\/revisions\/2775"}],"wp:featuredmedia":[{"embeddable":true,"href":"https:\/\/voxsahel.com\/index.php?rest_route=\/wp\/v2\/media\/2774"}],"wp:attachment":[{"href":"https:\/\/voxsahel.com\/index.php?rest_route=%2Fwp%2Fv2%2Fmedia&parent=2773"}],"wp:term":[{"taxonomy":"category","embeddable":true,"href":"https:\/\/voxsahel.com\/index.php?rest_route=%2Fwp%2Fv2%2Fcategories&post=2773"},{"taxonomy":"post_tag","embeddable":true,"href":"https:\/\/voxsahel.com\/index.php?rest_route=%2Fwp%2Fv2%2Ftags&post=2773"}],"curies":[{"name":"wp","href":"https:\/\/api.w.org\/{rel}","templated":true}]}}